{"id":7931,"date":"2011-05-07T17:22:58","date_gmt":"2011-05-07T15:22:58","guid":{"rendered":"http:\/\/wp.unil.ch\/labelettres\/?p=7931"},"modified":"2020-05-07T17:33:04","modified_gmt":"2020-05-07T15:33:04","slug":"vallon-vivre-a-la-campagne-au-temps-des-romains","status":"publish","type":"post","link":"https:\/\/wp.unil.ch\/labelettres\/vallon-vivre-a-la-campagne-au-temps-des-romains\/","title":{"rendered":"Vallon, vivre \u00e0 la campagne au temps des Romains"},"content":{"rendered":"<div class=\"su-row\">\n<div class=\"su-column su-column-size-2-3\"><div class=\"su-column-inner su-u-clearfix su-u-trim\"><strong>D\u00e9couverte du patrimoine suisse pour les enfants.<\/strong><\/p>\n<p><!--more--><\/p>\n<p>La tortue Cortex invite le jeune lecteur \u00e0 visiter Vallon, proche de la capitale helv\u00e9tique Avenches. Il y d\u00e9couvrira comment on vivait \u00e0 la campagne. Saviez-vous que le bon fonctionnement et l\u2019administration \u00e9taient confi\u00e9s \u00e0 un vilicus, un intendant qui vivait sur place avec sa famille? Que le foyer (la cuisine) se situait dans un coin recul\u00e9 de la maison, dans la partie r\u00e9serv\u00e9e aux esclaves? En suivant leur petit guide \u00e0 pattes, les enfants deviendront incollables sur la vie \u00e0 la campagne au temps des Romains!<\/p>\n<p>Afin d\u2019accompagner les enfants dans leur d\u00e9couverte du patrimoine suisse, la collection\u00a0<em><a href=\"https:\/\/www.lesguidesapattes.ch\/\">Les Guides \u00e0 pattes<\/a>,\u00a0<\/em>dirig\u00e9e et r\u00e9alis\u00e9e par des arch\u00e9ologues form\u00e9s \u00e0 l\u2019UNIL, propose des ouvrages p\u00e9dagogiques et ludiques pr\u00e9sentant les plus importants sites arch\u00e9ologiques et leur mus\u00e9e.<\/p>\n<p>R\u00e9alis\u00e9 en collaboration avec le Mus\u00e9e romain de Vallon, ce volume a \u00e9t\u00e9 r\u00e9dig\u00e9 par Caroline Olivier et Lucile Tissot (<a href=\"https:\/\/www.unil.ch\/iasa\/fr\/home.html\">Institut d&rsquo;arch\u00e9ologie et des sciences de l&rsquo;Antiquit\u00e9<\/a>), et illustr\u00e9 par Bernard Reymond. Il est \u00e9galement disponible en allemand.<\/p>\n<p>Caroline Olivier, Lucile Tissot et Bernard Reymond, <a href=\"https:\/\/www.infolio.ch\/livre\/vallon-vivre-a-la-campagne-au-temps-des-romains.htm?from_search=5ea4533be193b1.57331664\" target=\"_blank\" rel=\"noopener noreferrer\"><em>Vallon, vivre \u00e0 la campagne au temps des Romains<\/em><\/a>, Fribourg, Service arch\u00e9ologique de l\u2019\u00c9tat de Fribourg et Mus\u00e9e romain de Vallon, 2011.<\/p>\n<\/div><\/div>\n<div class=\"su-column su-column-size-1-3\"><div class=\"su-column-inner su-u-clearfix su-u-trim\"><img alt=\"\" loading=\"lazy\" decoding=\"async\" class=\"aligncenter wp-image-7935\" src=\"https:\/\/wp.unil.ch\/labelettres\/files\/2020\/05\/Couv_Vallon_FR.jpg\" alt=\"\" width=\"300\" height=\"357\" srcset=\"https:\/\/wp.unil.ch\/labelettres\/files\/2020\/05\/Couv_Vallon_FR.jpg 1008w, https:\/\/wp.unil.ch\/labelettres\/files\/2020\/05\/Couv_Vallon_FR-435x518.jpg 435w, https:\/\/wp.unil.ch\/labelettres\/files\/2020\/05\/Couv_Vallon_FR-768x914.jpg 768w\" sizes=\"auto, (max-width: 300px) 100vw, 300px\" \/><\/p>\n<\/div><\/div>\n<\/div>\n<div class=\"su-divider su-divider-style-default\" style=\"margin:15px 0;border-width:1px;border-color:#999999\"><\/div>\n<h6><strong>TOUTES LES NOTICES DE<\/strong><\/h6>\n<p><b>Lucile Tissot<\/b><\/p>\n\n\n<div class=\"su-posts su-posts-teaser-loop \">\n\n\t\t\t\t\t\t\n\t\t\t\n\t\t\t<div id=\"su-post-7916\" class=\"su-post \">\n\t\t\t\t\t\t\t\t\t<a class=\"su-post-thumbnail\" href=\"https:\/\/wp.unil.ch\/labelettres\/dinosaures-mammouths-cie\/\"><img loading=\"lazy\" decoding=\"async\" width=\"725\" height=\"1000\" src=\"https:\/\/wp.unil.ch\/labelettres\/files\/2020\/05\/GaP_JURA-COUV_FR_Light.jpg\" class=\"attachment-post-thumbnail size-post-thumbnail wp-post-image\" alt=\"\" srcset=\"https:\/\/wp.unil.ch\/labelettres\/files\/2020\/05\/GaP_JURA-COUV_FR_Light.jpg 725w, https:\/\/wp.unil.ch\/labelettres\/files\/2020\/05\/GaP_JURA-COUV_FR_Light-435x600.jpg 435w\" sizes=\"auto, (max-width: 725px) 100vw, 725px\" \/><\/a>\n\t\t\t\t\t\t\t\t<h2 class=\"su-post-title\"><a href=\"https:\/\/wp.unil.ch\/labelettres\/dinosaures-mammouths-cie\/\">Dinosaures, mammouths &amp; Cie<\/a><\/h2>\n\t\t\t<\/div>\n\n\t\t\t\t\t\n\t\t\t\n\t\t\t<div id=\"su-post-5330\" class=\"su-post \">\n\t\t\t\t\t\t\t\t\t<a class=\"su-post-thumbnail\" href=\"https:\/\/wp.unil.ch\/labelettres\/les-burgondes-a-genava\/\"><img loading=\"lazy\" decoding=\"async\" width=\"508\" height=\"727\" src=\"https:\/\/wp.unil.ch\/labelettres\/files\/2019\/01\/TISSOT_les-burgondes-a-genava_final.jpg\" class=\"attachment-post-thumbnail size-post-thumbnail wp-post-image\" alt=\"\" srcset=\"https:\/\/wp.unil.ch\/labelettres\/files\/2019\/01\/TISSOT_les-burgondes-a-genava_final.jpg 508w, https:\/\/wp.unil.ch\/labelettres\/files\/2019\/01\/TISSOT_les-burgondes-a-genava_final-435x623.jpg 435w\" sizes=\"auto, (max-width: 508px) 100vw, 508px\" \/><\/a>\n\t\t\t\t\t\t\t\t<h2 class=\"su-post-title\"><a href=\"https:\/\/wp.unil.ch\/labelettres\/les-burgondes-a-genava\/\">Les Burgondes \u00e0 Genava<\/a><\/h2>\n\t\t\t<\/div>\n\n\t\t\t\t\t\n\t\t\t\n\t\t\t<div id=\"su-post-5517\" class=\"su-post \">\n\t\t\t\t\t\t\t\t\t<a class=\"su-post-thumbnail\" href=\"https:\/\/wp.unil.ch\/labelettres\/la-vie-des-lacustres\/\"><img loading=\"lazy\" decoding=\"async\" width=\"878\" height=\"1200\" src=\"https:\/\/wp.unil.ch\/labelettres\/files\/2019\/03\/GaP_Prehistoire-1-COUV-FR-1.jpg\" class=\"attachment-post-thumbnail size-post-thumbnail wp-post-image\" alt=\"\" srcset=\"https:\/\/wp.unil.ch\/labelettres\/files\/2019\/03\/GaP_Prehistoire-1-COUV-FR-1.jpg 878w, https:\/\/wp.unil.ch\/labelettres\/files\/2019\/03\/GaP_Prehistoire-1-COUV-FR-1-435x595.jpg 435w, https:\/\/wp.unil.ch\/labelettres\/files\/2019\/03\/GaP_Prehistoire-1-COUV-FR-1-768x1050.jpg 768w\" sizes=\"auto, (max-width: 878px) 100vw, 878px\" \/><\/a>\n\t\t\t\t\t\t\t\t<h2 class=\"su-post-title\"><a href=\"https:\/\/wp.unil.ch\/labelettres\/la-vie-des-lacustres\/\">La vie des Lacustres<\/a><\/h2>\n\t\t\t<\/div>\n\n\t\t\t\t\t\n\t\t\t\n\t\t\t<div id=\"su-post-5441\" class=\"su-post \">\n\t\t\t\t\t\t\t\t\t<a class=\"su-post-thumbnail\" href=\"https:\/\/wp.unil.ch\/labelettres\/a-la-ferme-et-au-moulin\/\"><img loading=\"lazy\" decoding=\"async\" width=\"880\" height=\"1200\" src=\"https:\/\/wp.unil.ch\/labelettres\/files\/2019\/02\/TISSOT_Ferme_Couv_Puls_fr.jpg\" class=\"attachment-post-thumbnail size-post-thumbnail wp-post-image\" alt=\"\" srcset=\"https:\/\/wp.unil.ch\/labelettres\/files\/2019\/02\/TISSOT_Ferme_Couv_Puls_fr.jpg 880w, https:\/\/wp.unil.ch\/labelettres\/files\/2019\/02\/TISSOT_Ferme_Couv_Puls_fr-435x593.jpg 435w, https:\/\/wp.unil.ch\/labelettres\/files\/2019\/02\/TISSOT_Ferme_Couv_Puls_fr-768x1047.jpg 768w\" sizes=\"auto, (max-width: 880px) 100vw, 880px\" \/><\/a>\n\t\t\t\t\t\t\t\t<h2 class=\"su-post-title\"><a href=\"https:\/\/wp.unil.ch\/labelettres\/a-la-ferme-et-au-moulin\/\">\u00c0 la ferme et au moulin<\/a><\/h2>\n\t\t\t<\/div>\n\n\t\t\t\t\t\n\t\t\t\n\t\t\t<div id=\"su-post-5494\" class=\"su-post \">\n\t\t\t\t\t\t\t\t\t<a class=\"su-post-thumbnail\" href=\"https:\/\/wp.unil.ch\/labelettres\/eburodunum-et-ses-artisans\/\"><img loading=\"lazy\" decoding=\"async\" width=\"872\" height=\"1200\" src=\"https:\/\/wp.unil.ch\/labelettres\/files\/2019\/03\/Couv_Pollux_fr_final.jpg\" class=\"attachment-post-thumbnail size-post-thumbnail wp-post-image\" alt=\"\" srcset=\"https:\/\/wp.unil.ch\/labelettres\/files\/2019\/03\/Couv_Pollux_fr_final.jpg 872w, https:\/\/wp.unil.ch\/labelettres\/files\/2019\/03\/Couv_Pollux_fr_final-435x599.jpg 435w, https:\/\/wp.unil.ch\/labelettres\/files\/2019\/03\/Couv_Pollux_fr_final-768x1057.jpg 768w\" sizes=\"auto, (max-width: 872px) 100vw, 872px\" \/><\/a>\n\t\t\t\t\t\t\t\t<h2 class=\"su-post-title\"><a href=\"https:\/\/wp.unil.ch\/labelettres\/eburodunum-et-ses-artisans\/\">Eburodunum et ses artisans<\/a><\/h2>\n\t\t\t<\/div>\n\n\t\t\t\t\t\n\t\t\t\n\t\t\t<div id=\"su-post-5429\" class=\"su-post \">\n\t\t\t\t\t\t\t\t\t<a class=\"su-post-thumbnail\" href=\"https:\/\/wp.unil.ch\/labelettres\/augusta-raurica-que-le-spectacle-commence\/\"><img loading=\"lazy\" decoding=\"async\" width=\"1008\" height=\"1200\" src=\"https:\/\/wp.unil.ch\/labelettres\/files\/2019\/02\/Couverture_Livia_fr_moyen.jpg\" class=\"attachment-post-thumbnail size-post-thumbnail wp-post-image\" alt=\"\" srcset=\"https:\/\/wp.unil.ch\/labelettres\/files\/2019\/02\/Couverture_Livia_fr_moyen.jpg 1008w, https:\/\/wp.unil.ch\/labelettres\/files\/2019\/02\/Couverture_Livia_fr_moyen-435x518.jpg 435w, https:\/\/wp.unil.ch\/labelettres\/files\/2019\/02\/Couverture_Livia_fr_moyen-768x914.jpg 768w\" sizes=\"auto, (max-width: 1008px) 100vw, 1008px\" \/><\/a>\n\t\t\t\t\t\t\t\t<h2 class=\"su-post-title\"><a href=\"https:\/\/wp.unil.ch\/labelettres\/augusta-raurica-que-le-spectacle-commence\/\">Augusta Raurica, que le spectacle commence !<\/a><\/h2>\n\t\t\t<\/div>\n\n\t\t\t\t\t\n\t\t\t\n\t\t\t<div id=\"su-post-5434\" class=\"su-post \">\n\t\t\t\t\t\t\t\t\t<a class=\"su-post-thumbnail\" href=\"https:\/\/wp.unil.ch\/labelettres\/aventicum-en-vadrouille-dans-la-capitale\/\"><img loading=\"lazy\" decoding=\"async\" width=\"1008\" height=\"1200\" src=\"https:\/\/wp.unil.ch\/labelettres\/files\/2019\/02\/Couv_LuxNox_fr.jpg\" class=\"attachment-post-thumbnail size-post-thumbnail wp-post-image\" alt=\"\" srcset=\"https:\/\/wp.unil.ch\/labelettres\/files\/2019\/02\/Couv_LuxNox_fr.jpg 1008w, https:\/\/wp.unil.ch\/labelettres\/files\/2019\/02\/Couv_LuxNox_fr-435x518.jpg 435w, https:\/\/wp.unil.ch\/labelettres\/files\/2019\/02\/Couv_LuxNox_fr-768x914.jpg 768w\" sizes=\"auto, (max-width: 1008px) 100vw, 1008px\" \/><\/a>\n\t\t\t\t\t\t\t\t<h2 class=\"su-post-title\"><a href=\"https:\/\/wp.unil.ch\/labelettres\/aventicum-en-vadrouille-dans-la-capitale\/\">Aventicum, en vadrouille dans la capitale<\/a><\/h2>\n\t\t\t<\/div>\n\n\t\t\t\t\t\n\t\t\t\n\t\t\t<div id=\"su-post-7931\" class=\"su-post \">\n\t\t\t\t\t\t\t\t\t<a class=\"su-post-thumbnail\" href=\"https:\/\/wp.unil.ch\/labelettres\/vallon-vivre-a-la-campagne-au-temps-des-romains\/\"><img loading=\"lazy\" decoding=\"async\" width=\"1008\" height=\"1200\" src=\"https:\/\/wp.unil.ch\/labelettres\/files\/2020\/05\/Couv_Vallon_FR.jpg\" class=\"attachment-post-thumbnail size-post-thumbnail wp-post-image\" alt=\"\" srcset=\"https:\/\/wp.unil.ch\/labelettres\/files\/2020\/05\/Couv_Vallon_FR.jpg 1008w, https:\/\/wp.unil.ch\/labelettres\/files\/2020\/05\/Couv_Vallon_FR-435x518.jpg 435w, https:\/\/wp.unil.ch\/labelettres\/files\/2020\/05\/Couv_Vallon_FR-768x914.jpg 768w\" sizes=\"auto, (max-width: 1008px) 100vw, 1008px\" \/><\/a>\n\t\t\t\t\t\t\t\t<h2 class=\"su-post-title\"><a href=\"https:\/\/wp.unil.ch\/labelettres\/vallon-vivre-a-la-campagne-au-temps-des-romains\/\">Vallon, vivre \u00e0 la campagne au temps des Romains<\/a><\/h2>\n\t\t\t<\/div>\n\n\t\t\t\n<\/div>\n\n<p><strong><a href=\"https:\/\/www.lesguidesapattes.ch\/\">Les Guides \u00e0 pattes<\/a><\/strong><\/p>\n\n\n<div class=\"su-posts su-posts-teaser-loop \">\n\n\t\t\t\t\t\t\n\t\t\t\n\t\t\t<div id=\"su-post-7916\" class=\"su-post \">\n\t\t\t\t\t\t\t\t\t<a class=\"su-post-thumbnail\" href=\"https:\/\/wp.unil.ch\/labelettres\/dinosaures-mammouths-cie\/\"><img loading=\"lazy\" decoding=\"async\" width=\"725\" height=\"1000\" src=\"https:\/\/wp.unil.ch\/labelettres\/files\/2020\/05\/GaP_JURA-COUV_FR_Light.jpg\" class=\"attachment-post-thumbnail size-post-thumbnail wp-post-image\" alt=\"\" srcset=\"https:\/\/wp.unil.ch\/labelettres\/files\/2020\/05\/GaP_JURA-COUV_FR_Light.jpg 725w, https:\/\/wp.unil.ch\/labelettres\/files\/2020\/05\/GaP_JURA-COUV_FR_Light-435x600.jpg 435w\" sizes=\"auto, (max-width: 725px) 100vw, 725px\" \/><\/a>\n\t\t\t\t\t\t\t\t<h2 class=\"su-post-title\"><a href=\"https:\/\/wp.unil.ch\/labelettres\/dinosaures-mammouths-cie\/\">Dinosaures, mammouths &amp; Cie<\/a><\/h2>\n\t\t\t<\/div>\n\n\t\t\t\t\t\n\t\t\t\n\t\t\t<div id=\"su-post-5330\" class=\"su-post \">\n\t\t\t\t\t\t\t\t\t<a class=\"su-post-thumbnail\" href=\"https:\/\/wp.unil.ch\/labelettres\/les-burgondes-a-genava\/\"><img loading=\"lazy\" decoding=\"async\" width=\"508\" height=\"727\" src=\"https:\/\/wp.unil.ch\/labelettres\/files\/2019\/01\/TISSOT_les-burgondes-a-genava_final.jpg\" class=\"attachment-post-thumbnail size-post-thumbnail wp-post-image\" alt=\"\" srcset=\"https:\/\/wp.unil.ch\/labelettres\/files\/2019\/01\/TISSOT_les-burgondes-a-genava_final.jpg 508w, https:\/\/wp.unil.ch\/labelettres\/files\/2019\/01\/TISSOT_les-burgondes-a-genava_final-435x623.jpg 435w\" sizes=\"auto, (max-width: 508px) 100vw, 508px\" \/><\/a>\n\t\t\t\t\t\t\t\t<h2 class=\"su-post-title\"><a href=\"https:\/\/wp.unil.ch\/labelettres\/les-burgondes-a-genava\/\">Les Burgondes \u00e0 Genava<\/a><\/h2>\n\t\t\t<\/div>\n\n\t\t\t\t\t\n\t\t\t\n\t\t\t<div id=\"su-post-5517\" class=\"su-post \">\n\t\t\t\t\t\t\t\t\t<a class=\"su-post-thumbnail\" href=\"https:\/\/wp.unil.ch\/labelettres\/la-vie-des-lacustres\/\"><img loading=\"lazy\" decoding=\"async\" width=\"878\" height=\"1200\" src=\"https:\/\/wp.unil.ch\/labelettres\/files\/2019\/03\/GaP_Prehistoire-1-COUV-FR-1.jpg\" class=\"attachment-post-thumbnail size-post-thumbnail wp-post-image\" alt=\"\" srcset=\"https:\/\/wp.unil.ch\/labelettres\/files\/2019\/03\/GaP_Prehistoire-1-COUV-FR-1.jpg 878w, https:\/\/wp.unil.ch\/labelettres\/files\/2019\/03\/GaP_Prehistoire-1-COUV-FR-1-435x595.jpg 435w, https:\/\/wp.unil.ch\/labelettres\/files\/2019\/03\/GaP_Prehistoire-1-COUV-FR-1-768x1050.jpg 768w\" sizes=\"auto, (max-width: 878px) 100vw, 878px\" \/><\/a>\n\t\t\t\t\t\t\t\t<h2 class=\"su-post-title\"><a href=\"https:\/\/wp.unil.ch\/labelettres\/la-vie-des-lacustres\/\">La vie des Lacustres<\/a><\/h2>\n\t\t\t<\/div>\n\n\t\t\t\t\t\n\t\t\t\n\t\t\t<div id=\"su-post-5482\" class=\"su-post \">\n\t\t\t\t\t\t\t\t\t<a class=\"su-post-thumbnail\" href=\"https:\/\/wp.unil.ch\/labelettres\/en-route-pour-le-sanctuaire-de-petinesca\/\"><img loading=\"lazy\" decoding=\"async\" width=\"871\" height=\"1200\" src=\"https:\/\/wp.unil.ch\/labelettres\/files\/2019\/03\/Couv_Pia_fr_lowres.jpg\" class=\"attachment-post-thumbnail size-post-thumbnail wp-post-image\" alt=\"\" srcset=\"https:\/\/wp.unil.ch\/labelettres\/files\/2019\/03\/Couv_Pia_fr_lowres.jpg 871w, https:\/\/wp.unil.ch\/labelettres\/files\/2019\/03\/Couv_Pia_fr_lowres-435x599.jpg 435w, https:\/\/wp.unil.ch\/labelettres\/files\/2019\/03\/Couv_Pia_fr_lowres-768x1058.jpg 768w\" sizes=\"auto, (max-width: 871px) 100vw, 871px\" \/><\/a>\n\t\t\t\t\t\t\t\t<h2 class=\"su-post-title\"><a href=\"https:\/\/wp.unil.ch\/labelettres\/en-route-pour-le-sanctuaire-de-petinesca\/\">En route pour le sanctuaire de Petinesca<\/a><\/h2>\n\t\t\t<\/div>\n\n\t\t\t\t\t\n\t\t\t\n\t\t\t<div id=\"su-post-5441\" class=\"su-post \">\n\t\t\t\t\t\t\t\t\t<a class=\"su-post-thumbnail\" href=\"https:\/\/wp.unil.ch\/labelettres\/a-la-ferme-et-au-moulin\/\"><img loading=\"lazy\" decoding=\"async\" width=\"880\" height=\"1200\" src=\"https:\/\/wp.unil.ch\/labelettres\/files\/2019\/02\/TISSOT_Ferme_Couv_Puls_fr.jpg\" class=\"attachment-post-thumbnail size-post-thumbnail wp-post-image\" alt=\"\" srcset=\"https:\/\/wp.unil.ch\/labelettres\/files\/2019\/02\/TISSOT_Ferme_Couv_Puls_fr.jpg 880w, https:\/\/wp.unil.ch\/labelettres\/files\/2019\/02\/TISSOT_Ferme_Couv_Puls_fr-435x593.jpg 435w, https:\/\/wp.unil.ch\/labelettres\/files\/2019\/02\/TISSOT_Ferme_Couv_Puls_fr-768x1047.jpg 768w\" sizes=\"auto, (max-width: 880px) 100vw, 880px\" \/><\/a>\n\t\t\t\t\t\t\t\t<h2 class=\"su-post-title\"><a href=\"https:\/\/wp.unil.ch\/labelettres\/a-la-ferme-et-au-moulin\/\">\u00c0 la ferme et au moulin<\/a><\/h2>\n\t\t\t<\/div>\n\n\t\t\t\t\t\n\t\t\t\n\t\t\t<div id=\"su-post-5494\" class=\"su-post \">\n\t\t\t\t\t\t\t\t\t<a class=\"su-post-thumbnail\" href=\"https:\/\/wp.unil.ch\/labelettres\/eburodunum-et-ses-artisans\/\"><img loading=\"lazy\" decoding=\"async\" width=\"872\" height=\"1200\" src=\"https:\/\/wp.unil.ch\/labelettres\/files\/2019\/03\/Couv_Pollux_fr_final.jpg\" class=\"attachment-post-thumbnail size-post-thumbnail wp-post-image\" alt=\"\" srcset=\"https:\/\/wp.unil.ch\/labelettres\/files\/2019\/03\/Couv_Pollux_fr_final.jpg 872w, https:\/\/wp.unil.ch\/labelettres\/files\/2019\/03\/Couv_Pollux_fr_final-435x599.jpg 435w, https:\/\/wp.unil.ch\/labelettres\/files\/2019\/03\/Couv_Pollux_fr_final-768x1057.jpg 768w\" sizes=\"auto, (max-width: 872px) 100vw, 872px\" \/><\/a>\n\t\t\t\t\t\t\t\t<h2 class=\"su-post-title\"><a href=\"https:\/\/wp.unil.ch\/labelettres\/eburodunum-et-ses-artisans\/\">Eburodunum et ses artisans<\/a><\/h2>\n\t\t\t<\/div>\n\n\t\t\t\t\t\n\t\t\t\n\t\t\t<div id=\"su-post-5429\" class=\"su-post \">\n\t\t\t\t\t\t\t\t\t<a class=\"su-post-thumbnail\" href=\"https:\/\/wp.unil.ch\/labelettres\/augusta-raurica-que-le-spectacle-commence\/\"><img loading=\"lazy\" decoding=\"async\" width=\"1008\" height=\"1200\" src=\"https:\/\/wp.unil.ch\/labelettres\/files\/2019\/02\/Couverture_Livia_fr_moyen.jpg\" class=\"attachment-post-thumbnail size-post-thumbnail wp-post-image\" alt=\"\" srcset=\"https:\/\/wp.unil.ch\/labelettres\/files\/2019\/02\/Couverture_Livia_fr_moyen.jpg 1008w, https:\/\/wp.unil.ch\/labelettres\/files\/2019\/02\/Couverture_Livia_fr_moyen-435x518.jpg 435w, https:\/\/wp.unil.ch\/labelettres\/files\/2019\/02\/Couverture_Livia_fr_moyen-768x914.jpg 768w\" sizes=\"auto, (max-width: 1008px) 100vw, 1008px\" \/><\/a>\n\t\t\t\t\t\t\t\t<h2 class=\"su-post-title\"><a href=\"https:\/\/wp.unil.ch\/labelettres\/augusta-raurica-que-le-spectacle-commence\/\">Augusta Raurica, que le spectacle commence !<\/a><\/h2>\n\t\t\t<\/div>\n\n\t\t\t\t\t\n\t\t\t\n\t\t\t<div id=\"su-post-5487\" class=\"su-post \">\n\t\t\t\t\t\t\t\t\t<a class=\"su-post-thumbnail\" href=\"https:\/\/wp.unil.ch\/labelettres\/a-noviodunum-cest-comme-a-rome\/\"><img loading=\"lazy\" decoding=\"async\" width=\"1008\" height=\"1200\" src=\"https:\/\/wp.unil.ch\/labelettres\/files\/2019\/03\/Couv_Cavalcadus.jpg\" class=\"attachment-post-thumbnail size-post-thumbnail wp-post-image\" alt=\"\" srcset=\"https:\/\/wp.unil.ch\/labelettres\/files\/2019\/03\/Couv_Cavalcadus.jpg 1008w, https:\/\/wp.unil.ch\/labelettres\/files\/2019\/03\/Couv_Cavalcadus-435x518.jpg 435w, https:\/\/wp.unil.ch\/labelettres\/files\/2019\/03\/Couv_Cavalcadus-768x914.jpg 768w\" sizes=\"auto, (max-width: 1008px) 100vw, 1008px\" \/><\/a>\n\t\t\t\t\t\t\t\t<h2 class=\"su-post-title\"><a href=\"https:\/\/wp.unil.ch\/labelettres\/a-noviodunum-cest-comme-a-rome\/\">\u00c0 Noviodunum, c\u2019est comme \u00e0 Rome !<\/a><\/h2>\n\t\t\t<\/div>\n\n\t\t\t\t\t\n\t\t\t\n\t\t\t<div id=\"su-post-5490\" class=\"su-post \">\n\t\t\t\t\t\t\t\t\t<a class=\"su-post-thumbnail\" href=\"https:\/\/wp.unil.ch\/labelettres\/sur-les-marches-de-lousonna\/\"><img loading=\"lazy\" decoding=\"async\" width=\"1008\" height=\"1200\" src=\"https:\/\/wp.unil.ch\/labelettres\/files\/2019\/03\/Couv_Nautica.jpg\" class=\"attachment-post-thumbnail size-post-thumbnail wp-post-image\" alt=\"\" srcset=\"https:\/\/wp.unil.ch\/labelettres\/files\/2019\/03\/Couv_Nautica.jpg 1008w, https:\/\/wp.unil.ch\/labelettres\/files\/2019\/03\/Couv_Nautica-435x518.jpg 435w, https:\/\/wp.unil.ch\/labelettres\/files\/2019\/03\/Couv_Nautica-768x914.jpg 768w\" sizes=\"auto, (max-width: 1008px) 100vw, 1008px\" \/><\/a>\n\t\t\t\t\t\t\t\t<h2 class=\"su-post-title\"><a href=\"https:\/\/wp.unil.ch\/labelettres\/sur-les-marches-de-lousonna\/\">Sur les march\u00e9s de Lousonna<\/a><\/h2>\n\t\t\t<\/div>\n\n\t\t\t\t\t\n\t\t\t\n\t\t\t<div id=\"su-post-5434\" class=\"su-post \">\n\t\t\t\t\t\t\t\t\t<a class=\"su-post-thumbnail\" href=\"https:\/\/wp.unil.ch\/labelettres\/aventicum-en-vadrouille-dans-la-capitale\/\"><img loading=\"lazy\" decoding=\"async\" width=\"1008\" height=\"1200\" src=\"https:\/\/wp.unil.ch\/labelettres\/files\/2019\/02\/Couv_LuxNox_fr.jpg\" class=\"attachment-post-thumbnail size-post-thumbnail wp-post-image\" alt=\"\" srcset=\"https:\/\/wp.unil.ch\/labelettres\/files\/2019\/02\/Couv_LuxNox_fr.jpg 1008w, https:\/\/wp.unil.ch\/labelettres\/files\/2019\/02\/Couv_LuxNox_fr-435x518.jpg 435w, https:\/\/wp.unil.ch\/labelettres\/files\/2019\/02\/Couv_LuxNox_fr-768x914.jpg 768w\" sizes=\"auto, (max-width: 1008px) 100vw, 1008px\" \/><\/a>\n\t\t\t\t\t\t\t\t<h2 class=\"su-post-title\"><a href=\"https:\/\/wp.unil.ch\/labelettres\/aventicum-en-vadrouille-dans-la-capitale\/\">Aventicum, en vadrouille dans la capitale<\/a><\/h2>\n\t\t\t<\/div>\n\n\t\t\t\t\t\n\t\t\t\n\t\t\t<div id=\"su-post-7931\" class=\"su-post \">\n\t\t\t\t\t\t\t\t\t<a class=\"su-post-thumbnail\" href=\"https:\/\/wp.unil.ch\/labelettres\/vallon-vivre-a-la-campagne-au-temps-des-romains\/\"><img loading=\"lazy\" decoding=\"async\" width=\"1008\" height=\"1200\" src=\"https:\/\/wp.unil.ch\/labelettres\/files\/2020\/05\/Couv_Vallon_FR.jpg\" class=\"attachment-post-thumbnail size-post-thumbnail wp-post-image\" alt=\"\" srcset=\"https:\/\/wp.unil.ch\/labelettres\/files\/2020\/05\/Couv_Vallon_FR.jpg 1008w, https:\/\/wp.unil.ch\/labelettres\/files\/2020\/05\/Couv_Vallon_FR-435x518.jpg 435w, https:\/\/wp.unil.ch\/labelettres\/files\/2020\/05\/Couv_Vallon_FR-768x914.jpg 768w\" sizes=\"auto, (max-width: 1008px) 100vw, 1008px\" \/><\/a>\n\t\t\t\t\t\t\t\t<h2 class=\"su-post-title\"><a href=\"https:\/\/wp.unil.ch\/labelettres\/vallon-vivre-a-la-campagne-au-temps-des-romains\/\">Vallon, vivre \u00e0 la campagne au temps des Romains<\/a><\/h2>\n\t\t\t<\/div>\n\n\t\t\t\t\t\n\t\t\t\n\t\t\t<div id=\"su-post-7924\" class=\"su-post \">\n\t\t\t\t\t\t\t\t\t<a class=\"su-post-thumbnail\" href=\"https:\/\/wp.unil.ch\/labelettres\/larmee-romaine-et-le-camp-legionnaire-de-vindonissa\/\"><img loading=\"lazy\" decoding=\"async\" width=\"1008\" height=\"1200\" src=\"https:\/\/wp.unil.ch\/labelettres\/files\/2020\/05\/Couv_Vindonissa_FR.jpg\" class=\"attachment-post-thumbnail size-post-thumbnail wp-post-image\" alt=\"\" srcset=\"https:\/\/wp.unil.ch\/labelettres\/files\/2020\/05\/Couv_Vindonissa_FR.jpg 1008w, https:\/\/wp.unil.ch\/labelettres\/files\/2020\/05\/Couv_Vindonissa_FR-435x518.jpg 435w, https:\/\/wp.unil.ch\/labelettres\/files\/2020\/05\/Couv_Vindonissa_FR-768x914.jpg 768w\" sizes=\"auto, (max-width: 1008px) 100vw, 1008px\" \/><\/a>\n\t\t\t\t\t\t\t\t<h2 class=\"su-post-title\"><a href=\"https:\/\/wp.unil.ch\/labelettres\/larmee-romaine-et-le-camp-legionnaire-de-vindonissa\/\">L\u2019arm\u00e9e romaine et le camp l\u00e9gionnaire de Vindonissa<\/a><\/h2>\n\t\t\t<\/div>\n\n\t\t\t\n<\/div>\n\n<div id=\"watch-headline-title\"><div class=\"su-divider su-divider-style-default\" style=\"margin:15px 0;border-width:1px;border-color:#999999\"><\/div><\/div>\n","protected":false},"excerpt":{"rendered":"<p>D\u00e9couverte du patrimoine suisse pour les enfants.<\/p>\n","protected":false},"author":1001615,"featured_media":7935,"comment_status":"closed","ping_status":"closed","sticky":false,"template":"","format":"standard","meta":{"_seopress_robots_primary_cat":"","_seopress_titles_title":"","_seopress_titles_desc":"","_seopress_robots_index":"","footnotes":""},"categories":[4],"tags":[7,1565,1542,1540,1504,1211,1539,1506,1505,1502,2343,2342],"class_list":{"0":"post-7931","1":"post","2":"type-post","3":"status-publish","4":"format-standard","5":"has-post-thumbnail","7":"category-sciences-historiques","8":"tag-archeologie","9":"tag-bernard-reymond","10":"tag-enfants","11":"tag-epoque-romaine","12":"tag-guides-a-pattes","13":"tag-institut-darcheologie-et-des-sciences-de-lantiquite","14":"tag-les-guides-a-pattes","15":"tag-livres-jeunesse","16":"tag-livres-pour-enfants","17":"tag-lucile-tissot","18":"tag-musee-romain-de-vallon","19":"tag-vallon"},"_links":{"self":[{"href":"https:\/\/wp.unil.ch\/labelettres\/wp-json\/wp\/v2\/posts\/7931","targetHints":{"allow":["GET"]}}],"collection":[{"href":"https:\/\/wp.unil.ch\/labelettres\/wp-json\/wp\/v2\/posts"}],"about":[{"href":"https:\/\/wp.unil.ch\/labelettres\/wp-json\/wp\/v2\/types\/post"}],"author":[{"embeddable":true,"href":"https:\/\/wp.unil.ch\/labelettres\/wp-json\/wp\/v2\/users\/1001615"}],"replies":[{"embeddable":true,"href":"https:\/\/wp.unil.ch\/labelettres\/wp-json\/wp\/v2\/comments?post=7931"}],"version-history":[{"count":0,"href":"https:\/\/wp.unil.ch\/labelettres\/wp-json\/wp\/v2\/posts\/7931\/revisions"}],"wp:featuredmedia":[{"embeddable":true,"href":"https:\/\/wp.unil.ch\/labelettres\/wp-json\/wp\/v2\/media\/7935"}],"wp:attachment":[{"href":"https:\/\/wp.unil.ch\/labelettres\/wp-json\/wp\/v2\/media?parent=7931"}],"wp:term":[{"taxonomy":"category","embeddable":true,"href":"https:\/\/wp.unil.ch\/labelettres\/wp-json\/wp\/v2\/categories?post=7931"},{"taxonomy":"post_tag","embeddable":true,"href":"https:\/\/wp.unil.ch\/labelettres\/wp-json\/wp\/v2\/tags?post=7931"}],"curies":[{"name":"wp","href":"https:\/\/api.w.org\/{rel}","templated":true}]}}