{"id":6801,"date":"2019-11-29T09:18:35","date_gmt":"2019-11-29T08:18:35","guid":{"rendered":"http:\/\/wp.unil.ch\/labelettres\/?p=6801"},"modified":"2019-11-29T09:18:35","modified_gmt":"2019-11-29T08:18:35","slug":"les-choeurs-de-jeunes-filles-en-grece-ancienne-morphologie-fonction-religieuse-et-sociale-les-parthenees-dalcman","status":"publish","type":"post","link":"https:\/\/wp.unil.ch\/labelettres\/les-choeurs-de-jeunes-filles-en-grece-ancienne-morphologie-fonction-religieuse-et-sociale-les-parthenees-dalcman\/","title":{"rendered":"Les ch\u0153urs de jeunes filles en Gr\u00e8ce ancienne. Morphologie, fonction religieuse et sociale (Les parth\u00e9n\u00e9es d&rsquo;Alcman)"},"content":{"rendered":"<div class=\"su-row\">\n<div class=\"su-column su-column-size-2-3\"><div class=\"su-column-inner su-u-clearfix su-u-trim\"><strong>Pourquoi les chants choraux des jeunes filles dans la Sparte ancienne?<\/strong><\/p>\n<p><!--more--><\/p>\n<p>Des jeunes filles chantent en ch\u0153ur le d\u00e9sir homo\u00e9rotique que leur inspire leur chor\u00e8ge tout en disant leur relation rituelle avec une d\u00e9esse, incarnation de la beaut\u00e9 f\u00e9minine. Les mots chant\u00e9s sur un pas de danse chorale ont \u00e9t\u00e9 compos\u00e9s par un po\u00e8te masculin au service de la cit\u00e9 de Sparte, pourtant c\u00e9l\u00e8bre pour sa culture militaire masculine.<\/p>\n<p>\u00c0 l\u2019exemple des po\u00e8mes dit parth\u00e9n\u00e9es du po\u00e8te Alcman, on s\u2019interroge successivement sur les formes po\u00e9tiques et rituelles assum\u00e9es par une sexualit\u00e9 d\u00e9passant l\u2019opposition moderne entre h\u00e9t\u00e9ro- et homosexualit\u00e9, sur les rapports sociaux et religieux de sexe que ces performances po\u00e9tiques mettent en jeu, sur la culture musicale du chant qu\u2019elle impliquent avec ses formes institutionnelles, sur des pratiques rituelles adoss\u00e9es aux r\u00e9cits h\u00e9ro\u00efques fondateurs de la cit\u00e9, sur les qualit\u00e9s et fonctions des divinit\u00e9s auxquelles sont destin\u00e9es ces c\u00e9l\u00e9brations politiques et religieuses de l\u2019adolescence f\u00e9minine: Art\u00e9mis, H\u00e9ra, Aphrodite et H\u00e9l\u00e8ne.<\/p>\n<p>Cet ouvrage de Claude Calame, professeur honoraire \u00e0 l&rsquo;<a href=\"https:\/\/www.unil.ch\/iasa\/fr\/home.html\">Institut d&rsquo;arch\u00e9ologie et des sciences de l&rsquo;Antiquit\u00e9<\/a>, aujourd&rsquo;hui directeur d&rsquo;\u00e9tudes \u00e0 l&rsquo;EHESS (Paris), est une r\u00e9\u00e9dition enti\u00e8rement revue du livre paru en 1977.<\/p>\n<p>Claude Calame, <a href=\"https:\/\/www.lesbelleslettres.com\/livre\/4108-les-choeurs-de-jeunes-filles-en-grece-ancienne\" target=\"_blank\" rel=\"noopener noreferrer\"><em>Les ch\u0153urs de jeunes filles en Gr\u00e8ce ancienne. Morphologie, fonction religieuse et sociale (Les parth\u00e9n\u00e9es d&rsquo;Alcman)<\/em><\/a>, Paris, Les Belles Lettres, 2019.<\/p>\n<\/div><\/div>\n<div class=\"su-column su-column-size-1-3\"><div class=\"su-column-inner su-u-clearfix su-u-trim\"><img alt=\"\" loading=\"lazy\" decoding=\"async\" class=\"aligncenter wp-image-6864\" src=\"https:\/\/wp.unil.ch\/labelettres\/files\/2019\/11\/CouvC-Calame_lowres.jpg\" alt=\"\" width=\"300\" height=\"430\" srcset=\"https:\/\/wp.unil.ch\/labelettres\/files\/2019\/11\/CouvC-Calame_lowres.jpg 837w, https:\/\/wp.unil.ch\/labelettres\/files\/2019\/11\/CouvC-Calame_lowres-435x624.jpg 435w, https:\/\/wp.unil.ch\/labelettres\/files\/2019\/11\/CouvC-Calame_lowres-768x1101.jpg 768w\" sizes=\"auto, (max-width: 300px) 100vw, 300px\" \/><\/div><\/div>\n<\/div>\n<div class=\"su-divider su-divider-style-default\" style=\"margin:15px 0;border-width:1px;border-color:#999999\"><\/div>\n<h6><strong>TOUTES LES NOTICES DE<\/strong><\/h6>\n<p><a href=\"https:\/\/applicationspub.unil.ch\/interpub\/noauth\/php\/Un\/UnPers.php?PerNum=3159&amp;LanCode=37\" target=\"_blank\" rel=\"noopener noreferrer\"><b>Claude Calame<\/b><\/a><\/p>\n\n\n<div class=\"su-posts su-posts-teaser-loop \">\n\n\t\t\t\t\t\t\n\t\t\t\n\t\t\t<div id=\"su-post-6801\" class=\"su-post \">\n\t\t\t\t\t\t\t\t\t<a class=\"su-post-thumbnail\" href=\"https:\/\/wp.unil.ch\/labelettres\/les-choeurs-de-jeunes-filles-en-grece-ancienne-morphologie-fonction-religieuse-et-sociale-les-parthenees-dalcman\/\"><img loading=\"lazy\" decoding=\"async\" width=\"837\" height=\"1200\" src=\"https:\/\/wp.unil.ch\/labelettres\/files\/2019\/11\/CouvC-Calame_lowres.jpg\" class=\"attachment-post-thumbnail size-post-thumbnail wp-post-image\" alt=\"\" srcset=\"https:\/\/wp.unil.ch\/labelettres\/files\/2019\/11\/CouvC-Calame_lowres.jpg 837w, https:\/\/wp.unil.ch\/labelettres\/files\/2019\/11\/CouvC-Calame_lowres-435x624.jpg 435w, https:\/\/wp.unil.ch\/labelettres\/files\/2019\/11\/CouvC-Calame_lowres-768x1101.jpg 768w\" sizes=\"auto, (max-width: 837px) 100vw, 837px\" \/><\/a>\n\t\t\t\t\t\t\t\t<h2 class=\"su-post-title\"><a href=\"https:\/\/wp.unil.ch\/labelettres\/les-choeurs-de-jeunes-filles-en-grece-ancienne-morphologie-fonction-religieuse-et-sociale-les-parthenees-dalcman\/\">Les ch\u0153urs de jeunes filles en Gr\u00e8ce ancienne. Morphologie, fonction religieuse et sociale (Les parth\u00e9n\u00e9es d&rsquo;Alcman)<\/a><\/h2>\n\t\t\t<\/div>\n\n\t\t\t\t\t\n\t\t\t\n\t\t\t<div id=\"su-post-3234\" class=\"su-post \">\n\t\t\t\t\t\t\t\t\t<a class=\"su-post-thumbnail\" href=\"https:\/\/wp.unil.ch\/labelettres\/thesee-et-limaginaire-athenien-legende-et-culte-en-grece-antique\/\"><img loading=\"lazy\" decoding=\"async\" width=\"744\" height=\"1200\" src=\"https:\/\/wp.unil.ch\/labelettres\/files\/2018\/04\/CALAME_Th\u00e9s\u00e9e_cover.jpg\" class=\"attachment-post-thumbnail size-post-thumbnail wp-post-image\" alt=\"\" srcset=\"https:\/\/wp.unil.ch\/labelettres\/files\/2018\/04\/CALAME_Th\u00e9s\u00e9e_cover.jpg 744w, https:\/\/wp.unil.ch\/labelettres\/files\/2018\/04\/CALAME_Th\u00e9s\u00e9e_cover-435x702.jpg 435w, https:\/\/wp.unil.ch\/labelettres\/files\/2018\/04\/CALAME_Th\u00e9s\u00e9e_cover-186x300.jpg 186w, https:\/\/wp.unil.ch\/labelettres\/files\/2018\/04\/CALAME_Th\u00e9s\u00e9e_cover-635x1024.jpg 635w\" sizes=\"auto, (max-width: 744px) 100vw, 744px\" \/><\/a>\n\t\t\t\t\t\t\t\t<h2 class=\"su-post-title\"><a href=\"https:\/\/wp.unil.ch\/labelettres\/thesee-et-limaginaire-athenien-legende-et-culte-en-grece-antique\/\">Th\u00e9s\u00e9e et l&rsquo;imaginaire ath\u00e9nien. L\u00e9gende et culte en Gr\u00e8ce antique<\/a><\/h2>\n\t\t\t<\/div>\n\n\t\t\t\t\t\n\t\t\t\n\t\t\t<div id=\"su-post-6702\" class=\"su-post \">\n\t\t\t\t\t\t\t\t\t<a class=\"su-post-thumbnail\" href=\"https:\/\/wp.unil.ch\/labelettres\/la-tragedie-chorale-poesie-grecque-et-rituel-musical\/\"><img loading=\"lazy\" decoding=\"async\" width=\"837\" height=\"1200\" src=\"https:\/\/wp.unil.ch\/labelettres\/files\/2019\/11\/CALAME_Trag\u00e9die_cover_lowres.jpg\" class=\"attachment-post-thumbnail size-post-thumbnail wp-post-image\" alt=\"\" srcset=\"https:\/\/wp.unil.ch\/labelettres\/files\/2019\/11\/CALAME_Trag\u00e9die_cover_lowres.jpg 837w, https:\/\/wp.unil.ch\/labelettres\/files\/2019\/11\/CALAME_Trag\u00e9die_cover_lowres-435x624.jpg 435w, https:\/\/wp.unil.ch\/labelettres\/files\/2019\/11\/CALAME_Trag\u00e9die_cover_lowres-768x1101.jpg 768w\" sizes=\"auto, (max-width: 837px) 100vw, 837px\" \/><\/a>\n\t\t\t\t\t\t\t\t<h2 class=\"su-post-title\"><a href=\"https:\/\/wp.unil.ch\/labelettres\/la-tragedie-chorale-poesie-grecque-et-rituel-musical\/\">La trag\u00e9die chorale. Po\u00e9sie grecque et rituel musical<\/a><\/h2>\n\t\t\t<\/div>\n\n\t\t\t\t\t\n\t\t\t\n\t\t\t<div id=\"su-post-8061\" class=\"su-post \">\n\t\t\t\t\t\t\t\t\t<a class=\"su-post-thumbnail\" href=\"https:\/\/wp.unil.ch\/labelettres\/quest-ce-que-la-mythologie-grecque\/\"><img loading=\"lazy\" decoding=\"async\" width=\"728\" height=\"1200\" src=\"https:\/\/wp.unil.ch\/labelettres\/files\/2020\/06\/CALAME_Mythologie_cover-1.jpg\" class=\"attachment-post-thumbnail size-post-thumbnail wp-post-image\" alt=\"\" srcset=\"https:\/\/wp.unil.ch\/labelettres\/files\/2020\/06\/CALAME_Mythologie_cover-1.jpg 728w, https:\/\/wp.unil.ch\/labelettres\/files\/2020\/06\/CALAME_Mythologie_cover-1-435x717.jpg 435w\" sizes=\"auto, (max-width: 728px) 100vw, 728px\" \/><\/a>\n\t\t\t\t\t\t\t\t<h2 class=\"su-post-title\"><a href=\"https:\/\/wp.unil.ch\/labelettres\/quest-ce-que-la-mythologie-grecque\/\">Qu&rsquo;est-ce que la mythologie grecque?<\/a><\/h2>\n\t\t\t<\/div>\n\n\t\t\t\t\t\n\t\t\t\n\t\t\t<div id=\"su-post-8437\" class=\"su-post \">\n\t\t\t\t\t\t\t\t\t<a class=\"su-post-thumbnail\" href=\"https:\/\/wp.unil.ch\/labelettres\/pratiques-poetiques-de-la-memoire\/\"><img loading=\"lazy\" decoding=\"async\" width=\"728\" height=\"1200\" src=\"https:\/\/wp.unil.ch\/labelettres\/files\/2020\/07\/CALAME_Pratiques_poetiques_cover-3.jpg\" class=\"attachment-post-thumbnail size-post-thumbnail wp-post-image\" alt=\"\" srcset=\"https:\/\/wp.unil.ch\/labelettres\/files\/2020\/07\/CALAME_Pratiques_poetiques_cover-3.jpg 728w, https:\/\/wp.unil.ch\/labelettres\/files\/2020\/07\/CALAME_Pratiques_poetiques_cover-3-435x717.jpg 435w\" sizes=\"auto, (max-width: 728px) 100vw, 728px\" \/><\/a>\n\t\t\t\t\t\t\t\t<h2 class=\"su-post-title\"><a href=\"https:\/\/wp.unil.ch\/labelettres\/pratiques-poetiques-de-la-memoire\/\">\u00a0Pratiques po\u00e9tiques de la m\u00e9moire<\/a><\/h2>\n\t\t\t<\/div>\n\n\t\t\t\n<\/div>\n\n<div class=\"su-divider su-divider-style-default\" style=\"margin:15px 0;border-width:1px;border-color:#999999\"><\/div>\n","protected":false},"excerpt":{"rendered":"<p>Pourquoi les chants choraux des jeunes filles dans la Sparte ancienne?<\/p>\n","protected":false},"author":1001615,"featured_media":6864,"comment_status":"closed","ping_status":"closed","sticky":false,"template":"","format":"standard","meta":{"_seopress_robots_primary_cat":"","_seopress_titles_title":"","_seopress_titles_desc":"","_seopress_robots_index":"","footnotes":""},"categories":[4],"tags":[1993,848,1211,2009,1992,393],"class_list":{"0":"post-6801","1":"post","2":"type-post","3":"status-publish","4":"format-standard","5":"has-post-thumbnail","7":"category-sciences-historiques","8":"tag-anthropologie-historique","9":"tag-claude-calame","10":"tag-institut-darcheologie-et-des-sciences-de-lantiquite","11":"tag-newsletter-14","12":"tag-poesie-grecque","13":"tag-rituel"},"_links":{"self":[{"href":"https:\/\/wp.unil.ch\/labelettres\/wp-json\/wp\/v2\/posts\/6801","targetHints":{"allow":["GET"]}}],"collection":[{"href":"https:\/\/wp.unil.ch\/labelettres\/wp-json\/wp\/v2\/posts"}],"about":[{"href":"https:\/\/wp.unil.ch\/labelettres\/wp-json\/wp\/v2\/types\/post"}],"author":[{"embeddable":true,"href":"https:\/\/wp.unil.ch\/labelettres\/wp-json\/wp\/v2\/users\/1001615"}],"replies":[{"embeddable":true,"href":"https:\/\/wp.unil.ch\/labelettres\/wp-json\/wp\/v2\/comments?post=6801"}],"version-history":[{"count":0,"href":"https:\/\/wp.unil.ch\/labelettres\/wp-json\/wp\/v2\/posts\/6801\/revisions"}],"wp:featuredmedia":[{"embeddable":true,"href":"https:\/\/wp.unil.ch\/labelettres\/wp-json\/wp\/v2\/media\/6864"}],"wp:attachment":[{"href":"https:\/\/wp.unil.ch\/labelettres\/wp-json\/wp\/v2\/media?parent=6801"}],"wp:term":[{"taxonomy":"category","embeddable":true,"href":"https:\/\/wp.unil.ch\/labelettres\/wp-json\/wp\/v2\/categories?post=6801"},{"taxonomy":"post_tag","embeddable":true,"href":"https:\/\/wp.unil.ch\/labelettres\/wp-json\/wp\/v2\/tags?post=6801"}],"curies":[{"name":"wp","href":"https:\/\/api.w.org\/{rel}","templated":true}]}}