{"id":6717,"date":"2019-11-05T08:00:21","date_gmt":"2019-11-05T07:00:21","guid":{"rendered":"http:\/\/wp.unil.ch\/labelettres\/?p=6717"},"modified":"2020-06-15T17:16:10","modified_gmt":"2020-06-15T15:16:10","slug":"cinema-ethnographique","status":"publish","type":"post","link":"https:\/\/wp.unil.ch\/labelettres\/cinema-ethnographique\/","title":{"rendered":"Cin\u00e9ma ethnographique"},"content":{"rendered":"<div class=\"su-row\">\n<div class=\"su-column su-column-size-2-3\"><div class=\"su-column-inner su-u-clearfix su-u-trim\"><strong>Qu&rsquo;est-ce que le cin\u00e9ma ethnographique? Une d\u00e9marche scientifique ou artistique?<\/strong><\/p>\n<p><!--more--><\/p>\n<p>Ce num\u00e9ro de la revue <em>D\u00e9cadrages<\/em><span lang=\"FR\">, <\/span>co\u00e9dit\u00e9 par Fran\u00e7ois Bovier (<a href=\"https:\/\/www.unil.ch\/cin\/home.html\">Section d&rsquo;histoire et esth\u00e9tique du cin\u00e9ma<\/a>), est consacr\u00e9 \u00e0 l\u2019essor et \u00e0 la g\u00e9n\u00e9ralisation du cin\u00e9ma ethnographique dans les d\u00e9cennies 1950-1970.<\/p>\n<p>La premi\u00e8re partie porte sur les activit\u00e9s du Comit\u00e9 du film ethnographique en France et en Belgique, ainsi que sur les films r\u00e9alis\u00e9s dans ce contexte (principalement ceux de Jean Rouch et de Luc de Heusch). La seconde partie est d\u00e9volue \u00e0 l\u2019anthropologie visuelle am\u00e9ricaine, infl\u00e9chissant le film ethnographique dans une direction plus artistique (avec les exp\u00e9rimentations de Maya Deren, Gregory Bateson et Margaret Mead, Tim Asch, Robert Gardner, ou encore John Marshall).<\/p>\n<p>Fran\u00e7ois Bovier, Serge Margel (\u00e9ds.),\u00a0<a href=\"https:\/\/www.decadrages.ch\" target=\"_blank\" rel=\"noopener noreferrer\"><i>Cin\u00e9ma ethnographique<\/i><\/a>,\u00a0<em>D\u00e9cadrages. Cin\u00e9ma, \u00e0 travers champs<\/em>, n\u00b040-42, automne 2019.<\/p>\n<\/div><\/div>\n<div class=\"su-column su-column-size-1-3\"><div class=\"su-column-inner su-u-clearfix su-u-trim\"><img alt=\"\" loading=\"lazy\" decoding=\"async\" class=\"aligncenter wp-image-6735\" src=\"https:\/\/wp.unil.ch\/labelettres\/files\/2019\/10\/couv_40-42.jpg\" alt=\"\" width=\"300\" height=\"315\" srcset=\"https:\/\/wp.unil.ch\/labelettres\/files\/2019\/10\/couv_40-42.jpg 1142w, https:\/\/wp.unil.ch\/labelettres\/files\/2019\/10\/couv_40-42-435x457.jpg 435w, https:\/\/wp.unil.ch\/labelettres\/files\/2019\/10\/couv_40-42-768x807.jpg 768w\" sizes=\"auto, (max-width: 300px) 100vw, 300px\" \/><\/div><\/div>\n<\/div>\n<div class=\"su-divider su-divider-style-default\" style=\"margin:15px 0;border-width:1px;border-color:#999999\"><\/div>\n<h6><strong>TOUTES LES NOTICES DE<\/strong><\/h6>\n<p><a href=\"https:\/\/applicationspub.unil.ch\/interpub\/noauth\/php\/Un\/UnPers.php?PerNum=39515&amp;LanCode=37\" target=\"_blank\" rel=\"noopener noreferrer\"><strong>Fran\u00e7ois Bovier<\/strong><\/a><\/p>\n\n\n<div class=\"su-posts su-posts-teaser-loop \">\n\n\t\t\t\t\t\t\n\t\t\t\n\t\t\t<div id=\"su-post-13112\" class=\"su-post \">\n\t\t\t\t\t\t\t\t\t<a class=\"su-post-thumbnail\" href=\"https:\/\/wp.unil.ch\/labelettres\/sonimage-les-annees-video-de-jean-luc-godard-et-anne-marie-mieville\/\"><img loading=\"lazy\" decoding=\"async\" width=\"927\" height=\"1200\" src=\"https:\/\/wp.unil.ch\/labelettres\/files\/2024\/06\/BOVIER_2024_Decadrages-cover.jpg\" class=\"attachment-post-thumbnail size-post-thumbnail wp-post-image\" alt=\"\" srcset=\"https:\/\/wp.unil.ch\/labelettres\/files\/2024\/06\/BOVIER_2024_Decadrages-cover.jpg 927w, https:\/\/wp.unil.ch\/labelettres\/files\/2024\/06\/BOVIER_2024_Decadrages-cover-435x563.jpg 435w, https:\/\/wp.unil.ch\/labelettres\/files\/2024\/06\/BOVIER_2024_Decadrages-cover-768x994.jpg 768w\" sizes=\"auto, (max-width: 927px) 100vw, 927px\" \/><\/a>\n\t\t\t\t\t\t\t\t<h2 class=\"su-post-title\"><a href=\"https:\/\/wp.unil.ch\/labelettres\/sonimage-les-annees-video-de-jean-luc-godard-et-anne-marie-mieville\/\">Sonimage. Les ann\u00e9es vid\u00e9o de Jean-Luc Godard et Anne-Marie Mi\u00e9ville<\/a><\/h2>\n\t\t\t<\/div>\n\n\t\t\t\t\t\n\t\t\t\n\t\t\t<div id=\"su-post-11666\" class=\"su-post \">\n\t\t\t\t\t\t\t\t\t<a class=\"su-post-thumbnail\" href=\"https:\/\/wp.unil.ch\/labelettres\/chantal-akerman\/\"><img loading=\"lazy\" decoding=\"async\" width=\"927\" height=\"1200\" src=\"https:\/\/wp.unil.ch\/labelettres\/files\/2022\/06\/BOVIER_2022_Akerman_cover.jpg\" class=\"attachment-post-thumbnail size-post-thumbnail wp-post-image\" alt=\"\" srcset=\"https:\/\/wp.unil.ch\/labelettres\/files\/2022\/06\/BOVIER_2022_Akerman_cover.jpg 927w, https:\/\/wp.unil.ch\/labelettres\/files\/2022\/06\/BOVIER_2022_Akerman_cover-435x563.jpg 435w, https:\/\/wp.unil.ch\/labelettres\/files\/2022\/06\/BOVIER_2022_Akerman_cover-768x994.jpg 768w\" sizes=\"auto, (max-width: 927px) 100vw, 927px\" \/><\/a>\n\t\t\t\t\t\t\t\t<h2 class=\"su-post-title\"><a href=\"https:\/\/wp.unil.ch\/labelettres\/chantal-akerman\/\">Chantal Akerman<\/a><\/h2>\n\t\t\t<\/div>\n\n\t\t\t\t\t\n\t\t\t\n\t\t\t<div id=\"su-post-10526\" class=\"su-post \">\n\t\t\t\t\t\t\t\t\t<a class=\"su-post-thumbnail\" href=\"https:\/\/wp.unil.ch\/labelettres\/alexander-kluge\/\"><img loading=\"lazy\" decoding=\"async\" width=\"927\" height=\"1200\" src=\"https:\/\/wp.unil.ch\/labelettres\/files\/2021\/06\/PORTMANN_Decadrages-44-45_cover.jpg\" class=\"attachment-post-thumbnail size-post-thumbnail wp-post-image\" alt=\"\" srcset=\"https:\/\/wp.unil.ch\/labelettres\/files\/2021\/06\/PORTMANN_Decadrages-44-45_cover.jpg 927w, https:\/\/wp.unil.ch\/labelettres\/files\/2021\/06\/PORTMANN_Decadrages-44-45_cover-435x563.jpg 435w, https:\/\/wp.unil.ch\/labelettres\/files\/2021\/06\/PORTMANN_Decadrages-44-45_cover-768x994.jpg 768w\" sizes=\"auto, (max-width: 927px) 100vw, 927px\" \/><\/a>\n\t\t\t\t\t\t\t\t<h2 class=\"su-post-title\"><a href=\"https:\/\/wp.unil.ch\/labelettres\/alexander-kluge\/\">Alexander Kluge<\/a><\/h2>\n\t\t\t<\/div>\n\n\t\t\t\t\t\n\t\t\t\n\t\t\t<div id=\"su-post-7938\" class=\"su-post \">\n\t\t\t\t\t\t\t\t\t<a class=\"su-post-thumbnail\" href=\"https:\/\/wp.unil.ch\/labelettres\/minor-cinema-experimental-film-in-switzerland\/\"><img loading=\"lazy\" decoding=\"async\" width=\"852\" height=\"1200\" src=\"https:\/\/wp.unil.ch\/labelettres\/files\/2020\/05\/BOVIER_Minor_cover.jpg\" class=\"attachment-post-thumbnail size-post-thumbnail wp-post-image\" alt=\"\" srcset=\"https:\/\/wp.unil.ch\/labelettres\/files\/2020\/05\/BOVIER_Minor_cover.jpg 852w, https:\/\/wp.unil.ch\/labelettres\/files\/2020\/05\/BOVIER_Minor_cover-435x613.jpg 435w, https:\/\/wp.unil.ch\/labelettres\/files\/2020\/05\/BOVIER_Minor_cover-768x1082.jpg 768w\" sizes=\"auto, (max-width: 852px) 100vw, 852px\" \/><\/a>\n\t\t\t\t\t\t\t\t<h2 class=\"su-post-title\"><a href=\"https:\/\/wp.unil.ch\/labelettres\/minor-cinema-experimental-film-in-switzerland\/\">Minor Cinema. Experimental Film in Switzerland<\/a><\/h2>\n\t\t\t<\/div>\n\n\t\t\t\t\t\n\t\t\t\n\t\t\t<div id=\"su-post-6717\" class=\"su-post \">\n\t\t\t\t\t\t\t\t\t<a class=\"su-post-thumbnail\" href=\"https:\/\/wp.unil.ch\/labelettres\/cinema-ethnographique\/\"><img loading=\"lazy\" decoding=\"async\" width=\"1142\" height=\"1200\" src=\"https:\/\/wp.unil.ch\/labelettres\/files\/2019\/10\/couv_40-42.jpg\" class=\"attachment-post-thumbnail size-post-thumbnail wp-post-image\" alt=\"\" srcset=\"https:\/\/wp.unil.ch\/labelettres\/files\/2019\/10\/couv_40-42.jpg 1142w, https:\/\/wp.unil.ch\/labelettres\/files\/2019\/10\/couv_40-42-435x457.jpg 435w, https:\/\/wp.unil.ch\/labelettres\/files\/2019\/10\/couv_40-42-768x807.jpg 768w\" sizes=\"auto, (max-width: 1142px) 100vw, 1142px\" \/><\/a>\n\t\t\t\t\t\t\t\t<h2 class=\"su-post-title\"><a href=\"https:\/\/wp.unil.ch\/labelettres\/cinema-ethnographique\/\">Cin\u00e9ma ethnographique<\/a><\/h2>\n\t\t\t<\/div>\n\n\t\t\t\t\t\n\t\t\t\n\t\t\t<div id=\"su-post-2767\" class=\"su-post \">\n\t\t\t\t\t\t\t\t\t<a class=\"su-post-thumbnail\" href=\"https:\/\/wp.unil.ch\/labelettres\/early-video-art-and-experimental-films-networks\/\"><img loading=\"lazy\" decoding=\"async\" width=\"904\" height=\"1200\" src=\"https:\/\/wp.unil.ch\/labelettres\/files\/2018\/03\/BOVIER_EarlyVideoArtandExperimentalFilmNetworks-copie.jpg\" class=\"attachment-post-thumbnail size-post-thumbnail wp-post-image\" alt=\"\" srcset=\"https:\/\/wp.unil.ch\/labelettres\/files\/2018\/03\/BOVIER_EarlyVideoArtandExperimentalFilmNetworks-copie.jpg 904w, https:\/\/wp.unil.ch\/labelettres\/files\/2018\/03\/BOVIER_EarlyVideoArtandExperimentalFilmNetworks-copie-435x577.jpg 435w, https:\/\/wp.unil.ch\/labelettres\/files\/2018\/03\/BOVIER_EarlyVideoArtandExperimentalFilmNetworks-copie-226x300.jpg 226w, https:\/\/wp.unil.ch\/labelettres\/files\/2018\/03\/BOVIER_EarlyVideoArtandExperimentalFilmNetworks-copie-768x1019.jpg 768w, https:\/\/wp.unil.ch\/labelettres\/files\/2018\/03\/BOVIER_EarlyVideoArtandExperimentalFilmNetworks-copie-771x1024.jpg 771w\" sizes=\"auto, (max-width: 904px) 100vw, 904px\" \/><\/a>\n\t\t\t\t\t\t\t\t<h2 class=\"su-post-title\"><a href=\"https:\/\/wp.unil.ch\/labelettres\/early-video-art-and-experimental-films-networks\/\">Early Video Art and Experimental Films Networks<\/a><\/h2>\n\t\t\t<\/div>\n\n\t\t\t\t\t\n\t\t\t\n\t\t\t<div id=\"su-post-2833\" class=\"su-post \">\n\t\t\t\t\t\t\t\t\t<a class=\"su-post-thumbnail\" href=\"https:\/\/wp.unil.ch\/labelettres\/happenings-events-tulane-drama-review-hiver-1965\/\"><img loading=\"lazy\" decoding=\"async\" width=\"720\" height=\"1200\" src=\"https:\/\/wp.unil.ch\/labelettres\/files\/2018\/03\/BOVIER_Happening_cover_2.jpg\" class=\"attachment-post-thumbnail size-post-thumbnail wp-post-image\" alt=\"\" srcset=\"https:\/\/wp.unil.ch\/labelettres\/files\/2018\/03\/BOVIER_Happening_cover_2.jpg 720w, https:\/\/wp.unil.ch\/labelettres\/files\/2018\/03\/BOVIER_Happening_cover_2-435x725.jpg 435w, https:\/\/wp.unil.ch\/labelettres\/files\/2018\/03\/BOVIER_Happening_cover_2-180x300.jpg 180w, https:\/\/wp.unil.ch\/labelettres\/files\/2018\/03\/BOVIER_Happening_cover_2-614x1024.jpg 614w\" sizes=\"auto, (max-width: 720px) 100vw, 720px\" \/><\/a>\n\t\t\t\t\t\t\t\t<h2 class=\"su-post-title\"><a href=\"https:\/\/wp.unil.ch\/labelettres\/happenings-events-tulane-drama-review-hiver-1965\/\">Happenings &amp; Events. \u00ab\u00a0Tulane Drama Review\u00a0\u00bb hiver 1965<\/a><\/h2>\n\t\t\t<\/div>\n\n\t\t\t\t\t\n\t\t\t\n\t\t\t<div id=\"su-post-802\" class=\"su-post \">\n\t\t\t\t\t\t\t\t\t<a class=\"su-post-thumbnail\" href=\"https:\/\/wp.unil.ch\/labelettres\/cinema-de-re-montage\/\"><img loading=\"lazy\" decoding=\"async\" width=\"1142\" height=\"1200\" src=\"https:\/\/wp.unil.ch\/labelettres\/files\/2017\/10\/D\u00e9cadrages_couv34-36.jpg\" class=\"attachment-post-thumbnail size-post-thumbnail wp-post-image\" alt=\"\" srcset=\"https:\/\/wp.unil.ch\/labelettres\/files\/2017\/10\/D\u00e9cadrages_couv34-36.jpg 1142w, https:\/\/wp.unil.ch\/labelettres\/files\/2017\/10\/D\u00e9cadrages_couv34-36-435x457.jpg 435w, https:\/\/wp.unil.ch\/labelettres\/files\/2017\/10\/D\u00e9cadrages_couv34-36-286x300.jpg 286w, https:\/\/wp.unil.ch\/labelettres\/files\/2017\/10\/D\u00e9cadrages_couv34-36-768x807.jpg 768w, https:\/\/wp.unil.ch\/labelettres\/files\/2017\/10\/D\u00e9cadrages_couv34-36-975x1024.jpg 975w\" sizes=\"auto, (max-width: 1142px) 100vw, 1142px\" \/><\/a>\n\t\t\t\t\t\t\t\t<h2 class=\"su-post-title\"><a href=\"https:\/\/wp.unil.ch\/labelettres\/cinema-de-re-montage\/\">Cin\u00e9ma de re-montage<\/a><\/h2>\n\t\t\t<\/div>\n\n\t\t\t\t\t\n\t\t\t\n\t\t\t<div id=\"su-post-3800\" class=\"su-post \">\n\t\t\t\t\t\t\t\t\t<a class=\"su-post-thumbnail\" href=\"https:\/\/wp.unil.ch\/labelettres\/rene-vautier\/\"><img loading=\"lazy\" decoding=\"async\" width=\"452\" height=\"475\" src=\"https:\/\/wp.unil.ch\/labelettres\/files\/2020\/07\/couv29_30_br.jpg\" class=\"attachment-post-thumbnail size-post-thumbnail wp-post-image\" alt=\"\" srcset=\"https:\/\/wp.unil.ch\/labelettres\/files\/2020\/07\/couv29_30_br.jpg 452w, https:\/\/wp.unil.ch\/labelettres\/files\/2020\/07\/couv29_30_br-435x457.jpg 435w\" sizes=\"auto, (max-width: 452px) 100vw, 452px\" \/><\/a>\n\t\t\t\t\t\t\t\t<h2 class=\"su-post-title\"><a href=\"https:\/\/wp.unil.ch\/labelettres\/rene-vautier\/\">Ren\u00e9 Vautier<\/a><\/h2>\n\t\t\t<\/div>\n\n\t\t\t\t\t\n\t\t\t\n\t\t\t<div id=\"su-post-8121\" class=\"su-post \">\n\t\t\t\t\t\t\t\t\t<a class=\"su-post-thumbnail\" href=\"https:\/\/wp.unil.ch\/labelettres\/rene-berger-lart-video\/\"><img loading=\"lazy\" decoding=\"async\" width=\"214\" height=\"300\" src=\"https:\/\/wp.unil.ch\/labelettres\/files\/2020\/06\/art-video_F-1.jpg\" class=\"attachment-post-thumbnail size-post-thumbnail wp-post-image\" alt=\"\" \/><\/a>\n\t\t\t\t\t\t\t\t<h2 class=\"su-post-title\"><a href=\"https:\/\/wp.unil.ch\/labelettres\/rene-berger-lart-video\/\">Ren\u00e9 Berger: L&rsquo;art vid\u00e9o<\/a><\/h2>\n\t\t\t<\/div>\n\n\t\t\t\t\t\n\t\t\t\n\t\t\t<div id=\"su-post-8315\" class=\"su-post \">\n\t\t\t\t\t\t\t\t\t<a class=\"su-post-thumbnail\" href=\"https:\/\/wp.unil.ch\/labelettres\/cinema-elargi\/\"><img loading=\"lazy\" decoding=\"async\" width=\"1142\" height=\"1200\" src=\"https:\/\/wp.unil.ch\/labelettres\/files\/2020\/07\/couv2122_hd.jpg\" class=\"attachment-post-thumbnail size-post-thumbnail wp-post-image\" alt=\"\" srcset=\"https:\/\/wp.unil.ch\/labelettres\/files\/2020\/07\/couv2122_hd.jpg 1142w, https:\/\/wp.unil.ch\/labelettres\/files\/2020\/07\/couv2122_hd-435x457.jpg 435w, https:\/\/wp.unil.ch\/labelettres\/files\/2020\/07\/couv2122_hd-768x807.jpg 768w\" sizes=\"auto, (max-width: 1142px) 100vw, 1142px\" \/><\/a>\n\t\t\t\t\t\t\t\t<h2 class=\"su-post-title\"><a href=\"https:\/\/wp.unil.ch\/labelettres\/cinema-elargi\/\">Cin\u00e9ma \u00e9largi<\/a><\/h2>\n\t\t\t<\/div>\n\n\t\t\t\t\t\n\t\t\t\n\t\t\t<div id=\"su-post-8324\" class=\"su-post \">\n\t\t\t\t\t\t\t\t\t<a class=\"su-post-thumbnail\" href=\"https:\/\/wp.unil.ch\/labelettres\/peter-watkins\/\"><img loading=\"lazy\" decoding=\"async\" width=\"1142\" height=\"1200\" src=\"https:\/\/wp.unil.ch\/labelettres\/files\/2020\/07\/couv20_hd.jpg\" class=\"attachment-post-thumbnail size-post-thumbnail wp-post-image\" alt=\"\" srcset=\"https:\/\/wp.unil.ch\/labelettres\/files\/2020\/07\/couv20_hd.jpg 1142w, https:\/\/wp.unil.ch\/labelettres\/files\/2020\/07\/couv20_hd-435x457.jpg 435w, https:\/\/wp.unil.ch\/labelettres\/files\/2020\/07\/couv20_hd-768x807.jpg 768w\" sizes=\"auto, (max-width: 1142px) 100vw, 1142px\" \/><\/a>\n\t\t\t\t\t\t\t\t<h2 class=\"su-post-title\"><a href=\"https:\/\/wp.unil.ch\/labelettres\/peter-watkins\/\">Peter Watkins<\/a><\/h2>\n\t\t\t<\/div>\n\n\t\t\t\n<\/div>\n\n<p><a href=\"https:\/\/www.decadrages.ch\" target=\"_blank\" rel=\"noopener noreferrer\"><strong>D\u00e9cadrages<\/strong><\/a><\/p>\n\n\n<div class=\"su-posts su-posts-teaser-loop \">\n\n\t\t\t\t\t\t\n\t\t\t\n\t\t\t<div id=\"su-post-15435\" class=\"su-post \">\n\t\t\t\t\t\t\t\t\t<a class=\"su-post-thumbnail\" href=\"https:\/\/wp.unil.ch\/labelettres\/inachevements\/\"><img loading=\"lazy\" decoding=\"async\" width=\"1068\" height=\"1396\" src=\"https:\/\/wp.unil.ch\/labelettres\/files\/2025\/09\/2025-cin-decadrage-inachevements.png\" class=\"attachment-post-thumbnail size-post-thumbnail wp-post-image\" alt=\"2025 cin de\u0301cadrage inachevements\" srcset=\"https:\/\/wp.unil.ch\/labelettres\/files\/2025\/09\/2025-cin-decadrage-inachevements.png 1068w, https:\/\/wp.unil.ch\/labelettres\/files\/2025\/09\/2025-cin-decadrage-inachevements-435x569.png 435w, https:\/\/wp.unil.ch\/labelettres\/files\/2025\/09\/2025-cin-decadrage-inachevements-768x1004.png 768w\" sizes=\"auto, (max-width: 1068px) 100vw, 1068px\" \/><\/a>\n\t\t\t\t\t\t\t\t<h2 class=\"su-post-title\"><a href=\"https:\/\/wp.unil.ch\/labelettres\/inachevements\/\">Inach\u00e8vements<\/a><\/h2>\n\t\t\t<\/div>\n\n\t\t\t\t\t\n\t\t\t\n\t\t\t<div id=\"su-post-13544\" class=\"su-post \">\n\t\t\t\t\t\t\t\t\t<a class=\"su-post-thumbnail\" href=\"https:\/\/wp.unil.ch\/labelettres\/celine-sciamma\/\"><img loading=\"lazy\" decoding=\"async\" width=\"927\" height=\"1200\" src=\"https:\/\/wp.unil.ch\/labelettres\/files\/2025\/02\/2024-CIN-Decadrages-Celine-Sciamma-couv.jpg\" class=\"attachment-post-thumbnail size-post-thumbnail wp-post-image\" alt=\"\" srcset=\"https:\/\/wp.unil.ch\/labelettres\/files\/2025\/02\/2024-CIN-Decadrages-Celine-Sciamma-couv.jpg 927w, https:\/\/wp.unil.ch\/labelettres\/files\/2025\/02\/2024-CIN-Decadrages-Celine-Sciamma-couv-435x563.jpg 435w, https:\/\/wp.unil.ch\/labelettres\/files\/2025\/02\/2024-CIN-Decadrages-Celine-Sciamma-couv-768x994.jpg 768w\" sizes=\"auto, (max-width: 927px) 100vw, 927px\" \/><\/a>\n\t\t\t\t\t\t\t\t<h2 class=\"su-post-title\"><a href=\"https:\/\/wp.unil.ch\/labelettres\/celine-sciamma\/\">C\u00e9line Sciamma<\/a><\/h2>\n\t\t\t<\/div>\n\n\t\t\t\t\t\n\t\t\t\n\t\t\t<div id=\"su-post-13112\" class=\"su-post \">\n\t\t\t\t\t\t\t\t\t<a class=\"su-post-thumbnail\" href=\"https:\/\/wp.unil.ch\/labelettres\/sonimage-les-annees-video-de-jean-luc-godard-et-anne-marie-mieville\/\"><img loading=\"lazy\" decoding=\"async\" width=\"927\" height=\"1200\" src=\"https:\/\/wp.unil.ch\/labelettres\/files\/2024\/06\/BOVIER_2024_Decadrages-cover.jpg\" class=\"attachment-post-thumbnail size-post-thumbnail wp-post-image\" alt=\"\" srcset=\"https:\/\/wp.unil.ch\/labelettres\/files\/2024\/06\/BOVIER_2024_Decadrages-cover.jpg 927w, https:\/\/wp.unil.ch\/labelettres\/files\/2024\/06\/BOVIER_2024_Decadrages-cover-435x563.jpg 435w, https:\/\/wp.unil.ch\/labelettres\/files\/2024\/06\/BOVIER_2024_Decadrages-cover-768x994.jpg 768w\" sizes=\"auto, (max-width: 927px) 100vw, 927px\" \/><\/a>\n\t\t\t\t\t\t\t\t<h2 class=\"su-post-title\"><a href=\"https:\/\/wp.unil.ch\/labelettres\/sonimage-les-annees-video-de-jean-luc-godard-et-anne-marie-mieville\/\">Sonimage. Les ann\u00e9es vid\u00e9o de Jean-Luc Godard et Anne-Marie Mi\u00e9ville<\/a><\/h2>\n\t\t\t<\/div>\n\n\t\t\t\t\t\n\t\t\t\n\t\t\t<div id=\"su-post-11666\" class=\"su-post \">\n\t\t\t\t\t\t\t\t\t<a class=\"su-post-thumbnail\" href=\"https:\/\/wp.unil.ch\/labelettres\/chantal-akerman\/\"><img loading=\"lazy\" decoding=\"async\" width=\"927\" height=\"1200\" src=\"https:\/\/wp.unil.ch\/labelettres\/files\/2022\/06\/BOVIER_2022_Akerman_cover.jpg\" class=\"attachment-post-thumbnail size-post-thumbnail wp-post-image\" alt=\"\" srcset=\"https:\/\/wp.unil.ch\/labelettres\/files\/2022\/06\/BOVIER_2022_Akerman_cover.jpg 927w, https:\/\/wp.unil.ch\/labelettres\/files\/2022\/06\/BOVIER_2022_Akerman_cover-435x563.jpg 435w, https:\/\/wp.unil.ch\/labelettres\/files\/2022\/06\/BOVIER_2022_Akerman_cover-768x994.jpg 768w\" sizes=\"auto, (max-width: 927px) 100vw, 927px\" \/><\/a>\n\t\t\t\t\t\t\t\t<h2 class=\"su-post-title\"><a href=\"https:\/\/wp.unil.ch\/labelettres\/chantal-akerman\/\">Chantal Akerman<\/a><\/h2>\n\t\t\t<\/div>\n\n\t\t\t\t\t\n\t\t\t\n\t\t\t<div id=\"su-post-10526\" class=\"su-post \">\n\t\t\t\t\t\t\t\t\t<a class=\"su-post-thumbnail\" href=\"https:\/\/wp.unil.ch\/labelettres\/alexander-kluge\/\"><img loading=\"lazy\" decoding=\"async\" width=\"927\" height=\"1200\" src=\"https:\/\/wp.unil.ch\/labelettres\/files\/2021\/06\/PORTMANN_Decadrages-44-45_cover.jpg\" class=\"attachment-post-thumbnail size-post-thumbnail wp-post-image\" alt=\"\" srcset=\"https:\/\/wp.unil.ch\/labelettres\/files\/2021\/06\/PORTMANN_Decadrages-44-45_cover.jpg 927w, https:\/\/wp.unil.ch\/labelettres\/files\/2021\/06\/PORTMANN_Decadrages-44-45_cover-435x563.jpg 435w, https:\/\/wp.unil.ch\/labelettres\/files\/2021\/06\/PORTMANN_Decadrages-44-45_cover-768x994.jpg 768w\" sizes=\"auto, (max-width: 927px) 100vw, 927px\" \/><\/a>\n\t\t\t\t\t\t\t\t<h2 class=\"su-post-title\"><a href=\"https:\/\/wp.unil.ch\/labelettres\/alexander-kluge\/\">Alexander Kluge<\/a><\/h2>\n\t\t\t<\/div>\n\n\t\t\t\t\t\n\t\t\t\n\t\t\t<div id=\"su-post-8290\" class=\"su-post \">\n\t\t\t\t\t\t\t\t\t<a class=\"su-post-thumbnail\" href=\"https:\/\/wp.unil.ch\/labelettres\/abdellatif-kechiche\/\"><img loading=\"lazy\" decoding=\"async\" width=\"927\" height=\"1200\" src=\"https:\/\/wp.unil.ch\/labelettres\/files\/2020\/07\/D\u00e9cadrages-43_Kechiche_Couverture-1.jpg\" class=\"attachment-post-thumbnail size-post-thumbnail wp-post-image\" alt=\"\" srcset=\"https:\/\/wp.unil.ch\/labelettres\/files\/2020\/07\/D\u00e9cadrages-43_Kechiche_Couverture-1.jpg 927w, https:\/\/wp.unil.ch\/labelettres\/files\/2020\/07\/D\u00e9cadrages-43_Kechiche_Couverture-1-435x563.jpg 435w, https:\/\/wp.unil.ch\/labelettres\/files\/2020\/07\/D\u00e9cadrages-43_Kechiche_Couverture-1-768x994.jpg 768w\" sizes=\"auto, (max-width: 927px) 100vw, 927px\" \/><\/a>\n\t\t\t\t\t\t\t\t<h2 class=\"su-post-title\"><a href=\"https:\/\/wp.unil.ch\/labelettres\/abdellatif-kechiche\/\">Abdellatif Kechiche<\/a><\/h2>\n\t\t\t<\/div>\n\n\t\t\t\t\t\n\t\t\t\n\t\t\t<div id=\"su-post-6717\" class=\"su-post \">\n\t\t\t\t\t\t\t\t\t<a class=\"su-post-thumbnail\" href=\"https:\/\/wp.unil.ch\/labelettres\/cinema-ethnographique\/\"><img loading=\"lazy\" decoding=\"async\" width=\"1142\" height=\"1200\" src=\"https:\/\/wp.unil.ch\/labelettres\/files\/2019\/10\/couv_40-42.jpg\" class=\"attachment-post-thumbnail size-post-thumbnail wp-post-image\" alt=\"\" srcset=\"https:\/\/wp.unil.ch\/labelettres\/files\/2019\/10\/couv_40-42.jpg 1142w, https:\/\/wp.unil.ch\/labelettres\/files\/2019\/10\/couv_40-42-435x457.jpg 435w, https:\/\/wp.unil.ch\/labelettres\/files\/2019\/10\/couv_40-42-768x807.jpg 768w\" sizes=\"auto, (max-width: 1142px) 100vw, 1142px\" \/><\/a>\n\t\t\t\t\t\t\t\t<h2 class=\"su-post-title\"><a href=\"https:\/\/wp.unil.ch\/labelettres\/cinema-ethnographique\/\">Cin\u00e9ma ethnographique<\/a><\/h2>\n\t\t\t<\/div>\n\n\t\t\t\t\t\n\t\t\t\n\t\t\t<div id=\"su-post-4678\" class=\"su-post \">\n\t\t\t\t\t\t\t\t\t<a class=\"su-post-thumbnail\" href=\"https:\/\/wp.unil.ch\/labelettres\/jeu-video-et-cinema\/\"><img loading=\"lazy\" decoding=\"async\" width=\"1142\" height=\"1200\" src=\"https:\/\/wp.unil.ch\/labelettres\/files\/2018\/11\/KRICHANE_couv_D\u00e9cadrages39_final.jpg\" class=\"attachment-post-thumbnail size-post-thumbnail wp-post-image\" alt=\"\" srcset=\"https:\/\/wp.unil.ch\/labelettres\/files\/2018\/11\/KRICHANE_couv_D\u00e9cadrages39_final.jpg 1142w, https:\/\/wp.unil.ch\/labelettres\/files\/2018\/11\/KRICHANE_couv_D\u00e9cadrages39_final-435x457.jpg 435w, https:\/\/wp.unil.ch\/labelettres\/files\/2018\/11\/KRICHANE_couv_D\u00e9cadrages39_final-768x807.jpg 768w\" sizes=\"auto, (max-width: 1142px) 100vw, 1142px\" \/><\/a>\n\t\t\t\t\t\t\t\t<h2 class=\"su-post-title\"><a href=\"https:\/\/wp.unil.ch\/labelettres\/jeu-video-et-cinema\/\">Jeu vid\u00e9o et cin\u00e9ma<\/a><\/h2>\n\t\t\t<\/div>\n\n\t\t\t\t\t\n\t\t\t\n\t\t\t<div id=\"su-post-3114\" class=\"su-post \">\n\t\t\t\t\t\t\t\t\t<a class=\"su-post-thumbnail\" href=\"https:\/\/wp.unil.ch\/labelettres\/lionel-rogosin\/\"><img loading=\"lazy\" decoding=\"async\" width=\"1142\" height=\"1200\" src=\"https:\/\/wp.unil.ch\/labelettres\/files\/2018\/04\/CouvertureRogosin.jpg\" class=\"attachment-post-thumbnail size-post-thumbnail wp-post-image\" alt=\"\" srcset=\"https:\/\/wp.unil.ch\/labelettres\/files\/2018\/04\/CouvertureRogosin.jpg 1142w, https:\/\/wp.unil.ch\/labelettres\/files\/2018\/04\/CouvertureRogosin-435x457.jpg 435w, https:\/\/wp.unil.ch\/labelettres\/files\/2018\/04\/CouvertureRogosin-286x300.jpg 286w, https:\/\/wp.unil.ch\/labelettres\/files\/2018\/04\/CouvertureRogosin-768x807.jpg 768w, https:\/\/wp.unil.ch\/labelettres\/files\/2018\/04\/CouvertureRogosin-975x1024.jpg 975w\" sizes=\"auto, (max-width: 1142px) 100vw, 1142px\" \/><\/a>\n\t\t\t\t\t\t\t\t<h2 class=\"su-post-title\"><a href=\"https:\/\/wp.unil.ch\/labelettres\/lionel-rogosin\/\">Lionel Rogosin<\/a><\/h2>\n\t\t\t<\/div>\n\n\t\t\t\t\t\n\t\t\t\n\t\t\t<div id=\"su-post-802\" class=\"su-post \">\n\t\t\t\t\t\t\t\t\t<a class=\"su-post-thumbnail\" href=\"https:\/\/wp.unil.ch\/labelettres\/cinema-de-re-montage\/\"><img loading=\"lazy\" decoding=\"async\" width=\"1142\" height=\"1200\" src=\"https:\/\/wp.unil.ch\/labelettres\/files\/2017\/10\/D\u00e9cadrages_couv34-36.jpg\" class=\"attachment-post-thumbnail size-post-thumbnail wp-post-image\" alt=\"\" srcset=\"https:\/\/wp.unil.ch\/labelettres\/files\/2017\/10\/D\u00e9cadrages_couv34-36.jpg 1142w, https:\/\/wp.unil.ch\/labelettres\/files\/2017\/10\/D\u00e9cadrages_couv34-36-435x457.jpg 435w, https:\/\/wp.unil.ch\/labelettres\/files\/2017\/10\/D\u00e9cadrages_couv34-36-286x300.jpg 286w, https:\/\/wp.unil.ch\/labelettres\/files\/2017\/10\/D\u00e9cadrages_couv34-36-768x807.jpg 768w, https:\/\/wp.unil.ch\/labelettres\/files\/2017\/10\/D\u00e9cadrages_couv34-36-975x1024.jpg 975w\" sizes=\"auto, (max-width: 1142px) 100vw, 1142px\" \/><\/a>\n\t\t\t\t\t\t\t\t<h2 class=\"su-post-title\"><a href=\"https:\/\/wp.unil.ch\/labelettres\/cinema-de-re-montage\/\">Cin\u00e9ma de re-montage<\/a><\/h2>\n\t\t\t<\/div>\n\n\t\t\t\t\t\n\t\t\t\n\t\t\t<div id=\"su-post-3795\" class=\"su-post \">\n\t\t\t\t\t\t\t\t\t<a class=\"su-post-thumbnail\" href=\"https:\/\/wp.unil.ch\/labelettres\/series-televisees-contemporaines\/\"><img loading=\"lazy\" decoding=\"async\" width=\"800\" height=\"840\" src=\"https:\/\/wp.unil.ch\/labelettres\/files\/2018\/08\/couv32-33.jpg\" class=\"attachment-post-thumbnail size-post-thumbnail wp-post-image\" alt=\"\" srcset=\"https:\/\/wp.unil.ch\/labelettres\/files\/2018\/08\/couv32-33.jpg 800w, https:\/\/wp.unil.ch\/labelettres\/files\/2018\/08\/couv32-33-435x457.jpg 435w, https:\/\/wp.unil.ch\/labelettres\/files\/2018\/08\/couv32-33-286x300.jpg 286w, https:\/\/wp.unil.ch\/labelettres\/files\/2018\/08\/couv32-33-768x806.jpg 768w\" sizes=\"auto, (max-width: 800px) 100vw, 800px\" \/><\/a>\n\t\t\t\t\t\t\t\t<h2 class=\"su-post-title\"><a href=\"https:\/\/wp.unil.ch\/labelettres\/series-televisees-contemporaines\/\">S\u00e9ries t\u00e9l\u00e9vis\u00e9es contemporaines<\/a><\/h2>\n\t\t\t<\/div>\n\n\t\t\t\t\t\n\t\t\t\n\t\t\t<div id=\"su-post-3652\" class=\"su-post \">\n\t\t\t\t\t\t\t\t\t<a class=\"su-post-thumbnail\" href=\"https:\/\/wp.unil.ch\/labelettres\/education-au-cinema\/\"><img loading=\"lazy\" decoding=\"async\" width=\"233\" height=\"245\" src=\"https:\/\/wp.unil.ch\/labelettres\/files\/2018\/06\/couv31_br-small245.jpg\" class=\"attachment-post-thumbnail size-post-thumbnail wp-post-image\" alt=\"\" \/><\/a>\n\t\t\t\t\t\t\t\t<h2 class=\"su-post-title\"><a href=\"https:\/\/wp.unil.ch\/labelettres\/education-au-cinema\/\">\u00c9ducation au cin\u00e9ma<\/a><\/h2>\n\t\t\t<\/div>\n\n\t\t\t\t\t\n\t\t\t\n\t\t\t<div id=\"su-post-3800\" class=\"su-post \">\n\t\t\t\t\t\t\t\t\t<a class=\"su-post-thumbnail\" href=\"https:\/\/wp.unil.ch\/labelettres\/rene-vautier\/\"><img loading=\"lazy\" decoding=\"async\" width=\"452\" height=\"475\" src=\"https:\/\/wp.unil.ch\/labelettres\/files\/2020\/07\/couv29_30_br.jpg\" class=\"attachment-post-thumbnail size-post-thumbnail wp-post-image\" alt=\"\" srcset=\"https:\/\/wp.unil.ch\/labelettres\/files\/2020\/07\/couv29_30_br.jpg 452w, https:\/\/wp.unil.ch\/labelettres\/files\/2020\/07\/couv29_30_br-435x457.jpg 435w\" sizes=\"auto, (max-width: 452px) 100vw, 452px\" \/><\/a>\n\t\t\t\t\t\t\t\t<h2 class=\"su-post-title\"><a href=\"https:\/\/wp.unil.ch\/labelettres\/rene-vautier\/\">Ren\u00e9 Vautier<\/a><\/h2>\n\t\t\t<\/div>\n\n\t\t\t\t\t\n\t\t\t\n\t\t\t<div id=\"su-post-6268\" class=\"su-post \">\n\t\t\t\t\t\t\t\t\t<a class=\"su-post-thumbnail\" href=\"https:\/\/wp.unil.ch\/labelettres\/le-doublage\/\"><img loading=\"lazy\" decoding=\"async\" width=\"1142\" height=\"1200\" src=\"https:\/\/wp.unil.ch\/labelettres\/files\/2019\/07\/couv23_24_hd.jpg\" class=\"attachment-post-thumbnail size-post-thumbnail wp-post-image\" alt=\"\" srcset=\"https:\/\/wp.unil.ch\/labelettres\/files\/2019\/07\/couv23_24_hd.jpg 1142w, https:\/\/wp.unil.ch\/labelettres\/files\/2019\/07\/couv23_24_hd-435x457.jpg 435w, https:\/\/wp.unil.ch\/labelettres\/files\/2019\/07\/couv23_24_hd-768x807.jpg 768w\" sizes=\"auto, (max-width: 1142px) 100vw, 1142px\" \/><\/a>\n\t\t\t\t\t\t\t\t<h2 class=\"su-post-title\"><a href=\"https:\/\/wp.unil.ch\/labelettres\/le-doublage\/\">Le doublage<\/a><\/h2>\n\t\t\t<\/div>\n\n\t\t\t\t\t\n\t\t\t\n\t\t\t<div id=\"su-post-3661\" class=\"su-post \">\n\t\t\t\t\t\t\t\t\t<a class=\"su-post-thumbnail\" href=\"https:\/\/wp.unil.ch\/labelettres\/arnaud-desplechin\/\"><img loading=\"lazy\" decoding=\"async\" width=\"800\" height=\"840\" src=\"https:\/\/wp.unil.ch\/labelettres\/files\/2018\/06\/CORDONIER_Decadrage_Desplechin_couv28.jpg\" class=\"attachment-post-thumbnail size-post-thumbnail wp-post-image\" alt=\"\" srcset=\"https:\/\/wp.unil.ch\/labelettres\/files\/2018\/06\/CORDONIER_Decadrage_Desplechin_couv28.jpg 800w, https:\/\/wp.unil.ch\/labelettres\/files\/2018\/06\/CORDONIER_Decadrage_Desplechin_couv28-435x457.jpg 435w, https:\/\/wp.unil.ch\/labelettres\/files\/2018\/06\/CORDONIER_Decadrage_Desplechin_couv28-286x300.jpg 286w, https:\/\/wp.unil.ch\/labelettres\/files\/2018\/06\/CORDONIER_Decadrage_Desplechin_couv28-768x806.jpg 768w\" sizes=\"auto, (max-width: 800px) 100vw, 800px\" \/><\/a>\n\t\t\t\t\t\t\t\t<h2 class=\"su-post-title\"><a href=\"https:\/\/wp.unil.ch\/labelettres\/arnaud-desplechin\/\">Arnaud Desplechin<\/a><\/h2>\n\t\t\t<\/div>\n\n\t\t\t\t\t\n\t\t\t\n\t\t\t<div id=\"su-post-3792\" class=\"su-post \">\n\t\t\t\t\t\t\t\t\t<a class=\"su-post-thumbnail\" href=\"https:\/\/wp.unil.ch\/labelettres\/drones-cartographie-et-images-automatisees\/\"><img loading=\"lazy\" decoding=\"async\" width=\"1150\" height=\"1200\" src=\"https:\/\/wp.unil.ch\/labelettres\/files\/2018\/07\/GUNTI_d\u00e9cadrages_cover.jpg\" class=\"attachment-post-thumbnail size-post-thumbnail wp-post-image\" alt=\"\" srcset=\"https:\/\/wp.unil.ch\/labelettres\/files\/2018\/07\/GUNTI_d\u00e9cadrages_cover.jpg 1150w, https:\/\/wp.unil.ch\/labelettres\/files\/2018\/07\/GUNTI_d\u00e9cadrages_cover-435x454.jpg 435w, https:\/\/wp.unil.ch\/labelettres\/files\/2018\/07\/GUNTI_d\u00e9cadrages_cover-288x300.jpg 288w, https:\/\/wp.unil.ch\/labelettres\/files\/2018\/07\/GUNTI_d\u00e9cadrages_cover-768x801.jpg 768w, https:\/\/wp.unil.ch\/labelettres\/files\/2018\/07\/GUNTI_d\u00e9cadrages_cover-981x1024.jpg 981w\" sizes=\"auto, (max-width: 1150px) 100vw, 1150px\" \/><\/a>\n\t\t\t\t\t\t\t\t<h2 class=\"su-post-title\"><a href=\"https:\/\/wp.unil.ch\/labelettres\/drones-cartographie-et-images-automatisees\/\">Drones, cartographie et images automatis\u00e9es<\/a><\/h2>\n\t\t\t<\/div>\n\n\t\t\t\t\t\n\t\t\t\n\t\t\t<div id=\"su-post-8311\" class=\"su-post \">\n\t\t\t\t\t\t\t\t\t<a class=\"su-post-thumbnail\" href=\"https:\/\/wp.unil.ch\/labelettres\/werner-herzog\/\"><img loading=\"lazy\" decoding=\"async\" width=\"165\" height=\"173\" src=\"https:\/\/wp.unil.ch\/labelettres\/files\/2020\/09\/couv25_br-1.png\" class=\"attachment-post-thumbnail size-post-thumbnail wp-post-image\" alt=\"\" \/><\/a>\n\t\t\t\t\t\t\t\t<h2 class=\"su-post-title\"><a href=\"https:\/\/wp.unil.ch\/labelettres\/werner-herzog\/\">Werner Herzog<\/a><\/h2>\n\t\t\t<\/div>\n\n\t\t\t\t\t\n\t\t\t\n\t\t\t<div id=\"su-post-8315\" class=\"su-post \">\n\t\t\t\t\t\t\t\t\t<a class=\"su-post-thumbnail\" href=\"https:\/\/wp.unil.ch\/labelettres\/cinema-elargi\/\"><img loading=\"lazy\" decoding=\"async\" width=\"1142\" height=\"1200\" src=\"https:\/\/wp.unil.ch\/labelettres\/files\/2020\/07\/couv2122_hd.jpg\" class=\"attachment-post-thumbnail size-post-thumbnail wp-post-image\" alt=\"\" srcset=\"https:\/\/wp.unil.ch\/labelettres\/files\/2020\/07\/couv2122_hd.jpg 1142w, https:\/\/wp.unil.ch\/labelettres\/files\/2020\/07\/couv2122_hd-435x457.jpg 435w, https:\/\/wp.unil.ch\/labelettres\/files\/2020\/07\/couv2122_hd-768x807.jpg 768w\" sizes=\"auto, (max-width: 1142px) 100vw, 1142px\" \/><\/a>\n\t\t\t\t\t\t\t\t<h2 class=\"su-post-title\"><a href=\"https:\/\/wp.unil.ch\/labelettres\/cinema-elargi\/\">Cin\u00e9ma \u00e9largi<\/a><\/h2>\n\t\t\t<\/div>\n\n\t\t\t\t\t\n\t\t\t\n\t\t\t<div id=\"su-post-8324\" class=\"su-post \">\n\t\t\t\t\t\t\t\t\t<a class=\"su-post-thumbnail\" href=\"https:\/\/wp.unil.ch\/labelettres\/peter-watkins\/\"><img loading=\"lazy\" decoding=\"async\" width=\"1142\" height=\"1200\" src=\"https:\/\/wp.unil.ch\/labelettres\/files\/2020\/07\/couv20_hd.jpg\" class=\"attachment-post-thumbnail size-post-thumbnail wp-post-image\" alt=\"\" srcset=\"https:\/\/wp.unil.ch\/labelettres\/files\/2020\/07\/couv20_hd.jpg 1142w, https:\/\/wp.unil.ch\/labelettres\/files\/2020\/07\/couv20_hd-435x457.jpg 435w, https:\/\/wp.unil.ch\/labelettres\/files\/2020\/07\/couv20_hd-768x807.jpg 768w\" sizes=\"auto, (max-width: 1142px) 100vw, 1142px\" \/><\/a>\n\t\t\t\t\t\t\t\t<h2 class=\"su-post-title\"><a href=\"https:\/\/wp.unil.ch\/labelettres\/peter-watkins\/\">Peter Watkins<\/a><\/h2>\n\t\t\t<\/div>\n\n\t\t\t\t\t\n\t\t\t\n\t\t\t<div id=\"su-post-6278\" class=\"su-post \">\n\t\t\t\t\t\t\t\t\t<a class=\"su-post-thumbnail\" href=\"https:\/\/wp.unil.ch\/labelettres\/autour-d-elephant-de-gus-van-sant\/\"><img loading=\"lazy\" decoding=\"async\" width=\"1142\" height=\"1200\" src=\"https:\/\/wp.unil.ch\/labelettres\/files\/2019\/07\/couv19_hd.jpg\" class=\"attachment-post-thumbnail size-post-thumbnail wp-post-image\" alt=\"\" srcset=\"https:\/\/wp.unil.ch\/labelettres\/files\/2019\/07\/couv19_hd.jpg 1142w, https:\/\/wp.unil.ch\/labelettres\/files\/2019\/07\/couv19_hd-435x457.jpg 435w, https:\/\/wp.unil.ch\/labelettres\/files\/2019\/07\/couv19_hd-768x807.jpg 768w\" sizes=\"auto, (max-width: 1142px) 100vw, 1142px\" \/><\/a>\n\t\t\t\t\t\t\t\t<h2 class=\"su-post-title\"><a href=\"https:\/\/wp.unil.ch\/labelettres\/autour-d-elephant-de-gus-van-sant\/\">Autour d\u2019 \u00ab\u00a0Elephant\u00a0\u00bb de Gus Van Sant<\/a><\/h2>\n\t\t\t<\/div>\n\n\t\t\t\t\t\n\t\t\t\n\t\t\t<div id=\"su-post-6286\" class=\"su-post \">\n\t\t\t\t\t\t\t\t\t<a class=\"su-post-thumbnail\" href=\"https:\/\/wp.unil.ch\/labelettres\/les-abimes-de-ladaptation\/\"><img loading=\"lazy\" decoding=\"async\" width=\"1142\" height=\"1200\" src=\"https:\/\/wp.unil.ch\/labelettres\/files\/2019\/07\/couv16_17.jpg\" class=\"attachment-post-thumbnail size-post-thumbnail wp-post-image\" alt=\"\" srcset=\"https:\/\/wp.unil.ch\/labelettres\/files\/2019\/07\/couv16_17.jpg 1142w, https:\/\/wp.unil.ch\/labelettres\/files\/2019\/07\/couv16_17-435x457.jpg 435w, https:\/\/wp.unil.ch\/labelettres\/files\/2019\/07\/couv16_17-768x807.jpg 768w\" sizes=\"auto, (max-width: 1142px) 100vw, 1142px\" \/><\/a>\n\t\t\t\t\t\t\t\t<h2 class=\"su-post-title\"><a href=\"https:\/\/wp.unil.ch\/labelettres\/les-abimes-de-ladaptation\/\">Les ab\u00eemes de l\u2019adaptation<\/a><\/h2>\n\t\t\t<\/div>\n\n\t\t\t\n<\/div>\n\n<div class=\"su-divider su-divider-style-default\" style=\"margin:15px 0;border-width:1px;border-color:#999999\"><\/div>\n","protected":false},"excerpt":{"rendered":"<p>Qu&rsquo;est-ce que le cin\u00e9ma ethnographique? Une d\u00e9marche scientifique ou artistique?<\/p>\n","protected":false},"author":1001615,"featured_media":6735,"comment_status":"closed","ping_status":"closed","sticky":false,"template":"","format":"standard","meta":{"_seopress_robots_primary_cat":"","_seopress_titles_title":"","_seopress_titles_desc":"","_seopress_robots_index":"","footnotes":""},"categories":[2,4],"tags":[726,59,1849,1980,106,1957,1233],"class_list":{"0":"post-6717","1":"post","2":"type-post","3":"status-publish","4":"format-standard","5":"has-post-thumbnail","7":"category-arts-medias","8":"category-sciences-historiques","9":"tag-arts","10":"tag-cinema","11":"tag-decadrages","12":"tag-ethnographie","13":"tag-francois-bovier","14":"tag-newsletter-13","15":"tag-section-dhistoire-et-esthetique-du-cinema"},"_links":{"self":[{"href":"https:\/\/wp.unil.ch\/labelettres\/wp-json\/wp\/v2\/posts\/6717","targetHints":{"allow":["GET"]}}],"collection":[{"href":"https:\/\/wp.unil.ch\/labelettres\/wp-json\/wp\/v2\/posts"}],"about":[{"href":"https:\/\/wp.unil.ch\/labelettres\/wp-json\/wp\/v2\/types\/post"}],"author":[{"embeddable":true,"href":"https:\/\/wp.unil.ch\/labelettres\/wp-json\/wp\/v2\/users\/1001615"}],"replies":[{"embeddable":true,"href":"https:\/\/wp.unil.ch\/labelettres\/wp-json\/wp\/v2\/comments?post=6717"}],"version-history":[{"count":0,"href":"https:\/\/wp.unil.ch\/labelettres\/wp-json\/wp\/v2\/posts\/6717\/revisions"}],"wp:featuredmedia":[{"embeddable":true,"href":"https:\/\/wp.unil.ch\/labelettres\/wp-json\/wp\/v2\/media\/6735"}],"wp:attachment":[{"href":"https:\/\/wp.unil.ch\/labelettres\/wp-json\/wp\/v2\/media?parent=6717"}],"wp:term":[{"taxonomy":"category","embeddable":true,"href":"https:\/\/wp.unil.ch\/labelettres\/wp-json\/wp\/v2\/categories?post=6717"},{"taxonomy":"post_tag","embeddable":true,"href":"https:\/\/wp.unil.ch\/labelettres\/wp-json\/wp\/v2\/tags?post=6717"}],"curies":[{"name":"wp","href":"https:\/\/api.w.org\/{rel}","templated":true}]}}