{"id":5842,"date":"2019-04-25T08:35:51","date_gmt":"2019-04-25T06:35:51","guid":{"rendered":"http:\/\/wp.unil.ch\/labelettres\/?p=5842"},"modified":"2020-04-09T08:57:17","modified_gmt":"2020-04-09T06:57:17","slug":"edith-boissonnas-lecriture-a-letat-brut","status":"publish","type":"post","link":"https:\/\/wp.unil.ch\/labelettres\/edith-boissonnas-lecriture-a-letat-brut\/","title":{"rendered":"\u00c9dith Boissonnas. L&rsquo;\u00e9criture \u00e0 l&rsquo;\u00e9tat brut"},"content":{"rendered":"<div class=\"su-row\">\n<div class=\"su-column su-column-size-2-3\"><div class=\"su-column-inner su-u-clearfix su-u-trim\"><strong>L&rsquo;\u0153uvre po\u00e9tique, la correspondance et la critique d&rsquo;art d&rsquo;\u00c9dith Boissonnas.<\/strong><\/p>\n<p><!--more--><\/p>\n<p>Po\u00e8te, critique d\u2019art, traductrice, \u00c9dith Boissonnas (1904-1989) a laiss\u00e9 une \u0153uvre impertinente qui cherche continuellement dans le langage les attaches de l\u2019\u00e9l\u00e9mentaire. Sa vision du monde est aussi subversive que le regard jet\u00e9 sur la soci\u00e9t\u00e9 par un enfant, un fou, un \u00e9tranger.<\/p>\n<p>Cette \u0153uvre-t\u00e9moin apporte une contribution d\u00e9cisive \u00e0 l\u2019histoire litt\u00e9raire fran\u00e7aise du XXe si\u00e8cle. Elle traverse le Coll\u00e8ge de Sociologie, La Nouvelle Revue fran\u00e7aise, l\u2019Art Brut, l\u2019art informel, mais aussi l\u2019exp\u00e9rimentation sous mescaline.<\/p>\n<p>Les contributions r\u00e9unies dans ce volume, dirig\u00e9 par\u00a0Dominique Kunz Westerhoff (<a href=\"https:\/\/unil.ch\/fra\">Section de fran\u00e7ais<\/a>, <a href=\"https:\/\/www.unil.ch\/shc\/fr\/home.html\">Centre des sciences historiques de la culture<\/a>), Daniel Maggetti (<a href=\"https:\/\/unil.ch\/fra\">Section de fran\u00e7ais<\/a>, <a href=\"https:\/\/www.unil.ch\/clsr\/fr\/home.html\" target=\"_blank\" rel=\"noopener noreferrer\">Centre des litt\u00e9ratures en Suisse romande<\/a>) et Muriel Pic,\u00a0examinent certains des aspects les plus significatifs de l\u2019\u00e9criture de Boissonnas : son travail sur le vers et la rime, sa conception utopique de l\u2019art comme moyen d\u2019acc\u00e8s \u00e0 la v\u00e9rit\u00e9, ses relations plurielles avec Jean Paulhan, leur attachement commun \u00e0 l\u2019animalit\u00e9, ses rencontres avec Caillois, Dubuffet, Michaux, Giacometti, et sa posture \u00e9quivoque vis-\u00e0-vis de la Suisse.<\/p>\n<p>Dominique Kunz Westerhoff, Daniel Maggetti, Muriel Pic (dir.), <a href=\"https:\/\/www.metispresses.ch\/en\/edith-boissonnas\" target=\"_blank\" rel=\"noopener noreferrer\"><em>\u00c9dith Boissonnas. L&rsquo;\u00e9criture \u00e0 l&rsquo;\u00e9tat brut<\/em><\/a>, Gen\u00e8ve, MetisPresses, 2019.<\/p>\n<\/div><\/div>\n<div class=\"su-column su-column-size-1-3\"><div class=\"su-column-inner su-u-clearfix su-u-trim\"><img alt=\"\" loading=\"lazy\" decoding=\"async\" class=\"aligncenter wp-image-5843\" src=\"https:\/\/wp.unil.ch\/labelettres\/files\/2019\/04\/Edith_Boissonnas_couverture_eb_1e.jpeg\" alt=\"\" width=\"300\" height=\"485\" srcset=\"https:\/\/wp.unil.ch\/labelettres\/files\/2019\/04\/Edith_Boissonnas_couverture_eb_1e.jpeg 743w, https:\/\/wp.unil.ch\/labelettres\/files\/2019\/04\/Edith_Boissonnas_couverture_eb_1e-435x703.jpeg 435w\" sizes=\"auto, (max-width: 300px) 100vw, 300px\" \/><\/div><\/div>\n<\/div>\n<div class=\"su-divider su-divider-style-default\" style=\"margin:15px 0;border-width:1px;border-color:#999999\"><\/div>\n<h6><strong>TOUTES LES NOTICES DE<\/strong><\/h6>\n<p><a href=\"https:\/\/applicationspub.unil.ch\/interpub\/noauth\/php\/Un\/UnPers.php?PerNum=800808&amp;LanCode=37\" target=\"_blank\" rel=\"noopener noreferrer\"><strong>Daniel Maggetti<\/strong><\/a><\/p>\n\n\n<div class=\"su-posts su-posts-teaser-loop \">\n\n\t\t\t\t\t\t\n\t\t\t\n\t\t\t<div id=\"su-post-15577\" class=\"su-post \">\n\t\t\t\t\t\t\t\t\t<a class=\"su-post-thumbnail\" href=\"https:\/\/wp.unil.ch\/labelettres\/felix-vallotton-romans-et-theatre\/\"><img loading=\"lazy\" decoding=\"async\" width=\"806\" height=\"1200\" src=\"https:\/\/wp.unil.ch\/labelettres\/files\/2025\/10\/2025-fra-clsr-felix-vallotton-couv.jpg\" class=\"attachment-post-thumbnail size-post-thumbnail wp-post-image\" alt=\"2025 fra clsr felix vallotton couv\" srcset=\"https:\/\/wp.unil.ch\/labelettres\/files\/2025\/10\/2025-fra-clsr-felix-vallotton-couv.jpg 806w, https:\/\/wp.unil.ch\/labelettres\/files\/2025\/10\/2025-fra-clsr-felix-vallotton-couv-435x648.jpg 435w, https:\/\/wp.unil.ch\/labelettres\/files\/2025\/10\/2025-fra-clsr-felix-vallotton-couv-768x1143.jpg 768w\" sizes=\"auto, (max-width: 806px) 100vw, 806px\" \/><\/a>\n\t\t\t\t\t\t\t\t<h2 class=\"su-post-title\"><a href=\"https:\/\/wp.unil.ch\/labelettres\/felix-vallotton-romans-et-theatre\/\">F\u00e9lix Vallotton. Romans et Th\u00e9\u00e2tre<\/a><\/h2>\n\t\t\t<\/div>\n\n\t\t\t\t\t\n\t\t\t\n\t\t\t<div id=\"su-post-12341\" class=\"su-post \">\n\t\t\t\t\t\t\t\t\t<a class=\"su-post-thumbnail\" href=\"https:\/\/wp.unil.ch\/labelettres\/c-f-ramuz-le-besoin-des-choses-et-autres-chroniques\/\"><img loading=\"lazy\" decoding=\"async\" width=\"500\" height=\"785\" src=\"https:\/\/wp.unil.ch\/labelettres\/files\/2023\/06\/PETERMANN_2023_Ramuz-besoin_cover.png\" class=\"attachment-post-thumbnail size-post-thumbnail wp-post-image\" alt=\"\" srcset=\"https:\/\/wp.unil.ch\/labelettres\/files\/2023\/06\/PETERMANN_2023_Ramuz-besoin_cover.png 500w, https:\/\/wp.unil.ch\/labelettres\/files\/2023\/06\/PETERMANN_2023_Ramuz-besoin_cover-435x683.png 435w\" sizes=\"auto, (max-width: 500px) 100vw, 500px\" \/><\/a>\n\t\t\t\t\t\t\t\t<h2 class=\"su-post-title\"><a href=\"https:\/\/wp.unil.ch\/labelettres\/c-f-ramuz-le-besoin-des-choses-et-autres-chroniques\/\">C. F. Ramuz, Le Besoin des choses et autres chroniques<\/a><\/h2>\n\t\t\t<\/div>\n\n\t\t\t\t\t\n\t\t\t\n\t\t\t<div id=\"su-post-12336\" class=\"su-post \">\n\t\t\t\t\t\t\t\t\t<a class=\"su-post-thumbnail\" href=\"https:\/\/wp.unil.ch\/labelettres\/c-f-ramuz-le-feu-a-cheyseron\/\"><img loading=\"lazy\" decoding=\"async\" width=\"500\" height=\"785\" src=\"https:\/\/wp.unil.ch\/labelettres\/files\/2023\/06\/PETERMANN_2023_Ramuz-Cheyseron_cover.png\" class=\"attachment-post-thumbnail size-post-thumbnail wp-post-image\" alt=\"\" srcset=\"https:\/\/wp.unil.ch\/labelettres\/files\/2023\/06\/PETERMANN_2023_Ramuz-Cheyseron_cover.png 500w, https:\/\/wp.unil.ch\/labelettres\/files\/2023\/06\/PETERMANN_2023_Ramuz-Cheyseron_cover-435x683.png 435w\" sizes=\"auto, (max-width: 500px) 100vw, 500px\" \/><\/a>\n\t\t\t\t\t\t\t\t<h2 class=\"su-post-title\"><a href=\"https:\/\/wp.unil.ch\/labelettres\/c-f-ramuz-le-feu-a-cheyseron\/\">C. F. Ramuz, Le Feu \u00e0 Cheyseron<\/a><\/h2>\n\t\t\t<\/div>\n\n\t\t\t\t\t\n\t\t\t\n\t\t\t<div id=\"su-post-12170\" class=\"su-post \">\n\t\t\t\t\t\t\t\t\t<a class=\"su-post-thumbnail\" href=\"https:\/\/wp.unil.ch\/labelettres\/c-f-ramuz-lettres-1904-1947\/\"><img loading=\"lazy\" decoding=\"async\" width=\"500\" height=\"785\" src=\"https:\/\/wp.unil.ch\/labelettres\/files\/2023\/03\/PETERMANN_2022_Ramuz-lettres_cover.jpg\" class=\"attachment-post-thumbnail size-post-thumbnail wp-post-image\" alt=\"\" srcset=\"https:\/\/wp.unil.ch\/labelettres\/files\/2023\/03\/PETERMANN_2022_Ramuz-lettres_cover.jpg 500w, https:\/\/wp.unil.ch\/labelettres\/files\/2023\/03\/PETERMANN_2022_Ramuz-lettres_cover-435x683.jpg 435w\" sizes=\"auto, (max-width: 500px) 100vw, 500px\" \/><\/a>\n\t\t\t\t\t\t\t\t<h2 class=\"su-post-title\"><a href=\"https:\/\/wp.unil.ch\/labelettres\/c-f-ramuz-lettres-1904-1947\/\">C. F. Ramuz, Lettres, 1904-1947<\/a><\/h2>\n\t\t\t<\/div>\n\n\t\t\t\t\t\n\t\t\t\n\t\t\t<div id=\"su-post-12173\" class=\"su-post \">\n\t\t\t\t\t\t\t\t\t<a class=\"su-post-thumbnail\" href=\"https:\/\/wp.unil.ch\/labelettres\/c-f-ramuz-presence-de-la-mort\/\"><img loading=\"lazy\" decoding=\"async\" width=\"500\" height=\"785\" src=\"https:\/\/wp.unil.ch\/labelettres\/files\/2023\/03\/PETERMANN_2022_Ramuz-mort_cover.png\" class=\"attachment-post-thumbnail size-post-thumbnail wp-post-image\" alt=\"\" srcset=\"https:\/\/wp.unil.ch\/labelettres\/files\/2023\/03\/PETERMANN_2022_Ramuz-mort_cover.png 500w, https:\/\/wp.unil.ch\/labelettres\/files\/2023\/03\/PETERMANN_2022_Ramuz-mort_cover-435x683.png 435w\" sizes=\"auto, (max-width: 500px) 100vw, 500px\" \/><\/a>\n\t\t\t\t\t\t\t\t<h2 class=\"su-post-title\"><a href=\"https:\/\/wp.unil.ch\/labelettres\/c-f-ramuz-presence-de-la-mort\/\">C. F. Ramuz, Pr\u00e9sence de la mort<\/a><\/h2>\n\t\t\t<\/div>\n\n\t\t\t\t\t\n\t\t\t\n\t\t\t<div id=\"su-post-11927\" class=\"su-post \">\n\t\t\t\t\t\t\t\t\t<a class=\"su-post-thumbnail\" href=\"https:\/\/wp.unil.ch\/labelettres\/gustave-roud-lunivers-pluriel-de-la-poesie\/\"><img loading=\"lazy\" decoding=\"async\" width=\"640\" height=\"960\" src=\"https:\/\/wp.unil.ch\/labelettres\/files\/2022\/11\/MAGGETTI_2022_Roud_cover.jpg\" class=\"attachment-post-thumbnail size-post-thumbnail wp-post-image\" alt=\"\" srcset=\"https:\/\/wp.unil.ch\/labelettres\/files\/2022\/11\/MAGGETTI_2022_Roud_cover.jpg 640w, https:\/\/wp.unil.ch\/labelettres\/files\/2022\/11\/MAGGETTI_2022_Roud_cover-435x653.jpg 435w\" sizes=\"auto, (max-width: 640px) 100vw, 640px\" \/><\/a>\n\t\t\t\t\t\t\t\t<h2 class=\"su-post-title\"><a href=\"https:\/\/wp.unil.ch\/labelettres\/gustave-roud-lunivers-pluriel-de-la-poesie\/\">Gustave Roud. L\u2019univers pluriel de la po\u00e9sie<\/a><\/h2>\n\t\t\t<\/div>\n\n\t\t\t\t\t\n\t\t\t\n\t\t\t<div id=\"su-post-11921\" class=\"su-post \">\n\t\t\t\t\t\t\t\t\t<a class=\"su-post-thumbnail\" href=\"https:\/\/wp.unil.ch\/labelettres\/gustave-roud-oeuvres-completes\/\"><img loading=\"lazy\" decoding=\"async\" width=\"800\" height=\"1200\" src=\"https:\/\/wp.unil.ch\/labelettres\/files\/2022\/11\/MAGGETTI_2022_oeuvres-Roud_cover.jpg\" class=\"attachment-post-thumbnail size-post-thumbnail wp-post-image\" alt=\"\" srcset=\"https:\/\/wp.unil.ch\/labelettres\/files\/2022\/11\/MAGGETTI_2022_oeuvres-Roud_cover.jpg 800w, https:\/\/wp.unil.ch\/labelettres\/files\/2022\/11\/MAGGETTI_2022_oeuvres-Roud_cover-435x653.jpg 435w, https:\/\/wp.unil.ch\/labelettres\/files\/2022\/11\/MAGGETTI_2022_oeuvres-Roud_cover-768x1152.jpg 768w\" sizes=\"auto, (max-width: 800px) 100vw, 800px\" \/><\/a>\n\t\t\t\t\t\t\t\t<h2 class=\"su-post-title\"><a href=\"https:\/\/wp.unil.ch\/labelettres\/gustave-roud-oeuvres-completes\/\">Gustave Roud, \u0152uvres compl\u00e8tes<\/a><\/h2>\n\t\t\t<\/div>\n\n\t\t\t\t\t\n\t\t\t\n\t\t\t<div id=\"su-post-11780\" class=\"su-post \">\n\t\t\t\t\t\t\t\t\t<a class=\"su-post-thumbnail\" href=\"https:\/\/wp.unil.ch\/labelettres\/c-f-ramuz-derborence\/\"><img loading=\"lazy\" decoding=\"async\" width=\"500\" height=\"785\" src=\"https:\/\/wp.unil.ch\/labelettres\/files\/2022\/09\/PETERMANN_2022_Ramuz-Derborence_cover.jpg\" class=\"attachment-post-thumbnail size-post-thumbnail wp-post-image\" alt=\"\" srcset=\"https:\/\/wp.unil.ch\/labelettres\/files\/2022\/09\/PETERMANN_2022_Ramuz-Derborence_cover.jpg 500w, https:\/\/wp.unil.ch\/labelettres\/files\/2022\/09\/PETERMANN_2022_Ramuz-Derborence_cover-435x683.jpg 435w\" sizes=\"auto, (max-width: 500px) 100vw, 500px\" \/><\/a>\n\t\t\t\t\t\t\t\t<h2 class=\"su-post-title\"><a href=\"https:\/\/wp.unil.ch\/labelettres\/c-f-ramuz-derborence\/\">C. F. Ramuz, Derborence<\/a><\/h2>\n\t\t\t<\/div>\n\n\t\t\t\t\t\n\t\t\t\n\t\t\t<div id=\"su-post-11784\" class=\"su-post \">\n\t\t\t\t\t\t\t\t\t<a class=\"su-post-thumbnail\" href=\"https:\/\/wp.unil.ch\/labelettres\/c-f-ramuz-decouverte-du-monde\/\"><img loading=\"lazy\" decoding=\"async\" width=\"500\" height=\"785\" src=\"https:\/\/wp.unil.ch\/labelettres\/files\/2022\/09\/PETERMANN_2022_Ramuz-Decouverte_cover.jpg\" class=\"attachment-post-thumbnail size-post-thumbnail wp-post-image\" alt=\"\" srcset=\"https:\/\/wp.unil.ch\/labelettres\/files\/2022\/09\/PETERMANN_2022_Ramuz-Decouverte_cover.jpg 500w, https:\/\/wp.unil.ch\/labelettres\/files\/2022\/09\/PETERMANN_2022_Ramuz-Decouverte_cover-435x683.jpg 435w\" sizes=\"auto, (max-width: 500px) 100vw, 500px\" \/><\/a>\n\t\t\t\t\t\t\t\t<h2 class=\"su-post-title\"><a href=\"https:\/\/wp.unil.ch\/labelettres\/c-f-ramuz-decouverte-du-monde\/\">C. F. Ramuz, D\u00e9couverte du monde<\/a><\/h2>\n\t\t\t<\/div>\n\n\t\t\t\t\t\n\t\t\t\n\t\t\t<div id=\"su-post-11408\" class=\"su-post \">\n\t\t\t\t\t\t\t\t\t<a class=\"su-post-thumbnail\" href=\"https:\/\/wp.unil.ch\/labelettres\/c-f-ramuz-jean-luc-persecute\/\"><img loading=\"lazy\" decoding=\"async\" width=\"763\" height=\"1200\" src=\"https:\/\/wp.unil.ch\/labelettres\/files\/2022\/04\/PETERMANN_2021_Ramuz_Jean-Lucpersecute_cover.jpg\" class=\"attachment-post-thumbnail size-post-thumbnail wp-post-image\" alt=\"\" srcset=\"https:\/\/wp.unil.ch\/labelettres\/files\/2022\/04\/PETERMANN_2021_Ramuz_Jean-Lucpersecute_cover.jpg 763w, https:\/\/wp.unil.ch\/labelettres\/files\/2022\/04\/PETERMANN_2021_Ramuz_Jean-Lucpersecute_cover-435x684.jpg 435w\" sizes=\"auto, (max-width: 763px) 100vw, 763px\" \/><\/a>\n\t\t\t\t\t\t\t\t<h2 class=\"su-post-title\"><a href=\"https:\/\/wp.unil.ch\/labelettres\/c-f-ramuz-jean-luc-persecute\/\">C. F. Ramuz, Jean-Luc pers\u00e9cut\u00e9<\/a><\/h2>\n\t\t\t<\/div>\n\n\t\t\t\t\t\n\t\t\t\n\t\t\t<div id=\"su-post-11411\" class=\"su-post \">\n\t\t\t\t\t\t\t\t\t<a class=\"su-post-thumbnail\" href=\"https:\/\/wp.unil.ch\/labelettres\/c-f-ramuz-le-lac-aux-demoiselles-et-autres-nouvelles\/\"><img loading=\"lazy\" decoding=\"async\" width=\"763\" height=\"1200\" src=\"https:\/\/wp.unil.ch\/labelettres\/files\/2022\/04\/PETERMANN_2021_Ramuz_LacDemoiselles_cover.jpg\" class=\"attachment-post-thumbnail size-post-thumbnail wp-post-image\" alt=\"\" srcset=\"https:\/\/wp.unil.ch\/labelettres\/files\/2022\/04\/PETERMANN_2021_Ramuz_LacDemoiselles_cover.jpg 763w, https:\/\/wp.unil.ch\/labelettres\/files\/2022\/04\/PETERMANN_2021_Ramuz_LacDemoiselles_cover-435x684.jpg 435w\" sizes=\"auto, (max-width: 763px) 100vw, 763px\" \/><\/a>\n\t\t\t\t\t\t\t\t<h2 class=\"su-post-title\"><a href=\"https:\/\/wp.unil.ch\/labelettres\/c-f-ramuz-le-lac-aux-demoiselles-et-autres-nouvelles\/\">C. F. Ramuz, Le Lac aux demoiselles et autres nouvelles<\/a><\/h2>\n\t\t\t<\/div>\n\n\t\t\t\t\t\n\t\t\t\n\t\t\t<div id=\"su-post-11061\" class=\"su-post \">\n\t\t\t\t\t\t\t\t\t<a class=\"su-post-thumbnail\" href=\"https:\/\/wp.unil.ch\/labelettres\/henri-roorda\/\"><img loading=\"lazy\" decoding=\"async\" width=\"793\" height=\"1200\" src=\"https:\/\/wp.unil.ch\/labelettres\/files\/2021\/11\/MAGGETTI_2021_Versants_cover.jpg\" class=\"attachment-post-thumbnail size-post-thumbnail wp-post-image\" alt=\"\" srcset=\"https:\/\/wp.unil.ch\/labelettres\/files\/2021\/11\/MAGGETTI_2021_Versants_cover.jpg 793w, https:\/\/wp.unil.ch\/labelettres\/files\/2021\/11\/MAGGETTI_2021_Versants_cover-435x658.jpg 435w, https:\/\/wp.unil.ch\/labelettres\/files\/2021\/11\/MAGGETTI_2021_Versants_cover-768x1162.jpg 768w\" sizes=\"auto, (max-width: 793px) 100vw, 793px\" \/><\/a>\n\t\t\t\t\t\t\t\t<h2 class=\"su-post-title\"><a href=\"https:\/\/wp.unil.ch\/labelettres\/henri-roorda\/\">Henri Roorda<\/a><\/h2>\n\t\t\t<\/div>\n\n\t\t\t\t\t\n\t\t\t\n\t\t\t<div id=\"su-post-10679\" class=\"su-post \">\n\t\t\t\t\t\t\t\t\t<a class=\"su-post-thumbnail\" href=\"https:\/\/wp.unil.ch\/labelettres\/c-f-ramuz-lhomme-perdu-dans-le-brouillard-et-autres-nouvelles\/\"><img loading=\"lazy\" decoding=\"async\" width=\"764\" height=\"1200\" src=\"https:\/\/wp.unil.ch\/labelettres\/files\/2021\/07\/MAGGETTI_Ramuz_HommePerdu_cover.jpg\" class=\"attachment-post-thumbnail size-post-thumbnail wp-post-image\" alt=\"\" srcset=\"https:\/\/wp.unil.ch\/labelettres\/files\/2021\/07\/MAGGETTI_Ramuz_HommePerdu_cover.jpg 764w, https:\/\/wp.unil.ch\/labelettres\/files\/2021\/07\/MAGGETTI_Ramuz_HommePerdu_cover-435x683.jpg 435w\" sizes=\"auto, (max-width: 764px) 100vw, 764px\" \/><\/a>\n\t\t\t\t\t\t\t\t<h2 class=\"su-post-title\"><a href=\"https:\/\/wp.unil.ch\/labelettres\/c-f-ramuz-lhomme-perdu-dans-le-brouillard-et-autres-nouvelles\/\">C. F. Ramuz, L&rsquo;Homme perdu dans le brouillard et autres nouvelles<\/a><\/h2>\n\t\t\t<\/div>\n\n\t\t\t\t\t\n\t\t\t\n\t\t\t<div id=\"su-post-10684\" class=\"su-post \">\n\t\t\t\t\t\t\t\t\t<a class=\"su-post-thumbnail\" href=\"https:\/\/wp.unil.ch\/labelettres\/c-f-ramuz-les-femmes-dans-les-vignes-et-autres-nouvelles\/\"><img loading=\"lazy\" decoding=\"async\" width=\"764\" height=\"1200\" src=\"https:\/\/wp.unil.ch\/labelettres\/files\/2021\/07\/MAGGETTI_Ramuz_FemmeVignes_cover.jpg\" class=\"attachment-post-thumbnail size-post-thumbnail wp-post-image\" alt=\"\" srcset=\"https:\/\/wp.unil.ch\/labelettres\/files\/2021\/07\/MAGGETTI_Ramuz_FemmeVignes_cover.jpg 764w, https:\/\/wp.unil.ch\/labelettres\/files\/2021\/07\/MAGGETTI_Ramuz_FemmeVignes_cover-435x683.jpg 435w\" sizes=\"auto, (max-width: 764px) 100vw, 764px\" \/><\/a>\n\t\t\t\t\t\t\t\t<h2 class=\"su-post-title\"><a href=\"https:\/\/wp.unil.ch\/labelettres\/c-f-ramuz-les-femmes-dans-les-vignes-et-autres-nouvelles\/\">C. F. Ramuz, Les Femmes dans les vignes et autres nouvelles<\/a><\/h2>\n\t\t\t<\/div>\n\n\t\t\t\t\t\n\t\t\t\n\t\t\t<div id=\"su-post-10451\" class=\"su-post \">\n\t\t\t\t\t\t\t\t\t<a class=\"su-post-thumbnail\" href=\"https:\/\/wp.unil.ch\/labelettres\/lignes-de-cretes-promenades-litteraires-en-montagne\/\"><img loading=\"lazy\" decoding=\"async\" width=\"900\" height=\"1200\" src=\"https:\/\/wp.unil.ch\/labelettres\/files\/2021\/05\/MAGGETTI_lignes_cretes_cover.jpg\" class=\"attachment-post-thumbnail size-post-thumbnail wp-post-image\" alt=\"\" srcset=\"https:\/\/wp.unil.ch\/labelettres\/files\/2021\/05\/MAGGETTI_lignes_cretes_cover.jpg 900w, https:\/\/wp.unil.ch\/labelettres\/files\/2021\/05\/MAGGETTI_lignes_cretes_cover-435x580.jpg 435w, https:\/\/wp.unil.ch\/labelettres\/files\/2021\/05\/MAGGETTI_lignes_cretes_cover-768x1024.jpg 768w\" sizes=\"auto, (max-width: 900px) 100vw, 900px\" \/><\/a>\n\t\t\t\t\t\t\t\t<h2 class=\"su-post-title\"><a href=\"https:\/\/wp.unil.ch\/labelettres\/lignes-de-cretes-promenades-litteraires-en-montagne\/\">Lignes de cr\u00eates. Promenades litt\u00e9raires en montagne<\/a><\/h2>\n\t\t\t<\/div>\n\n\t\t\t\t\t\n\t\t\t\n\t\t\t<div id=\"su-post-9788\" class=\"su-post \">\n\t\t\t\t\t\t\t\t\t<a class=\"su-post-thumbnail\" href=\"https:\/\/wp.unil.ch\/labelettres\/c-f-ramuz-adam-et-eve\/\"><img loading=\"lazy\" decoding=\"async\" width=\"500\" height=\"785\" src=\"https:\/\/wp.unil.ch\/labelettres\/files\/2021\/01\/thumb-large_zoe_colramuz_adameve_100.jpg\" class=\"attachment-post-thumbnail size-post-thumbnail wp-post-image\" alt=\"\" srcset=\"https:\/\/wp.unil.ch\/labelettres\/files\/2021\/01\/thumb-large_zoe_colramuz_adameve_100.jpg 500w, https:\/\/wp.unil.ch\/labelettres\/files\/2021\/01\/thumb-large_zoe_colramuz_adameve_100-435x683.jpg 435w\" sizes=\"auto, (max-width: 500px) 100vw, 500px\" \/><\/a>\n\t\t\t\t\t\t\t\t<h2 class=\"su-post-title\"><a href=\"https:\/\/wp.unil.ch\/labelettres\/c-f-ramuz-adam-et-eve\/\">C. F. Ramuz, Adam et \u00c8ve<\/a><\/h2>\n\t\t\t<\/div>\n\n\t\t\t\t\t\n\t\t\t\n\t\t\t<div id=\"su-post-8825\" class=\"su-post \">\n\t\t\t\t\t\t\t\t\t<a class=\"su-post-thumbnail\" href=\"https:\/\/wp.unil.ch\/labelettres\/charles-albert-cingria\/\"><img loading=\"lazy\" decoding=\"async\" width=\"240\" height=\"368\" src=\"https:\/\/wp.unil.ch\/labelettres\/files\/2020\/09\/9782200933081-001-T-1.jpeg\" class=\"attachment-post-thumbnail size-post-thumbnail wp-post-image\" alt=\"\" \/><\/a>\n\t\t\t\t\t\t\t\t<h2 class=\"su-post-title\"><a href=\"https:\/\/wp.unil.ch\/labelettres\/charles-albert-cingria\/\">Charles-Albert Cingria<\/a><\/h2>\n\t\t\t<\/div>\n\n\t\t\t\t\t\n\t\t\t\n\t\t\t<div id=\"su-post-8239\" class=\"su-post \">\n\t\t\t\t\t\t\t\t\t<a class=\"su-post-thumbnail\" href=\"https:\/\/wp.unil.ch\/labelettres\/c-f-ramuz-poses-les-uns-a-cote-des-autres\/\"><img loading=\"lazy\" decoding=\"async\" width=\"500\" height=\"785\" src=\"https:\/\/wp.unil.ch\/labelettres\/files\/2020\/06\/RAMUZ_Pos\u00e9s_cover.jpg\" class=\"attachment-post-thumbnail size-post-thumbnail wp-post-image\" alt=\"\" srcset=\"https:\/\/wp.unil.ch\/labelettres\/files\/2020\/06\/RAMUZ_Pos\u00e9s_cover.jpg 500w, https:\/\/wp.unil.ch\/labelettres\/files\/2020\/06\/RAMUZ_Pos\u00e9s_cover-435x683.jpg 435w\" sizes=\"auto, (max-width: 500px) 100vw, 500px\" \/><\/a>\n\t\t\t\t\t\t\t\t<h2 class=\"su-post-title\"><a href=\"https:\/\/wp.unil.ch\/labelettres\/c-f-ramuz-poses-les-uns-a-cote-des-autres\/\">C. F. Ramuz, Pos\u00e9s les uns \u00e0 c\u00f4t\u00e9 des autres<\/a><\/h2>\n\t\t\t<\/div>\n\n\t\t\t\t\t\n\t\t\t\n\t\t\t<div id=\"su-post-7234\" class=\"su-post \">\n\t\t\t\t\t\t\t\t\t<a class=\"su-post-thumbnail\" href=\"https:\/\/wp.unil.ch\/labelettres\/c-f-ramuz-paris-notes-dun-vaudois\/\"><img loading=\"lazy\" decoding=\"async\" width=\"763\" height=\"1200\" src=\"https:\/\/wp.unil.ch\/labelettres\/files\/2020\/01\/Zoe_ColRamuz_ParisVaudois_105.jpg\" class=\"attachment-post-thumbnail size-post-thumbnail wp-post-image\" alt=\"\" srcset=\"https:\/\/wp.unil.ch\/labelettres\/files\/2020\/01\/Zoe_ColRamuz_ParisVaudois_105.jpg 763w, https:\/\/wp.unil.ch\/labelettres\/files\/2020\/01\/Zoe_ColRamuz_ParisVaudois_105-435x684.jpg 435w\" sizes=\"auto, (max-width: 763px) 100vw, 763px\" \/><\/a>\n\t\t\t\t\t\t\t\t<h2 class=\"su-post-title\"><a href=\"https:\/\/wp.unil.ch\/labelettres\/c-f-ramuz-paris-notes-dun-vaudois\/\">C. F. Ramuz, Paris (notes d&rsquo;un Vaudois)<\/a><\/h2>\n\t\t\t<\/div>\n\n\t\t\t\t\t\n\t\t\t\n\t\t\t<div id=\"su-post-6805\" class=\"su-post \">\n\t\t\t\t\t\t\t\t\t<a class=\"su-post-thumbnail\" href=\"https:\/\/wp.unil.ch\/labelettres\/un-homme-orchestre-dissonant\/\"><img loading=\"lazy\" decoding=\"async\" width=\"804\" height=\"1200\" src=\"https:\/\/wp.unil.ch\/labelettres\/files\/2019\/11\/Versants_cover_issue.jpg\" class=\"attachment-post-thumbnail size-post-thumbnail wp-post-image\" alt=\"\" srcset=\"https:\/\/wp.unil.ch\/labelettres\/files\/2019\/11\/Versants_cover_issue.jpg 804w, https:\/\/wp.unil.ch\/labelettres\/files\/2019\/11\/Versants_cover_issue-435x649.jpg 435w, https:\/\/wp.unil.ch\/labelettres\/files\/2019\/11\/Versants_cover_issue-768x1146.jpg 768w\" sizes=\"auto, (max-width: 804px) 100vw, 804px\" \/><\/a>\n\t\t\t\t\t\t\t\t<h2 class=\"su-post-title\"><a href=\"https:\/\/wp.unil.ch\/labelettres\/un-homme-orchestre-dissonant\/\">Un homme-orchestre dissonant<\/a><\/h2>\n\t\t\t<\/div>\n\n\t\t\t\t\t\n\t\t\t\n\t\t\t<div id=\"su-post-6784\" class=\"su-post \">\n\t\t\t\t\t\t\t\t\t<a class=\"su-post-thumbnail\" href=\"https:\/\/wp.unil.ch\/labelettres\/c-f-ramuz-les-signes-parmi-nous\/\"><img loading=\"lazy\" decoding=\"async\" width=\"764\" height=\"1200\" src=\"https:\/\/wp.unil.ch\/labelettres\/files\/2019\/11\/Zoe_ColRamuz_SigneParmNous_102-1.jpg\" class=\"attachment-post-thumbnail size-post-thumbnail wp-post-image\" alt=\"\" srcset=\"https:\/\/wp.unil.ch\/labelettres\/files\/2019\/11\/Zoe_ColRamuz_SigneParmNous_102-1.jpg 764w, https:\/\/wp.unil.ch\/labelettres\/files\/2019\/11\/Zoe_ColRamuz_SigneParmNous_102-1-435x683.jpg 435w\" sizes=\"auto, (max-width: 764px) 100vw, 764px\" \/><\/a>\n\t\t\t\t\t\t\t\t<h2 class=\"su-post-title\"><a href=\"https:\/\/wp.unil.ch\/labelettres\/c-f-ramuz-les-signes-parmi-nous\/\">C. F. Ramuz, Les Signes parmi nous<\/a><\/h2>\n\t\t\t<\/div>\n\n\t\t\t\t\t\n\t\t\t\n\t\t\t<div id=\"su-post-6636\" class=\"su-post \">\n\t\t\t\t\t\t\t\t\t<a class=\"su-post-thumbnail\" href=\"https:\/\/wp.unil.ch\/labelettres\/tout-catherine-colomb\/\"><img loading=\"lazy\" decoding=\"async\" width=\"800\" height=\"1200\" src=\"https:\/\/wp.unil.ch\/labelettres\/files\/2019\/10\/Maggetti_ToutColomb_coverhighres.jpg\" class=\"attachment-post-thumbnail size-post-thumbnail wp-post-image\" alt=\"\" srcset=\"https:\/\/wp.unil.ch\/labelettres\/files\/2019\/10\/Maggetti_ToutColomb_coverhighres.jpg 800w, https:\/\/wp.unil.ch\/labelettres\/files\/2019\/10\/Maggetti_ToutColomb_coverhighres-435x653.jpg 435w, https:\/\/wp.unil.ch\/labelettres\/files\/2019\/10\/Maggetti_ToutColomb_coverhighres-768x1152.jpg 768w\" sizes=\"auto, (max-width: 800px) 100vw, 800px\" \/><\/a>\n\t\t\t\t\t\t\t\t<h2 class=\"su-post-title\"><a href=\"https:\/\/wp.unil.ch\/labelettres\/tout-catherine-colomb\/\">Tout Catherine Colomb<\/a><\/h2>\n\t\t\t<\/div>\n\n\t\t\t\t\t\n\t\t\t\n\t\t\t<div id=\"su-post-6054\" class=\"su-post \">\n\t\t\t\t\t\t\t\t\t<a class=\"su-post-thumbnail\" href=\"https:\/\/wp.unil.ch\/labelettres\/c-f-ramuz-la-beaute-sur-la-terre\/\"><img loading=\"lazy\" decoding=\"async\" width=\"764\" height=\"1200\" src=\"https:\/\/wp.unil.ch\/labelettres\/files\/2019\/06\/Zoe_ColRamuz_BeauteTerre.jpg\" class=\"attachment-post-thumbnail size-post-thumbnail wp-post-image\" alt=\"\" srcset=\"https:\/\/wp.unil.ch\/labelettres\/files\/2019\/06\/Zoe_ColRamuz_BeauteTerre.jpg 764w, https:\/\/wp.unil.ch\/labelettres\/files\/2019\/06\/Zoe_ColRamuz_BeauteTerre-435x683.jpg 435w\" sizes=\"auto, (max-width: 764px) 100vw, 764px\" \/><\/a>\n\t\t\t\t\t\t\t\t<h2 class=\"su-post-title\"><a href=\"https:\/\/wp.unil.ch\/labelettres\/c-f-ramuz-la-beaute-sur-la-terre\/\">C. F. Ramuz, La Beaut\u00e9 sur la terre<\/a><\/h2>\n\t\t\t<\/div>\n\n\t\t\t\t\t\n\t\t\t\n\t\t\t<div id=\"su-post-6050\" class=\"su-post \">\n\t\t\t\t\t\t\t\t\t<a class=\"su-post-thumbnail\" href=\"https:\/\/wp.unil.ch\/labelettres\/c-f-ramuz-taille-de-lhomme\/\"><img loading=\"lazy\" decoding=\"async\" width=\"764\" height=\"1200\" src=\"https:\/\/wp.unil.ch\/labelettres\/files\/2019\/06\/Zoe_ColRamuz_TailleHomme.jpg\" class=\"attachment-post-thumbnail size-post-thumbnail wp-post-image\" alt=\"\" srcset=\"https:\/\/wp.unil.ch\/labelettres\/files\/2019\/06\/Zoe_ColRamuz_TailleHomme.jpg 764w, https:\/\/wp.unil.ch\/labelettres\/files\/2019\/06\/Zoe_ColRamuz_TailleHomme-435x683.jpg 435w\" sizes=\"auto, (max-width: 764px) 100vw, 764px\" \/><\/a>\n\t\t\t\t\t\t\t\t<h2 class=\"su-post-title\"><a href=\"https:\/\/wp.unil.ch\/labelettres\/c-f-ramuz-taille-de-lhomme\/\">C. F. Ramuz, Taille de l&rsquo;homme<\/a><\/h2>\n\t\t\t<\/div>\n\n\t\t\t\t\t\n\t\t\t\n\t\t\t<div id=\"su-post-5913\" class=\"su-post \">\n\t\t\t\t\t\t\t\t\t<a class=\"su-post-thumbnail\" href=\"https:\/\/wp.unil.ch\/labelettres\/eterniser-le-songe-ou-la-solitude-la-voix-souterraine-de-georges-nicole\/\"><img loading=\"lazy\" decoding=\"async\" width=\"801\" height=\"1200\" src=\"https:\/\/wp.unil.ch\/labelettres\/files\/2019\/05\/GUILLEMIN_EterniserLeSonge_GeorgesNicole_couv_lowres.jpg\" class=\"attachment-post-thumbnail size-post-thumbnail wp-post-image\" alt=\"\" srcset=\"https:\/\/wp.unil.ch\/labelettres\/files\/2019\/05\/GUILLEMIN_EterniserLeSonge_GeorgesNicole_couv_lowres.jpg 801w, https:\/\/wp.unil.ch\/labelettres\/files\/2019\/05\/GUILLEMIN_EterniserLeSonge_GeorgesNicole_couv_lowres-435x652.jpg 435w, https:\/\/wp.unil.ch\/labelettres\/files\/2019\/05\/GUILLEMIN_EterniserLeSonge_GeorgesNicole_couv_lowres-768x1151.jpg 768w\" sizes=\"auto, (max-width: 801px) 100vw, 801px\" \/><\/a>\n\t\t\t\t\t\t\t\t<h2 class=\"su-post-title\"><a href=\"https:\/\/wp.unil.ch\/labelettres\/eterniser-le-songe-ou-la-solitude-la-voix-souterraine-de-georges-nicole\/\">\u00c9terniser le songe ou la solitude. La \u00ab\u00a0voix souterraine\u00a0\u00bb de Georges Nicole<\/a><\/h2>\n\t\t\t<\/div>\n\n\t\t\t\t\t\n\t\t\t\n\t\t\t<div id=\"su-post-5842\" class=\"su-post \">\n\t\t\t\t\t\t\t\t\t<a class=\"su-post-thumbnail\" href=\"https:\/\/wp.unil.ch\/labelettres\/edith-boissonnas-lecriture-a-letat-brut\/\"><img loading=\"lazy\" decoding=\"async\" width=\"743\" height=\"1200\" src=\"https:\/\/wp.unil.ch\/labelettres\/files\/2019\/04\/Edith_Boissonnas_couverture_eb_1e.jpeg\" class=\"attachment-post-thumbnail size-post-thumbnail wp-post-image\" alt=\"\" srcset=\"https:\/\/wp.unil.ch\/labelettres\/files\/2019\/04\/Edith_Boissonnas_couverture_eb_1e.jpeg 743w, https:\/\/wp.unil.ch\/labelettres\/files\/2019\/04\/Edith_Boissonnas_couverture_eb_1e-435x703.jpeg 435w\" sizes=\"auto, (max-width: 743px) 100vw, 743px\" \/><\/a>\n\t\t\t\t\t\t\t\t<h2 class=\"su-post-title\"><a href=\"https:\/\/wp.unil.ch\/labelettres\/edith-boissonnas-lecriture-a-letat-brut\/\">\u00c9dith Boissonnas. L&rsquo;\u00e9criture \u00e0 l&rsquo;\u00e9tat brut<\/a><\/h2>\n\t\t\t<\/div>\n\n\t\t\t\t\t\n\t\t\t\n\t\t\t<div id=\"su-post-4557\" class=\"su-post \">\n\t\t\t\t\t\t\t\t\t<a class=\"su-post-thumbnail\" href=\"https:\/\/wp.unil.ch\/labelettres\/c-f-ramuz-lamour-du-monde\/\"><img loading=\"lazy\" decoding=\"async\" width=\"764\" height=\"1200\" src=\"https:\/\/wp.unil.ch\/labelettres\/files\/2018\/10\/RAMUZ_AmourDuMonde_couv.jpg\" class=\"attachment-post-thumbnail size-post-thumbnail wp-post-image\" alt=\"\" srcset=\"https:\/\/wp.unil.ch\/labelettres\/files\/2018\/10\/RAMUZ_AmourDuMonde_couv.jpg 764w, https:\/\/wp.unil.ch\/labelettres\/files\/2018\/10\/RAMUZ_AmourDuMonde_couv-435x683.jpg 435w\" sizes=\"auto, (max-width: 764px) 100vw, 764px\" \/><\/a>\n\t\t\t\t\t\t\t\t<h2 class=\"su-post-title\"><a href=\"https:\/\/wp.unil.ch\/labelettres\/c-f-ramuz-lamour-du-monde\/\">C. F. Ramuz, L&rsquo;Amour du monde<\/a><\/h2>\n\t\t\t<\/div>\n\n\t\t\t\t\t\n\t\t\t\n\t\t\t<div id=\"su-post-4553\" class=\"su-post \">\n\t\t\t\t\t\t\t\t\t<a class=\"su-post-thumbnail\" href=\"https:\/\/wp.unil.ch\/labelettres\/c-f-ramuz-une-main\/\"><img loading=\"lazy\" decoding=\"async\" width=\"764\" height=\"1200\" src=\"https:\/\/wp.unil.ch\/labelettres\/files\/2018\/10\/RAMUZ_Une_main_couv.jpg\" class=\"attachment-post-thumbnail size-post-thumbnail wp-post-image\" alt=\"\" srcset=\"https:\/\/wp.unil.ch\/labelettres\/files\/2018\/10\/RAMUZ_Une_main_couv.jpg 764w, https:\/\/wp.unil.ch\/labelettres\/files\/2018\/10\/RAMUZ_Une_main_couv-435x683.jpg 435w\" sizes=\"auto, (max-width: 764px) 100vw, 764px\" \/><\/a>\n\t\t\t\t\t\t\t\t<h2 class=\"su-post-title\"><a href=\"https:\/\/wp.unil.ch\/labelettres\/c-f-ramuz-une-main\/\">C. F. Ramuz, Une main<\/a><\/h2>\n\t\t\t<\/div>\n\n\t\t\t\t\t\n\t\t\t\n\t\t\t<div id=\"su-post-3778\" class=\"su-post \">\n\t\t\t\t\t\t\t\t\t<a class=\"su-post-thumbnail\" href=\"https:\/\/wp.unil.ch\/labelettres\/charles-albert-cingria-oeuvres-completes\/\"><img loading=\"lazy\" decoding=\"async\" width=\"802\" height=\"1200\" src=\"https:\/\/wp.unil.ch\/labelettres\/files\/2018\/06\/Couverture-Cingria_vol-III_final.jpg\" class=\"attachment-post-thumbnail size-post-thumbnail wp-post-image\" alt=\"\" srcset=\"https:\/\/wp.unil.ch\/labelettres\/files\/2018\/06\/Couverture-Cingria_vol-III_final.jpg 802w, https:\/\/wp.unil.ch\/labelettres\/files\/2018\/06\/Couverture-Cingria_vol-III_final-435x651.jpg 435w, https:\/\/wp.unil.ch\/labelettres\/files\/2018\/06\/Couverture-Cingria_vol-III_final-201x300.jpg 201w, https:\/\/wp.unil.ch\/labelettres\/files\/2018\/06\/Couverture-Cingria_vol-III_final-768x1149.jpg 768w, https:\/\/wp.unil.ch\/labelettres\/files\/2018\/06\/Couverture-Cingria_vol-III_final-684x1024.jpg 684w\" sizes=\"auto, (max-width: 802px) 100vw, 802px\" \/><\/a>\n\t\t\t\t\t\t\t\t<h2 class=\"su-post-title\"><a href=\"https:\/\/wp.unil.ch\/labelettres\/charles-albert-cingria-oeuvres-completes\/\">Charles-Albert Cingria, \u0152uvres compl\u00e8tes<\/a><\/h2>\n\t\t\t<\/div>\n\n\t\t\t\t\t\n\t\t\t\n\t\t\t<div id=\"su-post-3820\" class=\"su-post \">\n\t\t\t\t\t\t\t\t\t<a class=\"su-post-thumbnail\" href=\"https:\/\/wp.unil.ch\/labelettres\/c-f-ramuz-construction-de-la-maison\/\"><img loading=\"lazy\" decoding=\"async\" width=\"764\" height=\"1200\" src=\"https:\/\/wp.unil.ch\/labelettres\/files\/2018\/06\/Zoe_ColRamuz_Construction.jpg\" class=\"attachment-post-thumbnail size-post-thumbnail wp-post-image\" alt=\"\" srcset=\"https:\/\/wp.unil.ch\/labelettres\/files\/2018\/06\/Zoe_ColRamuz_Construction.jpg 764w, https:\/\/wp.unil.ch\/labelettres\/files\/2018\/06\/Zoe_ColRamuz_Construction-435x683.jpg 435w, https:\/\/wp.unil.ch\/labelettres\/files\/2018\/06\/Zoe_ColRamuz_Construction-191x300.jpg 191w, https:\/\/wp.unil.ch\/labelettres\/files\/2018\/06\/Zoe_ColRamuz_Construction-652x1024.jpg 652w\" sizes=\"auto, (max-width: 764px) 100vw, 764px\" \/><\/a>\n\t\t\t\t\t\t\t\t<h2 class=\"su-post-title\"><a href=\"https:\/\/wp.unil.ch\/labelettres\/c-f-ramuz-construction-de-la-maison\/\">C. F. Ramuz, Construction de la maison<\/a><\/h2>\n\t\t\t<\/div>\n\n\t\t\t\t\t\n\t\t\t\n\t\t\t<div id=\"su-post-3826\" class=\"su-post \">\n\t\t\t\t\t\t\t\t\t<a class=\"su-post-thumbnail\" href=\"https:\/\/wp.unil.ch\/labelettres\/c-f-ramuz-aline\/\"><img loading=\"lazy\" decoding=\"async\" width=\"764\" height=\"1200\" src=\"https:\/\/wp.unil.ch\/labelettres\/files\/2018\/06\/Zoe_ColRamuz_Aline.jpg\" class=\"attachment-post-thumbnail size-post-thumbnail wp-post-image\" alt=\"\" srcset=\"https:\/\/wp.unil.ch\/labelettres\/files\/2018\/06\/Zoe_ColRamuz_Aline.jpg 764w, https:\/\/wp.unil.ch\/labelettres\/files\/2018\/06\/Zoe_ColRamuz_Aline-435x683.jpg 435w, https:\/\/wp.unil.ch\/labelettres\/files\/2018\/06\/Zoe_ColRamuz_Aline-191x300.jpg 191w, https:\/\/wp.unil.ch\/labelettres\/files\/2018\/06\/Zoe_ColRamuz_Aline-652x1024.jpg 652w\" sizes=\"auto, (max-width: 764px) 100vw, 764px\" \/><\/a>\n\t\t\t\t\t\t\t\t<h2 class=\"su-post-title\"><a href=\"https:\/\/wp.unil.ch\/labelettres\/c-f-ramuz-aline\/\">C. F. Ramuz, Aline<\/a><\/h2>\n\t\t\t<\/div>\n\n\t\t\t\t\t\n\t\t\t\n\t\t\t<div id=\"su-post-245\" class=\"su-post \">\n\t\t\t\t\t\t\t\t\t<a class=\"su-post-thumbnail\" href=\"https:\/\/wp.unil.ch\/labelettres\/lausanne-promenades-litteraires\/\"><img loading=\"lazy\" decoding=\"async\" width=\"600\" height=\"800\" src=\"https:\/\/wp.unil.ch\/labelettres\/files\/2017\/06\/LausannePromenadesLitteraires.jpg\" class=\"attachment-post-thumbnail size-post-thumbnail wp-post-image\" alt=\"\" srcset=\"https:\/\/wp.unil.ch\/labelettres\/files\/2017\/06\/LausannePromenadesLitteraires.jpg 600w, https:\/\/wp.unil.ch\/labelettres\/files\/2017\/06\/LausannePromenadesLitteraires-435x580.jpg 435w, https:\/\/wp.unil.ch\/labelettres\/files\/2017\/06\/LausannePromenadesLitteraires-225x300.jpg 225w\" sizes=\"auto, (max-width: 600px) 100vw, 600px\" \/><\/a>\n\t\t\t\t\t\t\t\t<h2 class=\"su-post-title\"><a href=\"https:\/\/wp.unil.ch\/labelettres\/lausanne-promenades-litteraires\/\">Lausanne, promenades litt\u00e9raires<\/a><\/h2>\n\t\t\t<\/div>\n\n\t\t\t\t\t\n\t\t\t\n\t\t\t<div id=\"su-post-4051\" class=\"su-post \">\n\t\t\t\t\t\t\t\t\t<a class=\"su-post-thumbnail\" href=\"https:\/\/wp.unil.ch\/labelettres\/vies-de-c-f-ramuz\/\"><img loading=\"lazy\" decoding=\"async\" width=\"458\" height=\"676\" src=\"https:\/\/wp.unil.ch\/labelettres\/files\/2018\/07\/PETERMANN_Vies_Ramuz_couv.jpg\" class=\"attachment-post-thumbnail size-post-thumbnail wp-post-image\" alt=\"\" srcset=\"https:\/\/wp.unil.ch\/labelettres\/files\/2018\/07\/PETERMANN_Vies_Ramuz_couv.jpg 458w, https:\/\/wp.unil.ch\/labelettres\/files\/2018\/07\/PETERMANN_Vies_Ramuz_couv-435x642.jpg 435w, https:\/\/wp.unil.ch\/labelettres\/files\/2018\/07\/PETERMANN_Vies_Ramuz_couv-203x300.jpg 203w\" sizes=\"auto, (max-width: 458px) 100vw, 458px\" \/><\/a>\n\t\t\t\t\t\t\t\t<h2 class=\"su-post-title\"><a href=\"https:\/\/wp.unil.ch\/labelettres\/vies-de-c-f-ramuz\/\">Vies de C. F. Ramuz<\/a><\/h2>\n\t\t\t<\/div>\n\n\t\t\t\t\t\n\t\t\t\n\t\t\t<div id=\"su-post-3310\" class=\"su-post \">\n\t\t\t\t\t\t\t\t\t<a class=\"su-post-thumbnail\" href=\"https:\/\/wp.unil.ch\/labelettres\/ramuz-oeuvres-completes\/\"><img loading=\"lazy\" decoding=\"async\" width=\"785\" height=\"1200\" src=\"https:\/\/wp.unil.ch\/labelettres\/files\/2018\/05\/Journal_01b_couv_1.jpg\" class=\"attachment-post-thumbnail size-post-thumbnail wp-post-image\" alt=\"\" srcset=\"https:\/\/wp.unil.ch\/labelettres\/files\/2018\/05\/Journal_01b_couv_1.jpg 785w, https:\/\/wp.unil.ch\/labelettres\/files\/2018\/05\/Journal_01b_couv_1-435x665.jpg 435w, https:\/\/wp.unil.ch\/labelettres\/files\/2018\/05\/Journal_01b_couv_1-196x300.jpg 196w, https:\/\/wp.unil.ch\/labelettres\/files\/2018\/05\/Journal_01b_couv_1-768x1174.jpg 768w, https:\/\/wp.unil.ch\/labelettres\/files\/2018\/05\/Journal_01b_couv_1-670x1024.jpg 670w\" sizes=\"auto, (max-width: 785px) 100vw, 785px\" \/><\/a>\n\t\t\t\t\t\t\t\t<h2 class=\"su-post-title\"><a href=\"https:\/\/wp.unil.ch\/labelettres\/ramuz-oeuvres-completes\/\">Ramuz: \u0152uvres compl\u00e8tes<\/a><\/h2>\n\t\t\t<\/div>\n\n\t\t\t\t\t\n\t\t\t\n\t\t\t<div id=\"su-post-5567\" class=\"su-post \">\n\t\t\t\t\t\t\t\t\t<a class=\"su-post-thumbnail\" href=\"https:\/\/wp.unil.ch\/labelettres\/gustave-roud-la-plume-et-le-regard\/\"><img loading=\"lazy\" decoding=\"async\" width=\"500\" height=\"664\" src=\"https:\/\/wp.unil.ch\/labelettres\/files\/2019\/03\/gustave-roud-la-plume-et-le-regard.jpg\" class=\"attachment-post-thumbnail size-post-thumbnail wp-post-image\" alt=\"\" srcset=\"https:\/\/wp.unil.ch\/labelettres\/files\/2019\/03\/gustave-roud-la-plume-et-le-regard.jpg 500w, https:\/\/wp.unil.ch\/labelettres\/files\/2019\/03\/gustave-roud-la-plume-et-le-regard-435x578.jpg 435w\" sizes=\"auto, (max-width: 500px) 100vw, 500px\" \/><\/a>\n\t\t\t\t\t\t\t\t<h2 class=\"su-post-title\"><a href=\"https:\/\/wp.unil.ch\/labelettres\/gustave-roud-la-plume-et-le-regard\/\">Gustave Roud: La plume et le regard<\/a><\/h2>\n\t\t\t<\/div>\n\n\t\t\t\t\t\n\t\t\t\n\t\t\t<div id=\"su-post-8899\" class=\"su-post \">\n\t\t\t\t\t\t\t\t\t<a class=\"su-post-thumbnail\" href=\"https:\/\/wp.unil.ch\/labelettres\/ecrire-en-francophonie-une-prise-de-pouvoir\/\"><img loading=\"lazy\" decoding=\"async\" width=\"326\" height=\"475\" src=\"https:\/\/wp.unil.ch\/labelettres\/files\/2020\/10\/1190893_f.jpg.gif\" class=\"attachment-post-thumbnail size-post-thumbnail wp-post-image\" alt=\"\" \/><\/a>\n\t\t\t\t\t\t\t\t<h2 class=\"su-post-title\"><a href=\"https:\/\/wp.unil.ch\/labelettres\/ecrire-en-francophonie-une-prise-de-pouvoir\/\">\u00c9crire en francophonie : une prise de pouvoir ?<\/a><\/h2>\n\t\t\t<\/div>\n\n\t\t\t\n<\/div>\n\n<p><a href=\"https:\/\/applicationspub.unil.ch\/interpub\/noauth\/php\/Un\/UnPers.php?PerNum=1051921&amp;LanCode=37\" target=\"_blank\" rel=\"noopener noreferrer\"><strong>Dominique Kunz Westerhoff<\/strong><\/a><\/p>\n\n\n<div class=\"su-posts su-posts-teaser-loop \">\n\n\t\t\t\t\t\t\n\t\t\t\n\t\t\t<div id=\"su-post-12223\" class=\"su-post \">\n\t\t\t\t\t\t\t\t\t<a class=\"su-post-thumbnail\" href=\"https:\/\/wp.unil.ch\/labelettres\/les-livres-dartistes-dedwin-engelberts-un-editeur-dart-ses-peintres-et-ses-poetes\/\"><img loading=\"lazy\" decoding=\"async\" width=\"1200\" height=\"1200\" src=\"https:\/\/wp.unil.ch\/labelettres\/files\/2023\/05\/KAENEL_KUNZ_2022_Engelberts_cover.jpg\" class=\"attachment-post-thumbnail size-post-thumbnail wp-post-image\" alt=\"\" srcset=\"https:\/\/wp.unil.ch\/labelettres\/files\/2023\/05\/KAENEL_KUNZ_2022_Engelberts_cover.jpg 1200w, https:\/\/wp.unil.ch\/labelettres\/files\/2023\/05\/KAENEL_KUNZ_2022_Engelberts_cover-435x435.jpg 435w, https:\/\/wp.unil.ch\/labelettres\/files\/2023\/05\/KAENEL_KUNZ_2022_Engelberts_cover-768x768.jpg 768w, https:\/\/wp.unil.ch\/labelettres\/files\/2023\/05\/KAENEL_KUNZ_2022_Engelberts_cover-230x230.jpg 230w, https:\/\/wp.unil.ch\/labelettres\/files\/2023\/05\/KAENEL_KUNZ_2022_Engelberts_cover-365x365.jpg 365w\" sizes=\"auto, (max-width: 1200px) 100vw, 1200px\" \/><\/a>\n\t\t\t\t\t\t\t\t<h2 class=\"su-post-title\"><a href=\"https:\/\/wp.unil.ch\/labelettres\/les-livres-dartistes-dedwin-engelberts-un-editeur-dart-ses-peintres-et-ses-poetes\/\">Les livres d&rsquo;artistes d&rsquo;Edwin Engelberts. Un \u00e9diteur d&rsquo;art, ses peintres et ses po\u00e8tes<\/a><\/h2>\n\t\t\t<\/div>\n\n\t\t\t\t\t\n\t\t\t\n\t\t\t<div id=\"su-post-10146\" class=\"su-post \">\n\t\t\t\t\t\t\t\t\t<a class=\"su-post-thumbnail\" href=\"https:\/\/wp.unil.ch\/labelettres\/photolitterature-2\/\"><img loading=\"lazy\" decoding=\"async\" width=\"848\" height=\"1200\" src=\"https:\/\/wp.unil.ch\/labelettres\/files\/2021\/02\/kij.jpg\" class=\"attachment-post-thumbnail size-post-thumbnail wp-post-image\" alt=\"\" srcset=\"https:\/\/wp.unil.ch\/labelettres\/files\/2021\/02\/kij.jpg 848w, https:\/\/wp.unil.ch\/labelettres\/files\/2021\/02\/kij-435x616.jpg 435w, https:\/\/wp.unil.ch\/labelettres\/files\/2021\/02\/kij-768x1087.jpg 768w\" sizes=\"auto, (max-width: 848px) 100vw, 848px\" \/><\/a>\n\t\t\t\t\t\t\t\t<h2 class=\"su-post-title\"><a href=\"https:\/\/wp.unil.ch\/labelettres\/photolitterature-2\/\">Photolitt\u00e9rature<\/a><\/h2>\n\t\t\t<\/div>\n\n\t\t\t\t\t\n\t\t\t\n\t\t\t<div id=\"su-post-5842\" class=\"su-post \">\n\t\t\t\t\t\t\t\t\t<a class=\"su-post-thumbnail\" href=\"https:\/\/wp.unil.ch\/labelettres\/edith-boissonnas-lecriture-a-letat-brut\/\"><img loading=\"lazy\" decoding=\"async\" width=\"743\" height=\"1200\" src=\"https:\/\/wp.unil.ch\/labelettres\/files\/2019\/04\/Edith_Boissonnas_couverture_eb_1e.jpeg\" class=\"attachment-post-thumbnail size-post-thumbnail wp-post-image\" alt=\"\" srcset=\"https:\/\/wp.unil.ch\/labelettres\/files\/2019\/04\/Edith_Boissonnas_couverture_eb_1e.jpeg 743w, https:\/\/wp.unil.ch\/labelettres\/files\/2019\/04\/Edith_Boissonnas_couverture_eb_1e-435x703.jpeg 435w\" sizes=\"auto, (max-width: 743px) 100vw, 743px\" \/><\/a>\n\t\t\t\t\t\t\t\t<h2 class=\"su-post-title\"><a href=\"https:\/\/wp.unil.ch\/labelettres\/edith-boissonnas-lecriture-a-letat-brut\/\">\u00c9dith Boissonnas. L&rsquo;\u00e9criture \u00e0 l&rsquo;\u00e9tat brut<\/a><\/h2>\n\t\t\t<\/div>\n\n\t\t\t\t\t\n\t\t\t\n\t\t\t<div id=\"su-post-3671\" class=\"su-post \">\n\t\t\t\t\t\t\t\t\t<a class=\"su-post-thumbnail\" href=\"https:\/\/wp.unil.ch\/labelettres\/narrations-visuelles-visions-narratives\/\"><img loading=\"lazy\" decoding=\"async\" width=\"824\" height=\"1200\" src=\"https:\/\/wp.unil.ch\/labelettres\/files\/2018\/06\/KAENEL_WESTERHOFF_narrations_couv.jpg\" class=\"attachment-post-thumbnail size-post-thumbnail wp-post-image\" alt=\"\" srcset=\"https:\/\/wp.unil.ch\/labelettres\/files\/2018\/06\/KAENEL_WESTERHOFF_narrations_couv.jpg 824w, https:\/\/wp.unil.ch\/labelettres\/files\/2018\/06\/KAENEL_WESTERHOFF_narrations_couv-435x633.jpg 435w, https:\/\/wp.unil.ch\/labelettres\/files\/2018\/06\/KAENEL_WESTERHOFF_narrations_couv-206x300.jpg 206w, https:\/\/wp.unil.ch\/labelettres\/files\/2018\/06\/KAENEL_WESTERHOFF_narrations_couv-768x1118.jpg 768w, https:\/\/wp.unil.ch\/labelettres\/files\/2018\/06\/KAENEL_WESTERHOFF_narrations_couv-703x1024.jpg 703w\" sizes=\"auto, (max-width: 824px) 100vw, 824px\" \/><\/a>\n\t\t\t\t\t\t\t\t<h2 class=\"su-post-title\"><a href=\"https:\/\/wp.unil.ch\/labelettres\/narrations-visuelles-visions-narratives\/\">Narrations visuelles, visions narratives<\/a><\/h2>\n\t\t\t<\/div>\n\n\t\t\t\t\t\n\t\t\t\n\t\t\t<div id=\"su-post-7822\" class=\"su-post \">\n\t\t\t\t\t\t\t\t\t<a class=\"su-post-thumbnail\" href=\"https:\/\/wp.unil.ch\/labelettres\/neige-blanc-papier-poesie-et-arts-visuels-a-lage-contemporain\/\"><img loading=\"lazy\" decoding=\"async\" width=\"1099\" height=\"1647\" src=\"https:\/\/wp.unil.ch\/labelettres\/files\/2020\/06\/Neige_cover.png\" class=\"attachment-post-thumbnail size-post-thumbnail wp-post-image\" alt=\"\" srcset=\"https:\/\/wp.unil.ch\/labelettres\/files\/2020\/06\/Neige_cover.png 1099w, https:\/\/wp.unil.ch\/labelettres\/files\/2020\/06\/Neige_cover-435x652.png 435w, https:\/\/wp.unil.ch\/labelettres\/files\/2020\/06\/Neige_cover-768x1151.png 768w, https:\/\/wp.unil.ch\/labelettres\/files\/2020\/06\/Neige_cover-1025x1536.png 1025w\" sizes=\"auto, (max-width: 1099px) 100vw, 1099px\" \/><\/a>\n\t\t\t\t\t\t\t\t<h2 class=\"su-post-title\"><a href=\"https:\/\/wp.unil.ch\/labelettres\/neige-blanc-papier-poesie-et-arts-visuels-a-lage-contemporain\/\">Neige, blanc, papier: po\u00e9sie et arts visuels \u00e0 l\u2019\u00e2ge contemporain<\/a><\/h2>\n\t\t\t<\/div>\n\n\t\t\t\n<\/div>\n\n<div class=\"su-divider su-divider-style-default\" style=\"margin:15px 0;border-width:1px;border-color:#999999\"><\/div>\n","protected":false},"excerpt":{"rendered":"<p>L&rsquo;\u0153uvre po\u00e9tique, la correspondance et la critique d&rsquo;art d&rsquo;\u00c9dith Boissonnas.<\/p>\n","protected":false},"author":1001615,"featured_media":5843,"comment_status":"closed","ping_status":"closed","sticky":false,"template":"","format":"standard","meta":{"_seopress_robots_primary_cat":"","_seopress_titles_title":"","_seopress_titles_desc":"","_seopress_robots_index":"","footnotes":""},"categories":[2,3],"tags":[730,1413,1373,1721,577,16,1065,1722,1723,14,1212],"class_list":{"0":"post-5842","1":"post","2":"type-post","3":"status-publish","4":"format-standard","5":"has-post-thumbnail","7":"category-arts-medias","8":"category-langues-litteratures","9":"tag-art-brut","10":"tag-centre-des-litteratures-en-suisse-romande","11":"tag-centre-des-sciences-historiques-de-la-culture-shc","12":"tag-correspondance-decrivains","13":"tag-critique-dart","14":"tag-daniel-maggetti","15":"tag-dominique-kunz-westerhoff","16":"tag-litterature-en-suisse-romande","17":"tag-newsletter-8","18":"tag-poesie","19":"tag-section-de-francais"},"_links":{"self":[{"href":"https:\/\/wp.unil.ch\/labelettres\/wp-json\/wp\/v2\/posts\/5842","targetHints":{"allow":["GET"]}}],"collection":[{"href":"https:\/\/wp.unil.ch\/labelettres\/wp-json\/wp\/v2\/posts"}],"about":[{"href":"https:\/\/wp.unil.ch\/labelettres\/wp-json\/wp\/v2\/types\/post"}],"author":[{"embeddable":true,"href":"https:\/\/wp.unil.ch\/labelettres\/wp-json\/wp\/v2\/users\/1001615"}],"replies":[{"embeddable":true,"href":"https:\/\/wp.unil.ch\/labelettres\/wp-json\/wp\/v2\/comments?post=5842"}],"version-history":[{"count":0,"href":"https:\/\/wp.unil.ch\/labelettres\/wp-json\/wp\/v2\/posts\/5842\/revisions"}],"wp:featuredmedia":[{"embeddable":true,"href":"https:\/\/wp.unil.ch\/labelettres\/wp-json\/wp\/v2\/media\/5843"}],"wp:attachment":[{"href":"https:\/\/wp.unil.ch\/labelettres\/wp-json\/wp\/v2\/media?parent=5842"}],"wp:term":[{"taxonomy":"category","embeddable":true,"href":"https:\/\/wp.unil.ch\/labelettres\/wp-json\/wp\/v2\/categories?post=5842"},{"taxonomy":"post_tag","embeddable":true,"href":"https:\/\/wp.unil.ch\/labelettres\/wp-json\/wp\/v2\/tags?post=5842"}],"curies":[{"name":"wp","href":"https:\/\/api.w.org\/{rel}","templated":true}]}}