{"id":4090,"date":"2018-08-23T15:43:01","date_gmt":"2018-08-23T13:43:01","guid":{"rendered":"http:\/\/wp.unil.ch\/labelettres\/?p=4090"},"modified":"2018-10-02T16:32:37","modified_gmt":"2018-10-02T14:32:37","slug":"mythes-reconfigures-creation-dialogues-analyses","status":"publish","type":"post","link":"https:\/\/wp.unil.ch\/labelettres\/mythes-reconfigures-creation-dialogues-analyses\/","title":{"rendered":"Mythes (re)configur\u00e9s. Cr\u00e9ation, Dialogues, Analyses"},"content":{"rendered":"<div class=\"su-row\">\n<div class=\"su-column su-column-size-2-3\"><div class=\"su-column-inner su-u-clearfix su-u-trim\"><strong>Comment et pourquoi (re)configurer des mythes gr\u00e9co-romains ?<\/strong><\/p>\n<p><!--more--><\/p>\n<p>Plac\u00e9 sous le signe du dialogue, cet ouvrage collectif pr\u00e9sente la particularit\u00e9 d&rsquo;associer aux r\u00e9flexions th\u00e9oriques sur la (re)configuration des mythes gr\u00e9co-romains dans des cultures, langues, genres et m\u00e9dias diff\u00e9rents la voix d&rsquo;un cr\u00e9ateur contemporain.<\/p>\n<p>Quel dialogue s\u2019instaure entre la philosophe espagnole Mar\u00eda Zambrano avec l&rsquo;<em>Antigone\u00a0<\/em>de Sophocle\u00a0? Quel rapport est engag\u00e9 par les cin\u00e9astes Jean-Marie Straub et Dani\u00e8le Huillet avec la trag\u00e9die de Sophocle et sa (re)configuration par Brecht\u00a0? Comment l\u2019interpr\u00e9tation pragmatique des r\u00e9cits l\u00e9gendaires compar\u00e9s fait-elle surgir la singularit\u00e9 et la polys\u00e9mie po\u00e9tique de ces r\u00e9cits\u00a0?<\/p>\n<p>Ce sont quelques-unes des questions abord\u00e9es dans cet ouvrage qui explore de mani\u00e8re comparatiste et\/ou interdisciplinaire le processus de surgissement ou de d\u00e9tournement des mythes.<\/p>\n<p>Dirig\u00e9 par Ute Heidmann, Maria Vamvouri Ruffy et Nad\u00e8ge Coutaz de la <a href=\"https:\/\/unil.ch\/fra\">Section de fran\u00e7ais<\/a>, ce volume s\u2019inscrit dans le cadre des travaux du <a href=\"https:\/\/www.unil.ch\/lleuc\/fr\/home.html\" target=\"_blank\" rel=\"noopener\">Groupe de recherche en langues et litt\u00e9ratures compar\u00e9es (CLE)<\/a>.<\/p>\n<p>Il s\u2019agit de la r\u00e9\u00e9dition num\u00e9rique revue de la premi\u00e8re \u00e9dition imprim\u00e9e parue en 2013 au sein de la Collection du CLE. Le livre est accessible gratuitement <a href=\"https:\/\/www.unil.ch\/lleuc\/home\/menuinst\/publications\/collection-du-cle.html\" target=\"_blank\" rel=\"noopener\">ici<\/a>.<\/p>\n<p>Ute Heidmann, Maria Vamvouri Ruffy, Nad\u00e8ge Coutaz (dir.), <a href=\"https:\/\/www.unil.ch\/lleuc\/home\/menuinst\/publications\/collection-du-cle.html\" target=\"_blank\" rel=\"noopener\"><em>Mythes (re)configur\u00e9s. Cr\u00e9ation, Dialogues, Analyses<\/em><\/a>, Lausanne, Collection du CLE, r\u00e9\u00e9dition num\u00e9rique, 2018.<\/p>\n<\/div><\/div>\n<div class=\"su-column su-column-size-1-3\"><div class=\"su-column-inner su-u-clearfix su-u-trim\"><img alt=\"\" loading=\"lazy\" decoding=\"async\" class=\"aligncenter wp-image-4093\" src=\"https:\/\/wp.unil.ch\/labelettres\/files\/2018\/08\/Mythes-reconfigur\u00e9s_COUV-212x300.jpg\" alt=\"\" width=\"300\" height=\"425\" srcset=\"https:\/\/wp.unil.ch\/labelettres\/files\/2018\/08\/Mythes-reconfigur\u00e9s_COUV-212x300.jpg 212w, https:\/\/wp.unil.ch\/labelettres\/files\/2018\/08\/Mythes-reconfigur\u00e9s_COUV-435x616.jpg 435w, https:\/\/wp.unil.ch\/labelettres\/files\/2018\/08\/Mythes-reconfigur\u00e9s_COUV.jpg 586w\" sizes=\"auto, (max-width: 300px) 100vw, 300px\" \/><\/div><\/div>\n<\/div>\n<div class=\"su-divider su-divider-style-default\" style=\"margin:15px 0;border-width:1px;border-color:#999999\"><\/div>\n<h6><strong>TOUTES LES NOTICES DE<\/strong><\/h6>\n<p><a href=\"https:\/\/applicationspub.unil.ch\/interpub\/noauth\/php\/Un\/UnPers.php?PerNum=53925&amp;LanCode=37&amp;menu=coord\" target=\"_blank\" rel=\"noopener\"><strong>Nad\u00e8ge Coutaz<\/strong><\/a><\/p>\n\n\n<div class=\"su-posts su-posts-teaser-loop \">\n\n\t\t\t\t\t\t\n\t\t\t\n\t\t\t<div id=\"su-post-4643\" class=\"su-post \">\n\t\t\t\t\t\t\t\t\t<a class=\"su-post-thumbnail\" href=\"https:\/\/wp.unil.ch\/labelettres\/creations-en-exil-perspectives-interdisciplinaires\/\"><img loading=\"lazy\" decoding=\"async\" width=\"875\" height=\"1200\" src=\"https:\/\/wp.unil.ch\/labelettres\/files\/2018\/11\/Exil_COUV_seule.jpg\" class=\"attachment-post-thumbnail size-post-thumbnail wp-post-image\" alt=\"\" srcset=\"https:\/\/wp.unil.ch\/labelettres\/files\/2018\/11\/Exil_COUV_seule.jpg 875w, https:\/\/wp.unil.ch\/labelettres\/files\/2018\/11\/Exil_COUV_seule-435x597.jpg 435w, https:\/\/wp.unil.ch\/labelettres\/files\/2018\/11\/Exil_COUV_seule-768x1053.jpg 768w\" sizes=\"auto, (max-width: 875px) 100vw, 875px\" \/><\/a>\n\t\t\t\t\t\t\t\t<h2 class=\"su-post-title\"><a href=\"https:\/\/wp.unil.ch\/labelettres\/creations-en-exil-perspectives-interdisciplinaires\/\">Cr\u00e9ation(s) en exil. Perspectives interdisciplinaires<\/a><\/h2>\n\t\t\t<\/div>\n\n\t\t\t\t\t\n\t\t\t\n\t\t\t<div id=\"su-post-4090\" class=\"su-post \">\n\t\t\t\t\t\t\t\t\t<a class=\"su-post-thumbnail\" href=\"https:\/\/wp.unil.ch\/labelettres\/mythes-reconfigures-creation-dialogues-analyses\/\"><img loading=\"lazy\" decoding=\"async\" width=\"586\" height=\"830\" src=\"https:\/\/wp.unil.ch\/labelettres\/files\/2018\/08\/Mythes-reconfigur\u00e9s_COUV.jpg\" class=\"attachment-post-thumbnail size-post-thumbnail wp-post-image\" alt=\"\" srcset=\"https:\/\/wp.unil.ch\/labelettres\/files\/2018\/08\/Mythes-reconfigur\u00e9s_COUV.jpg 586w, https:\/\/wp.unil.ch\/labelettres\/files\/2018\/08\/Mythes-reconfigur\u00e9s_COUV-435x616.jpg 435w, https:\/\/wp.unil.ch\/labelettres\/files\/2018\/08\/Mythes-reconfigur\u00e9s_COUV-212x300.jpg 212w\" sizes=\"auto, (max-width: 586px) 100vw, 586px\" \/><\/a>\n\t\t\t\t\t\t\t\t<h2 class=\"su-post-title\"><a href=\"https:\/\/wp.unil.ch\/labelettres\/mythes-reconfigures-creation-dialogues-analyses\/\">Mythes (re)configur\u00e9s. Cr\u00e9ation, Dialogues, Analyses<\/a><\/h2>\n\t\t\t<\/div>\n\n\t\t\t\n<\/div>\n\n<div class=\"su-divider su-divider-style-default\" style=\"margin:15px 0;border-width:1px;border-color:#999999\"><\/div>\n<p><a href=\"https:\/\/applicationspub.unil.ch\/interpub\/noauth\/php\/Un\/UnPers.php?PerNum=27317&amp;LanCode=37\" target=\"_blank\" rel=\"noopener\"><b>Ute Heidmann<\/b><\/a><\/p>\n\n\n<div class=\"su-posts su-posts-teaser-loop \">\n\n\t\t\t\t\t\t\n\t\t\t\n\t\t\t<div id=\"su-post-9631\" class=\"su-post \">\n\t\t\t\t\t\t\t\t\t<a class=\"su-post-thumbnail\" href=\"https:\/\/wp.unil.ch\/labelettres\/lactif-relationnel-des-langues-litteratures-et-cultures\/\"><img loading=\"lazy\" decoding=\"async\" width=\"652\" height=\"1000\" src=\"https:\/\/wp.unil.ch\/labelettres\/files\/2020\/12\/9783849817039_ml.jpg\" class=\"attachment-post-thumbnail size-post-thumbnail wp-post-image\" alt=\"\" srcset=\"https:\/\/wp.unil.ch\/labelettres\/files\/2020\/12\/9783849817039_ml.jpg 652w, https:\/\/wp.unil.ch\/labelettres\/files\/2020\/12\/9783849817039_ml-435x667.jpg 435w\" sizes=\"auto, (max-width: 652px) 100vw, 652px\" \/><\/a>\n\t\t\t\t\t\t\t\t<h2 class=\"su-post-title\"><a href=\"https:\/\/wp.unil.ch\/labelettres\/lactif-relationnel-des-langues-litteratures-et-cultures\/\">L&rsquo;actif relationnel des langues, litt\u00e9ratures et cultures<\/a><\/h2>\n\t\t\t<\/div>\n\n\t\t\t\t\t\n\t\t\t\n\t\t\t<div id=\"su-post-4090\" class=\"su-post \">\n\t\t\t\t\t\t\t\t\t<a class=\"su-post-thumbnail\" href=\"https:\/\/wp.unil.ch\/labelettres\/mythes-reconfigures-creation-dialogues-analyses\/\"><img loading=\"lazy\" decoding=\"async\" width=\"586\" height=\"830\" src=\"https:\/\/wp.unil.ch\/labelettres\/files\/2018\/08\/Mythes-reconfigur\u00e9s_COUV.jpg\" class=\"attachment-post-thumbnail size-post-thumbnail wp-post-image\" alt=\"\" srcset=\"https:\/\/wp.unil.ch\/labelettres\/files\/2018\/08\/Mythes-reconfigur\u00e9s_COUV.jpg 586w, https:\/\/wp.unil.ch\/labelettres\/files\/2018\/08\/Mythes-reconfigur\u00e9s_COUV-435x616.jpg 435w, https:\/\/wp.unil.ch\/labelettres\/files\/2018\/08\/Mythes-reconfigur\u00e9s_COUV-212x300.jpg 212w\" sizes=\"auto, (max-width: 586px) 100vw, 586px\" \/><\/a>\n\t\t\t\t\t\t\t\t<h2 class=\"su-post-title\"><a href=\"https:\/\/wp.unil.ch\/labelettres\/mythes-reconfigures-creation-dialogues-analyses\/\">Mythes (re)configur\u00e9s. Cr\u00e9ation, Dialogues, Analyses<\/a><\/h2>\n\t\t\t<\/div>\n\n\t\t\t\n<\/div>\n\n<div class=\"su-divider su-divider-style-default\" style=\"margin:15px 0;border-width:1px;border-color:#999999\"><\/div>\n","protected":false},"excerpt":{"rendered":"<p>Comment et pourquoi (re)configurer des mythes gr\u00e9co-romains ?<\/p>\n","protected":false},"author":1001615,"featured_media":4093,"comment_status":"closed","ping_status":"closed","sticky":false,"template":"","format":"standard","meta":{"_seopress_robots_primary_cat":"","_seopress_titles_title":"","_seopress_titles_desc":"","_seopress_robots_index":"","footnotes":""},"categories":[3],"tags":[1218,626,1205,1155,1154,1153,1206,1212,1152],"class_list":{"0":"post-4090","1":"post","2":"type-post","3":"status-publish","4":"format-standard","5":"has-post-thumbnail","7":"category-langues-litteratures","8":"tag-groupe-de-recherche-en-langues-et-litteratures-comparees","9":"tag-interdisciplinarite","10":"tag-labelettres","11":"tag-litteratures-comparees","12":"tag-mythes","13":"tag-nadege-coutaz","14":"tag-newsletter-1","15":"tag-section-de-francais","16":"tag-ute-heidmann"},"_links":{"self":[{"href":"https:\/\/wp.unil.ch\/labelettres\/wp-json\/wp\/v2\/posts\/4090","targetHints":{"allow":["GET"]}}],"collection":[{"href":"https:\/\/wp.unil.ch\/labelettres\/wp-json\/wp\/v2\/posts"}],"about":[{"href":"https:\/\/wp.unil.ch\/labelettres\/wp-json\/wp\/v2\/types\/post"}],"author":[{"embeddable":true,"href":"https:\/\/wp.unil.ch\/labelettres\/wp-json\/wp\/v2\/users\/1001615"}],"replies":[{"embeddable":true,"href":"https:\/\/wp.unil.ch\/labelettres\/wp-json\/wp\/v2\/comments?post=4090"}],"version-history":[{"count":0,"href":"https:\/\/wp.unil.ch\/labelettres\/wp-json\/wp\/v2\/posts\/4090\/revisions"}],"wp:featuredmedia":[{"embeddable":true,"href":"https:\/\/wp.unil.ch\/labelettres\/wp-json\/wp\/v2\/media\/4093"}],"wp:attachment":[{"href":"https:\/\/wp.unil.ch\/labelettres\/wp-json\/wp\/v2\/media?parent=4090"}],"wp:term":[{"taxonomy":"category","embeddable":true,"href":"https:\/\/wp.unil.ch\/labelettres\/wp-json\/wp\/v2\/categories?post=4090"},{"taxonomy":"post_tag","embeddable":true,"href":"https:\/\/wp.unil.ch\/labelettres\/wp-json\/wp\/v2\/tags?post=4090"}],"curies":[{"name":"wp","href":"https:\/\/api.w.org\/{rel}","templated":true}]}}