{"id":3496,"date":"2017-02-15T15:51:53","date_gmt":"2017-02-15T14:51:53","guid":{"rendered":"http:\/\/wp.unil.ch\/labelettres\/?p=3496"},"modified":"2020-10-05T09:39:09","modified_gmt":"2020-10-05T07:39:09","slug":"physiognomisches-schreiben-stilistik-rhetorik-und-poetik-einer-gestaldeutenden-kulturtechnik","status":"publish","type":"post","link":"https:\/\/wp.unil.ch\/labelettres\/physiognomisches-schreiben-stilistik-rhetorik-und-poetik-einer-gestaldeutenden-kulturtechnik\/","title":{"rendered":"Physiognomisches Schreiben. Stilistik, Rhetorik und Poetik einer gestaldeutenden Kulturtechnik"},"content":{"rendered":"<div class=\"su-row\">\n<div class=\"su-column su-column-size-2-3\"><div class=\"su-column-inner su-u-clearfix su-u-trim\"><strong>Que veut dire dans notre culture : d\u00e9crire un visage ?<\/strong><!--more--><\/p>\n<p>L\u2019histoire de la physiognomonie en tant que th\u00e9orie scientifique et pratique culturelle a tendance \u00e0 donner la priorit\u00e9 \u00e0 l\u2019image avant le texte.<\/p>\n<p>Cet ouvrage propose de revisiter cette histoire \u00e0 rebours. Au vu de son r\u00f4le crucial pour l\u2019interpr\u00e9tation des signes corporels, l\u2019\u00e9criture physiognomonique est questionn\u00e9e en tant qu\u2019instrument d\u2019analyse et dispositif perceptif <em>sui generis<\/em> dans ses contextes scientifiques, artistiques et m\u00e9diatiques du XVIIIe si\u00e8cle jusqu\u2019\u00e0 nos jours. \u00c0 l\u2019instar d\u2019\u00e9tudes de cas en litt\u00e9rature, en photographie et au cin\u00e9ma, la rh\u00e9torique, stylistique et po\u00e9tique de la description et du d\u00e9chiffrement du monde anim\u00e9 sont mis \u00e0 l\u2019\u00e9preuve.<\/p>\n<p>Ce volume, co\u00e9dit\u00e9 par Hans-Georg von Arburg et Elias Zimmermann (<a href=\"https:\/\/www.unil.ch\/all\/fr\/home.html\">Section d&rsquo;allemand<\/a>), pr\u00e9sente les actes du colloque interdisciplinaire \u00ab\u00a0Physiognomisches Schreiben\u00a0\u00bb, organis\u00e9 \u00e0 l\u2019UNIL en septembre 2015 par le directeur et les doctorants du module \u00ab\u00a0\u00c4sthetik\u00a0\u00bb du ProDoc FNS \u00ab\u00a0Das unsichere Wissen der Literatur : Natur, Recht, \u00c4sthetik\u00a0\u00bb, en coop\u00e9ration avec l&rsquo;Universit\u00e9 de Gen\u00e8ve (UNIGE) et l\u2019Universit\u00e9 de Neuch\u00e2tel (UNINE).<\/p>\n<p>Hans-Georg von Arburg, Benedikt Tremp, Elias Zimmermann (Hg.), <a href=\"https:\/\/www.rombach-verlag.de\/buecher\/suchergebnis\/rombach\/buch\/details\/physiognomisches-schreiben.html\" target=\"_blank\" rel=\"noopener noreferrer\"><em>Physiognomisches Schreiben. Stilistik, Rhetorik und Poetik einer gestaldeutenden Kulturtechnik<\/em><\/a>, Freiburg\/Br., Rombach, 2016.<\/p>\n<\/div><\/div>\n<div class=\"su-column su-column-size-1-3\"><div class=\"su-column-inner su-u-clearfix su-u-trim\"><img alt=\"\" loading=\"lazy\" decoding=\"async\" class=\"aligncenter wp-image-3499\" src=\"https:\/\/wp.unil.ch\/labelettres\/files\/2018\/05\/Cover-von-Arburg_Physiognomisches-Schreiben-201x300.jpg\" alt=\"\" width=\"300\" height=\"448\" srcset=\"https:\/\/wp.unil.ch\/labelettres\/files\/2018\/05\/Cover-von-Arburg_Physiognomisches-Schreiben-201x300.jpg 201w, https:\/\/wp.unil.ch\/labelettres\/files\/2018\/05\/Cover-von-Arburg_Physiognomisches-Schreiben-435x650.jpg 435w, https:\/\/wp.unil.ch\/labelettres\/files\/2018\/05\/Cover-von-Arburg_Physiognomisches-Schreiben-768x1148.jpg 768w, https:\/\/wp.unil.ch\/labelettres\/files\/2018\/05\/Cover-von-Arburg_Physiognomisches-Schreiben-685x1024.jpg 685w, https:\/\/wp.unil.ch\/labelettres\/files\/2018\/05\/Cover-von-Arburg_Physiognomisches-Schreiben.jpg 803w\" sizes=\"auto, (max-width: 300px) 100vw, 300px\" \/><\/p>\n<\/div><\/div>\n<\/div>\n<div class=\"su-divider su-divider-style-default\" style=\"margin:15px 0;border-width:1px;border-color:#999999\"><\/div>\n<h6><strong>PROJET DE RECHERCHE ASSOCI\u00c9<\/strong><\/h6>\n<ul>\n<li><a href=\"https:\/\/p3.snf.ch\/Project-137161\" target=\"_blank\" rel=\"noopener noreferrer\">Das unsichere Wissen der Literatur : Natur, Recht, \u00c4sthetik<\/a><\/li>\n<\/ul>\n<div class=\"su-divider su-divider-style-default\" style=\"margin:15px 0;border-width:1px;border-color:#999999\"><\/div>\n<div id=\"watch-headline-title\">\n<h6><strong>TOUTES LES NOTICES DE<\/strong><\/h6>\n<p><a href=\"https:\/\/applicationspub.unil.ch\/interpub\/noauth\/php\/Un\/UnPers.php?PerNum=1027386&amp;LanCode=37\" target=\"_blank\" rel=\"noopener noreferrer\"><strong>Hans-Georg von Arburg<\/strong><\/a><\/p>\n\n\n<div class=\"su-posts su-posts-teaser-loop \">\n\n\t\t\t\t\t\t\n\t\t\t\n\t\t\t<div id=\"su-post-3496\" class=\"su-post \">\n\t\t\t\t\t\t\t\t\t<a class=\"su-post-thumbnail\" href=\"https:\/\/wp.unil.ch\/labelettres\/physiognomisches-schreiben-stilistik-rhetorik-und-poetik-einer-gestaldeutenden-kulturtechnik\/\"><img loading=\"lazy\" decoding=\"async\" width=\"803\" height=\"1200\" src=\"https:\/\/wp.unil.ch\/labelettres\/files\/2018\/05\/Cover-von-Arburg_Physiognomisches-Schreiben.jpg\" class=\"attachment-post-thumbnail size-post-thumbnail wp-post-image\" alt=\"\" srcset=\"https:\/\/wp.unil.ch\/labelettres\/files\/2018\/05\/Cover-von-Arburg_Physiognomisches-Schreiben.jpg 803w, https:\/\/wp.unil.ch\/labelettres\/files\/2018\/05\/Cover-von-Arburg_Physiognomisches-Schreiben-435x650.jpg 435w, https:\/\/wp.unil.ch\/labelettres\/files\/2018\/05\/Cover-von-Arburg_Physiognomisches-Schreiben-201x300.jpg 201w, https:\/\/wp.unil.ch\/labelettres\/files\/2018\/05\/Cover-von-Arburg_Physiognomisches-Schreiben-768x1148.jpg 768w, https:\/\/wp.unil.ch\/labelettres\/files\/2018\/05\/Cover-von-Arburg_Physiognomisches-Schreiben-685x1024.jpg 685w\" sizes=\"auto, (max-width: 803px) 100vw, 803px\" \/><\/a>\n\t\t\t\t\t\t\t\t<h2 class=\"su-post-title\"><a href=\"https:\/\/wp.unil.ch\/labelettres\/physiognomisches-schreiben-stilistik-rhetorik-und-poetik-einer-gestaldeutenden-kulturtechnik\/\">Physiognomisches Schreiben. Stilistik, Rhetorik und Poetik einer gestaldeutenden Kulturtechnik<\/a><\/h2>\n\t\t\t<\/div>\n\n\t\t\t\t\t\n\t\t\t\n\t\t\t<div id=\"su-post-10136\" class=\"su-post \">\n\t\t\t\t\t\t\t\t\t<a class=\"su-post-thumbnail\" href=\"https:\/\/wp.unil.ch\/labelettres\/kippfiguren-figures-reversibles\/\"><img loading=\"lazy\" decoding=\"async\" width=\"415\" height=\"600\" src=\"https:\/\/wp.unil.ch\/labelettres\/files\/2021\/02\/978-3-412-20849-3_600x600.jpg\" class=\"attachment-post-thumbnail size-post-thumbnail wp-post-image\" alt=\"\" \/><\/a>\n\t\t\t\t\t\t\t\t<h2 class=\"su-post-title\"><a href=\"https:\/\/wp.unil.ch\/labelettres\/kippfiguren-figures-reversibles\/\">Kippfiguren \/ Figures r\u00e9versibles<\/a><\/h2>\n\t\t\t<\/div>\n\n\t\t\t\t\t\n\t\t\t\n\t\t\t<div id=\"su-post-10142\" class=\"su-post \">\n\t\t\t\t\t\t\t\t\t<a class=\"su-post-thumbnail\" href=\"https:\/\/wp.unil.ch\/labelettres\/stimmung-mood\/\"><img loading=\"lazy\" decoding=\"async\" width=\"844\" height=\"1200\" src=\"https:\/\/wp.unil.ch\/labelettres\/files\/2021\/02\/qq.jpg\" class=\"attachment-post-thumbnail size-post-thumbnail wp-post-image\" alt=\"\" srcset=\"https:\/\/wp.unil.ch\/labelettres\/files\/2021\/02\/qq.jpg 844w, https:\/\/wp.unil.ch\/labelettres\/files\/2021\/02\/qq-435x618.jpg 435w, https:\/\/wp.unil.ch\/labelettres\/files\/2021\/02\/qq-768x1092.jpg 768w\" sizes=\"auto, (max-width: 844px) 100vw, 844px\" \/><\/a>\n\t\t\t\t\t\t\t\t<h2 class=\"su-post-title\"><a href=\"https:\/\/wp.unil.ch\/labelettres\/stimmung-mood\/\">Stimmung \/ Mood<\/a><\/h2>\n\t\t\t<\/div>\n\n\t\t\t\n<\/div>\n\n<p><a href=\"https:\/\/applicationspub.unil.ch\/interpub\/noauth\/php\/Un\/UnPers.php?PerNum=1139392&amp;LanCode=37\" target=\"_blank\" rel=\"noopener noreferrer\"><strong>Elias Zimmermann<\/strong><\/a><\/p>\n\n\n<div class=\"su-posts su-posts-teaser-loop \">\n\n\t\t\t\t\t\t\n\t\t\t\n\t\t\t<div id=\"su-post-8718\" class=\"su-post \">\n\t\t\t\t\t\t\t\t\t<a class=\"su-post-thumbnail\" href=\"https:\/\/wp.unil.ch\/labelettres\/fenster-korridor-treppe-architektonische-wahrnehmungsdispositive-in-der-literatur-und-in-den-kunsten\/\"><img loading=\"lazy\" decoding=\"async\" width=\"746\" height=\"1080\" src=\"https:\/\/wp.unil.ch\/labelettres\/files\/2020\/09\/9783849813178.jpg\" class=\"attachment-post-thumbnail size-post-thumbnail wp-post-image\" alt=\"\" srcset=\"https:\/\/wp.unil.ch\/labelettres\/files\/2020\/09\/9783849813178.jpg 746w, https:\/\/wp.unil.ch\/labelettres\/files\/2020\/09\/9783849813178-435x630.jpg 435w\" sizes=\"auto, (max-width: 746px) 100vw, 746px\" \/><\/a>\n\t\t\t\t\t\t\t\t<h2 class=\"su-post-title\"><a href=\"https:\/\/wp.unil.ch\/labelettres\/fenster-korridor-treppe-architektonische-wahrnehmungsdispositive-in-der-literatur-und-in-den-kunsten\/\">Fenster \u2013 Korridor \u2013 Treppe. Architektonische Wahrnehmungsdispositive in der Literatur und in den K\u00fcnsten<\/a><\/h2>\n\t\t\t<\/div>\n\n\t\t\t\t\t\n\t\t\t\n\t\t\t<div id=\"su-post-3496\" class=\"su-post \">\n\t\t\t\t\t\t\t\t\t<a class=\"su-post-thumbnail\" href=\"https:\/\/wp.unil.ch\/labelettres\/physiognomisches-schreiben-stilistik-rhetorik-und-poetik-einer-gestaldeutenden-kulturtechnik\/\"><img loading=\"lazy\" decoding=\"async\" width=\"803\" height=\"1200\" src=\"https:\/\/wp.unil.ch\/labelettres\/files\/2018\/05\/Cover-von-Arburg_Physiognomisches-Schreiben.jpg\" class=\"attachment-post-thumbnail size-post-thumbnail wp-post-image\" alt=\"\" srcset=\"https:\/\/wp.unil.ch\/labelettres\/files\/2018\/05\/Cover-von-Arburg_Physiognomisches-Schreiben.jpg 803w, https:\/\/wp.unil.ch\/labelettres\/files\/2018\/05\/Cover-von-Arburg_Physiognomisches-Schreiben-435x650.jpg 435w, https:\/\/wp.unil.ch\/labelettres\/files\/2018\/05\/Cover-von-Arburg_Physiognomisches-Schreiben-201x300.jpg 201w, https:\/\/wp.unil.ch\/labelettres\/files\/2018\/05\/Cover-von-Arburg_Physiognomisches-Schreiben-768x1148.jpg 768w, https:\/\/wp.unil.ch\/labelettres\/files\/2018\/05\/Cover-von-Arburg_Physiognomisches-Schreiben-685x1024.jpg 685w\" sizes=\"auto, (max-width: 803px) 100vw, 803px\" \/><\/a>\n\t\t\t\t\t\t\t\t<h2 class=\"su-post-title\"><a href=\"https:\/\/wp.unil.ch\/labelettres\/physiognomisches-schreiben-stilistik-rhetorik-und-poetik-einer-gestaldeutenden-kulturtechnik\/\">Physiognomisches Schreiben. Stilistik, Rhetorik und Poetik einer gestaldeutenden Kulturtechnik<\/a><\/h2>\n\t\t\t<\/div>\n\n\t\t\t\n<\/div>\n\n<div class=\"su-divider su-divider-style-default\" style=\"margin:15px 0;border-width:1px;border-color:#999999\"><\/div>\n<\/div>\n","protected":false},"excerpt":{"rendered":"<p>Que veut dire dans notre culture : d\u00e9crire un visage ?<\/p>\n","protected":false},"author":1001615,"featured_media":3499,"comment_status":"closed","ping_status":"closed","sticky":false,"template":"","format":"standard","meta":{"_seopress_robots_primary_cat":"","_seopress_titles_title":"","_seopress_titles_desc":"","_seopress_robots_index":"","footnotes":""},"categories":[2,3,4,5],"tags":[2578,947,950,948,949,1207],"class_list":{"0":"post-3496","1":"post","2":"type-post","3":"status-publish","4":"format-standard","5":"has-post-thumbnail","7":"category-arts-medias","8":"category-langues-litteratures","9":"category-sciences-historiques","10":"category-sciences-theoriques","11":"tag-elias-zimmermann","12":"tag-hans-georg-von-arburg","13":"tag-histoire-du-savoir","14":"tag-physiognomonie","15":"tag-rhetorique-corporelle","16":"tag-section-dallemand"},"_links":{"self":[{"href":"https:\/\/wp.unil.ch\/labelettres\/wp-json\/wp\/v2\/posts\/3496","targetHints":{"allow":["GET"]}}],"collection":[{"href":"https:\/\/wp.unil.ch\/labelettres\/wp-json\/wp\/v2\/posts"}],"about":[{"href":"https:\/\/wp.unil.ch\/labelettres\/wp-json\/wp\/v2\/types\/post"}],"author":[{"embeddable":true,"href":"https:\/\/wp.unil.ch\/labelettres\/wp-json\/wp\/v2\/users\/1001615"}],"replies":[{"embeddable":true,"href":"https:\/\/wp.unil.ch\/labelettres\/wp-json\/wp\/v2\/comments?post=3496"}],"version-history":[{"count":0,"href":"https:\/\/wp.unil.ch\/labelettres\/wp-json\/wp\/v2\/posts\/3496\/revisions"}],"wp:featuredmedia":[{"embeddable":true,"href":"https:\/\/wp.unil.ch\/labelettres\/wp-json\/wp\/v2\/media\/3499"}],"wp:attachment":[{"href":"https:\/\/wp.unil.ch\/labelettres\/wp-json\/wp\/v2\/media?parent=3496"}],"wp:term":[{"taxonomy":"category","embeddable":true,"href":"https:\/\/wp.unil.ch\/labelettres\/wp-json\/wp\/v2\/categories?post=3496"},{"taxonomy":"post_tag","embeddable":true,"href":"https:\/\/wp.unil.ch\/labelettres\/wp-json\/wp\/v2\/tags?post=3496"}],"curies":[{"name":"wp","href":"https:\/\/api.w.org\/{rel}","templated":true}]}}