{"id":3262,"date":"2018-05-14T09:47:29","date_gmt":"2018-05-14T07:47:29","guid":{"rendered":"http:\/\/wp.unil.ch\/labelettres\/?p=3262"},"modified":"2018-12-18T16:12:38","modified_gmt":"2018-12-18T15:12:38","slug":"le-rire-formes-et-fonctions-du-comique","status":"publish","type":"post","link":"https:\/\/wp.unil.ch\/labelettres\/le-rire-formes-et-fonctions-du-comique\/","title":{"rendered":"Le rire : formes et fonctions du comique"},"content":{"rendered":"<div class=\"su-row\">\n<div class=\"su-column su-column-size-2-3\"><div class=\"su-column-inner su-u-clearfix su-u-trim\"><strong>Qu&rsquo;est-ce que le rire ?<\/strong><\/p>\n<p><!--more--><\/p>\n<p>Manifestation corporelle incontr\u00f4lable ou instrument de subversion, de libert\u00e9 et de r\u00e9sistance \u00e0 l\u2019autorit\u00e9 et aux syst\u00e8mes dominants, dispositif de sociabilit\u00e9, de d\u00e9nigrement ou de critique des m\u0153urs, le rire confronte les th\u00e9oriciens \u00e0 des probl\u00e8mes d\u2019ordre philosophique, religieux, psychologique et physiologique, politique, social et \u00e9thique.<\/p>\n<p>Le rire a ses formes verbales et sa grammaire visuelle, ses genres, ses figures et ses expressions. Il d\u00e9ploie des postures corporelles sp\u00e9cifiques, engendre un spectre large de r\u00e9actions et assure diff\u00e9rentes fonctions.<\/p>\n<p>Ce volume accessible en ligne vise \u00e0 r\u00e9pertorier les cat\u00e9gories, les types et les genres du comique ; \u00e0 r\u00e9fl\u00e9chir \u00e0 l\u2019existence d\u2019une esth\u00e9tique du rire, ses modalit\u00e9s discursives et visuelles\u00a0; \u00e0 analyser ses m\u00e9canismes psychologiques, stylistiques et linguistiques (\u00e9crits ou oraux). Ces actes du colloques, dirig\u00e9s par Marta Caraion (<a href=\"https:\/\/unil.ch\/fra\">Section de fran\u00e7ais<\/a>) et Laurence Danguy (<a href=\"https:\/\/www.unil.ch\/hart\/fr\/home.html\">Section d&rsquo;histoire de l&rsquo;art<\/a>), r\u00e9unissent les contributions du <a href=\"https:\/\/www.unil.ch\/fdi\/home\/menuinst\/recherche\/colloques-scientifiques\/archives-des-colloques\/colloques-2015-2016.html#le-rire-formes-et-fonctions-du-comique-litteratures-arts-philoso\" target=\"_blank\" rel=\"noopener\">colloque organis\u00e9 en 2016<\/a> \u00e0 l&rsquo;Universit\u00e9 de Lausanne par la<span class=\"apple-converted-space\">\u00a0<\/span><a href=\"https:\/\/www.unil.ch\/fdi\/fr\/home.html\" target=\"_blank\" rel=\"noopener\">Formation doctorale interdisciplinaire (FDi)<\/a>.<\/p>\n<p>Marta Caraion, Laurence Danguy (dir.),\u00a0<a href=\"https:\/\/www.fabula.org\/colloques\/sommaire4556.php\" target=\"_blank\" rel=\"noopener\"><i>Le rire : formes et fonctions du comique<\/i><\/a>, actes du colloque accessibles en ligne, fabula.org, 2018.<\/p>\n<\/div><\/div>\n<div class=\"su-column su-column-size-1-3\"><div class=\"su-column-inner su-u-clearfix su-u-trim\"><img alt=\"\" loading=\"lazy\" decoding=\"async\" class=\"aligncenter wp-image-3277\" src=\"https:\/\/wp.unil.ch\/labelettres\/files\/2018\/05\/CARAION_DANGUY_Rire_Couverture-LabeLettres-192x300.jpg\" alt=\"\" width=\"300\" height=\"469\" srcset=\"https:\/\/wp.unil.ch\/labelettres\/files\/2018\/05\/CARAION_DANGUY_Rire_Couverture-LabeLettres-192x300.jpg 192w, https:\/\/wp.unil.ch\/labelettres\/files\/2018\/05\/CARAION_DANGUY_Rire_Couverture-LabeLettres-435x680.jpg 435w, https:\/\/wp.unil.ch\/labelettres\/files\/2018\/05\/CARAION_DANGUY_Rire_Couverture-LabeLettres.jpg 768w, https:\/\/wp.unil.ch\/labelettres\/files\/2018\/05\/CARAION_DANGUY_Rire_Couverture-LabeLettres-655x1024.jpg 655w\" sizes=\"auto, (max-width: 300px) 100vw, 300px\" \/><\/div><\/div>\n<\/div>\n<div class=\"su-divider su-divider-style-default\" style=\"margin:15px 0;border-width:1px;border-color:#999999\"><\/div>\n<h6><strong>TOUTES LES NOTICES DE<\/strong><\/h6>\n<p><a href=\"https:\/\/applicationspub.unil.ch\/interpub\/noauth\/php\/Un\/UnPers.php?PerNum=850908&amp;LanCode=37\" target=\"_blank\" rel=\"noopener\"><strong>Marta Caraion<\/strong><\/a><\/p>\n\n\n<div class=\"su-posts su-posts-teaser-loop \">\n\n\t\t\t\t\t\t\n\t\t\t\n\t\t\t<div id=\"su-post-14021\" class=\"su-post \">\n\t\t\t\t\t\t\t\t\t<a class=\"su-post-thumbnail\" href=\"https:\/\/wp.unil.ch\/labelettres\/ecrire-les-choses-litterature-et-culture-materielle-1830-2020\/\"><img loading=\"lazy\" decoding=\"async\" width=\"1000\" height=\"1500\" src=\"https:\/\/wp.unil.ch\/labelettres\/files\/2025\/05\/2025-fra-ecrire-les-choses.png\" class=\"attachment-post-thumbnail size-post-thumbnail wp-post-image\" alt=\"\" srcset=\"https:\/\/wp.unil.ch\/labelettres\/files\/2025\/05\/2025-fra-ecrire-les-choses.png 1000w, https:\/\/wp.unil.ch\/labelettres\/files\/2025\/05\/2025-fra-ecrire-les-choses-435x653.png 435w, https:\/\/wp.unil.ch\/labelettres\/files\/2025\/05\/2025-fra-ecrire-les-choses-768x1152.png 768w\" sizes=\"auto, (max-width: 1000px) 100vw, 1000px\" \/><\/a>\n\t\t\t\t\t\t\t\t<h2 class=\"su-post-title\"><a href=\"https:\/\/wp.unil.ch\/labelettres\/ecrire-les-choses-litterature-et-culture-materielle-1830-2020\/\">\u00c9crire les choses. Litt\u00e9rature et culture mat\u00e9rielle, 1830-2020<\/a><\/h2>\n\t\t\t<\/div>\n\n\t\t\t\t\t\n\t\t\t\n\t\t\t<div id=\"su-post-13347\" class=\"su-post \">\n\t\t\t\t\t\t\t\t\t<a class=\"su-post-thumbnail\" href=\"https:\/\/wp.unil.ch\/labelettres\/geographie-des-tenebres-bucarest-%e2%88%92-transnistrie-%e2%88%92-odessa-1941-1981\/\"><img loading=\"lazy\" decoding=\"async\" width=\"777\" height=\"1238\" src=\"https:\/\/wp.unil.ch\/labelettres\/files\/2024\/12\/CARAION_2024_Geographie-tenebres_cover.png\" class=\"attachment-post-thumbnail size-post-thumbnail wp-post-image\" alt=\"\" srcset=\"https:\/\/wp.unil.ch\/labelettres\/files\/2024\/12\/CARAION_2024_Geographie-tenebres_cover.png 777w, https:\/\/wp.unil.ch\/labelettres\/files\/2024\/12\/CARAION_2024_Geographie-tenebres_cover-435x693.png 435w, https:\/\/wp.unil.ch\/labelettres\/files\/2024\/12\/CARAION_2024_Geographie-tenebres_cover-768x1224.png 768w\" sizes=\"auto, (max-width: 777px) 100vw, 777px\" \/><\/a>\n\t\t\t\t\t\t\t\t<h2 class=\"su-post-title\"><a href=\"https:\/\/wp.unil.ch\/labelettres\/geographie-des-tenebres-bucarest-%e2%88%92-transnistrie-%e2%88%92-odessa-1941-1981\/\">G\u00e9ographie des t\u00e9n\u00e8bres. Bucarest \u2212 Transnistrie \u2212 Odessa, 1941-1981<\/a><\/h2>\n\t\t\t<\/div>\n\n\t\t\t\t\t\n\t\t\t\n\t\t\t<div id=\"su-post-12290\" class=\"su-post \">\n\t\t\t\t\t\t\t\t\t<a class=\"su-post-thumbnail\" href=\"https:\/\/wp.unil.ch\/labelettres\/figures-du-travail\/\"><img loading=\"lazy\" decoding=\"async\" width=\"450\" height=\"655\" src=\"https:\/\/wp.unil.ch\/labelettres\/files\/2023\/06\/CARAION_2023_EDL320_cover.jpg\" class=\"attachment-post-thumbnail size-post-thumbnail wp-post-image\" alt=\"\" srcset=\"https:\/\/wp.unil.ch\/labelettres\/files\/2023\/06\/CARAION_2023_EDL320_cover.jpg 450w, https:\/\/wp.unil.ch\/labelettres\/files\/2023\/06\/CARAION_2023_EDL320_cover-435x633.jpg 435w\" sizes=\"auto, (max-width: 450px) 100vw, 450px\" \/><\/a>\n\t\t\t\t\t\t\t\t<h2 class=\"su-post-title\"><a href=\"https:\/\/wp.unil.ch\/labelettres\/figures-du-travail\/\">Figures du travail<\/a><\/h2>\n\t\t\t<\/div>\n\n\t\t\t\t\t\n\t\t\t\n\t\t\t<div id=\"su-post-10146\" class=\"su-post \">\n\t\t\t\t\t\t\t\t\t<a class=\"su-post-thumbnail\" href=\"https:\/\/wp.unil.ch\/labelettres\/photolitterature-2\/\"><img loading=\"lazy\" decoding=\"async\" width=\"848\" height=\"1200\" src=\"https:\/\/wp.unil.ch\/labelettres\/files\/2021\/02\/kij.jpg\" class=\"attachment-post-thumbnail size-post-thumbnail wp-post-image\" alt=\"\" srcset=\"https:\/\/wp.unil.ch\/labelettres\/files\/2021\/02\/kij.jpg 848w, https:\/\/wp.unil.ch\/labelettres\/files\/2021\/02\/kij-435x616.jpg 435w, https:\/\/wp.unil.ch\/labelettres\/files\/2021\/02\/kij-768x1087.jpg 768w\" sizes=\"auto, (max-width: 848px) 100vw, 848px\" \/><\/a>\n\t\t\t\t\t\t\t\t<h2 class=\"su-post-title\"><a href=\"https:\/\/wp.unil.ch\/labelettres\/photolitterature-2\/\">Photolitt\u00e9rature<\/a><\/h2>\n\t\t\t<\/div>\n\n\t\t\t\t\t\n\t\t\t\n\t\t\t<div id=\"su-post-9302\" class=\"su-post \">\n\t\t\t\t\t\t\t\t\t<a class=\"su-post-thumbnail\" href=\"https:\/\/wp.unil.ch\/labelettres\/comment-la-litterature-pense-les-objets-theorie-litteraire-de-la-culture-materielle\/\"><img loading=\"lazy\" decoding=\"async\" width=\"761\" height=\"1200\" src=\"https:\/\/wp.unil.ch\/labelettres\/files\/2020\/11\/Couverture.jpg\" class=\"attachment-post-thumbnail size-post-thumbnail wp-post-image\" alt=\"\" srcset=\"https:\/\/wp.unil.ch\/labelettres\/files\/2020\/11\/Couverture.jpg 761w, https:\/\/wp.unil.ch\/labelettres\/files\/2020\/11\/Couverture-435x686.jpg 435w\" sizes=\"auto, (max-width: 761px) 100vw, 761px\" \/><\/a>\n\t\t\t\t\t\t\t\t<h2 class=\"su-post-title\"><a href=\"https:\/\/wp.unil.ch\/labelettres\/comment-la-litterature-pense-les-objets-theorie-litteraire-de-la-culture-materielle\/\">Comment la litt\u00e9rature pense les objets. Th\u00e9orie litt\u00e9raire de la culture mat\u00e9rielle<\/a><\/h2>\n\t\t\t<\/div>\n\n\t\t\t\t\t\n\t\t\t\n\t\t\t<div id=\"su-post-7976\" class=\"su-post \">\n\t\t\t\t\t\t\t\t\t<a class=\"su-post-thumbnail\" href=\"https:\/\/wp.unil.ch\/labelettres\/litterature-image-periodicite-xviie-xixe-siecles\/\"><img loading=\"lazy\" decoding=\"async\" width=\"1000\" height=\"1563\" src=\"https:\/\/wp.unil.ch\/labelettres\/files\/2020\/05\/CARAION_periodicite_cover.png\" class=\"attachment-post-thumbnail size-post-thumbnail wp-post-image\" alt=\"\" srcset=\"https:\/\/wp.unil.ch\/labelettres\/files\/2020\/05\/CARAION_periodicite_cover.png 1000w, https:\/\/wp.unil.ch\/labelettres\/files\/2020\/05\/CARAION_periodicite_cover-435x680.png 435w, https:\/\/wp.unil.ch\/labelettres\/files\/2020\/05\/CARAION_periodicite_cover-768x1200.png 768w, https:\/\/wp.unil.ch\/labelettres\/files\/2020\/05\/CARAION_periodicite_cover-983x1536.png 983w\" sizes=\"auto, (max-width: 1000px) 100vw, 1000px\" \/><\/a>\n\t\t\t\t\t\t\t\t<h2 class=\"su-post-title\"><a href=\"https:\/\/wp.unil.ch\/labelettres\/litterature-image-periodicite-xviie-xixe-siecles\/\">Litt\u00e9rature, image, p\u00e9riodicit\u00e9 (XVIIe-XIXe si\u00e8cles)<\/a><\/h2>\n\t\t\t<\/div>\n\n\t\t\t\t\t\n\t\t\t\n\t\t\t<div id=\"su-post-5258\" class=\"su-post \">\n\t\t\t\t\t\t\t\t\t<a class=\"su-post-thumbnail\" href=\"https:\/\/wp.unil.ch\/labelettres\/penser-par-notions\/\"><img loading=\"lazy\" decoding=\"async\" width=\"1000\" height=\"1563\" src=\"https:\/\/wp.unil.ch\/labelettres\/files\/2019\/01\/ESCOLA_penser_notions_couv1-2.png\" class=\"attachment-post-thumbnail size-post-thumbnail wp-post-image\" alt=\"\" srcset=\"https:\/\/wp.unil.ch\/labelettres\/files\/2019\/01\/ESCOLA_penser_notions_couv1-2.png 1000w, https:\/\/wp.unil.ch\/labelettres\/files\/2019\/01\/ESCOLA_penser_notions_couv1-2-435x680.png 435w, https:\/\/wp.unil.ch\/labelettres\/files\/2019\/01\/ESCOLA_penser_notions_couv1-2-768x1200.png 768w\" sizes=\"auto, (max-width: 1000px) 100vw, 1000px\" \/><\/a>\n\t\t\t\t\t\t\t\t<h2 class=\"su-post-title\"><a href=\"https:\/\/wp.unil.ch\/labelettres\/penser-par-notions\/\">Penser par notions<\/a><\/h2>\n\t\t\t<\/div>\n\n\t\t\t\t\t\n\t\t\t\n\t\t\t<div id=\"su-post-3262\" class=\"su-post \">\n\t\t\t\t\t\t\t\t\t<a class=\"su-post-thumbnail\" href=\"https:\/\/wp.unil.ch\/labelettres\/le-rire-formes-et-fonctions-du-comique\/\"><img loading=\"lazy\" decoding=\"async\" width=\"768\" height=\"1200\" src=\"https:\/\/wp.unil.ch\/labelettres\/files\/2018\/05\/CARAION_DANGUY_Rire_Couverture-LabeLettres.jpg\" class=\"attachment-post-thumbnail size-post-thumbnail wp-post-image\" alt=\"\" srcset=\"https:\/\/wp.unil.ch\/labelettres\/files\/2018\/05\/CARAION_DANGUY_Rire_Couverture-LabeLettres.jpg 768w, https:\/\/wp.unil.ch\/labelettres\/files\/2018\/05\/CARAION_DANGUY_Rire_Couverture-LabeLettres-435x680.jpg 435w, https:\/\/wp.unil.ch\/labelettres\/files\/2018\/05\/CARAION_DANGUY_Rire_Couverture-LabeLettres-192x300.jpg 192w, https:\/\/wp.unil.ch\/labelettres\/files\/2018\/05\/CARAION_DANGUY_Rire_Couverture-LabeLettres-655x1024.jpg 655w\" sizes=\"auto, (max-width: 768px) 100vw, 768px\" \/><\/a>\n\t\t\t\t\t\t\t\t<h2 class=\"su-post-title\"><a href=\"https:\/\/wp.unil.ch\/labelettres\/le-rire-formes-et-fonctions-du-comique\/\">Le rire : formes et fonctions du comique<\/a><\/h2>\n\t\t\t<\/div>\n\n\t\t\t\t\t\n\t\t\t\n\t\t\t<div id=\"su-post-3050\" class=\"su-post \">\n\t\t\t\t\t\t\t\t\t<a class=\"su-post-thumbnail\" href=\"https:\/\/wp.unil.ch\/labelettres\/photolitterature\/\"><img loading=\"lazy\" decoding=\"async\" width=\"1130\" height=\"1166\" src=\"https:\/\/wp.unil.ch\/labelettres\/files\/2016\/10\/CARAION_Photolitterature_couv2.jpg\" class=\"attachment-post-thumbnail size-post-thumbnail wp-post-image\" alt=\"\" srcset=\"https:\/\/wp.unil.ch\/labelettres\/files\/2016\/10\/CARAION_Photolitterature_couv2.jpg 1130w, https:\/\/wp.unil.ch\/labelettres\/files\/2016\/10\/CARAION_Photolitterature_couv2-435x449.jpg 435w, https:\/\/wp.unil.ch\/labelettres\/files\/2016\/10\/CARAION_Photolitterature_couv2-768x792.jpg 768w\" sizes=\"auto, (max-width: 1130px) 100vw, 1130px\" \/><\/a>\n\t\t\t\t\t\t\t\t<h2 class=\"su-post-title\"><a href=\"https:\/\/wp.unil.ch\/labelettres\/photolitterature\/\">Photolitt\u00e9rature<\/a><\/h2>\n\t\t\t<\/div>\n\n\t\t\t\t\t\n\t\t\t\n\t\t\t<div id=\"su-post-4911\" class=\"su-post \">\n\t\t\t\t\t\t\t\t\t<a class=\"su-post-thumbnail\" href=\"https:\/\/wp.unil.ch\/labelettres\/usages-de-lobjet-litterature-histoire-arts-et-techniques-xixe-xxe-siecles\/\"><img loading=\"lazy\" decoding=\"async\" width=\"766\" height=\"1200\" src=\"https:\/\/wp.unil.ch\/labelettres\/files\/2018\/12\/CARAION_usages_objets_couv_final-2.jpg\" class=\"attachment-post-thumbnail size-post-thumbnail wp-post-image\" alt=\"\" srcset=\"https:\/\/wp.unil.ch\/labelettres\/files\/2018\/12\/CARAION_usages_objets_couv_final-2.jpg 766w, https:\/\/wp.unil.ch\/labelettres\/files\/2018\/12\/CARAION_usages_objets_couv_final-2-435x681.jpg 435w\" sizes=\"auto, (max-width: 766px) 100vw, 766px\" \/><\/a>\n\t\t\t\t\t\t\t\t<h2 class=\"su-post-title\"><a href=\"https:\/\/wp.unil.ch\/labelettres\/usages-de-lobjet-litterature-histoire-arts-et-techniques-xixe-xxe-siecles\/\">Usages de l&rsquo;objet. Litt\u00e9rature, histoire, arts et techniques. XIXe-XXe si\u00e8cles<\/a><\/h2>\n\t\t\t<\/div>\n\n\t\t\t\t\t\n\t\t\t\n\t\t\t<div id=\"su-post-9079\" class=\"su-post \">\n\t\t\t\t\t\t\t\t\t<a class=\"su-post-thumbnail\" href=\"https:\/\/wp.unil.ch\/labelettres\/le-detail-et-lindice-entre-litterature-histoire-de-lart-et-epistemologie\/\"><img loading=\"lazy\" decoding=\"async\" width=\"454\" height=\"680\" src=\"https:\/\/wp.unil.ch\/labelettres\/files\/2020\/11\/mini_magick20200328-17097-1wemtxl.png\" class=\"attachment-post-thumbnail size-post-thumbnail wp-post-image\" alt=\"\" srcset=\"https:\/\/wp.unil.ch\/labelettres\/files\/2020\/11\/mini_magick20200328-17097-1wemtxl.png 454w, https:\/\/wp.unil.ch\/labelettres\/files\/2020\/11\/mini_magick20200328-17097-1wemtxl-435x652.png 435w\" sizes=\"auto, (max-width: 454px) 100vw, 454px\" \/><\/a>\n\t\t\t\t\t\t\t\t<h2 class=\"su-post-title\"><a href=\"https:\/\/wp.unil.ch\/labelettres\/le-detail-et-lindice-entre-litterature-histoire-de-lart-et-epistemologie\/\">Le d\u00e9tail et l\u2019indice : entre litt\u00e9rature, histoire de l\u2019art et \u00e9pist\u00e9mologie<\/a><\/h2>\n\t\t\t<\/div>\n\n\t\t\t\t\t\n\t\t\t\n\t\t\t<div id=\"su-post-8114\" class=\"su-post \">\n\t\t\t\t\t\t\t\t\t<a class=\"su-post-thumbnail\" href=\"https:\/\/wp.unil.ch\/labelettres\/les-philosophes-de-la-vapeur-et-des-allumettes-chimiques-litterature-sciences-et-industrie-en-1855\/\"><img loading=\"lazy\" decoding=\"async\" width=\"324\" height=\"475\" src=\"https:\/\/wp.unil.ch\/labelettres\/files\/2020\/06\/CARAION_vapeur_cover.gif\" class=\"attachment-post-thumbnail size-post-thumbnail wp-post-image\" alt=\"\" \/><\/a>\n\t\t\t\t\t\t\t\t<h2 class=\"su-post-title\"><a href=\"https:\/\/wp.unil.ch\/labelettres\/les-philosophes-de-la-vapeur-et-des-allumettes-chimiques-litterature-sciences-et-industrie-en-1855\/\">\u00abLes Philosophes de la vapeur et des allumettes chimiques\u00bb : litt\u00e9rature, sciences et industrie en 1855<\/a><\/h2>\n\t\t\t<\/div>\n\n\t\t\t\t\t\n\t\t\t\n\t\t\t<div id=\"su-post-9835\" class=\"su-post \">\n\t\t\t\t\t\t\t\t\t<a class=\"su-post-thumbnail\" href=\"https:\/\/wp.unil.ch\/labelettres\/objets-en-liberte\/\"><img loading=\"lazy\" decoding=\"async\" width=\"492\" height=\"800\" src=\"https:\/\/wp.unil.ch\/labelettres\/files\/2021\/01\/Essais4couva.gif\" class=\"attachment-post-thumbnail size-post-thumbnail wp-post-image\" alt=\"\" \/><\/a>\n\t\t\t\t\t\t\t\t<h2 class=\"su-post-title\"><a href=\"https:\/\/wp.unil.ch\/labelettres\/objets-en-liberte\/\">Objets en libert\u00e9<\/a><\/h2>\n\t\t\t<\/div>\n\n\t\t\t\n<\/div>\n\n<p><a href=\"https:\/\/applicationspub.unil.ch\/interpub\/noauth\/php\/Un\/UnPers.php?PerNum=1066210&amp;LanCode=37&amp;menu=coord\" target=\"_blank\" rel=\"noopener\"><strong>Laurence Danguy<\/strong><\/a><\/p>\n\n\n<div class=\"su-posts su-posts-teaser-loop \">\n\n\t\t\t\t\t\t\n\t\t\t\n\t\t\t<div id=\"su-post-12775\" class=\"su-post \">\n\t\t\t\t\t\t\t\t\t<a class=\"su-post-thumbnail\" href=\"https:\/\/wp.unil.ch\/labelettres\/caricature-et-chapeaux-la-symbolique-des-couvre-chefs-dans-limage-satirique\/\"><img loading=\"lazy\" decoding=\"async\" width=\"856\" height=\"1200\" src=\"https:\/\/wp.unil.ch\/labelettres\/files\/2024\/02\/DANGUI_2023_caricature_cover.jpg\" class=\"attachment-post-thumbnail size-post-thumbnail wp-post-image\" alt=\"\" srcset=\"https:\/\/wp.unil.ch\/labelettres\/files\/2024\/02\/DANGUI_2023_caricature_cover.jpg 856w, https:\/\/wp.unil.ch\/labelettres\/files\/2024\/02\/DANGUI_2023_caricature_cover-435x610.jpg 435w, https:\/\/wp.unil.ch\/labelettres\/files\/2024\/02\/DANGUI_2023_caricature_cover-768x1077.jpg 768w\" sizes=\"auto, (max-width: 856px) 100vw, 856px\" \/><\/a>\n\t\t\t\t\t\t\t\t<h2 class=\"su-post-title\"><a href=\"https:\/\/wp.unil.ch\/labelettres\/caricature-et-chapeaux-la-symbolique-des-couvre-chefs-dans-limage-satirique\/\">Caricature et chapeaux. La symbolique des couvre-chefs dans l\u2019image satirique<\/a><\/h2>\n\t\t\t<\/div>\n\n\t\t\t\t\t\n\t\t\t\n\t\t\t<div id=\"su-post-12280\" class=\"su-post \">\n\t\t\t\t\t\t\t\t\t<a class=\"su-post-thumbnail\" href=\"https:\/\/wp.unil.ch\/labelettres\/loeil-numerique\/\"><img loading=\"lazy\" decoding=\"async\" width=\"847\" height=\"1200\" src=\"https:\/\/wp.unil.ch\/labelettres\/files\/2023\/06\/DANGUY_2023_oeil-numerique_cover.jpg\" class=\"attachment-post-thumbnail size-post-thumbnail wp-post-image\" alt=\"\" srcset=\"https:\/\/wp.unil.ch\/labelettres\/files\/2023\/06\/DANGUY_2023_oeil-numerique_cover.jpg 847w, https:\/\/wp.unil.ch\/labelettres\/files\/2023\/06\/DANGUY_2023_oeil-numerique_cover-435x616.jpg 435w, https:\/\/wp.unil.ch\/labelettres\/files\/2023\/06\/DANGUY_2023_oeil-numerique_cover-768x1088.jpg 768w\" sizes=\"auto, (max-width: 847px) 100vw, 847px\" \/><\/a>\n\t\t\t\t\t\t\t\t<h2 class=\"su-post-title\"><a href=\"https:\/\/wp.unil.ch\/labelettres\/loeil-numerique\/\">L\u2019\u0153il num\u00e9rique<\/a><\/h2>\n\t\t\t<\/div>\n\n\t\t\t\t\t\n\t\t\t\n\t\t\t<div id=\"su-post-5235\" class=\"su-post \">\n\t\t\t\t\t\t\t\t\t<a class=\"su-post-thumbnail\" href=\"https:\/\/wp.unil.ch\/labelettres\/le-nebelspalter-zurichois-1875-1921-au-coeur-de-leurope-des-revues-et-des-arts\/\"><img loading=\"lazy\" decoding=\"async\" width=\"846\" height=\"1200\" src=\"https:\/\/wp.unil.ch\/labelettres\/files\/2019\/01\/DANGUY_Nebelspalter_couv.jpg\" class=\"attachment-post-thumbnail size-post-thumbnail wp-post-image\" alt=\"\" srcset=\"https:\/\/wp.unil.ch\/labelettres\/files\/2019\/01\/DANGUY_Nebelspalter_couv.jpg 846w, https:\/\/wp.unil.ch\/labelettres\/files\/2019\/01\/DANGUY_Nebelspalter_couv-435x617.jpg 435w, https:\/\/wp.unil.ch\/labelettres\/files\/2019\/01\/DANGUY_Nebelspalter_couv-768x1089.jpg 768w\" sizes=\"auto, (max-width: 846px) 100vw, 846px\" \/><\/a>\n\t\t\t\t\t\t\t\t<h2 class=\"su-post-title\"><a href=\"https:\/\/wp.unil.ch\/labelettres\/le-nebelspalter-zurichois-1875-1921-au-coeur-de-leurope-des-revues-et-des-arts\/\">Le \u00ab\u00a0Nebelspalter\u00a0\u00bb zurichois (1875-1921). Au coeur de l&rsquo;Europe des revues et des arts<\/a><\/h2>\n\t\t\t<\/div>\n\n\t\t\t\t\t\n\t\t\t\n\t\t\t<div id=\"su-post-3262\" class=\"su-post \">\n\t\t\t\t\t\t\t\t\t<a class=\"su-post-thumbnail\" href=\"https:\/\/wp.unil.ch\/labelettres\/le-rire-formes-et-fonctions-du-comique\/\"><img loading=\"lazy\" decoding=\"async\" width=\"768\" height=\"1200\" src=\"https:\/\/wp.unil.ch\/labelettres\/files\/2018\/05\/CARAION_DANGUY_Rire_Couverture-LabeLettres.jpg\" class=\"attachment-post-thumbnail size-post-thumbnail wp-post-image\" alt=\"\" srcset=\"https:\/\/wp.unil.ch\/labelettres\/files\/2018\/05\/CARAION_DANGUY_Rire_Couverture-LabeLettres.jpg 768w, https:\/\/wp.unil.ch\/labelettres\/files\/2018\/05\/CARAION_DANGUY_Rire_Couverture-LabeLettres-435x680.jpg 435w, https:\/\/wp.unil.ch\/labelettres\/files\/2018\/05\/CARAION_DANGUY_Rire_Couverture-LabeLettres-192x300.jpg 192w, https:\/\/wp.unil.ch\/labelettres\/files\/2018\/05\/CARAION_DANGUY_Rire_Couverture-LabeLettres-655x1024.jpg 655w\" sizes=\"auto, (max-width: 768px) 100vw, 768px\" \/><\/a>\n\t\t\t\t\t\t\t\t<h2 class=\"su-post-title\"><a href=\"https:\/\/wp.unil.ch\/labelettres\/le-rire-formes-et-fonctions-du-comique\/\">Le rire : formes et fonctions du comique<\/a><\/h2>\n\t\t\t<\/div>\n\n\t\t\t\t\t\n\t\t\t\n\t\t\t<div id=\"su-post-3382\" class=\"su-post \">\n\t\t\t\t\t\t\t\t\t<a class=\"su-post-thumbnail\" href=\"https:\/\/wp.unil.ch\/labelettres\/le-fabuleux-destin-des-biens-culturels-ordre-et-desordres-de-la-reception\/\"><img loading=\"lazy\" decoding=\"async\" width=\"799\" height=\"1200\" src=\"https:\/\/wp.unil.ch\/labelettres\/files\/2018\/05\/BADINOU_Fabuleux_couv.jpg\" class=\"attachment-post-thumbnail size-post-thumbnail wp-post-image\" alt=\"\" srcset=\"https:\/\/wp.unil.ch\/labelettres\/files\/2018\/05\/BADINOU_Fabuleux_couv.jpg 799w, https:\/\/wp.unil.ch\/labelettres\/files\/2018\/05\/BADINOU_Fabuleux_couv-435x653.jpg 435w, https:\/\/wp.unil.ch\/labelettres\/files\/2018\/05\/BADINOU_Fabuleux_couv-200x300.jpg 200w, https:\/\/wp.unil.ch\/labelettres\/files\/2018\/05\/BADINOU_Fabuleux_couv-768x1153.jpg 768w, https:\/\/wp.unil.ch\/labelettres\/files\/2018\/05\/BADINOU_Fabuleux_couv-682x1024.jpg 682w\" sizes=\"auto, (max-width: 799px) 100vw, 799px\" \/><\/a>\n\t\t\t\t\t\t\t\t<h2 class=\"su-post-title\"><a href=\"https:\/\/wp.unil.ch\/labelettres\/le-fabuleux-destin-des-biens-culturels-ordre-et-desordres-de-la-reception\/\">Le fabuleux destin des biens culturels. Ordre et d\u00e9sordres de la r\u00e9ception<\/a><\/h2>\n\t\t\t<\/div>\n\n\t\t\t\t\t\n\t\t\t\n\t\t\t<div id=\"su-post-10028\" class=\"su-post \">\n\t\t\t\t\t\t\t\t\t<a class=\"su-post-thumbnail\" href=\"https:\/\/wp.unil.ch\/labelettres\/la-caricatureet-si-cetait-serieux-decryptage-de-la-violence-satirique\/\"><img loading=\"lazy\" decoding=\"async\" width=\"784\" height=\"1000\" src=\"https:\/\/wp.unil.ch\/labelettres\/files\/2021\/01\/84736100696160L.jpg\" class=\"attachment-post-thumbnail size-post-thumbnail wp-post-image\" alt=\"\" srcset=\"https:\/\/wp.unil.ch\/labelettres\/files\/2021\/01\/84736100696160L.jpg 784w, https:\/\/wp.unil.ch\/labelettres\/files\/2021\/01\/84736100696160L-435x555.jpg 435w, https:\/\/wp.unil.ch\/labelettres\/files\/2021\/01\/84736100696160L-768x980.jpg 768w\" sizes=\"auto, (max-width: 784px) 100vw, 784px\" \/><\/a>\n\t\t\t\t\t\t\t\t<h2 class=\"su-post-title\"><a href=\"https:\/\/wp.unil.ch\/labelettres\/la-caricatureet-si-cetait-serieux-decryptage-de-la-violence-satirique\/\">La caricature\u2026et si c\u2019\u00e9tait s\u00e9rieux ? D\u00e9cryptage de la violence satirique<\/a><\/h2>\n\t\t\t<\/div>\n\n\t\t\t\n<\/div>\n\n<div class=\"su-divider su-divider-style-default\" style=\"margin:15px 0;border-width:1px;border-color:#999999\"><\/div>\n","protected":false},"excerpt":{"rendered":"<p>Qu&rsquo;est-ce que le rire ?<\/p>\n","protected":false},"author":1001615,"featured_media":3277,"comment_status":"closed","ping_status":"closed","sticky":false,"template":"","format":"standard","meta":{"_seopress_robots_primary_cat":"","_seopress_titles_title":"","_seopress_titles_desc":"","_seopress_robots_index":"","footnotes":""},"categories":[2,3],"tags":[933,934,439,931,1359,936,862,810,932,863,935,1214,1212],"class_list":{"0":"post-3262","1":"post","2":"type-post","3":"status-publish","4":"format-standard","5":"has-post-thumbnail","7":"category-arts-medias","8":"category-langues-litteratures","9":"tag-burlesque","10":"tag-caricature","11":"tag-comedie","12":"tag-comique","13":"tag-formation-doctorale-interdisciplinaire-fdi","14":"tag-humour","15":"tag-laurence-danguy","16":"tag-marta-caraion","17":"tag-parodie","18":"tag-rire","19":"tag-satire","20":"tag-section-dhistoire-de-lart","21":"tag-section-de-francais"},"_links":{"self":[{"href":"https:\/\/wp.unil.ch\/labelettres\/wp-json\/wp\/v2\/posts\/3262","targetHints":{"allow":["GET"]}}],"collection":[{"href":"https:\/\/wp.unil.ch\/labelettres\/wp-json\/wp\/v2\/posts"}],"about":[{"href":"https:\/\/wp.unil.ch\/labelettres\/wp-json\/wp\/v2\/types\/post"}],"author":[{"embeddable":true,"href":"https:\/\/wp.unil.ch\/labelettres\/wp-json\/wp\/v2\/users\/1001615"}],"replies":[{"embeddable":true,"href":"https:\/\/wp.unil.ch\/labelettres\/wp-json\/wp\/v2\/comments?post=3262"}],"version-history":[{"count":0,"href":"https:\/\/wp.unil.ch\/labelettres\/wp-json\/wp\/v2\/posts\/3262\/revisions"}],"wp:featuredmedia":[{"embeddable":true,"href":"https:\/\/wp.unil.ch\/labelettres\/wp-json\/wp\/v2\/media\/3277"}],"wp:attachment":[{"href":"https:\/\/wp.unil.ch\/labelettres\/wp-json\/wp\/v2\/media?parent=3262"}],"wp:term":[{"taxonomy":"category","embeddable":true,"href":"https:\/\/wp.unil.ch\/labelettres\/wp-json\/wp\/v2\/categories?post=3262"},{"taxonomy":"post_tag","embeddable":true,"href":"https:\/\/wp.unil.ch\/labelettres\/wp-json\/wp\/v2\/tags?post=3262"}],"curies":[{"name":"wp","href":"https:\/\/api.w.org\/{rel}","templated":true}]}}