{"id":1942,"date":"2018-03-16T17:07:18","date_gmt":"2018-03-16T16:07:18","guid":{"rendered":"http:\/\/wp.unil.ch\/labelettres\/?p=1942"},"modified":"2020-09-22T14:13:33","modified_gmt":"2020-09-22T12:13:33","slug":"de-frederic-ii-a-rodolphe-ii-astrologie-divination-et-magie-dans-les-cours-xiiie-xviie-siecle","status":"publish","type":"post","link":"https:\/\/wp.unil.ch\/labelettres\/de-frederic-ii-a-rodolphe-ii-astrologie-divination-et-magie-dans-les-cours-xiiie-xviie-siecle\/","title":{"rendered":"De Fr\u00e9d\u00e9ric II \u00e0 Rodolphe II\u00a0: astrologie, divination et magie dans les cours (XIIIe-XVIIe si\u00e8cle)"},"content":{"rendered":"<div class=\"su-row\">\n<div class=\"su-column su-column-size-2-3\"><div class=\"su-column-inner su-u-clearfix su-u-trim\"><b>Quel r\u00f4le les cours princi\u00e8res ont-elles jou\u00e9 dans la production et la diffusion de l&rsquo;astrologie, de la divination et de la magie ?<\/b><\/p>\n<p><!--more--><\/p>\n<p>Dans\u00a0l\u2019Occident m\u00e9di\u00e9val, au moins depuis le XIIe\u00a0si\u00e8cle, et dans\u00a0l\u2019Europe de l\u2019\u00e9poque moderne, les cours ont \u00e9t\u00e9 des centres de production, de\u00a0conservation et de diffusion des\u00a0textes concernant les sciences de la nature.<\/p>\n<p>En rapport direct avec cet extraordinaire int\u00e9r\u00eat, des savoirs situ\u00e9s \u00e0 la\u00a0fronti\u00e8re entre le licite et l\u2019illicite tels\u00a0que l\u2019astrologie, la divination et la magie, ont occup\u00e9 une place centrale dans\u00a0les pratiques et les repr\u00e9sentations du pouvoir. Cette situation particuli\u00e8re\u00a0n\u2019a pas emp\u00each\u00e9 le\u00a0d\u00e9veloppement d\u2019une r\u00e9pression de ces \u00ab\u00a0arts\u00a0\u00bb, \u00e0\u00a0g\u00e9om\u00e9trie variable selon les lieux et les circonstances.<\/p>\n<p>De\u00a0Fr\u00e9d\u00e9ric II \u00e0 Rodolphe II, les cours princi\u00e8res et eccl\u00e9siastiques ont \u00e9t\u00e9 \u00e0 la\u00a0fois des laboratoires d\u2019<em>experimenta\u00a0<\/em>en la mati\u00e8re, des lieux strat\u00e9giques d\u2019affirmation de la\u00a0souverainet\u00e9, mais\u00a0aussi de rivalit\u00e9s multiples, de manipulations en tout genre et de guerre\u00a0psychologique. Les textes r\u00e9unis par\u00a0Martine\u00a0Ostorero (<a href=\"https:\/\/www.unil.ch\/hist\/fr\/home.html\">Section d&rsquo;histoire<\/a>),\u00a0Agostino\u00a0Paravicini Bagliani (<a href=\"https:\/\/www.unil.ch\/hist\/fr\/home.html\">Section d&rsquo;histoire<\/a>)\u00a0et\u00a0Jean-Patrice\u00a0Boudet sont issus du <a href=\"https:\/\/agenda.unil.ch\/display?id=1409741797204133\" target=\"_blank\" rel=\"noopener noreferrer\">colloque international<\/a> qui s\u2019est tenu \u00e0 Lausanne en 2014.<\/p>\n<p>Jean-Patrice\u00a0Boudet, Martine\u00a0Ostorero et Agostino\u00a0Paravicini Bagliani (dir.), <a href=\"https:\/\/www.sismel.it\/tidetails.asp\" target=\"_blank\" rel=\"noopener noreferrer\"><em>De Fr\u00e9d\u00e9ric II\u00a0\u00e0 Rodolphe II : astrologie, divination et magie dans les cours (XIIIe-XVIIe\u00a0si\u00e8cle)<\/em><\/a>, Florence, SISMEL \u2013 Edizioni del Galuzzo,\u00a02017.<\/p>\n<\/div><\/div>\n<div class=\"su-column su-column-size-1-3\"><div class=\"su-column-inner su-u-clearfix su-u-trim\"><img alt=\"\" loading=\"lazy\" decoding=\"async\" class=\"aligncenter wp-image-1954\" src=\"https:\/\/wp.unil.ch\/labelettres\/files\/2018\/01\/OSTORERO_De_Frederic_II_couv-copie-200x300.jpg\" alt=\"\" width=\"300\" height=\"449\" srcset=\"https:\/\/wp.unil.ch\/labelettres\/files\/2018\/01\/OSTORERO_De_Frederic_II_couv-copie-200x300.jpg 200w, https:\/\/wp.unil.ch\/labelettres\/files\/2018\/01\/OSTORERO_De_Frederic_II_couv-copie-435x652.jpg 435w, https:\/\/wp.unil.ch\/labelettres\/files\/2018\/01\/OSTORERO_De_Frederic_II_couv-copie-768x1151.jpg 768w, https:\/\/wp.unil.ch\/labelettres\/files\/2018\/01\/OSTORERO_De_Frederic_II_couv-copie-684x1024.jpg 684w, https:\/\/wp.unil.ch\/labelettres\/files\/2018\/01\/OSTORERO_De_Frederic_II_couv-copie.jpg 801w\" sizes=\"auto, (max-width: 300px) 100vw, 300px\" \/><\/p>\n<\/div><\/div>\n<\/div>\n<div class=\"su-divider su-divider-style-default\" style=\"margin:15px 0;border-width:1px;border-color:#999999\"><\/div>\n<h6><strong>TOUTES LES NOTICES DE<\/strong><\/h6>\n<p><a href=\"https:\/\/applicationspub.unil.ch\/interpub\/noauth\/php\/Un\/UnPers.php?PerNum=871297&amp;LanCode=37\" target=\"_blank\" rel=\"noopener noreferrer\"><strong>Martine Ostorero<\/strong><\/a><\/p>\n\n\n<div class=\"su-posts su-posts-teaser-loop \">\n\n\t\t\t\t\t\t\n\t\t\t\n\t\t\t<div id=\"su-post-16150\" class=\"su-post \">\n\t\t\t\t\t\t\t\t\t<a class=\"su-post-thumbnail\" href=\"https:\/\/wp.unil.ch\/labelettres\/combattre-linvention-du-sabbat-le-de-synagoga-demonum-dhumbert-de-costa-vers-1470-le-premier-traite-contre-la-chasse-aux-sorcieres\/\"><img loading=\"lazy\" decoding=\"async\" width=\"556\" height=\"824\" src=\"https:\/\/wp.unil.ch\/labelettres\/files\/2026\/04\/2026-hist-sabbat.png\" class=\"attachment-post-thumbnail size-post-thumbnail wp-post-image\" alt=\"2026 hist sabbat\" srcset=\"https:\/\/wp.unil.ch\/labelettres\/files\/2026\/04\/2026-hist-sabbat.png 556w, https:\/\/wp.unil.ch\/labelettres\/files\/2026\/04\/2026-hist-sabbat-435x645.png 435w\" sizes=\"auto, (max-width: 556px) 100vw, 556px\" \/><\/a>\n\t\t\t\t\t\t\t\t<h2 class=\"su-post-title\"><a href=\"https:\/\/wp.unil.ch\/labelettres\/combattre-linvention-du-sabbat-le-de-synagoga-demonum-dhumbert-de-costa-vers-1470-le-premier-traite-contre-la-chasse-aux-sorcieres\/\">Combattre l\u2019invention du sabbat. Le \u00abDe synagoga demonum\u00bb d\u2019Humbert de Costa (vers 1470), le premier trait\u00e9 contre la chasse aux sorci\u00e8res?<\/a><\/h2>\n\t\t\t<\/div>\n\n\t\t\t\t\t\n\t\t\t\n\t\t\t<div id=\"su-post-15906\" class=\"su-post \">\n\t\t\t\t\t\t\t\t\t<a class=\"su-post-thumbnail\" href=\"https:\/\/wp.unil.ch\/labelettres\/faire-et-defaire-envoutements-et-malefices-savoirs-pratiques-et-representations\/\"><img loading=\"lazy\" decoding=\"async\" width=\"400\" height=\"600\" src=\"https:\/\/wp.unil.ch\/labelettres\/files\/2026\/01\/2026-hist-faire-et-defaire-envoutements-et-malefices-couv.png\" class=\"attachment-post-thumbnail size-post-thumbnail wp-post-image\" alt=\"2026 hist faire et de\u0301faire envou\u0302tements et male\u0301fices couv\" \/><\/a>\n\t\t\t\t\t\t\t\t<h2 class=\"su-post-title\"><a href=\"https:\/\/wp.unil.ch\/labelettres\/faire-et-defaire-envoutements-et-malefices-savoirs-pratiques-et-representations\/\">Faire et d\u00e9faire envo\u00fbtements et mal\u00e9fices. Savoirs, pratiques et repr\u00e9sentations<\/a><\/h2>\n\t\t\t<\/div>\n\n\t\t\t\t\t\n\t\t\t\n\t\t\t<div id=\"su-post-15862\" class=\"su-post \">\n\t\t\t\t\t\t\t\t\t<a class=\"su-post-thumbnail\" href=\"https:\/\/wp.unil.ch\/labelettres\/la-repression-de-la-sorcellerie-en-pays-de-vaud-1438-1536-tomes-1-2\/\"><img loading=\"lazy\" decoding=\"async\" width=\"852\" height=\"1200\" src=\"https:\/\/wp.unil.ch\/labelettres\/files\/2025\/12\/2025-hist-sorcellerie-vd-couv.jpg\" class=\"attachment-post-thumbnail size-post-thumbnail wp-post-image\" alt=\"2025 hist sorcellerie vd couv\" srcset=\"https:\/\/wp.unil.ch\/labelettres\/files\/2025\/12\/2025-hist-sorcellerie-vd-couv.jpg 852w, https:\/\/wp.unil.ch\/labelettres\/files\/2025\/12\/2025-hist-sorcellerie-vd-couv-435x613.jpg 435w, https:\/\/wp.unil.ch\/labelettres\/files\/2025\/12\/2025-hist-sorcellerie-vd-couv-768x1082.jpg 768w\" sizes=\"auto, (max-width: 852px) 100vw, 852px\" \/><\/a>\n\t\t\t\t\t\t\t\t<h2 class=\"su-post-title\"><a href=\"https:\/\/wp.unil.ch\/labelettres\/la-repression-de-la-sorcellerie-en-pays-de-vaud-1438-1536-tomes-1-2\/\">La r\u00e9pression de la sorcellerie en Pays de Vaud (1438-1536). Tomes 1 &amp; 2<\/a><\/h2>\n\t\t\t<\/div>\n\n\t\t\t\t\t\n\t\t\t\n\t\t\t<div id=\"su-post-13180\" class=\"su-post \">\n\t\t\t\t\t\t\t\t\t<a class=\"su-post-thumbnail\" href=\"https:\/\/wp.unil.ch\/labelettres\/contester-linquisition-xiiie-xve-siecle\/\"><img loading=\"lazy\" decoding=\"async\" width=\"825\" height=\"1200\" src=\"https:\/\/wp.unil.ch\/labelettres\/files\/2024\/08\/OSTORERO_2024_Contester_inquisition_cover-1.jpg\" class=\"attachment-post-thumbnail size-post-thumbnail wp-post-image\" alt=\"\" srcset=\"https:\/\/wp.unil.ch\/labelettres\/files\/2024\/08\/OSTORERO_2024_Contester_inquisition_cover-1.jpg 825w, https:\/\/wp.unil.ch\/labelettres\/files\/2024\/08\/OSTORERO_2024_Contester_inquisition_cover-1-435x633.jpg 435w, https:\/\/wp.unil.ch\/labelettres\/files\/2024\/08\/OSTORERO_2024_Contester_inquisition_cover-1-768x1117.jpg 768w\" sizes=\"auto, (max-width: 825px) 100vw, 825px\" \/><\/a>\n\t\t\t\t\t\t\t\t<h2 class=\"su-post-title\"><a href=\"https:\/\/wp.unil.ch\/labelettres\/contester-linquisition-xiiie-xve-siecle\/\">Contester l&rsquo;Inquisition (XIIIe-XVe si\u00e8cle)<\/a><\/h2>\n\t\t\t<\/div>\n\n\t\t\t\t\t\n\t\t\t\n\t\t\t<div id=\"su-post-10925\" class=\"su-post \">\n\t\t\t\t\t\t\t\t\t<a class=\"su-post-thumbnail\" href=\"https:\/\/wp.unil.ch\/labelettres\/un-notaire-a-letude-le-plus-ancien-registre-lausannois-1360-1366\/\"><img loading=\"lazy\" decoding=\"async\" width=\"786\" height=\"1200\" src=\"https:\/\/wp.unil.ch\/labelettres\/files\/2021\/09\/OSTORERO_2021_notaire_cover.jpg\" class=\"attachment-post-thumbnail size-post-thumbnail wp-post-image\" alt=\"\" srcset=\"https:\/\/wp.unil.ch\/labelettres\/files\/2021\/09\/OSTORERO_2021_notaire_cover.jpg 786w, https:\/\/wp.unil.ch\/labelettres\/files\/2021\/09\/OSTORERO_2021_notaire_cover-435x664.jpg 435w, https:\/\/wp.unil.ch\/labelettres\/files\/2021\/09\/OSTORERO_2021_notaire_cover-768x1173.jpg 768w\" sizes=\"auto, (max-width: 786px) 100vw, 786px\" \/><\/a>\n\t\t\t\t\t\t\t\t<h2 class=\"su-post-title\"><a href=\"https:\/\/wp.unil.ch\/labelettres\/un-notaire-a-letude-le-plus-ancien-registre-lausannois-1360-1366\/\">Un notaire \u00e0 l\u2019\u00e9tude. Le plus ancien registre lausannois (1360-1366)<\/a><\/h2>\n\t\t\t<\/div>\n\n\t\t\t\t\t\n\t\t\t\n\t\t\t<div id=\"su-post-1942\" class=\"su-post \">\n\t\t\t\t\t\t\t\t\t<a class=\"su-post-thumbnail\" href=\"https:\/\/wp.unil.ch\/labelettres\/de-frederic-ii-a-rodolphe-ii-astrologie-divination-et-magie-dans-les-cours-xiiie-xviie-siecle\/\"><img loading=\"lazy\" decoding=\"async\" width=\"801\" height=\"1200\" src=\"https:\/\/wp.unil.ch\/labelettres\/files\/2018\/01\/OSTORERO_De_Frederic_II_couv-copie.jpg\" class=\"attachment-post-thumbnail size-post-thumbnail wp-post-image\" alt=\"\" srcset=\"https:\/\/wp.unil.ch\/labelettres\/files\/2018\/01\/OSTORERO_De_Frederic_II_couv-copie.jpg 801w, https:\/\/wp.unil.ch\/labelettres\/files\/2018\/01\/OSTORERO_De_Frederic_II_couv-copie-435x652.jpg 435w, https:\/\/wp.unil.ch\/labelettres\/files\/2018\/01\/OSTORERO_De_Frederic_II_couv-copie-200x300.jpg 200w, https:\/\/wp.unil.ch\/labelettres\/files\/2018\/01\/OSTORERO_De_Frederic_II_couv-copie-768x1151.jpg 768w, https:\/\/wp.unil.ch\/labelettres\/files\/2018\/01\/OSTORERO_De_Frederic_II_couv-copie-684x1024.jpg 684w\" sizes=\"auto, (max-width: 801px) 100vw, 801px\" \/><\/a>\n\t\t\t\t\t\t\t\t<h2 class=\"su-post-title\"><a href=\"https:\/\/wp.unil.ch\/labelettres\/de-frederic-ii-a-rodolphe-ii-astrologie-divination-et-magie-dans-les-cours-xiiie-xviie-siecle\/\">De Fr\u00e9d\u00e9ric II \u00e0 Rodolphe II\u00a0: astrologie, divination et magie dans les cours (XIIIe-XVIIe si\u00e8cle)<\/a><\/h2>\n\t\t\t<\/div>\n\n\t\t\t\t\t\n\t\t\t\n\t\t\t<div id=\"su-post-8665\" class=\"su-post \">\n\t\t\t\t\t\t\t\t\t<a class=\"su-post-thumbnail\" href=\"https:\/\/wp.unil.ch\/labelettres\/lenigme-de-la-vauderie-de-lyon-enquete-sur-lessor-de-la-chasse-aux-sorcieres-entre-france-et-empire-1430-1480\/\"><img loading=\"lazy\" decoding=\"async\" width=\"338\" height=\"500\" src=\"https:\/\/wp.unil.ch\/labelettres\/files\/2020\/09\/9788884506597-475x500-1.jpg\" class=\"attachment-post-thumbnail size-post-thumbnail wp-post-image\" alt=\"\" \/><\/a>\n\t\t\t\t\t\t\t\t<h2 class=\"su-post-title\"><a href=\"https:\/\/wp.unil.ch\/labelettres\/lenigme-de-la-vauderie-de-lyon-enquete-sur-lessor-de-la-chasse-aux-sorcieres-entre-france-et-empire-1430-1480\/\">L&rsquo;\u00e9nigme de la Vauderie de Lyon. Enqu\u00eate sur l&rsquo;essor de la chasse aux sorci\u00e8res entre France et Empire (1430-1480)<\/a><\/h2>\n\t\t\t<\/div>\n\n\t\t\t\t\t\n\t\t\t\n\t\t\t<div id=\"su-post-8614\" class=\"su-post \">\n\t\t\t\t\t\t\t\t\t<a class=\"su-post-thumbnail\" href=\"https:\/\/wp.unil.ch\/labelettres\/penser-avec-les-demons-demonologues-et-demonologie-xiiie-xviie-siecles\/\"><img loading=\"lazy\" decoding=\"async\" width=\"812\" height=\"1200\" src=\"https:\/\/wp.unil.ch\/labelettres\/files\/2020\/09\/71LbH3IOEUL.jpg\" class=\"attachment-post-thumbnail size-post-thumbnail wp-post-image\" alt=\"\" srcset=\"https:\/\/wp.unil.ch\/labelettres\/files\/2020\/09\/71LbH3IOEUL.jpg 812w, https:\/\/wp.unil.ch\/labelettres\/files\/2020\/09\/71LbH3IOEUL-435x643.jpg 435w, https:\/\/wp.unil.ch\/labelettres\/files\/2020\/09\/71LbH3IOEUL-768x1135.jpg 768w\" sizes=\"auto, (max-width: 812px) 100vw, 812px\" \/><\/a>\n\t\t\t\t\t\t\t\t<h2 class=\"su-post-title\"><a href=\"https:\/\/wp.unil.ch\/labelettres\/penser-avec-les-demons-demonologues-et-demonologie-xiiie-xviie-siecles\/\">Penser avec les d\u00e9mons: d\u00e9monologues et d\u00e9monologie (XIIIe-XVIIe si\u00e8cles)<\/a><\/h2>\n\t\t\t<\/div>\n\n\t\t\t\t\t\n\t\t\t\n\t\t\t<div id=\"su-post-8661\" class=\"su-post \">\n\t\t\t\t\t\t\t\t\t<a class=\"su-post-thumbnail\" href=\"https:\/\/wp.unil.ch\/labelettres\/le-diable-au-sabbat-litterature-demonologique-et-sorcellerie-1440-1460\/\"><img loading=\"lazy\" decoding=\"async\" width=\"372\" height=\"512\" src=\"https:\/\/wp.unil.ch\/labelettres\/files\/2020\/09\/unnamed.png\" class=\"attachment-post-thumbnail size-post-thumbnail wp-post-image\" alt=\"\" \/><\/a>\n\t\t\t\t\t\t\t\t<h2 class=\"su-post-title\"><a href=\"https:\/\/wp.unil.ch\/labelettres\/le-diable-au-sabbat-litterature-demonologique-et-sorcellerie-1440-1460\/\">Le diable au sabbat: litt\u00e9rature d\u00e9monologique et sorcellerie (1440-1460)<\/a><\/h2>\n\t\t\t<\/div>\n\n\t\t\t\t\t\n\t\t\t\n\t\t\t<div id=\"su-post-9958\" class=\"su-post \">\n\t\t\t\t\t\t\t\t\t<a class=\"su-post-thumbnail\" href=\"https:\/\/wp.unil.ch\/labelettres\/folatrer-avec-les-demons-sabbat-et-chasse-aux-sorciers-a-vevey-1448\/\"><img loading=\"lazy\" decoding=\"async\" width=\"380\" height=\"591\" src=\"https:\/\/wp.unil.ch\/labelettres\/files\/2021\/01\/FF-1.jpg\" class=\"attachment-post-thumbnail size-post-thumbnail wp-post-image\" alt=\"\" \/><\/a>\n\t\t\t\t\t\t\t\t<h2 class=\"su-post-title\"><a href=\"https:\/\/wp.unil.ch\/labelettres\/folatrer-avec-les-demons-sabbat-et-chasse-aux-sorciers-a-vevey-1448\/\">\u00ab Fol\u00e2trer avec les d\u00e9mons \u00bb &#8211; Sabbat et chasse aux sorciers \u00e0 Vevey (1448)<\/a><\/h2>\n\t\t\t<\/div>\n\n\t\t\t\t\t\n\t\t\t\n\t\t\t<div id=\"su-post-9956\" class=\"su-post \">\n\t\t\t\t\t\t\t\t\t<a class=\"su-post-thumbnail\" href=\"https:\/\/wp.unil.ch\/labelettres\/memoires-de-cours-etudes-offertes-a-agostino-paravicini-bagliani-par-ses-collegues-et-eleves-de-luniversite-de-lausanne\/\"><img loading=\"lazy\" decoding=\"async\" width=\"295\" height=\"472\" src=\"https:\/\/wp.unil.ch\/labelettres\/files\/2021\/01\/imagecahier48_2_.jpg\" class=\"attachment-post-thumbnail size-post-thumbnail wp-post-image\" alt=\"\" \/><\/a>\n\t\t\t\t\t\t\t\t<h2 class=\"su-post-title\"><a href=\"https:\/\/wp.unil.ch\/labelettres\/memoires-de-cours-etudes-offertes-a-agostino-paravicini-bagliani-par-ses-collegues-et-eleves-de-luniversite-de-lausanne\/\">M\u00e9moires de cours &#8211; \u00c9tudes offertes \u00e0 Agostino Paravicini Bagliani par ses coll\u00e8gues et \u00e9l\u00e8ves de l&rsquo;Universit\u00e9 de Lausanne<\/a><\/h2>\n\t\t\t<\/div>\n\n\t\t\t\t\t\n\t\t\t\n\t\t\t<div id=\"su-post-9962\" class=\"su-post \">\n\t\t\t\t\t\t\t\t\t<a class=\"su-post-thumbnail\" href=\"https:\/\/wp.unil.ch\/labelettres\/inquisition-et-sorcellerie-en-suisse-romande-le-registre-ac-29-des-archives-cantonales-vaudoises-1438-1528\/\"><img loading=\"lazy\" decoding=\"async\" width=\"344\" height=\"519\" src=\"https:\/\/wp.unil.ch\/labelettres\/files\/2021\/01\/51u1PEqecbL.jpg\" class=\"attachment-post-thumbnail size-post-thumbnail wp-post-image\" alt=\"\" \/><\/a>\n\t\t\t\t\t\t\t\t<h2 class=\"su-post-title\"><a href=\"https:\/\/wp.unil.ch\/labelettres\/inquisition-et-sorcellerie-en-suisse-romande-le-registre-ac-29-des-archives-cantonales-vaudoises-1438-1528\/\">Inquisition et sorcellerie en Suisse romande : Le registre Ac 29 des Archives cantonales vaudoises (1438 &#8211; 1528)<\/a><\/h2>\n\t\t\t<\/div>\n\n\t\t\t\n<\/div>\n\n<p><a href=\"https:\/\/www.unil.ch\/lettres\/fr\/home\/menuinst\/la-faculte\/professeures-honoraires\/2009\/paravicini-bagliani-agostino.html\" target=\"_blank\" rel=\"noopener noreferrer\"><strong>Agostino\u00a0Paravicini Bagliani<\/strong><\/a><\/p>\n\n\n<div class=\"su-posts su-posts-teaser-loop \">\n\n\t\t\t\t\t\t\n\t\t\t\n\t\t\t<div id=\"su-post-13392\" class=\"su-post \">\n\t\t\t\t\t\t\t\t\t<a class=\"su-post-thumbnail\" href=\"https:\/\/wp.unil.ch\/labelettres\/le-sommeil-theories-representations-et-pratiques-moyen-age-et-epoque-moderne\/\"><img loading=\"lazy\" decoding=\"async\" width=\"794\" height=\"1123\" src=\"https:\/\/wp.unil.ch\/labelettres\/files\/2025\/01\/2024-HIST-Sommeil-LbL.png\" class=\"attachment-post-thumbnail size-post-thumbnail wp-post-image\" alt=\"\" srcset=\"https:\/\/wp.unil.ch\/labelettres\/files\/2025\/01\/2024-HIST-Sommeil-LbL.png 794w, https:\/\/wp.unil.ch\/labelettres\/files\/2025\/01\/2024-HIST-Sommeil-LbL-435x615.png 435w, https:\/\/wp.unil.ch\/labelettres\/files\/2025\/01\/2024-HIST-Sommeil-LbL-768x1086.png 768w\" sizes=\"auto, (max-width: 794px) 100vw, 794px\" \/><\/a>\n\t\t\t\t\t\t\t\t<h2 class=\"su-post-title\"><a href=\"https:\/\/wp.unil.ch\/labelettres\/le-sommeil-theories-representations-et-pratiques-moyen-age-et-epoque-moderne\/\">Le sommeil. Th\u00e9ories, repr\u00e9sentations et pratiques (Moyen \u00c2ge et \u00e9poque moderne)<\/a><\/h2>\n\t\t\t<\/div>\n\n\t\t\t\t\t\n\t\t\t\n\t\t\t<div id=\"su-post-12792\" class=\"su-post \">\n\t\t\t\t\t\t\t\t\t<a class=\"su-post-thumbnail\" href=\"https:\/\/wp.unil.ch\/labelettres\/histoire-de-la-papesse-jeanne-une-enquete-au-coeur-des-textes\/\"><img loading=\"lazy\" decoding=\"async\" width=\"826\" height=\"1200\" src=\"https:\/\/wp.unil.ch\/labelettres\/files\/2024\/02\/PARAVICINI_2023_Jeanne_cover.jpg\" class=\"attachment-post-thumbnail size-post-thumbnail wp-post-image\" alt=\"\" srcset=\"https:\/\/wp.unil.ch\/labelettres\/files\/2024\/02\/PARAVICINI_2023_Jeanne_cover.jpg 826w, https:\/\/wp.unil.ch\/labelettres\/files\/2024\/02\/PARAVICINI_2023_Jeanne_cover-435x632.jpg 435w, https:\/\/wp.unil.ch\/labelettres\/files\/2024\/02\/PARAVICINI_2023_Jeanne_cover-768x1116.jpg 768w\" sizes=\"auto, (max-width: 826px) 100vw, 826px\" \/><\/a>\n\t\t\t\t\t\t\t\t<h2 class=\"su-post-title\"><a href=\"https:\/\/wp.unil.ch\/labelettres\/histoire-de-la-papesse-jeanne-une-enquete-au-coeur-des-textes\/\">Histoire de la papesse Jeanne. Une enqu\u00eate au c\u0153ur des textes<\/a><\/h2>\n\t\t\t<\/div>\n\n\t\t\t\t\t\n\t\t\t\n\t\t\t<div id=\"su-post-12231\" class=\"su-post \">\n\t\t\t\t\t\t\t\t\t<a class=\"su-post-thumbnail\" href=\"https:\/\/wp.unil.ch\/labelettres\/la-papessa-giovanna-e-le-sue-leggende-un-percorso-di-ricerca-tra-codici-e-testi\/\"><img loading=\"lazy\" decoding=\"async\" width=\"845\" height=\"1200\" src=\"https:\/\/wp.unil.ch\/labelettres\/files\/2023\/05\/PARAVICINI_2023_papessa-Giovanna_cover.jpg\" class=\"attachment-post-thumbnail size-post-thumbnail wp-post-image\" alt=\"\" srcset=\"https:\/\/wp.unil.ch\/labelettres\/files\/2023\/05\/PARAVICINI_2023_papessa-Giovanna_cover.jpg 845w, https:\/\/wp.unil.ch\/labelettres\/files\/2023\/05\/PARAVICINI_2023_papessa-Giovanna_cover-435x618.jpg 435w, https:\/\/wp.unil.ch\/labelettres\/files\/2023\/05\/PARAVICINI_2023_papessa-Giovanna_cover-768x1091.jpg 768w\" sizes=\"auto, (max-width: 845px) 100vw, 845px\" \/><\/a>\n\t\t\t\t\t\t\t\t<h2 class=\"su-post-title\"><a href=\"https:\/\/wp.unil.ch\/labelettres\/la-papessa-giovanna-e-le-sue-leggende-un-percorso-di-ricerca-tra-codici-e-testi\/\">La Papessa Giovanna e le sue leggende. Un percorso di ricerca tra codici e testi<\/a><\/h2>\n\t\t\t<\/div>\n\n\t\t\t\t\t\n\t\t\t\n\t\t\t<div id=\"su-post-11110\" class=\"su-post \">\n\t\t\t\t\t\t\t\t\t<a class=\"su-post-thumbnail\" href=\"https:\/\/wp.unil.ch\/labelettres\/le-moyen-age-et-les-sciences\/\"><img loading=\"lazy\" decoding=\"async\" width=\"802\" height=\"1200\" src=\"https:\/\/wp.unil.ch\/labelettres\/files\/2021\/12\/PARAVICINI_2021_Moyen-Age_Sciences_cover.png\" class=\"attachment-post-thumbnail size-post-thumbnail wp-post-image\" alt=\"\" srcset=\"https:\/\/wp.unil.ch\/labelettres\/files\/2021\/12\/PARAVICINI_2021_Moyen-Age_Sciences_cover.png 802w, https:\/\/wp.unil.ch\/labelettres\/files\/2021\/12\/PARAVICINI_2021_Moyen-Age_Sciences_cover-435x651.png 435w, https:\/\/wp.unil.ch\/labelettres\/files\/2021\/12\/PARAVICINI_2021_Moyen-Age_Sciences_cover-768x1149.png 768w\" sizes=\"auto, (max-width: 802px) 100vw, 802px\" \/><\/a>\n\t\t\t\t\t\t\t\t<h2 class=\"su-post-title\"><a href=\"https:\/\/wp.unil.ch\/labelettres\/le-moyen-age-et-les-sciences\/\">Le Moyen \u00c2ge et les sciences<\/a><\/h2>\n\t\t\t<\/div>\n\n\t\t\t\t\t\n\t\t\t\n\t\t\t<div id=\"su-post-11107\" class=\"su-post \">\n\t\t\t\t\t\t\t\t\t<a class=\"su-post-thumbnail\" href=\"https:\/\/wp.unil.ch\/labelettres\/la-papessa-giovanna-i-testi-della-leggenda-1250-1500\/\"><img loading=\"lazy\" decoding=\"async\" width=\"796\" height=\"1200\" src=\"https:\/\/wp.unil.ch\/labelettres\/files\/2021\/12\/PARAVICINI_2021_papessa-Giovanna_cover.png\" class=\"attachment-post-thumbnail size-post-thumbnail wp-post-image\" alt=\"\" srcset=\"https:\/\/wp.unil.ch\/labelettres\/files\/2021\/12\/PARAVICINI_2021_papessa-Giovanna_cover.png 796w, https:\/\/wp.unil.ch\/labelettres\/files\/2021\/12\/PARAVICINI_2021_papessa-Giovanna_cover-435x656.png 435w, https:\/\/wp.unil.ch\/labelettres\/files\/2021\/12\/PARAVICINI_2021_papessa-Giovanna_cover-768x1158.png 768w\" sizes=\"auto, (max-width: 796px) 100vw, 796px\" \/><\/a>\n\t\t\t\t\t\t\t\t<h2 class=\"su-post-title\"><a href=\"https:\/\/wp.unil.ch\/labelettres\/la-papessa-giovanna-i-testi-della-leggenda-1250-1500\/\">La Papessa Giovanna. I testi della leggenda (1250-1500)<\/a><\/h2>\n\t\t\t<\/div>\n\n\t\t\t\t\t\n\t\t\t\n\t\t\t<div id=\"su-post-7044\" class=\"su-post \">\n\t\t\t\t\t\t\t\t\t<a class=\"su-post-thumbnail\" href=\"https:\/\/wp.unil.ch\/labelettres\/le-bestiaire-du-pape\/\"><img loading=\"lazy\" decoding=\"async\" width=\"331\" height=\"475\" src=\"https:\/\/wp.unil.ch\/labelettres\/files\/2019\/12\/PARAVICINI_Bestiaire_pape_cover.gif\" class=\"attachment-post-thumbnail size-post-thumbnail wp-post-image\" alt=\"\" \/><\/a>\n\t\t\t\t\t\t\t\t<h2 class=\"su-post-title\"><a href=\"https:\/\/wp.unil.ch\/labelettres\/le-bestiaire-du-pape\/\">Le bestiaire du pape<\/a><\/h2>\n\t\t\t<\/div>\n\n\t\t\t\t\t\n\t\t\t\n\t\t\t<div id=\"su-post-8864\" class=\"su-post \">\n\t\t\t\t\t\t\t\t\t<a class=\"su-post-thumbnail\" href=\"https:\/\/wp.unil.ch\/labelettres\/le-banquet-manger-boire-et-parler-ensemble-xiiie-xviie-siecles\/\"><img loading=\"lazy\" decoding=\"async\" width=\"500\" height=\"745\" src=\"https:\/\/wp.unil.ch\/labelettres\/files\/2020\/10\/sadfadsf-1.jpg\" class=\"attachment-post-thumbnail size-post-thumbnail wp-post-image\" alt=\"\" srcset=\"https:\/\/wp.unil.ch\/labelettres\/files\/2020\/10\/sadfadsf-1.jpg 500w, https:\/\/wp.unil.ch\/labelettres\/files\/2020\/10\/sadfadsf-1-435x648.jpg 435w\" sizes=\"auto, (max-width: 500px) 100vw, 500px\" \/><\/a>\n\t\t\t\t\t\t\t\t<h2 class=\"su-post-title\"><a href=\"https:\/\/wp.unil.ch\/labelettres\/le-banquet-manger-boire-et-parler-ensemble-xiiie-xviie-siecles\/\">Le banquet. Manger, boire et parler ensemble (XIIIe-XVIIe si\u00e8cles)<\/a><\/h2>\n\t\t\t<\/div>\n\n\t\t\t\t\t\n\t\t\t\n\t\t\t<div id=\"su-post-1942\" class=\"su-post \">\n\t\t\t\t\t\t\t\t\t<a class=\"su-post-thumbnail\" href=\"https:\/\/wp.unil.ch\/labelettres\/de-frederic-ii-a-rodolphe-ii-astrologie-divination-et-magie-dans-les-cours-xiiie-xviie-siecle\/\"><img loading=\"lazy\" decoding=\"async\" width=\"801\" height=\"1200\" src=\"https:\/\/wp.unil.ch\/labelettres\/files\/2018\/01\/OSTORERO_De_Frederic_II_couv-copie.jpg\" class=\"attachment-post-thumbnail size-post-thumbnail wp-post-image\" alt=\"\" srcset=\"https:\/\/wp.unil.ch\/labelettres\/files\/2018\/01\/OSTORERO_De_Frederic_II_couv-copie.jpg 801w, https:\/\/wp.unil.ch\/labelettres\/files\/2018\/01\/OSTORERO_De_Frederic_II_couv-copie-435x652.jpg 435w, https:\/\/wp.unil.ch\/labelettres\/files\/2018\/01\/OSTORERO_De_Frederic_II_couv-copie-200x300.jpg 200w, https:\/\/wp.unil.ch\/labelettres\/files\/2018\/01\/OSTORERO_De_Frederic_II_couv-copie-768x1151.jpg 768w, https:\/\/wp.unil.ch\/labelettres\/files\/2018\/01\/OSTORERO_De_Frederic_II_couv-copie-684x1024.jpg 684w\" sizes=\"auto, (max-width: 801px) 100vw, 801px\" \/><\/a>\n\t\t\t\t\t\t\t\t<h2 class=\"su-post-title\"><a href=\"https:\/\/wp.unil.ch\/labelettres\/de-frederic-ii-a-rodolphe-ii-astrologie-divination-et-magie-dans-les-cours-xiiie-xviie-siecle\/\">De Fr\u00e9d\u00e9ric II \u00e0 Rodolphe II\u00a0: astrologie, divination et magie dans les cours (XIIIe-XVIIe si\u00e8cle)<\/a><\/h2>\n\t\t\t<\/div>\n\n\t\t\t\t\t\n\t\t\t\n\t\t\t<div id=\"su-post-9956\" class=\"su-post \">\n\t\t\t\t\t\t\t\t\t<a class=\"su-post-thumbnail\" href=\"https:\/\/wp.unil.ch\/labelettres\/memoires-de-cours-etudes-offertes-a-agostino-paravicini-bagliani-par-ses-collegues-et-eleves-de-luniversite-de-lausanne\/\"><img loading=\"lazy\" decoding=\"async\" width=\"295\" height=\"472\" src=\"https:\/\/wp.unil.ch\/labelettres\/files\/2021\/01\/imagecahier48_2_.jpg\" class=\"attachment-post-thumbnail size-post-thumbnail wp-post-image\" alt=\"\" \/><\/a>\n\t\t\t\t\t\t\t\t<h2 class=\"su-post-title\"><a href=\"https:\/\/wp.unil.ch\/labelettres\/memoires-de-cours-etudes-offertes-a-agostino-paravicini-bagliani-par-ses-collegues-et-eleves-de-luniversite-de-lausanne\/\">M\u00e9moires de cours &#8211; \u00c9tudes offertes \u00e0 Agostino Paravicini Bagliani par ses coll\u00e8gues et \u00e9l\u00e8ves de l&rsquo;Universit\u00e9 de Lausanne<\/a><\/h2>\n\t\t\t<\/div>\n\n\t\t\t\n<\/div>\n\n","protected":false},"excerpt":{"rendered":"<p>Quel r\u00f4le les cours princi\u00e8res ont-elles jou\u00e9 dans la production et la diffusion de l&rsquo;astrologie, de la divination et de la magie ?<\/p>\n","protected":false},"author":1001615,"featured_media":1954,"comment_status":"closed","ping_status":"closed","sticky":false,"template":"","format":"standard","meta":{"_seopress_robots_primary_cat":"","_seopress_titles_title":"","_seopress_titles_desc":"","_seopress_robots_index":"","footnotes":""},"categories":[4],"tags":[484,479,1044,482,480,388,10,1047,1046,481,478,560,1043,1042,1217,1045],"class_list":{"0":"post-1942","1":"post","2":"type-post","3":"status-publish","4":"format-standard","5":"has-post-thumbnail","7":"category-sciences-historiques","8":"tag-agostino-paravicini-bagliani","9":"tag-astrologie","10":"tag-cour-pontificale","11":"tag-cours-princieres","12":"tag-divination","13":"tag-epoque-moderne","14":"tag-histoire","15":"tag-illicite","16":"tag-licite","17":"tag-magie","18":"tag-martine-ostorero","19":"tag-moyen-age","20":"tag-pouvoir","21":"tag-science-de-la-nature","22":"tag-section-dhistoire","23":"tag-souverainete"},"_links":{"self":[{"href":"https:\/\/wp.unil.ch\/labelettres\/wp-json\/wp\/v2\/posts\/1942","targetHints":{"allow":["GET"]}}],"collection":[{"href":"https:\/\/wp.unil.ch\/labelettres\/wp-json\/wp\/v2\/posts"}],"about":[{"href":"https:\/\/wp.unil.ch\/labelettres\/wp-json\/wp\/v2\/types\/post"}],"author":[{"embeddable":true,"href":"https:\/\/wp.unil.ch\/labelettres\/wp-json\/wp\/v2\/users\/1001615"}],"replies":[{"embeddable":true,"href":"https:\/\/wp.unil.ch\/labelettres\/wp-json\/wp\/v2\/comments?post=1942"}],"version-history":[{"count":0,"href":"https:\/\/wp.unil.ch\/labelettres\/wp-json\/wp\/v2\/posts\/1942\/revisions"}],"wp:featuredmedia":[{"embeddable":true,"href":"https:\/\/wp.unil.ch\/labelettres\/wp-json\/wp\/v2\/media\/1954"}],"wp:attachment":[{"href":"https:\/\/wp.unil.ch\/labelettres\/wp-json\/wp\/v2\/media?parent=1942"}],"wp:term":[{"taxonomy":"category","embeddable":true,"href":"https:\/\/wp.unil.ch\/labelettres\/wp-json\/wp\/v2\/categories?post=1942"},{"taxonomy":"post_tag","embeddable":true,"href":"https:\/\/wp.unil.ch\/labelettres\/wp-json\/wp\/v2\/tags?post=1942"}],"curies":[{"name":"wp","href":"https:\/\/api.w.org\/{rel}","templated":true}]}}