{"id":16523,"date":"2026-09-03T09:08:06","date_gmt":"2026-09-03T07:08:06","guid":{"rendered":"https:\/\/wp.unil.ch\/labelettres\/?p=16523"},"modified":"2026-09-03T09:08:08","modified_gmt":"2026-09-03T07:08:08","slug":"charles-albert-cingria-au-present-aux-origines-de-la-chronique-moderne","status":"publish","type":"post","link":"https:\/\/wp.unil.ch\/labelettres\/charles-albert-cingria-au-present-aux-origines-de-la-chronique-moderne\/","title":{"rendered":"Charles-Albert Cingria au pr\u00e9sent. Aux origines de la chronique moderne"},"content":{"rendered":"\n<p class=\"wp-block-paragraph\"><strong>Cingria r\u00e9invente la chronique pour mieux dialoguer avec son temps.<\/strong><\/p>\n\n\n\n<!--more-->\n\n\n\n<div class=\"wp-block-columns is-layout-flex wp-container-core-columns-is-layout-8f761849 wp-block-columns-is-layout-flex\">\n<div class=\"wp-block-column is-layout-flow wp-block-column-is-layout-flow\" style=\"flex-basis:66.66%\">\n<p class=\"wp-block-paragraph\">Plusieurs \u00e9crits de Charles-Albert Cingria peuvent se lire comme des r\u00e9ponses litt\u00e9raires aux transformations artistiques modernes. La po\u00e9tique du pr\u00e9sent qu\u2019il inaugure durant les ann\u00e9es 1920 se caract\u00e9rise par le go\u00fbt de la r\u00e9plique, par la verve stylistique, et par une approche tr\u00e8s libre de la chronique inspir\u00e9e de Baudelaire, d\u2019Apollinaire mais aussi de Maritain.<\/p>\n\n\n\n<p class=\"wp-block-paragraph\">Tout en s\u2019adaptant aux attentes \u00e9ditoriales, il revisite une forme souple et br\u00e8ve en la croisant avec d\u2019autres genres, en y injectant des \u00e9l\u00e9ments narratifs, \u00e9nonciatifs et structurels propres au r\u00e9cit. Sans adh\u00e9rer \u00e0 aucun mouvement, Cingria construit une \u0153uvre singuli\u00e8re qui propose d\u2019autres modes d\u2019existence et de po\u00e9sie, et qui contribue au renouvellement litt\u00e9raire.<\/p>\n\n\n\n<p class=\"wp-block-paragraph\">Ce livre sign\u00e9 Alessio Christen (<a href=\"https:\/\/www.unil.ch\/fra\/fr\/home.html\">Section de fran\u00e7ais<\/a>, <a href=\"https:\/\/www.unil.ch\/lettres\/fr\/home\/menuinst\/recherche\/centres\/clsr.html\">Centre des litt\u00e9ratures en Suisse romande<\/a>) suit les \u00e9tapes du parcours litt\u00e9raire de Charles-Albert Cingria, caract\u00e9ris\u00e9 par la confrontation aux renouvellements artistiques du d\u00e9but du XXe si\u00e8cle.<\/p>\n\n\n\n<p class=\"wp-block-paragraph\">Alessio Christen, <a href=\"https:\/\/dx.doi.org\/10.48611\/isbn.978-2-406-18750-9\" data-type=\"link\" data-id=\"https:\/\/dx.doi.org\/10.48611\/isbn.978-2-406-18750-9\" target=\"_blank\" rel=\"noopener\"><em>Charles-Albert Cingria au pr\u00e9sent. Aux origines de la chronique moderne<\/em><\/a>, Paris, Classiques Garnier, 2026.<\/p>\n<\/div>\n\n\n\n<div class=\"wp-block-column is-layout-flow wp-block-column-is-layout-flow\" style=\"flex-basis:33.33%\">\n<figure class=\"wp-block-image size-full is-resized\"><img loading=\"lazy\" decoding=\"async\" width=\"800\" height=\"1200\" src=\"https:\/\/wp.unil.ch\/labelettres\/files\/2026\/09\/2026-fra-cingria-couv.jpg\" alt=\"Couverture de Charles-Albert Cingria au pr\u00e9sent. Aux origines de la chronique moderne\" class=\"wp-image-16524\" style=\"width:300px;height:auto\" srcset=\"https:\/\/wp.unil.ch\/labelettres\/files\/2026\/09\/2026-fra-cingria-couv.jpg 800w, https:\/\/wp.unil.ch\/labelettres\/files\/2026\/09\/2026-fra-cingria-couv-435x653.jpg 435w, https:\/\/wp.unil.ch\/labelettres\/files\/2026\/09\/2026-fra-cingria-couv-768x1152.jpg 768w\" sizes=\"auto, (max-width: 800px) 100vw, 800px\" \/><\/figure>\n<\/div>\n<\/div>\n\n\n\n<hr class=\"wp-block-separator has-alpha-channel-opacity is-style-wide\" \/>\n\n\n\n<h6 class=\"wp-block-heading\"><strong>ON EN PARLE DANS LES M\u00c9DIAS<\/strong><\/h6>\n\n\n\n<ul class=\"wp-block-list\">\n<li><a href=\"https:\/\/www.letemps.ch\/culture\/livres\/quand-charles-albert-cingria-inventait-une-nouvelle-facon-de-raconter-le-monde-un-essai-revient-sur-le-style-de-l-ecrivain-suisse-qui-s-est-construit-en-rupture-avec-le-surrealisme?srsltid=AfmBOopMiWZez7pIIR4BfsKXk2wCK9vyCCZjRCqp3IXNcNrKrK37RmwS\" target=\"_blank\" rel=\"noopener\">Quand Charles-Albert Cingria inventait une nouvelle fa\u00e7on de raconter le monde: un essai revient sur le style de l\u2019\u00e9crivain suisse qui s\u2019est construit en rupture avec le surr\u00e9alisme<\/a>, <em>Le Temps<\/em>, 09.08.2026.<\/li>\n<\/ul>\n\n\n\n<hr class=\"wp-block-separator has-alpha-channel-opacity is-style-wide\" \/>\n\n\n\n<h6 class=\"wp-block-heading\"><strong>TOUTES LES NOTICES DE<\/strong><\/h6>\n\n\n\n<p class=\"wp-block-paragraph\"><strong>Alessio Christen<\/strong><\/p>\n\n\n\n\n<div class=\"su-posts su-posts-teaser-loop \">\n\n\t\t\t\t\t\t\n\t\t\t\n\t\t\t<div id=\"su-post-16523\" class=\"su-post \">\n\t\t\t\t\t\t\t\t\t<a class=\"su-post-thumbnail\" href=\"https:\/\/wp.unil.ch\/labelettres\/charles-albert-cingria-au-present-aux-origines-de-la-chronique-moderne\/\"><img loading=\"lazy\" decoding=\"async\" width=\"800\" height=\"1200\" src=\"https:\/\/wp.unil.ch\/labelettres\/files\/2026\/09\/2026-fra-cingria-couv.jpg\" class=\"attachment-post-thumbnail size-post-thumbnail wp-post-image\" alt=\"2026 fra cingria couv\" srcset=\"https:\/\/wp.unil.ch\/labelettres\/files\/2026\/09\/2026-fra-cingria-couv.jpg 800w, https:\/\/wp.unil.ch\/labelettres\/files\/2026\/09\/2026-fra-cingria-couv-435x653.jpg 435w, https:\/\/wp.unil.ch\/labelettres\/files\/2026\/09\/2026-fra-cingria-couv-768x1152.jpg 768w\" sizes=\"auto, (max-width: 800px) 100vw, 800px\" \/><\/a>\n\t\t\t\t\t\t\t\t<h2 class=\"su-post-title\"><a href=\"https:\/\/wp.unil.ch\/labelettres\/charles-albert-cingria-au-present-aux-origines-de-la-chronique-moderne\/\">Charles-Albert Cingria au pr\u00e9sent. Aux origines de la chronique moderne<\/a><\/h2>\n\t\t\t<\/div>\n\n\t\t\t\t\t\n\t\t\t\n\t\t\t<div id=\"su-post-11921\" class=\"su-post \">\n\t\t\t\t\t\t\t\t\t<a class=\"su-post-thumbnail\" href=\"https:\/\/wp.unil.ch\/labelettres\/gustave-roud-oeuvres-completes\/\"><img loading=\"lazy\" decoding=\"async\" width=\"800\" height=\"1200\" src=\"https:\/\/wp.unil.ch\/labelettres\/files\/2022\/11\/MAGGETTI_2022_oeuvres-Roud_cover.jpg\" class=\"attachment-post-thumbnail size-post-thumbnail wp-post-image\" alt=\"\" srcset=\"https:\/\/wp.unil.ch\/labelettres\/files\/2022\/11\/MAGGETTI_2022_oeuvres-Roud_cover.jpg 800w, https:\/\/wp.unil.ch\/labelettres\/files\/2022\/11\/MAGGETTI_2022_oeuvres-Roud_cover-435x653.jpg 435w, https:\/\/wp.unil.ch\/labelettres\/files\/2022\/11\/MAGGETTI_2022_oeuvres-Roud_cover-768x1152.jpg 768w\" sizes=\"auto, (max-width: 800px) 100vw, 800px\" \/><\/a>\n\t\t\t\t\t\t\t\t<h2 class=\"su-post-title\"><a href=\"https:\/\/wp.unil.ch\/labelettres\/gustave-roud-oeuvres-completes\/\">Gustave Roud, \u0152uvres compl\u00e8tes<\/a><\/h2>\n\t\t\t<\/div>\n\n\t\t\t\n<\/div>\n\n\n\n\n<hr class=\"wp-block-separator has-alpha-channel-opacity is-style-wide\" \/>\n\n\n\n<p class=\"wp-block-paragraph\"><\/p>\n","protected":false},"excerpt":{"rendered":"<p>Cingria r\u00e9invente la chronique pour mieux dialoguer avec son temps.<\/p>\n","protected":false},"author":1002938,"featured_media":16524,"comment_status":"closed","ping_status":"closed","sticky":false,"template":"","format":"standard","meta":{"_seopress_titles_title":"","_seopress_titles_desc":"","_seopress_robots_index":"","_seopress_robots_follow":"","_seopress_robots_imageindex":"","_seopress_robots_snippet":"","_seopress_robots_primary_cat":"","_seopress_robots_breadcrumbs":"","_seopress_robots_freeze_modified_date":"","_seopress_robots_custom_modified_date":"","_seopress_robots_canonical":"","_seopress_social_fb_title":"","_seopress_social_fb_desc":"","_seopress_social_fb_img":"","_seopress_social_fb_img_attachment_id":0,"_seopress_social_fb_img_width":0,"_seopress_social_fb_img_height":0,"_seopress_social_twitter_title":"","_seopress_social_twitter_desc":"","_seopress_social_twitter_img":"","_seopress_social_twitter_img_attachment_id":0,"_seopress_social_twitter_img_width":0,"_seopress_social_twitter_img_height":0,"_seopress_redirections_value":"","_seopress_redirections_enabled":"","_seopress_redirections_enabled_regex":"","_seopress_redirections_logged_status":"","_seopress_redirections_param":"","_seopress_redirections_type":0,"_seopress_analysis_target_kw":"","_seopress_news_disabled":"","_seopress_video_disabled":"","_seopress_video":[],"_seopress_pro_schemas_manual":[],"_seopress_pro_rich_snippets_disable_all":"","_seopress_pro_rich_snippets_disable":[],"_seopress_pro_schemas":[],"footnotes":""},"categories":[3],"tags":[4288,4482,3613,1413,1923,747,4061,3548,4620,4614,4619,1249,4615,4617,348,1205,8,4612,4618,4616,4611,1212,4613],"class_list":["post-16523","post","type-post","status-publish","format-standard","has-post-thumbnail","category-langues-litteratures","tag-4288","tag-alessio-christen","tag-avant-gardes","tag-centre-des-litteratures-en-suisse-romande","tag-centre-des-litteratures-en-suisse-romande-clsr","tag-charles-albert-cingria","tag-chronique","tag-chroniques","tag-cingria","tag-classicisme-moderne","tag-conceptions-esthetiques","tag-cosmopolitisme","tag-emulation","tag-heritages-artistiques","tag-histoire-litteraire","tag-labelettres","tag-litterature","tag-nrf","tag-relations-editoriales","tag-reseaux-litteraires","tag-revues","tag-section-de-francais","tag-situation-decrivain"],"_links":{"self":[{"href":"https:\/\/wp.unil.ch\/labelettres\/wp-json\/wp\/v2\/posts\/16523","targetHints":{"allow":["GET"]}}],"collection":[{"href":"https:\/\/wp.unil.ch\/labelettres\/wp-json\/wp\/v2\/posts"}],"about":[{"href":"https:\/\/wp.unil.ch\/labelettres\/wp-json\/wp\/v2\/types\/post"}],"author":[{"embeddable":true,"href":"https:\/\/wp.unil.ch\/labelettres\/wp-json\/wp\/v2\/users\/1002938"}],"replies":[{"embeddable":true,"href":"https:\/\/wp.unil.ch\/labelettres\/wp-json\/wp\/v2\/comments?post=16523"}],"version-history":[{"count":2,"href":"https:\/\/wp.unil.ch\/labelettres\/wp-json\/wp\/v2\/posts\/16523\/revisions"}],"predecessor-version":[{"id":16528,"href":"https:\/\/wp.unil.ch\/labelettres\/wp-json\/wp\/v2\/posts\/16523\/revisions\/16528"}],"wp:featuredmedia":[{"embeddable":true,"href":"https:\/\/wp.unil.ch\/labelettres\/wp-json\/wp\/v2\/media\/16524"}],"wp:attachment":[{"href":"https:\/\/wp.unil.ch\/labelettres\/wp-json\/wp\/v2\/media?parent=16523"}],"wp:term":[{"taxonomy":"category","embeddable":true,"href":"https:\/\/wp.unil.ch\/labelettres\/wp-json\/wp\/v2\/categories?post=16523"},{"taxonomy":"post_tag","embeddable":true,"href":"https:\/\/wp.unil.ch\/labelettres\/wp-json\/wp\/v2\/tags?post=16523"}],"curies":[{"name":"wp","href":"https:\/\/api.w.org\/{rel}","templated":true}]}}