{"id":16518,"date":"2026-09-03T09:21:45","date_gmt":"2026-09-03T07:21:45","guid":{"rendered":"https:\/\/wp.unil.ch\/labelettres\/?p=16518"},"modified":"2026-09-03T09:21:46","modified_gmt":"2026-09-03T07:21:46","slug":"sociabilites-et-spectacles-chez-george-sand","status":"publish","type":"post","link":"https:\/\/wp.unil.ch\/labelettres\/sociabilites-et-spectacles-chez-george-sand\/","title":{"rendered":"Sociabilit\u00e9s et spectacles chez George Sand"},"content":{"rendered":"\n<p class=\"wp-block-paragraph\"><strong>Repenser une sociabilit\u00e9 sp\u00e9cifiquement sandienne \u00e0 la lumi\u00e8re du spectacle.<\/strong><\/p>\n\n\n\n<!--more-->\n\n\n\n<div class=\"wp-block-columns is-layout-flex wp-container-core-columns-is-layout-8f761849 wp-block-columns-is-layout-flex\">\n<div class=\"wp-block-column is-layout-flow wp-block-column-is-layout-flow\" style=\"flex-basis:66.66%\">\n<p class=\"wp-block-paragraph\">Quels sont les lieux, les formes et les fonctions des sociabilit\u00e9s qui se d\u00e9ploient autour de George Sand? Cet ouvrage propose de les aborder sous l\u2019angle du spectacle, dimension indissociable des dynamiques relationnelles de l\u2019\u00e9crivaine, en tenant compte aussi bien de ses pratiques sociales que de leurs repr\u00e9sentations dans ses \u0153uvres.&nbsp;<\/p>\n\n\n\n<p class=\"wp-block-paragraph\">\u00c0 la crois\u00e9e des \u00e9tudes litt\u00e9raires, des arts du spectacle, de l\u2019histoire culturelle et de la sociologie, les contributions ici r\u00e9unies par Valentina Ponzetto (<a href=\"https:\/\/www.unil.ch\/fra\/fr\/home.html\" target=\"_blank\" rel=\"noopener\">Section de Fran\u00e7ais<\/a> et <a href=\"https:\/\/www.unil.ch\/lettres\/fr\/home\/menuinst\/recherche\/centres\/cec.html\" target=\"_blank\" rel=\"noopener\">Centre d\u2019\u00e9tudes th\u00e9\u00e2trales<\/a>) et Corinne Fournier Kiss (Universit\u00e9 de Berne) analysent la place de Sand dans ses r\u00e9seaux d\u2019amiti\u00e9s internationales et interartistiques, soulignent la th\u00e9\u00e2tralit\u00e9 joyeuse qui irrigue ce vivre-ensemble et mettent au jour une conception du spectacle comme coop\u00e9ration cr\u00e9ative, \u00e9rig\u00e9e en mod\u00e8le de microsoci\u00e9t\u00e9 utopique.<\/p>\n\n\n\n<p class=\"wp-block-paragraph\">Corinne Fournier Kiss, Valentina Ponzetto (dir.), <em><a href=\"https:\/\/dx.doi.org\/10.48611\/isbn.978-2-406-20327-8\" target=\"_blank\" rel=\"noopener\">Sociabilit\u00e9s et spectacles chez George Sand<\/a><\/em>, Paris, Classiques Garnier, Lettres modernes Minard, coll. Carrefour des lettres modernes, 2026.<\/p>\n<\/div>\n\n\n\n<div class=\"wp-block-column is-layout-flow wp-block-column-is-layout-flow\" style=\"flex-basis:33.33%\">\n<figure class=\"wp-block-image size-full is-resized\"><img loading=\"lazy\" decoding=\"async\" width=\"800\" height=\"1200\" src=\"https:\/\/wp.unil.ch\/labelettres\/files\/2026\/09\/2026-fra-george-sand-couv.jpg\" alt=\"Couverture de Sociabilit\u00e9s et spectacles chez George Sand\" class=\"wp-image-16519\" style=\"width:300px;height:auto\" srcset=\"https:\/\/wp.unil.ch\/labelettres\/files\/2026\/09\/2026-fra-george-sand-couv.jpg 800w, https:\/\/wp.unil.ch\/labelettres\/files\/2026\/09\/2026-fra-george-sand-couv-435x653.jpg 435w, https:\/\/wp.unil.ch\/labelettres\/files\/2026\/09\/2026-fra-george-sand-couv-768x1152.jpg 768w\" sizes=\"auto, (max-width: 800px) 100vw, 800px\" \/><\/figure>\n<\/div>\n<\/div>\n\n\n\n<hr class=\"wp-block-separator has-alpha-channel-opacity is-style-wide\" \/>\n\n\n\n<h6 class=\"wp-block-heading\"><strong>TOUTES LES NOTICES DE<\/strong><\/h6>\n\n\n\n<p class=\"wp-block-paragraph\"><strong>Valentina Ponzetto<\/strong><\/p>\n\n\n\n\n<div class=\"su-posts su-posts-teaser-loop \">\n\n\t\t\t\t\t\t\n\t\t\t\n\t\t\t<div id=\"su-post-16518\" class=\"su-post \">\n\t\t\t\t\t\t\t\t\t<a class=\"su-post-thumbnail\" href=\"https:\/\/wp.unil.ch\/labelettres\/sociabilites-et-spectacles-chez-george-sand\/\"><img loading=\"lazy\" decoding=\"async\" width=\"800\" height=\"1200\" src=\"https:\/\/wp.unil.ch\/labelettres\/files\/2026\/09\/2026-fra-george-sand-couv.jpg\" class=\"attachment-post-thumbnail size-post-thumbnail wp-post-image\" alt=\"2026 fra george sand couv\" srcset=\"https:\/\/wp.unil.ch\/labelettres\/files\/2026\/09\/2026-fra-george-sand-couv.jpg 800w, https:\/\/wp.unil.ch\/labelettres\/files\/2026\/09\/2026-fra-george-sand-couv-435x653.jpg 435w, https:\/\/wp.unil.ch\/labelettres\/files\/2026\/09\/2026-fra-george-sand-couv-768x1152.jpg 768w\" sizes=\"auto, (max-width: 800px) 100vw, 800px\" \/><\/a>\n\t\t\t\t\t\t\t\t<h2 class=\"su-post-title\"><a href=\"https:\/\/wp.unil.ch\/labelettres\/sociabilites-et-spectacles-chez-george-sand\/\">Sociabilit\u00e9s et spectacles chez George Sand<\/a><\/h2>\n\t\t\t<\/div>\n\n\t\t\t\t\t\n\t\t\t\n\t\t\t<div id=\"su-post-16493\" class=\"su-post \">\n\t\t\t\t\t\t\t\t\t<a class=\"su-post-thumbnail\" href=\"https:\/\/wp.unil.ch\/labelettres\/esthetique-des-theatres-de-societe-xviiie-xixe-siecles\/\"><img loading=\"lazy\" decoding=\"async\" width=\"803\" height=\"1200\" src=\"https:\/\/wp.unil.ch\/labelettres\/files\/2026\/08\/2026-fra-esthetique-couv.jpg\" class=\"attachment-post-thumbnail size-post-thumbnail wp-post-image\" alt=\"2026 fra esthe\u0301tique couv\" srcset=\"https:\/\/wp.unil.ch\/labelettres\/files\/2026\/08\/2026-fra-esthetique-couv.jpg 803w, https:\/\/wp.unil.ch\/labelettres\/files\/2026\/08\/2026-fra-esthetique-couv-435x650.jpg 435w, https:\/\/wp.unil.ch\/labelettres\/files\/2026\/08\/2026-fra-esthetique-couv-768x1148.jpg 768w\" sizes=\"auto, (max-width: 803px) 100vw, 803px\" \/><\/a>\n\t\t\t\t\t\t\t\t<h2 class=\"su-post-title\"><a href=\"https:\/\/wp.unil.ch\/labelettres\/esthetique-des-theatres-de-societe-xviiie-xixe-siecles\/\">Esth\u00e9tique des th\u00e9\u00e2tres de soci\u00e9t\u00e9 (XVIIIe &#8211; XIXe si\u00e8cles)<\/a><\/h2>\n\t\t\t<\/div>\n\n\t\t\t\t\t\n\t\t\t\n\t\t\t<div id=\"su-post-13245\" class=\"su-post \">\n\t\t\t\t\t\t\t\t\t<a class=\"su-post-thumbnail\" href=\"https:\/\/wp.unil.ch\/labelettres\/femmes-de-spectacle-danse-opera-theatre-creation-representation-et-sociabilite-au-feminin-1650-1914\/\"><img loading=\"lazy\" decoding=\"async\" width=\"791\" height=\"1200\" src=\"https:\/\/wp.unil.ch\/labelettres\/files\/2024\/11\/BIONDA_2024_femmes-spectacle_cover.jpg\" class=\"attachment-post-thumbnail size-post-thumbnail wp-post-image\" alt=\"\" srcset=\"https:\/\/wp.unil.ch\/labelettres\/files\/2024\/11\/BIONDA_2024_femmes-spectacle_cover.jpg 791w, https:\/\/wp.unil.ch\/labelettres\/files\/2024\/11\/BIONDA_2024_femmes-spectacle_cover-435x660.jpg 435w, https:\/\/wp.unil.ch\/labelettres\/files\/2024\/11\/BIONDA_2024_femmes-spectacle_cover-768x1165.jpg 768w\" sizes=\"auto, (max-width: 791px) 100vw, 791px\" \/><\/a>\n\t\t\t\t\t\t\t\t<h2 class=\"su-post-title\"><a href=\"https:\/\/wp.unil.ch\/labelettres\/femmes-de-spectacle-danse-opera-theatre-creation-representation-et-sociabilite-au-feminin-1650-1914\/\">Femmes de spectacle (danse, op\u00e9ra, th\u00e9\u00e2tre). Cr\u00e9ation, repr\u00e9sentation et sociabilit\u00e9 au f\u00e9minin, 1650-1914<\/a><\/h2>\n\t\t\t<\/div>\n\n\t\t\t\t\t\n\t\t\t\n\t\t\t<div id=\"su-post-16481\" class=\"su-post \">\n\t\t\t\t\t\t\t\t\t<a class=\"su-post-thumbnail\" href=\"https:\/\/wp.unil.ch\/labelettres\/les-theatres-de-la-nature\/\"><img loading=\"lazy\" decoding=\"async\" width=\"319\" height=\"480\" src=\"https:\/\/wp.unil.ch\/labelettres\/files\/2026\/08\/2024-fra-theatres-de-la-nature-couv.jpg\" class=\"attachment-post-thumbnail size-post-thumbnail wp-post-image\" alt=\"2024 fra the\u0301a\u0302tres de la nature couv\" \/><\/a>\n\t\t\t\t\t\t\t\t<h2 class=\"su-post-title\"><a href=\"https:\/\/wp.unil.ch\/labelettres\/les-theatres-de-la-nature\/\">Les\u2009th\u00e9\u00e2tres\u2009de\u2009la\u2009nature<\/a><\/h2>\n\t\t\t<\/div>\n\n\t\t\t\t\t\n\t\t\t\n\t\t\t<div id=\"su-post-12022\" class=\"su-post \">\n\t\t\t\t\t\t\t\t\t<a class=\"su-post-thumbnail\" href=\"https:\/\/wp.unil.ch\/labelettres\/femmes-de-spectacle-au-xixe-siecle\/\"><img loading=\"lazy\" decoding=\"async\" width=\"705\" height=\"1000\" src=\"https:\/\/wp.unil.ch\/labelettres\/files\/2023\/01\/PONZETTO_2022_femmes_cover.jpg\" class=\"attachment-post-thumbnail size-post-thumbnail wp-post-image\" alt=\"\" srcset=\"https:\/\/wp.unil.ch\/labelettres\/files\/2023\/01\/PONZETTO_2022_femmes_cover.jpg 705w, https:\/\/wp.unil.ch\/labelettres\/files\/2023\/01\/PONZETTO_2022_femmes_cover-435x617.jpg 435w\" sizes=\"auto, (max-width: 705px) 100vw, 705px\" \/><\/a>\n\t\t\t\t\t\t\t\t<h2 class=\"su-post-title\"><a href=\"https:\/\/wp.unil.ch\/labelettres\/femmes-de-spectacle-au-xixe-siecle\/\">Femmes de spectacle au XIXe si\u00e8cle<\/a><\/h2>\n\t\t\t<\/div>\n\n\t\t\t\t\t\n\t\t\t\n\t\t\t<div id=\"su-post-11554\" class=\"su-post \">\n\t\t\t\t\t\t\t\t\t<a class=\"su-post-thumbnail\" href=\"https:\/\/wp.unil.ch\/labelettres\/theatre-et-societe-reseaux-de-sociabilite-et-representations-de-la-societe\/\"><img loading=\"lazy\" decoding=\"async\" width=\"450\" height=\"655\" src=\"https:\/\/wp.unil.ch\/labelettres\/files\/2022\/06\/PONZETTO_2022_EDL317_cover.jpg\" class=\"attachment-post-thumbnail size-post-thumbnail wp-post-image\" alt=\"\" srcset=\"https:\/\/wp.unil.ch\/labelettres\/files\/2022\/06\/PONZETTO_2022_EDL317_cover.jpg 450w, https:\/\/wp.unil.ch\/labelettres\/files\/2022\/06\/PONZETTO_2022_EDL317_cover-435x633.jpg 435w\" sizes=\"auto, (max-width: 450px) 100vw, 450px\" \/><\/a>\n\t\t\t\t\t\t\t\t<h2 class=\"su-post-title\"><a href=\"https:\/\/wp.unil.ch\/labelettres\/theatre-et-societe-reseaux-de-sociabilite-et-representations-de-la-societe\/\">Th\u00e9\u00e2tre et soci\u00e9t\u00e9 : r\u00e9seaux de sociabilit\u00e9 et repr\u00e9sentations de la soci\u00e9t\u00e9<\/a><\/h2>\n\t\t\t<\/div>\n\n\t\t\t\t\t\n\t\t\t\n\t\t\t<div id=\"su-post-8474\" class=\"su-post \">\n\t\t\t\t\t\t\t\t\t<a class=\"su-post-thumbnail\" href=\"https:\/\/wp.unil.ch\/labelettres\/espaces-des-theatres-de-societe-definitions-enjeux-posterite\/\"><img loading=\"lazy\" decoding=\"async\" width=\"971\" height=\"1200\" src=\"https:\/\/wp.unil.ch\/labelettres\/files\/2020\/09\/Ponzetto_Ruimi-Espaces-couv.jpg\" class=\"attachment-post-thumbnail size-post-thumbnail wp-post-image\" alt=\"\" srcset=\"https:\/\/wp.unil.ch\/labelettres\/files\/2020\/09\/Ponzetto_Ruimi-Espaces-couv.jpg 971w, https:\/\/wp.unil.ch\/labelettres\/files\/2020\/09\/Ponzetto_Ruimi-Espaces-couv-435x538.jpg 435w, https:\/\/wp.unil.ch\/labelettres\/files\/2020\/09\/Ponzetto_Ruimi-Espaces-couv-768x949.jpg 768w\" sizes=\"auto, (max-width: 971px) 100vw, 971px\" \/><\/a>\n\t\t\t\t\t\t\t\t<h2 class=\"su-post-title\"><a href=\"https:\/\/wp.unil.ch\/labelettres\/espaces-des-theatres-de-societe-definitions-enjeux-posterite\/\">Espaces des th\u00e9\u00e2tres de soci\u00e9t\u00e9. D\u00e9finitions, enjeux, post\u00e9rit\u00e9<\/a><\/h2>\n\t\t\t<\/div>\n\n\t\t\t\t\t\n\t\t\t\n\t\t\t<div id=\"su-post-2842\" class=\"su-post \">\n\t\t\t\t\t\t\t\t\t<a class=\"su-post-thumbnail\" href=\"https:\/\/wp.unil.ch\/labelettres\/theatres-en-liberte-du-xviiie-au-xxe-siecle-genres-nouveaux-scenes-marginales\/\"><img loading=\"lazy\" decoding=\"async\" width=\"600\" height=\"881\" src=\"https:\/\/wp.unil.ch\/labelettres\/files\/2018\/03\/Ponzetto-THE-Lib-2017.jpg\" class=\"attachment-post-thumbnail size-post-thumbnail wp-post-image\" alt=\"\" srcset=\"https:\/\/wp.unil.ch\/labelettres\/files\/2018\/03\/Ponzetto-THE-Lib-2017.jpg 600w, https:\/\/wp.unil.ch\/labelettres\/files\/2018\/03\/Ponzetto-THE-Lib-2017-435x639.jpg 435w, https:\/\/wp.unil.ch\/labelettres\/files\/2018\/03\/Ponzetto-THE-Lib-2017-204x300.jpg 204w\" sizes=\"auto, (max-width: 600px) 100vw, 600px\" \/><\/a>\n\t\t\t\t\t\t\t\t<h2 class=\"su-post-title\"><a href=\"https:\/\/wp.unil.ch\/labelettres\/theatres-en-liberte-du-xviiie-au-xxe-siecle-genres-nouveaux-scenes-marginales\/\">Th\u00e9\u00e2tres en libert\u00e9 du XVIIIe au XXe si\u00e8cle. Genres nouveaux, sc\u00e8nes marginales ?<\/a><\/h2>\n\t\t\t<\/div>\n\n\t\t\t\n<\/div>\n\n\n\n\n<hr class=\"wp-block-separator has-alpha-channel-opacity is-style-wide\" \/>\n","protected":false},"excerpt":{"rendered":"<p>Repenser une sociabilit\u00e9 sp\u00e9cifiquement sandienne \u00e0 la lumi\u00e8re du spectacle.<\/p>\n","protected":false},"author":1002938,"featured_media":16519,"comment_status":"closed","ping_status":"closed","sticky":false,"template":"","format":"standard","meta":{"_seopress_titles_title":"","_seopress_titles_desc":"","_seopress_robots_index":"","_seopress_robots_follow":"","_seopress_robots_imageindex":"","_seopress_robots_snippet":"","_seopress_robots_primary_cat":"","_seopress_robots_breadcrumbs":"","_seopress_robots_freeze_modified_date":"","_seopress_robots_custom_modified_date":"","_seopress_robots_canonical":"","_seopress_social_fb_title":"","_seopress_social_fb_desc":"","_seopress_social_fb_img":"","_seopress_social_fb_img_attachment_id":0,"_seopress_social_fb_img_width":0,"_seopress_social_fb_img_height":0,"_seopress_social_twitter_title":"","_seopress_social_twitter_desc":"","_seopress_social_twitter_img":"","_seopress_social_twitter_img_attachment_id":0,"_seopress_social_twitter_img_width":0,"_seopress_social_twitter_img_height":0,"_seopress_redirections_value":"","_seopress_redirections_enabled":"","_seopress_redirections_enabled_regex":"","_seopress_redirections_logged_status":"","_seopress_redirections_param":"","_seopress_redirections_type":0,"_seopress_analysis_target_kw":"","_seopress_news_disabled":"","_seopress_video_disabled":"","_seopress_video":[],"_seopress_pro_schemas_manual":[],"_seopress_pro_rich_snippets_disable_all":"","_seopress_pro_rich_snippets_disable":[],"_seopress_pro_schemas":[],"footnotes":""},"categories":[2,3],"tags":[3717,4288,726,1633,3834,4358,1222,4357,4603,469,3452,348,1205,8,4607,342,344,4608,18,2204,4605,4606,1212,4604,60,4610,151,737,4598,4597,52],"class_list":["post-16518","post","type-post","status-publish","format-standard","has-post-thumbnail","category-arts-medias","category-langues-litteratures","tag-19e-siecle","tag-4288","tag-arts","tag-arts-de-la-scene","tag-arts-du-spectacle","tag-centre-detudes-theatrales","tag-centre-detudes-theatrales-cet","tag-cet","tag-george-sand","tag-histoire-culturelle","tag-histoire-culturelle-des-spectacles","tag-histoire-litteraire","tag-labelettres","tag-litterature","tag-litterature-19e","tag-litterature-comparee","tag-litterature-francaise","tag-litterature-francaise-du-xixe-siecle","tag-lumieres","tag-sand","tag-sandien","tag-sandienne","tag-section-de-francais","tag-sociabilites","tag-sociologie","tag-sociologie-de-la-litterature","tag-theatre","tag-valentina-ponzetto","tag-xix","tag-xixe","tag-xixe-siecle"],"_links":{"self":[{"href":"https:\/\/wp.unil.ch\/labelettres\/wp-json\/wp\/v2\/posts\/16518","targetHints":{"allow":["GET"]}}],"collection":[{"href":"https:\/\/wp.unil.ch\/labelettres\/wp-json\/wp\/v2\/posts"}],"about":[{"href":"https:\/\/wp.unil.ch\/labelettres\/wp-json\/wp\/v2\/types\/post"}],"author":[{"embeddable":true,"href":"https:\/\/wp.unil.ch\/labelettres\/wp-json\/wp\/v2\/users\/1002938"}],"replies":[{"embeddable":true,"href":"https:\/\/wp.unil.ch\/labelettres\/wp-json\/wp\/v2\/comments?post=16518"}],"version-history":[{"count":4,"href":"https:\/\/wp.unil.ch\/labelettres\/wp-json\/wp\/v2\/posts\/16518\/revisions"}],"predecessor-version":[{"id":16527,"href":"https:\/\/wp.unil.ch\/labelettres\/wp-json\/wp\/v2\/posts\/16518\/revisions\/16527"}],"wp:featuredmedia":[{"embeddable":true,"href":"https:\/\/wp.unil.ch\/labelettres\/wp-json\/wp\/v2\/media\/16519"}],"wp:attachment":[{"href":"https:\/\/wp.unil.ch\/labelettres\/wp-json\/wp\/v2\/media?parent=16518"}],"wp:term":[{"taxonomy":"category","embeddable":true,"href":"https:\/\/wp.unil.ch\/labelettres\/wp-json\/wp\/v2\/categories?post=16518"},{"taxonomy":"post_tag","embeddable":true,"href":"https:\/\/wp.unil.ch\/labelettres\/wp-json\/wp\/v2\/tags?post=16518"}],"curies":[{"name":"wp","href":"https:\/\/api.w.org\/{rel}","templated":true}]}}