{"id":16481,"date":"2024-08-27T08:51:00","date_gmt":"2024-08-27T06:51:00","guid":{"rendered":"https:\/\/wp.unil.ch\/labelettres\/?p=16481"},"modified":"2026-08-31T18:36:01","modified_gmt":"2026-08-31T16:36:01","slug":"les-theatres-de-la-nature","status":"publish","type":"post","link":"https:\/\/wp.unil.ch\/labelettres\/les-theatres-de-la-nature\/","title":{"rendered":"Les\u2009th\u00e9\u00e2tres\u2009de\u2009la\u2009nature"},"content":{"rendered":"\n<p class=\"wp-block-paragraph\"><strong>Quels sont les enjeux du th\u00e9\u00e2tre en plein air?<\/strong><\/p>\n\n\n\n<!--more-->\n\n\n\n<div class=\"wp-block-columns is-layout-flex wp-container-core-columns-is-layout-8f761849 wp-block-columns-is-layout-flex\">\n<div class=\"wp-block-column is-layout-flow wp-block-column-is-layout-flow\" style=\"flex-basis:66.66%\">\n<p class=\"wp-block-paragraph\">Ce volume, codirig\u00e9 par Valentina Ponzetto (<a href=\"https:\/\/www.unil.ch\/fra\/fr\/home.html\" target=\"_blank\" rel=\"noopener\">Section de fran\u00e7ais<\/a>), ambitionne de mettre en lumi\u00e8re l\u2019histoire et l\u2019actualit\u00e9 des \u00abth\u00e9\u00e2tres de la nature\u00bb sous diverses formes et dans diff\u00e9rents lieux, des jardins aux sites historiques, en passant par les cimeti\u00e8res, les \u00eeles ou les serres.<\/p>\n\n\n\n<p class=\"wp-block-paragraph\">Dispositifs, architectures, sc\u00e9nographies, dramaturgies, publics, artistes sont analys\u00e9s au prisme de leur rapport \u00e0 l\u2019environnement, qu\u2019il soit simple toile de fond ou partie int\u00e9grante de la cr\u00e9ation, ponctuel ou durable. Certes, les exemples travers\u00e9s par les contributions ne pr\u00e9tendent pas \u00eatre exhaustifs, mais souhaitent apporter un \u00e9clairage sur des exp\u00e9riences pass\u00e9es et sur les possibles artistiques d\u2019aujourd\u2019hui et de demain.<\/p>\n\n\n\n<p class=\"wp-block-paragraph\">Ce num\u00e9ro de la revue <em>Horizons\/Th\u00e9\u00e2tre<\/em> est disponible en texte int\u00e9gral <a href=\"https:\/\/doi.org\/10.4000\/13a59\" target=\"_blank\" rel=\"noopener\">sur le site OpenEdition Journals<\/a>.<\/p>\n\n\n\n<p class=\"wp-block-paragraph\">Nathalie Coutelet, Valentina Ponzetto, Marie-Caroline Thuillier (dir.), <em><a href=\"https:\/\/journals.openedition.org\/ht\/\" target=\"_blank\" rel=\"noopener\">Les\u2009th\u00e9\u00e2tres\u2009de\u2009la\u2009nature<\/a><\/em>, Bordeaux, <em>Horizons\/Th\u00e9\u00e2tre<\/em>, n\u00b018-19, 2024.<\/p>\n<\/div>\n\n\n\n<div class=\"wp-block-column is-layout-flow wp-block-column-is-layout-flow\" style=\"flex-basis:33.33%\">\n<figure class=\"wp-block-image size-full is-resized\"><img loading=\"lazy\" decoding=\"async\" width=\"319\" height=\"480\" src=\"https:\/\/wp.unil.ch\/labelettres\/files\/2026\/08\/2024-fra-theatres-de-la-nature-couv.jpg\" alt=\"Couverture de Les\u2009th\u00e9\u00e2tres\u2009de\u2009la\u2009nature\" class=\"wp-image-16482\" style=\"width:300px;height:auto\" \/><\/figure>\n<\/div>\n<\/div>\n\n\n\n<hr class=\"wp-block-separator has-alpha-channel-opacity is-style-wide\" \/>\n\n\n\n<h6 class=\"wp-block-heading\"><strong>TOUTES LES NOTICES DE<\/strong><\/h6>\n\n\n\n<p class=\"wp-block-paragraph\"><strong>Valentina Ponzetto<\/strong><\/p>\n\n\n\n\n<div class=\"su-posts su-posts-teaser-loop \">\n\n\t\t\t\t\t\t\n\t\t\t\n\t\t\t<div id=\"su-post-16493\" class=\"su-post \">\n\t\t\t\t\t\t\t\t\t<a class=\"su-post-thumbnail\" href=\"https:\/\/wp.unil.ch\/labelettres\/esthetique-des-theatres-de-societe-xviiie-xixe-siecles\/\"><img loading=\"lazy\" decoding=\"async\" width=\"803\" height=\"1200\" src=\"https:\/\/wp.unil.ch\/labelettres\/files\/2026\/08\/2026-fra-esthetique-couv.jpg\" class=\"attachment-post-thumbnail size-post-thumbnail wp-post-image\" alt=\"2026 fra esthe\u0301tique couv\" srcset=\"https:\/\/wp.unil.ch\/labelettres\/files\/2026\/08\/2026-fra-esthetique-couv.jpg 803w, https:\/\/wp.unil.ch\/labelettres\/files\/2026\/08\/2026-fra-esthetique-couv-435x650.jpg 435w, https:\/\/wp.unil.ch\/labelettres\/files\/2026\/08\/2026-fra-esthetique-couv-768x1148.jpg 768w\" sizes=\"auto, (max-width: 803px) 100vw, 803px\" \/><\/a>\n\t\t\t\t\t\t\t\t<h2 class=\"su-post-title\"><a href=\"https:\/\/wp.unil.ch\/labelettres\/esthetique-des-theatres-de-societe-xviiie-xixe-siecles\/\">Esth\u00e9tique des th\u00e9\u00e2tres de soci\u00e9t\u00e9 (XVIIIe &#8211; XIXe si\u00e8cles)<\/a><\/h2>\n\t\t\t<\/div>\n\n\t\t\t\t\t\n\t\t\t\n\t\t\t<div id=\"su-post-13245\" class=\"su-post \">\n\t\t\t\t\t\t\t\t\t<a class=\"su-post-thumbnail\" href=\"https:\/\/wp.unil.ch\/labelettres\/femmes-de-spectacle-danse-opera-theatre-creation-representation-et-sociabilite-au-feminin-1650-1914\/\"><img loading=\"lazy\" decoding=\"async\" width=\"791\" height=\"1200\" src=\"https:\/\/wp.unil.ch\/labelettres\/files\/2024\/11\/BIONDA_2024_femmes-spectacle_cover.jpg\" class=\"attachment-post-thumbnail size-post-thumbnail wp-post-image\" alt=\"\" srcset=\"https:\/\/wp.unil.ch\/labelettres\/files\/2024\/11\/BIONDA_2024_femmes-spectacle_cover.jpg 791w, https:\/\/wp.unil.ch\/labelettres\/files\/2024\/11\/BIONDA_2024_femmes-spectacle_cover-435x660.jpg 435w, https:\/\/wp.unil.ch\/labelettres\/files\/2024\/11\/BIONDA_2024_femmes-spectacle_cover-768x1165.jpg 768w\" sizes=\"auto, (max-width: 791px) 100vw, 791px\" \/><\/a>\n\t\t\t\t\t\t\t\t<h2 class=\"su-post-title\"><a href=\"https:\/\/wp.unil.ch\/labelettres\/femmes-de-spectacle-danse-opera-theatre-creation-representation-et-sociabilite-au-feminin-1650-1914\/\">Femmes de spectacle (danse, op\u00e9ra, th\u00e9\u00e2tre). Cr\u00e9ation, repr\u00e9sentation et sociabilit\u00e9 au f\u00e9minin, 1650-1914<\/a><\/h2>\n\t\t\t<\/div>\n\n\t\t\t\t\t\n\t\t\t\n\t\t\t<div id=\"su-post-16481\" class=\"su-post \">\n\t\t\t\t\t\t\t\t\t<a class=\"su-post-thumbnail\" href=\"https:\/\/wp.unil.ch\/labelettres\/les-theatres-de-la-nature\/\"><img loading=\"lazy\" decoding=\"async\" width=\"319\" height=\"480\" src=\"https:\/\/wp.unil.ch\/labelettres\/files\/2026\/08\/2024-fra-theatres-de-la-nature-couv.jpg\" class=\"attachment-post-thumbnail size-post-thumbnail wp-post-image\" alt=\"2024 fra the\u0301a\u0302tres de la nature couv\" \/><\/a>\n\t\t\t\t\t\t\t\t<h2 class=\"su-post-title\"><a href=\"https:\/\/wp.unil.ch\/labelettres\/les-theatres-de-la-nature\/\">Les\u2009th\u00e9\u00e2tres\u2009de\u2009la\u2009nature<\/a><\/h2>\n\t\t\t<\/div>\n\n\t\t\t\t\t\n\t\t\t\n\t\t\t<div id=\"su-post-12022\" class=\"su-post \">\n\t\t\t\t\t\t\t\t\t<a class=\"su-post-thumbnail\" href=\"https:\/\/wp.unil.ch\/labelettres\/femmes-de-spectacle-au-xixe-siecle\/\"><img loading=\"lazy\" decoding=\"async\" width=\"705\" height=\"1000\" src=\"https:\/\/wp.unil.ch\/labelettres\/files\/2023\/01\/PONZETTO_2022_femmes_cover.jpg\" class=\"attachment-post-thumbnail size-post-thumbnail wp-post-image\" alt=\"\" srcset=\"https:\/\/wp.unil.ch\/labelettres\/files\/2023\/01\/PONZETTO_2022_femmes_cover.jpg 705w, https:\/\/wp.unil.ch\/labelettres\/files\/2023\/01\/PONZETTO_2022_femmes_cover-435x617.jpg 435w\" sizes=\"auto, (max-width: 705px) 100vw, 705px\" \/><\/a>\n\t\t\t\t\t\t\t\t<h2 class=\"su-post-title\"><a href=\"https:\/\/wp.unil.ch\/labelettres\/femmes-de-spectacle-au-xixe-siecle\/\">Femmes de spectacle au XIXe si\u00e8cle<\/a><\/h2>\n\t\t\t<\/div>\n\n\t\t\t\t\t\n\t\t\t\n\t\t\t<div id=\"su-post-11554\" class=\"su-post \">\n\t\t\t\t\t\t\t\t\t<a class=\"su-post-thumbnail\" href=\"https:\/\/wp.unil.ch\/labelettres\/theatre-et-societe-reseaux-de-sociabilite-et-representations-de-la-societe\/\"><img loading=\"lazy\" decoding=\"async\" width=\"450\" height=\"655\" src=\"https:\/\/wp.unil.ch\/labelettres\/files\/2022\/06\/PONZETTO_2022_EDL317_cover.jpg\" class=\"attachment-post-thumbnail size-post-thumbnail wp-post-image\" alt=\"\" srcset=\"https:\/\/wp.unil.ch\/labelettres\/files\/2022\/06\/PONZETTO_2022_EDL317_cover.jpg 450w, https:\/\/wp.unil.ch\/labelettres\/files\/2022\/06\/PONZETTO_2022_EDL317_cover-435x633.jpg 435w\" sizes=\"auto, (max-width: 450px) 100vw, 450px\" \/><\/a>\n\t\t\t\t\t\t\t\t<h2 class=\"su-post-title\"><a href=\"https:\/\/wp.unil.ch\/labelettres\/theatre-et-societe-reseaux-de-sociabilite-et-representations-de-la-societe\/\">Th\u00e9\u00e2tre et soci\u00e9t\u00e9 : r\u00e9seaux de sociabilit\u00e9 et repr\u00e9sentations de la soci\u00e9t\u00e9<\/a><\/h2>\n\t\t\t<\/div>\n\n\t\t\t\t\t\n\t\t\t\n\t\t\t<div id=\"su-post-8474\" class=\"su-post \">\n\t\t\t\t\t\t\t\t\t<a class=\"su-post-thumbnail\" href=\"https:\/\/wp.unil.ch\/labelettres\/espaces-des-theatres-de-societe-definitions-enjeux-posterite\/\"><img loading=\"lazy\" decoding=\"async\" width=\"971\" height=\"1200\" src=\"https:\/\/wp.unil.ch\/labelettres\/files\/2020\/09\/Ponzetto_Ruimi-Espaces-couv.jpg\" class=\"attachment-post-thumbnail size-post-thumbnail wp-post-image\" alt=\"\" srcset=\"https:\/\/wp.unil.ch\/labelettres\/files\/2020\/09\/Ponzetto_Ruimi-Espaces-couv.jpg 971w, https:\/\/wp.unil.ch\/labelettres\/files\/2020\/09\/Ponzetto_Ruimi-Espaces-couv-435x538.jpg 435w, https:\/\/wp.unil.ch\/labelettres\/files\/2020\/09\/Ponzetto_Ruimi-Espaces-couv-768x949.jpg 768w\" sizes=\"auto, (max-width: 971px) 100vw, 971px\" \/><\/a>\n\t\t\t\t\t\t\t\t<h2 class=\"su-post-title\"><a href=\"https:\/\/wp.unil.ch\/labelettres\/espaces-des-theatres-de-societe-definitions-enjeux-posterite\/\">Espaces des th\u00e9\u00e2tres de soci\u00e9t\u00e9. D\u00e9finitions, enjeux, post\u00e9rit\u00e9<\/a><\/h2>\n\t\t\t<\/div>\n\n\t\t\t\t\t\n\t\t\t\n\t\t\t<div id=\"su-post-2842\" class=\"su-post \">\n\t\t\t\t\t\t\t\t\t<a class=\"su-post-thumbnail\" href=\"https:\/\/wp.unil.ch\/labelettres\/theatres-en-liberte-du-xviiie-au-xxe-siecle-genres-nouveaux-scenes-marginales\/\"><img loading=\"lazy\" decoding=\"async\" width=\"600\" height=\"881\" src=\"https:\/\/wp.unil.ch\/labelettres\/files\/2018\/03\/Ponzetto-THE-Lib-2017.jpg\" class=\"attachment-post-thumbnail size-post-thumbnail wp-post-image\" alt=\"\" srcset=\"https:\/\/wp.unil.ch\/labelettres\/files\/2018\/03\/Ponzetto-THE-Lib-2017.jpg 600w, https:\/\/wp.unil.ch\/labelettres\/files\/2018\/03\/Ponzetto-THE-Lib-2017-435x639.jpg 435w, https:\/\/wp.unil.ch\/labelettres\/files\/2018\/03\/Ponzetto-THE-Lib-2017-204x300.jpg 204w\" sizes=\"auto, (max-width: 600px) 100vw, 600px\" \/><\/a>\n\t\t\t\t\t\t\t\t<h2 class=\"su-post-title\"><a href=\"https:\/\/wp.unil.ch\/labelettres\/theatres-en-liberte-du-xviiie-au-xxe-siecle-genres-nouveaux-scenes-marginales\/\">Th\u00e9\u00e2tres en libert\u00e9 du XVIIIe au XXe si\u00e8cle. Genres nouveaux, sc\u00e8nes marginales ?<\/a><\/h2>\n\t\t\t<\/div>\n\n\t\t\t\n<\/div>\n\n\n\n\n<hr class=\"wp-block-separator has-alpha-channel-opacity is-style-wide\" \/>\n\n\n\n<p class=\"wp-block-paragraph\"><\/p>\n","protected":false},"excerpt":{"rendered":"<p>Quels sont les enjeux du th\u00e9\u00e2tre en plein air?<\/p>\n","protected":false},"author":1002938,"featured_media":16482,"comment_status":"closed","ping_status":"closed","sticky":false,"template":"","format":"standard","meta":{"_seopress_titles_title":"","_seopress_titles_desc":"","_seopress_robots_index":"","_seopress_robots_follow":"","_seopress_robots_imageindex":"","_seopress_robots_snippet":"","_seopress_robots_primary_cat":"","_seopress_robots_breadcrumbs":"","_seopress_robots_freeze_modified_date":"","_seopress_robots_custom_modified_date":"","_seopress_robots_canonical":"","_seopress_social_fb_title":"","_seopress_social_fb_desc":"","_seopress_social_fb_img":"","_seopress_social_fb_img_attachment_id":0,"_seopress_social_fb_img_width":0,"_seopress_social_fb_img_height":0,"_seopress_social_twitter_title":"","_seopress_social_twitter_desc":"","_seopress_social_twitter_img":"","_seopress_social_twitter_img_attachment_id":0,"_seopress_social_twitter_img_width":0,"_seopress_social_twitter_img_height":0,"_seopress_redirections_value":"","_seopress_redirections_enabled":"","_seopress_redirections_enabled_regex":"","_seopress_redirections_logged_status":"","_seopress_redirections_param":"","_seopress_redirections_type":0,"_seopress_analysis_target_kw":"","_seopress_news_disabled":"","_seopress_video_disabled":"","_seopress_video":[],"_seopress_pro_schemas_manual":[],"_seopress_pro_rich_snippets_disable_all":"","_seopress_pro_rich_snippets_disable":[],"_seopress_pro_schemas":[],"footnotes":""},"categories":[2,3],"tags":[3692,4358,1222,4357,1205,284,2347,4577,1343,1158,1212,1159,151,737],"class_list":["post-16481","post","type-post","status-publish","format-standard","has-post-thumbnail","category-arts-medias","category-langues-litteratures","tag-3692","tag-centre-detudes-theatrales","tag-centre-detudes-theatrales-cet","tag-cet","tag-labelettres","tag-nature","tag-open-access","tag-plein-air","tag-public","tag-publics","tag-section-de-francais","tag-spectacle","tag-theatre","tag-valentina-ponzetto"],"_links":{"self":[{"href":"https:\/\/wp.unil.ch\/labelettres\/wp-json\/wp\/v2\/posts\/16481","targetHints":{"allow":["GET"]}}],"collection":[{"href":"https:\/\/wp.unil.ch\/labelettres\/wp-json\/wp\/v2\/posts"}],"about":[{"href":"https:\/\/wp.unil.ch\/labelettres\/wp-json\/wp\/v2\/types\/post"}],"author":[{"embeddable":true,"href":"https:\/\/wp.unil.ch\/labelettres\/wp-json\/wp\/v2\/users\/1002938"}],"replies":[{"embeddable":true,"href":"https:\/\/wp.unil.ch\/labelettres\/wp-json\/wp\/v2\/comments?post=16481"}],"version-history":[{"count":3,"href":"https:\/\/wp.unil.ch\/labelettres\/wp-json\/wp\/v2\/posts\/16481\/revisions"}],"predecessor-version":[{"id":16486,"href":"https:\/\/wp.unil.ch\/labelettres\/wp-json\/wp\/v2\/posts\/16481\/revisions\/16486"}],"wp:featuredmedia":[{"embeddable":true,"href":"https:\/\/wp.unil.ch\/labelettres\/wp-json\/wp\/v2\/media\/16482"}],"wp:attachment":[{"href":"https:\/\/wp.unil.ch\/labelettres\/wp-json\/wp\/v2\/media?parent=16481"}],"wp:term":[{"taxonomy":"category","embeddable":true,"href":"https:\/\/wp.unil.ch\/labelettres\/wp-json\/wp\/v2\/categories?post=16481"},{"taxonomy":"post_tag","embeddable":true,"href":"https:\/\/wp.unil.ch\/labelettres\/wp-json\/wp\/v2\/tags?post=16481"}],"curies":[{"name":"wp","href":"https:\/\/api.w.org\/{rel}","templated":true}]}}