{"id":16169,"date":"2026-04-28T15:42:39","date_gmt":"2026-04-28T13:42:39","guid":{"rendered":"https:\/\/wp.unil.ch\/labelettres\/?p=16169"},"modified":"2026-04-28T15:42:40","modified_gmt":"2026-04-28T13:42:40","slug":"engagees-litteratures-feministes-en-france-et-au-quebec-1969-1985","status":"publish","type":"post","link":"https:\/\/wp.unil.ch\/labelettres\/engagees-litteratures-feministes-en-france-et-au-quebec-1969-1985\/","title":{"rendered":"Engag\u00e9es: litt\u00e9ratures f\u00e9ministes en France et au Qu\u00e9bec (1969-1985)"},"content":{"rendered":"\n<p><strong>Pens\u00e9es, formes et pratiques politiques de la litt\u00e9rature des ann\u00e9es 1970<\/strong>.<\/p>\n\n\n\n<!--more-->\n\n\n\n<div class=\"wp-block-columns is-layout-flex wp-container-core-columns-is-layout-9d6595d7 wp-block-columns-is-layout-flex\">\n<div class=\"wp-block-column is-layout-flow wp-block-column-is-layout-flow\" style=\"flex-basis:66.66%\">\n<p>Historiquement, les ann\u00e9es 1970 sont celles d\u2019une grande vague de publications et d\u2019effervescence th\u00e9orique autour du projet d\u2019une litt\u00e9rature f\u00e9ministe. Cependant, ce mouvement demeure, sinon mal connu, du moins trait\u00e9 comme une sorte de hapax dans l\u2019histoire litt\u00e9raire francophone nord du XXe si\u00e8cle. Sign\u00e9e Aurore Turbiau (<a href=\"https:\/\/www.unil.ch\/lettres\/fr\/home\/menuinst\/recherche\/centres\/ciel.html\" target=\"_blank\" rel=\"noreferrer noopener\">Centre interdisciplinaire d&rsquo;\u00e9tude des litt\u00e9ratures<\/a>), cette publication montre pourquoi et comment il faut au contraire \u00e9viter de spectraliser \u2013 reconna\u00eetre et rejeter du m\u00eame geste \u2013 ce moment crucial, en comprenant comment les autrices de la cause des femmes se sont inscrites dans les d\u00e9bats de leur \u00e9poque, comment elles y ont r\u00e9pondu, ce qu\u2019elles y ont apport\u00e9 de propre, quelles g\u00e9n\u00e9alogies th\u00e9oriques, politiques, litt\u00e9raires, elles ont mis en sc\u00e8ne.\u00a0<\/p>\n\n\n\n<p>Au travers de l\u2019\u00e9tude d\u2019une dizaine d\u2019autrices \u2013 mais sur fond de lecture de plusieurs centaines d\u2019\u0153uvres \u2013, l\u2019\u00e9tude expose la mani\u00e8re dont les \u00e9crivaines de la cause des femmes, au moment des ann\u00e9es 1969-1985 en France et au Qu\u00e9bec, viennent \u00e0 l\u2019\u00e9criture. Comment elles forment fonds commun; comment elles font voir les violences v\u00e9cues par les femmes \u2013 en d\u00e9non\u00e7ant, d\u00e9voilant, autant qu\u2019en recr\u00e9ant, r\u00e9imaginant; comment elles se forgent une place de sujets en langue; comment elles inventent des formes, d\u00e9lirent et \u00abd\u00e9parlent\u00bb, bousculent, font sauter la langue et la litt\u00e9rature.<\/p>\n\n\n\n<p>Avec pour origine la th\u00e8se de doctorat de l&rsquo;autrice, cette recherche est disponible en texte int\u00e9gral <a href=\"https:\/\/doi.org\/10.4000\/15xu5\" target=\"_blank\" rel=\"noreferrer noopener\">sur le site OpenEdition<\/a>.<\/p>\n\n\n\n<p>Aurore Turbiau, <em><a href=\"https:\/\/pul.univ-lyon2.fr\/product\/show\/9782729715052\" target=\"_blank\" rel=\"noreferrer noopener\">Engag\u00e9es: litt\u00e9ratures f\u00e9ministes en France et au Qu\u00e9bec (1969-1985)<\/a><\/em>, Lyon, Presses Universitaires de Lyon, coll. \u00abDes deux sexes et autres\u00bb, 2026.<\/p>\n<\/div>\n\n\n\n<div class=\"wp-block-column is-layout-flow wp-block-column-is-layout-flow\" style=\"flex-basis:33.33%\">\n<figure class=\"wp-block-image size-full is-resized\"><img loading=\"lazy\" decoding=\"async\" width=\"1773\" height=\"2482\" src=\"https:\/\/wp.unil.ch\/labelettres\/files\/2026\/04\/2026-ciel-engagee-couv.png\" alt=\"Couverture de Engag\u00e9es: litt\u00e9ratures f\u00e9ministes en France et au Qu\u00e9bec (1969-1985)\" class=\"wp-image-16170\" style=\"width:300px\" srcset=\"https:\/\/wp.unil.ch\/labelettres\/files\/2026\/04\/2026-ciel-engagee-couv.png 1773w, https:\/\/wp.unil.ch\/labelettres\/files\/2026\/04\/2026-ciel-engagee-couv-1429x2000.png 1429w, https:\/\/wp.unil.ch\/labelettres\/files\/2026\/04\/2026-ciel-engagee-couv-1446x2024.png 1446w, https:\/\/wp.unil.ch\/labelettres\/files\/2026\/04\/2026-ciel-engagee-couv-435x609.png 435w, https:\/\/wp.unil.ch\/labelettres\/files\/2026\/04\/2026-ciel-engagee-couv-768x1075.png 768w, https:\/\/wp.unil.ch\/labelettres\/files\/2026\/04\/2026-ciel-engagee-couv-1097x1536.png 1097w, https:\/\/wp.unil.ch\/labelettres\/files\/2026\/04\/2026-ciel-engagee-couv-1463x2048.png 1463w, https:\/\/wp.unil.ch\/labelettres\/files\/2026\/04\/2026-ciel-engagee-couv-1320x1848.png 1320w\" sizes=\"auto, (max-width: 1773px) 100vw, 1773px\" \/><\/figure>\n<\/div>\n<\/div>\n\n\n\n<hr class=\"wp-block-separator has-alpha-channel-opacity is-style-wide\" \/>\n\n\n\n<h6 class=\"wp-block-heading\"><strong>TOUTES LES NOTICES DE<\/strong><\/h6>\n\n\n\n<p><strong>Aurore Turbiau<\/strong><\/p>\n\n\n\n\n<div class=\"su-posts su-posts-teaser-loop \">\n\n\t\t\t\t\t\t\n\t\t\t\n\t\t\t<div id=\"su-post-16169\" class=\"su-post \">\n\t\t\t\t\t\t\t\t\t<a class=\"su-post-thumbnail\" href=\"https:\/\/wp.unil.ch\/labelettres\/engagees-litteratures-feministes-en-france-et-au-quebec-1969-1985\/\"><img loading=\"lazy\" decoding=\"async\" width=\"1773\" height=\"2482\" src=\"https:\/\/wp.unil.ch\/labelettres\/files\/2026\/04\/2026-ciel-engagee-couv.png\" class=\"attachment-post-thumbnail size-post-thumbnail wp-post-image\" alt=\"2026 ciel engage\u0301e couv\" srcset=\"https:\/\/wp.unil.ch\/labelettres\/files\/2026\/04\/2026-ciel-engagee-couv.png 1773w, https:\/\/wp.unil.ch\/labelettres\/files\/2026\/04\/2026-ciel-engagee-couv-1429x2000.png 1429w, https:\/\/wp.unil.ch\/labelettres\/files\/2026\/04\/2026-ciel-engagee-couv-1446x2024.png 1446w, https:\/\/wp.unil.ch\/labelettres\/files\/2026\/04\/2026-ciel-engagee-couv-435x609.png 435w, https:\/\/wp.unil.ch\/labelettres\/files\/2026\/04\/2026-ciel-engagee-couv-768x1075.png 768w, https:\/\/wp.unil.ch\/labelettres\/files\/2026\/04\/2026-ciel-engagee-couv-1097x1536.png 1097w, https:\/\/wp.unil.ch\/labelettres\/files\/2026\/04\/2026-ciel-engagee-couv-1463x2048.png 1463w, https:\/\/wp.unil.ch\/labelettres\/files\/2026\/04\/2026-ciel-engagee-couv-1320x1848.png 1320w\" sizes=\"auto, (max-width: 1773px) 100vw, 1773px\" \/><\/a>\n\t\t\t\t\t\t\t\t<h2 class=\"su-post-title\"><a href=\"https:\/\/wp.unil.ch\/labelettres\/engagees-litteratures-feministes-en-france-et-au-quebec-1969-1985\/\">Engag\u00e9es: litt\u00e9ratures f\u00e9ministes en France et au Qu\u00e9bec (1969-1985)<\/a><\/h2>\n\t\t\t<\/div>\n\n\t\t\t\t\t\n\t\t\t\n\t\t\t<div id=\"su-post-14070\" class=\"su-post \">\n\t\t\t\t\t\t\t\t\t<a class=\"su-post-thumbnail\" href=\"https:\/\/wp.unil.ch\/labelettres\/ecrire-a-lencre-violette-litteratures-lesbiennes-en-france-de-1900-a-nos-jours\/\"><img loading=\"lazy\" decoding=\"async\" width=\"702\" height=\"1200\" src=\"https:\/\/wp.unil.ch\/labelettres\/files\/2025\/06\/2025-ciel-encre-violette-1.jpg\" class=\"attachment-post-thumbnail size-post-thumbnail wp-post-image\" alt=\"2025 ciel encre violette\" srcset=\"https:\/\/wp.unil.ch\/labelettres\/files\/2025\/06\/2025-ciel-encre-violette-1.jpg 702w, https:\/\/wp.unil.ch\/labelettres\/files\/2025\/06\/2025-ciel-encre-violette-1-435x744.jpg 435w\" sizes=\"auto, (max-width: 702px) 100vw, 702px\" \/><\/a>\n\t\t\t\t\t\t\t\t<h2 class=\"su-post-title\"><a href=\"https:\/\/wp.unil.ch\/labelettres\/ecrire-a-lencre-violette-litteratures-lesbiennes-en-france-de-1900-a-nos-jours\/\">\u00c9crire \u00e0 l&rsquo;encre violette. Litt\u00e9ratures lesbiennes en France de 1900 \u00e0 nos jours<\/a><\/h2>\n\t\t\t<\/div>\n\n\t\t\t\n<\/div>\n\n\n\n\n<hr class=\"wp-block-separator has-alpha-channel-opacity is-style-wide\" \/>\n\n\n\n<p><\/p>\n","protected":false},"excerpt":{"rendered":"<p>Pens\u00e9es, formes et pratiques politiques de la litt\u00e9rature des ann\u00e9es 1970.<\/p>\n","protected":false},"author":1002938,"featured_media":16170,"comment_status":"closed","ping_status":"closed","sticky":false,"template":"","format":"standard","meta":{"_seopress_robots_primary_cat":"","_seopress_titles_title":"","_seopress_titles_desc":"","_seopress_robots_index":"","footnotes":""},"categories":[3],"tags":[4074,4428,1444,1372,3220,1798,566,722,626,8,1126,4427,1466,3889,447],"class_list":{"0":"post-16169","1":"post","2":"type-post","3":"status-publish","4":"format-standard","5":"has-post-thumbnail","7":"category-langues-litteratures","8":"tag-aurore-turbiau","9":"tag-autrices","10":"tag-centre-interdisciplinaire-detude-des-litteratures","11":"tag-centre-interdisciplinaire-detude-des-litteratures-ciel","12":"tag-ciel","13":"tag-engagement","14":"tag-feminisme","15":"tag-interdisciplinaire","16":"tag-interdisciplinarite","17":"tag-litterature","18":"tag-litterature-engagee","19":"tag-litterature-feministe","20":"tag-theorie-litteraire","21":"tag-these","22":"tag-xxe-siecle"},"_links":{"self":[{"href":"https:\/\/wp.unil.ch\/labelettres\/wp-json\/wp\/v2\/posts\/16169","targetHints":{"allow":["GET"]}}],"collection":[{"href":"https:\/\/wp.unil.ch\/labelettres\/wp-json\/wp\/v2\/posts"}],"about":[{"href":"https:\/\/wp.unil.ch\/labelettres\/wp-json\/wp\/v2\/types\/post"}],"author":[{"embeddable":true,"href":"https:\/\/wp.unil.ch\/labelettres\/wp-json\/wp\/v2\/users\/1002938"}],"replies":[{"embeddable":true,"href":"https:\/\/wp.unil.ch\/labelettres\/wp-json\/wp\/v2\/comments?post=16169"}],"version-history":[{"count":4,"href":"https:\/\/wp.unil.ch\/labelettres\/wp-json\/wp\/v2\/posts\/16169\/revisions"}],"predecessor-version":[{"id":16177,"href":"https:\/\/wp.unil.ch\/labelettres\/wp-json\/wp\/v2\/posts\/16169\/revisions\/16177"}],"wp:featuredmedia":[{"embeddable":true,"href":"https:\/\/wp.unil.ch\/labelettres\/wp-json\/wp\/v2\/media\/16170"}],"wp:attachment":[{"href":"https:\/\/wp.unil.ch\/labelettres\/wp-json\/wp\/v2\/media?parent=16169"}],"wp:term":[{"taxonomy":"category","embeddable":true,"href":"https:\/\/wp.unil.ch\/labelettres\/wp-json\/wp\/v2\/categories?post=16169"},{"taxonomy":"post_tag","embeddable":true,"href":"https:\/\/wp.unil.ch\/labelettres\/wp-json\/wp\/v2\/tags?post=16169"}],"curies":[{"name":"wp","href":"https:\/\/api.w.org\/{rel}","templated":true}]}}