{"id":15817,"date":"2025-12-17T16:42:14","date_gmt":"2025-12-17T15:42:14","guid":{"rendered":"https:\/\/wp.unil.ch\/labelettres\/?p=15817"},"modified":"2026-02-12T09:24:52","modified_gmt":"2026-02-12T08:24:52","slug":"education-et-relations-nord-sud","status":"publish","type":"post","link":"https:\/\/wp.unil.ch\/labelettres\/education-et-relations-nord-sud\/","title":{"rendered":"\u00c9ducation et relations Nord-Sud"},"content":{"rendered":"\n<p><strong>L\u2019\u00e9ducation, levier diplomatique et moteur des dynamiques transnationales.<\/strong><\/p>\n\n\n\n<!--more-->\n\n\n\n<div class=\"wp-block-columns is-layout-flex wp-container-core-columns-is-layout-9d6595d7 wp-block-columns-is-layout-flex\">\n<div class=\"wp-block-column is-layout-flow wp-block-column-is-layout-flow\" style=\"flex-basis:66.66%\">\n<p>\u00c9dit\u00e9 par Rapha\u00eblle Ruppen Coutaz (<a href=\"https:\/\/www.unil.ch\/hist\/fr\/home.html\" target=\"_blank\" rel=\"noreferrer noopener\">Section d\u2019histoire<\/a>) et Damiano Matasci, ce num\u00e9ro de la revue \u00abRelations internationales\u00bb explore comment l\u2019\u00e9ducation a servi d\u2019outil diplomatique et de levier dans les relations internationales \u00e0 l\u2019heure de la d\u00e9colonisation et de la Guerre froide. Il examine \u00e9galement la place centrale de la formation dans l\u2019aide au d\u00e9veloppement et met en lumi\u00e8re le r\u00f4le crucial de l\u2019\u00e9ducation comme vecteur des causes internationalistes et des (nouvelles) formes de mobilisation transnationale.<\/p>\n\n\n\n<p>Les articles sont&nbsp;disponibles en texte int\u00e9gral <a href=\"https:\/\/shs.cairn.info\/revue-relations-internationales-2024-3?lang=fr\" target=\"_blank\" rel=\"noreferrer noopener\">sur Cairn<\/a>.<\/p>\n\n\n\n<p>Damiano Matasci, Rapha\u00eblle Ruppen Coutaz (\u00e9ds), <em><a href=\"https:\/\/shs.cairn.info\/revue-relations-internationales-2024-3?lang=fr\" target=\"_blank\" rel=\"noreferrer noopener\">\u00c9ducation et relations Nord-Sud<\/a><\/em>, <em>Relations internationales<\/em>, n\u00b0199, Paris, Presses universitaires de France, 2024.<\/p>\n<\/div>\n\n\n\n<div class=\"wp-block-column is-layout-flow wp-block-column-is-layout-flow\" style=\"flex-basis:33.33%\">\n<figure class=\"wp-block-image size-full is-resized\"><img loading=\"lazy\" decoding=\"async\" width=\"310\" height=\"480\" src=\"https:\/\/wp.unil.ch\/labelettres\/files\/2025\/12\/2024-hist-education-et-relations-nord-sud.jpg\" alt=\"Couverture de \u00c9ducation et relations Nord-Sud\" class=\"wp-image-15822\" style=\"width:300px\" \/><\/figure>\n<\/div>\n<\/div>\n\n\n\n<hr class=\"wp-block-separator has-alpha-channel-opacity is-style-wide\" \/>\n\n\n\n<h6 class=\"wp-block-heading\"><strong>TOUTES LES NOTICES DE<\/strong><\/h6>\n\n\n\n<p><strong>Rapha\u00eblle Ruppen Coutaz<\/strong><\/p>\n\n\n\n\n<div class=\"su-posts su-posts-teaser-loop \">\n\n\t\t\t\t\t\t\n\t\t\t\n\t\t\t<div id=\"su-post-15817\" class=\"su-post \">\n\t\t\t\t\t\t\t\t\t<a class=\"su-post-thumbnail\" href=\"https:\/\/wp.unil.ch\/labelettres\/education-et-relations-nord-sud\/\"><img loading=\"lazy\" decoding=\"async\" width=\"310\" height=\"480\" src=\"https:\/\/wp.unil.ch\/labelettres\/files\/2025\/12\/2024-hist-education-et-relations-nord-sud.jpg\" class=\"attachment-post-thumbnail size-post-thumbnail wp-post-image\" alt=\"2024 hist education et relations nord sud\" \/><\/a>\n\t\t\t\t\t\t\t\t<h2 class=\"su-post-title\"><a href=\"https:\/\/wp.unil.ch\/labelettres\/education-et-relations-nord-sud\/\">\u00c9ducation et relations Nord-Sud<\/a><\/h2>\n\t\t\t<\/div>\n\n\t\t\t\t\t\n\t\t\t\n\t\t\t<div id=\"su-post-15800\" class=\"su-post \">\n\t\t\t\t\t\t\t\t\t<a class=\"su-post-thumbnail\" href=\"https:\/\/wp.unil.ch\/labelettres\/building-europe-through-education-building-education-through-europe-actors-spaces-and-pedagogies-in-a-historical-perspective\/\"><img loading=\"lazy\" decoding=\"async\" width=\"784\" height=\"1200\" src=\"https:\/\/wp.unil.ch\/labelettres\/files\/2025\/12\/2025-hist-buiding-throug-education-couv-1.jpg\" class=\"attachment-post-thumbnail size-post-thumbnail wp-post-image\" alt=\"2025 hist buiding throug education couv\" srcset=\"https:\/\/wp.unil.ch\/labelettres\/files\/2025\/12\/2025-hist-buiding-throug-education-couv-1.jpg 784w, https:\/\/wp.unil.ch\/labelettres\/files\/2025\/12\/2025-hist-buiding-throug-education-couv-1-435x666.jpg 435w, https:\/\/wp.unil.ch\/labelettres\/files\/2025\/12\/2025-hist-buiding-throug-education-couv-1-768x1176.jpg 768w\" sizes=\"auto, (max-width: 784px) 100vw, 784px\" \/><\/a>\n\t\t\t\t\t\t\t\t<h2 class=\"su-post-title\"><a href=\"https:\/\/wp.unil.ch\/labelettres\/building-europe-through-education-building-education-through-europe-actors-spaces-and-pedagogies-in-a-historical-perspective\/\">Building Europe Through Education, Building Education Through Europe. Actors, Spaces and Pedagogies in a Historical Perspective<\/a><\/h2>\n\t\t\t<\/div>\n\n\t\t\t\t\t\n\t\t\t\n\t\t\t<div id=\"su-post-15805\" class=\"su-post \">\n\t\t\t\t\t\t\t\t\t<a class=\"su-post-thumbnail\" href=\"https:\/\/wp.unil.ch\/labelettres\/educational-internationalism-in-the-cold-war-plural-visions-global-experiences\/\"><img loading=\"lazy\" decoding=\"async\" width=\"683\" height=\"1006\" src=\"https:\/\/wp.unil.ch\/labelettres\/files\/2025\/12\/2025-hist-educational-internationalism-couv.png\" class=\"attachment-post-thumbnail size-post-thumbnail wp-post-image\" alt=\"2025 hist educational internationalism couv\" srcset=\"https:\/\/wp.unil.ch\/labelettres\/files\/2025\/12\/2025-hist-educational-internationalism-couv.png 683w, https:\/\/wp.unil.ch\/labelettres\/files\/2025\/12\/2025-hist-educational-internationalism-couv-435x641.png 435w\" sizes=\"auto, (max-width: 683px) 100vw, 683px\" \/><\/a>\n\t\t\t\t\t\t\t\t<h2 class=\"su-post-title\"><a href=\"https:\/\/wp.unil.ch\/labelettres\/educational-internationalism-in-the-cold-war-plural-visions-global-experiences\/\">Educational Internationalism in the Cold War. Plural Visions, Global Experiences<\/a><\/h2>\n\t\t\t<\/div>\n\n\t\t\t\t\t\n\t\t\t\n\t\t\t<div id=\"su-post-13757\" class=\"su-post \">\n\t\t\t\t\t\t\t\t\t<a class=\"su-post-thumbnail\" href=\"https:\/\/wp.unil.ch\/labelettres\/transmedia-history-circulations-reconfigurations-and-new-methodologies\/\"><img loading=\"lazy\" decoding=\"async\" width=\"849\" height=\"1200\" src=\"https:\/\/wp.unil.ch\/labelettres\/files\/2025\/04\/2025-hist-transmedi-history-1.png\" class=\"attachment-post-thumbnail size-post-thumbnail wp-post-image\" alt=\"Couverture du livre Transmedia History\" srcset=\"https:\/\/wp.unil.ch\/labelettres\/files\/2025\/04\/2025-hist-transmedi-history-1.png 849w, https:\/\/wp.unil.ch\/labelettres\/files\/2025\/04\/2025-hist-transmedi-history-1-435x615.png 435w, https:\/\/wp.unil.ch\/labelettres\/files\/2025\/04\/2025-hist-transmedi-history-1-768x1086.png 768w\" sizes=\"auto, (max-width: 849px) 100vw, 849px\" \/><\/a>\n\t\t\t\t\t\t\t\t<h2 class=\"su-post-title\"><a href=\"https:\/\/wp.unil.ch\/labelettres\/transmedia-history-circulations-reconfigurations-and-new-methodologies\/\">Transmedia History: Circulations, Reconfigurations and New Methodologies<\/a><\/h2>\n\t\t\t<\/div>\n\n\t\t\t\t\t\n\t\t\t\n\t\t\t<div id=\"su-post-83\" class=\"su-post \">\n\t\t\t\t\t\t\t\t\t<a class=\"su-post-thumbnail\" href=\"https:\/\/wp.unil.ch\/labelettres\/la-voix-de-la-suisse-a-letranger-radio-et-relations-culturelles-internationales-1932-1949\/\"><img loading=\"lazy\" decoding=\"async\" width=\"832\" height=\"1200\" src=\"https:\/\/wp.unil.ch\/labelettres\/files\/2017\/06\/RUPPEN_COUTAZ_lavoixsuisse.jpg\" class=\"attachment-post-thumbnail size-post-thumbnail wp-post-image\" alt=\"\" srcset=\"https:\/\/wp.unil.ch\/labelettres\/files\/2017\/06\/RUPPEN_COUTAZ_lavoixsuisse.jpg 832w, https:\/\/wp.unil.ch\/labelettres\/files\/2017\/06\/RUPPEN_COUTAZ_lavoixsuisse-435x627.jpg 435w, https:\/\/wp.unil.ch\/labelettres\/files\/2017\/06\/RUPPEN_COUTAZ_lavoixsuisse-208x300.jpg 208w, https:\/\/wp.unil.ch\/labelettres\/files\/2017\/06\/RUPPEN_COUTAZ_lavoixsuisse-768x1108.jpg 768w, https:\/\/wp.unil.ch\/labelettres\/files\/2017\/06\/RUPPEN_COUTAZ_lavoixsuisse-710x1024.jpg 710w\" sizes=\"auto, (max-width: 832px) 100vw, 832px\" \/><\/a>\n\t\t\t\t\t\t\t\t<h2 class=\"su-post-title\"><a href=\"https:\/\/wp.unil.ch\/labelettres\/la-voix-de-la-suisse-a-letranger-radio-et-relations-culturelles-internationales-1932-1949\/\">La voix de la Suisse \u00e0 l&rsquo;\u00e9tranger. Radio et relations culturelles internationales (1932-1949)<\/a><\/h2>\n\t\t\t<\/div>\n\n\t\t\t\n<\/div>\n\n\n\n\n<hr class=\"wp-block-separator has-alpha-channel-opacity is-style-wide\" \/>\n","protected":false},"excerpt":{"rendered":"<p>L\u2019\u00e9ducation, levier diplomatique et moteur des dynamiques transnationales.<\/p>\n","protected":false},"author":1002938,"featured_media":15822,"comment_status":"closed","ping_status":"closed","sticky":false,"template":"","format":"standard","meta":{"_seopress_robots_primary_cat":"","_seopress_titles_title":"","_seopress_titles_desc":"","_seopress_robots_index":"","footnotes":""},"categories":[4],"tags":[3692,4269,4271,400,147,1637,4268,4273,4191,4272,21,4270],"class_list":{"0":"post-15817","1":"post","2":"type-post","3":"status-publish","4":"format-standard","5":"has-post-thumbnail","7":"category-sciences-historiques","8":"tag-3692","9":"tag-aide-au-developpement","10":"tag-decolonisation","11":"tag-diplomatie","12":"tag-education","13":"tag-guerre-froide","14":"tag-international","15":"tag-internationalis","16":"tag-internationalisme","17":"tag-nord-sud","18":"tag-raphaelle-ruppen-coutaz","19":"tag-relations-nord-sud"},"_links":{"self":[{"href":"https:\/\/wp.unil.ch\/labelettres\/wp-json\/wp\/v2\/posts\/15817","targetHints":{"allow":["GET"]}}],"collection":[{"href":"https:\/\/wp.unil.ch\/labelettres\/wp-json\/wp\/v2\/posts"}],"about":[{"href":"https:\/\/wp.unil.ch\/labelettres\/wp-json\/wp\/v2\/types\/post"}],"author":[{"embeddable":true,"href":"https:\/\/wp.unil.ch\/labelettres\/wp-json\/wp\/v2\/users\/1002938"}],"replies":[{"embeddable":true,"href":"https:\/\/wp.unil.ch\/labelettres\/wp-json\/wp\/v2\/comments?post=15817"}],"version-history":[{"count":4,"href":"https:\/\/wp.unil.ch\/labelettres\/wp-json\/wp\/v2\/posts\/15817\/revisions"}],"predecessor-version":[{"id":16019,"href":"https:\/\/wp.unil.ch\/labelettres\/wp-json\/wp\/v2\/posts\/15817\/revisions\/16019"}],"wp:featuredmedia":[{"embeddable":true,"href":"https:\/\/wp.unil.ch\/labelettres\/wp-json\/wp\/v2\/media\/15822"}],"wp:attachment":[{"href":"https:\/\/wp.unil.ch\/labelettres\/wp-json\/wp\/v2\/media?parent=15817"}],"wp:term":[{"taxonomy":"category","embeddable":true,"href":"https:\/\/wp.unil.ch\/labelettres\/wp-json\/wp\/v2\/categories?post=15817"},{"taxonomy":"post_tag","embeddable":true,"href":"https:\/\/wp.unil.ch\/labelettres\/wp-json\/wp\/v2\/tags?post=15817"}],"curies":[{"name":"wp","href":"https:\/\/api.w.org\/{rel}","templated":true}]}}