{"id":15754,"date":"2025-11-28T14:40:08","date_gmt":"2025-11-28T13:40:08","guid":{"rendered":"https:\/\/wp.unil.ch\/labelettres\/?p=15754"},"modified":"2025-12-02T15:57:30","modified_gmt":"2025-12-02T14:57:30","slug":"le-crime-de-sylvestre-bonnard-1879-1922-edition-numerique-comparative","status":"publish","type":"post","link":"https:\/\/wp.unil.ch\/labelettres\/le-crime-de-sylvestre-bonnard-1879-1922-edition-numerique-comparative\/","title":{"rendered":"Le Crime de Sylvestre Bonnard (1879-1922). \u00c9dition num\u00e9rique comparative"},"content":{"rendered":"\n<p><strong>Quand un futur prix Nobel retravaille l&rsquo;un de ses premiers textes.<\/strong><\/p>\n\n\n\n<!--more-->\n\n\n\n<div class=\"wp-block-columns is-layout-flex wp-container-core-columns-is-layout-9d6595d7 wp-block-columns-is-layout-flex\">\n<div class=\"wp-block-column is-layout-flow wp-block-column-is-layout-flow\" style=\"flex-basis:66.66%\">\n<p>Dans cette \u00e9dition num\u00e9rique comparative du <em>Crime de Sylvestre Bonnard<\/em>, Gilles Philippe (<a href=\"https:\/\/www.unil.ch\/fra\/fr\/home.html\" target=\"_blank\" rel=\"noreferrer noopener\">Section de fran\u00e7ais<\/a>) retrace la gen\u00e8se post-\u00e9ditoriale de l\u2019\u0153uvre d&rsquo;Anatole France. D\u2019abord paru en revue entre 1879 et 1881, puis en volume chez Calmann-L\u00e9vy en 1881, <em>Le Crime de Sylvestre Bonnard<\/em> a offert \u00e0 son auteur sa premi\u00e8re notori\u00e9t\u00e9.<\/p>\n\n\n\n<p>Souffrant toutefois de graves d\u00e9fauts de composition narrative et de coh\u00e9rence chronologique, le roman a \u00e9t\u00e9 retravaill\u00e9 une premi\u00e8re fois par Anatole France en vue de l\u2019\u00e9dition de 1903. Cette publication ne donnera toujours pas satisfaction, si bien qu&rsquo;une nouvelle r\u00e9vision donnera lieu \u00e0 la quatri\u00e8me et ultime \u00e9dition, parue en 1922, soit quelques mois apr\u00e8s que l\u2019\u00e9crivain a re\u00e7u le prix Nobel de litt\u00e9rature.<\/p>\n\n\n\n<p>Cette \u00e9dition num\u00e9rique comparative est disponible sur la plateforme <a href=\"https:\/\/variance.unil.ch\/\" target=\"_blank\" rel=\"noreferrer noopener\">Variance<\/a>, un comparateur de textes dont la direction scientifique est assur\u00e9e par Rudolf Mahrer et Jo\u00ebl Zufferey de la <a href=\"https:\/\/www.unil.ch\/fra\" target=\"_blank\" rel=\"noreferrer noopener\">Section de fran\u00e7ais<\/a>. Son objectif est d\u2019offrir un support qui permette de r\u00e9unir toutes les versions d\u2019une m\u00eame \u0153uvre, moderne ou ancienne, et d\u2019assister l\u2019interpr\u00e9tation des transformations, d\u2019une \u00e9dition \u00e0 l\u2019autre.<\/p>\n\n\n\n<p>Anatole France, <em><a href=\"https:\/\/variance.unil.ch\/anatole_france\" target=\"_blank\" rel=\"noreferrer noopener\">Le Crime de Sylvestre Bonnard (1879-1922)<\/a><\/em>, \u00e9dit\u00e9 par Gilles Philippe, Lausanne, Variance, 2025.<\/p>\n<\/div>\n\n\n\n<div class=\"wp-block-column is-layout-flow wp-block-column-is-layout-flow\" style=\"flex-basis:33.33%\">\n<figure class=\"wp-block-image size-full is-resized\"><img loading=\"lazy\" decoding=\"async\" width=\"595\" height=\"841\" src=\"https:\/\/wp.unil.ch\/labelettres\/files\/2025\/11\/2025-fra-variance-crime-couv.jpg\" alt=\"Couverture de Le Crime de Sylvestre Bonnard (1879-1922). \u00c9dition num\u00e9rique comparative\" class=\"wp-image-15755\" style=\"width:300px;height:auto\" srcset=\"https:\/\/wp.unil.ch\/labelettres\/files\/2025\/11\/2025-fra-variance-crime-couv.jpg 595w, https:\/\/wp.unil.ch\/labelettres\/files\/2025\/11\/2025-fra-variance-crime-couv-435x615.jpg 435w\" sizes=\"auto, (max-width: 595px) 100vw, 595px\" \/><\/figure>\n<\/div>\n<\/div>\n\n\n\n<hr class=\"wp-block-separator has-alpha-channel-opacity is-style-wide\" \/>\n\n\n\n<h6 class=\"wp-block-heading\"><strong>TOUTES LES NOTICES DE<\/strong><\/h6>\n\n\n\n<p><strong>Gilles Philippe<\/strong><\/p>\n\n\n\n\n<div class=\"su-posts su-posts-teaser-loop \">\n\n\t\t\t\t\t\t\n\t\t\t\n\t\t\t<div id=\"su-post-15754\" class=\"su-post \">\n\t\t\t\t\t\t\t\t\t<a class=\"su-post-thumbnail\" href=\"https:\/\/wp.unil.ch\/labelettres\/le-crime-de-sylvestre-bonnard-1879-1922-edition-numerique-comparative\/\"><img loading=\"lazy\" decoding=\"async\" width=\"595\" height=\"841\" src=\"https:\/\/wp.unil.ch\/labelettres\/files\/2025\/11\/2025-fra-variance-crime-couv.jpg\" class=\"attachment-post-thumbnail size-post-thumbnail wp-post-image\" alt=\"2025 fra variance crime couv\" srcset=\"https:\/\/wp.unil.ch\/labelettres\/files\/2025\/11\/2025-fra-variance-crime-couv.jpg 595w, https:\/\/wp.unil.ch\/labelettres\/files\/2025\/11\/2025-fra-variance-crime-couv-435x615.jpg 435w\" sizes=\"auto, (max-width: 595px) 100vw, 595px\" \/><\/a>\n\t\t\t\t\t\t\t\t<h2 class=\"su-post-title\"><a href=\"https:\/\/wp.unil.ch\/labelettres\/le-crime-de-sylvestre-bonnard-1879-1922-edition-numerique-comparative\/\">Le Crime de Sylvestre Bonnard (1879-1922). \u00c9dition num\u00e9rique comparative<\/a><\/h2>\n\t\t\t<\/div>\n\n\t\t\t\t\t\n\t\t\t\n\t\t\t<div id=\"su-post-12899\" class=\"su-post \">\n\t\t\t\t\t\t\t\t\t<a class=\"su-post-thumbnail\" href=\"https:\/\/wp.unil.ch\/labelettres\/une-certaine-gene-a-legard-du-style\/\"><img loading=\"lazy\" decoding=\"async\" width=\"774\" height=\"1200\" src=\"https:\/\/wp.unil.ch\/labelettres\/files\/2024\/04\/PHILIPPE_2024_gene_cover.jpg\" class=\"attachment-post-thumbnail size-post-thumbnail wp-post-image\" alt=\"\" srcset=\"https:\/\/wp.unil.ch\/labelettres\/files\/2024\/04\/PHILIPPE_2024_gene_cover.jpg 774w, https:\/\/wp.unil.ch\/labelettres\/files\/2024\/04\/PHILIPPE_2024_gene_cover-435x674.jpg 435w, https:\/\/wp.unil.ch\/labelettres\/files\/2024\/04\/PHILIPPE_2024_gene_cover-768x1191.jpg 768w\" sizes=\"auto, (max-width: 774px) 100vw, 774px\" \/><\/a>\n\t\t\t\t\t\t\t\t<h2 class=\"su-post-title\"><a href=\"https:\/\/wp.unil.ch\/labelettres\/une-certaine-gene-a-legard-du-style\/\">Une certaine g\u00eane \u00e0 l&rsquo;\u00e9gard du style<\/a><\/h2>\n\t\t\t<\/div>\n\n\t\t\t\t\t\n\t\t\t\n\t\t\t<div id=\"su-post-10443\" class=\"su-post \">\n\t\t\t\t\t\t\t\t\t<a class=\"su-post-thumbnail\" href=\"https:\/\/wp.unil.ch\/labelettres\/jean-genet-romans-et-poemes\/\"><img loading=\"lazy\" decoding=\"async\" width=\"667\" height=\"1063\" src=\"https:\/\/wp.unil.ch\/labelettres\/files\/2021\/05\/PHILIPPE_Genet_cover.jpg\" class=\"attachment-post-thumbnail size-post-thumbnail wp-post-image\" alt=\"\" srcset=\"https:\/\/wp.unil.ch\/labelettres\/files\/2021\/05\/PHILIPPE_Genet_cover.jpg 667w, https:\/\/wp.unil.ch\/labelettres\/files\/2021\/05\/PHILIPPE_Genet_cover-435x693.jpg 435w\" sizes=\"auto, (max-width: 667px) 100vw, 667px\" \/><\/a>\n\t\t\t\t\t\t\t\t<h2 class=\"su-post-title\"><a href=\"https:\/\/wp.unil.ch\/labelettres\/jean-genet-romans-et-poemes\/\">Jean Genet, Romans et po\u00e8mes<\/a><\/h2>\n\t\t\t<\/div>\n\n\t\t\t\t\t\n\t\t\t\n\t\t\t<div id=\"su-post-10420\" class=\"su-post \">\n\t\t\t\t\t\t\t\t\t<a class=\"su-post-thumbnail\" href=\"https:\/\/wp.unil.ch\/labelettres\/pourquoi-le-style-change-t-il\/\"><img loading=\"lazy\" decoding=\"async\" width=\"829\" height=\"1200\" src=\"https:\/\/wp.unil.ch\/labelettres\/files\/2021\/04\/PHILIPPE_style_coverv2.jpg\" class=\"attachment-post-thumbnail size-post-thumbnail wp-post-image\" alt=\"\" srcset=\"https:\/\/wp.unil.ch\/labelettres\/files\/2021\/04\/PHILIPPE_style_coverv2.jpg 829w, https:\/\/wp.unil.ch\/labelettres\/files\/2021\/04\/PHILIPPE_style_coverv2-435x630.jpg 435w, https:\/\/wp.unil.ch\/labelettres\/files\/2021\/04\/PHILIPPE_style_coverv2-768x1112.jpg 768w\" sizes=\"auto, (max-width: 829px) 100vw, 829px\" \/><\/a>\n\t\t\t\t\t\t\t\t<h2 class=\"su-post-title\"><a href=\"https:\/\/wp.unil.ch\/labelettres\/pourquoi-le-style-change-t-il\/\">Pourquoi le style change-t-il?<\/a><\/h2>\n\t\t\t<\/div>\n\n\t\t\t\t\t\n\t\t\t\n\t\t\t<div id=\"su-post-7575\" class=\"su-post \">\n\t\t\t\t\t\t\t\t\t<a class=\"su-post-thumbnail\" href=\"https:\/\/wp.unil.ch\/labelettres\/1980-lan-zero-du-monde-contemporain\/\"><img loading=\"lazy\" decoding=\"async\" width=\"826\" height=\"1200\" src=\"https:\/\/wp.unil.ch\/labelettres\/files\/2020\/04\/Edl_1980_cover.jpg\" class=\"attachment-post-thumbnail size-post-thumbnail wp-post-image\" alt=\"\" srcset=\"https:\/\/wp.unil.ch\/labelettres\/files\/2020\/04\/Edl_1980_cover.jpg 826w, https:\/\/wp.unil.ch\/labelettres\/files\/2020\/04\/Edl_1980_cover-435x632.jpg 435w, https:\/\/wp.unil.ch\/labelettres\/files\/2020\/04\/Edl_1980_cover-768x1116.jpg 768w\" sizes=\"auto, (max-width: 826px) 100vw, 826px\" \/><\/a>\n\t\t\t\t\t\t\t\t<h2 class=\"su-post-title\"><a href=\"https:\/\/wp.unil.ch\/labelettres\/1980-lan-zero-du-monde-contemporain\/\">1980: L&rsquo;an z\u00e9ro du monde contemporain?<\/a><\/h2>\n\t\t\t<\/div>\n\n\t\t\t\t\t\n\t\t\t\n\t\t\t<div id=\"su-post-6784\" class=\"su-post \">\n\t\t\t\t\t\t\t\t\t<a class=\"su-post-thumbnail\" href=\"https:\/\/wp.unil.ch\/labelettres\/c-f-ramuz-les-signes-parmi-nous\/\"><img loading=\"lazy\" decoding=\"async\" width=\"764\" height=\"1200\" src=\"https:\/\/wp.unil.ch\/labelettres\/files\/2019\/11\/Zoe_ColRamuz_SigneParmNous_102-1.jpg\" class=\"attachment-post-thumbnail size-post-thumbnail wp-post-image\" alt=\"\" srcset=\"https:\/\/wp.unil.ch\/labelettres\/files\/2019\/11\/Zoe_ColRamuz_SigneParmNous_102-1.jpg 764w, https:\/\/wp.unil.ch\/labelettres\/files\/2019\/11\/Zoe_ColRamuz_SigneParmNous_102-1-435x683.jpg 435w\" sizes=\"auto, (max-width: 764px) 100vw, 764px\" \/><\/a>\n\t\t\t\t\t\t\t\t<h2 class=\"su-post-title\"><a href=\"https:\/\/wp.unil.ch\/labelettres\/c-f-ramuz-les-signes-parmi-nous\/\">C. F. Ramuz, Les Signes parmi nous<\/a><\/h2>\n\t\t\t<\/div>\n\n\t\t\t\t\t\n\t\t\t\n\t\t\t<div id=\"su-post-3516\" class=\"su-post \">\n\t\t\t\t\t\t\t\t\t<a class=\"su-post-thumbnail\" href=\"https:\/\/wp.unil.ch\/labelettres\/le-style-indirect-libre-naissance-dune-categorie-1894-1914\/\"><img loading=\"lazy\" decoding=\"async\" width=\"414\" height=\"640\" src=\"https:\/\/wp.unil.ch\/labelettres\/files\/2018\/09\/LE_STYLE_INDIRECT_LIBRE_copie_1.jpg\" class=\"attachment-post-thumbnail size-post-thumbnail wp-post-image\" alt=\"\" \/><\/a>\n\t\t\t\t\t\t\t\t<h2 class=\"su-post-title\"><a href=\"https:\/\/wp.unil.ch\/labelettres\/le-style-indirect-libre-naissance-dune-categorie-1894-1914\/\">Le style indirect libre. Naissance d&rsquo;une cat\u00e9gorie (1894-1914)<\/a><\/h2>\n\t\t\t<\/div>\n\n\t\t\t\t\t\n\t\t\t\n\t\t\t<div id=\"su-post-1988\" class=\"su-post \">\n\t\t\t\t\t\t\t\t\t<a class=\"su-post-thumbnail\" href=\"https:\/\/wp.unil.ch\/labelettres\/adaptation-des-livres-aux-scenarios\/\"><img loading=\"lazy\" decoding=\"async\" width=\"865\" height=\"1200\" src=\"https:\/\/wp.unil.ch\/labelettres\/files\/2018\/02\/BOILLAT_AdaptationCOUVD_final_2.jpg\" class=\"attachment-post-thumbnail size-post-thumbnail wp-post-image\" alt=\"\" srcset=\"https:\/\/wp.unil.ch\/labelettres\/files\/2018\/02\/BOILLAT_AdaptationCOUVD_final_2.jpg 865w, https:\/\/wp.unil.ch\/labelettres\/files\/2018\/02\/BOILLAT_AdaptationCOUVD_final_2-435x603.jpg 435w, https:\/\/wp.unil.ch\/labelettres\/files\/2018\/02\/BOILLAT_AdaptationCOUVD_final_2-768x1065.jpg 768w\" sizes=\"auto, (max-width: 865px) 100vw, 865px\" \/><\/a>\n\t\t\t\t\t\t\t\t<h2 class=\"su-post-title\"><a href=\"https:\/\/wp.unil.ch\/labelettres\/adaptation-des-livres-aux-scenarios\/\">L&rsquo;Adaptation. Des livres aux sc\u00e9narios<\/a><\/h2>\n\t\t\t<\/div>\n\n\t\t\t\n<\/div>\n\n\n\n\n<p><strong><strong>Variance<\/strong><\/strong><\/p>\n\n\n\n\n<div class=\"su-posts su-posts-teaser-loop \">\n\n\t\t\t\t\t\t\n\t\t\t\n\t\t\t<div id=\"su-post-15754\" class=\"su-post \">\n\t\t\t\t\t\t\t\t\t<a class=\"su-post-thumbnail\" href=\"https:\/\/wp.unil.ch\/labelettres\/le-crime-de-sylvestre-bonnard-1879-1922-edition-numerique-comparative\/\"><img loading=\"lazy\" decoding=\"async\" width=\"595\" height=\"841\" src=\"https:\/\/wp.unil.ch\/labelettres\/files\/2025\/11\/2025-fra-variance-crime-couv.jpg\" class=\"attachment-post-thumbnail size-post-thumbnail wp-post-image\" alt=\"2025 fra variance crime couv\" srcset=\"https:\/\/wp.unil.ch\/labelettres\/files\/2025\/11\/2025-fra-variance-crime-couv.jpg 595w, https:\/\/wp.unil.ch\/labelettres\/files\/2025\/11\/2025-fra-variance-crime-couv-435x615.jpg 435w\" sizes=\"auto, (max-width: 595px) 100vw, 595px\" \/><\/a>\n\t\t\t\t\t\t\t\t<h2 class=\"su-post-title\"><a href=\"https:\/\/wp.unil.ch\/labelettres\/le-crime-de-sylvestre-bonnard-1879-1922-edition-numerique-comparative\/\">Le Crime de Sylvestre Bonnard (1879-1922). \u00c9dition num\u00e9rique comparative<\/a><\/h2>\n\t\t\t<\/div>\n\n\t\t\t\t\t\n\t\t\t\n\t\t\t<div id=\"su-post-13941\" class=\"su-post \">\n\t\t\t\t\t\t\t\t\t<a class=\"su-post-thumbnail\" href=\"https:\/\/wp.unil.ch\/labelettres\/la-vie-dun-simple-1904-1945-edition-numerique-comparative\/\"><img loading=\"lazy\" decoding=\"async\" width=\"849\" height=\"1200\" src=\"https:\/\/wp.unil.ch\/labelettres\/files\/2025\/05\/2025-efle-variance-la-vie-dun-simple.jpg\" class=\"attachment-post-thumbnail size-post-thumbnail wp-post-image\" alt=\"2025 efle variance la vie d&#039;un simple\" srcset=\"https:\/\/wp.unil.ch\/labelettres\/files\/2025\/05\/2025-efle-variance-la-vie-dun-simple.jpg 849w, https:\/\/wp.unil.ch\/labelettres\/files\/2025\/05\/2025-efle-variance-la-vie-dun-simple-435x615.jpg 435w, https:\/\/wp.unil.ch\/labelettres\/files\/2025\/05\/2025-efle-variance-la-vie-dun-simple-768x1086.jpg 768w\" sizes=\"auto, (max-width: 849px) 100vw, 849px\" \/><\/a>\n\t\t\t\t\t\t\t\t<h2 class=\"su-post-title\"><a href=\"https:\/\/wp.unil.ch\/labelettres\/la-vie-dun-simple-1904-1945-edition-numerique-comparative\/\">La vie d&rsquo;un simple (1904-1945). \u00c9dition num\u00e9rique comparative<\/a><\/h2>\n\t\t\t<\/div>\n\n\t\t\t\n<\/div>\n\n\n\n\n<hr class=\"wp-block-separator has-alpha-channel-opacity is-style-wide\" \/>\n","protected":false},"excerpt":{"rendered":"<p>Quand un futur prix Nobel retravaille l&rsquo;un de ses premiers textes.<\/p>\n","protected":false},"author":1002938,"featured_media":15755,"comment_status":"closed","ping_status":"closed","sticky":false,"template":"","format":"standard","meta":{"_seopress_robots_primary_cat":"","_seopress_titles_title":"","_seopress_titles_desc":"","_seopress_robots_index":"","footnotes":""},"categories":[2,3],"tags":[3918,4245,417,4249,4244,500,4243,1205,8,4246,4247,1080,630,4040],"class_list":{"0":"post-15754","1":"post","2":"type-post","3":"status-publish","4":"format-standard","5":"has-post-thumbnail","7":"category-arts-medias","8":"category-langues-litteratures","9":"tag-3918","10":"tag-anatole-france","11":"tag-edition-numerique","12":"tag-edition-numerique-comparative","13":"tag-genetique-des-textes","14":"tag-gilles-philippe","15":"tag-histoire-litteraire-du-xixe-sicele","16":"tag-labelettres","17":"tag-litterature","18":"tag-nobel","19":"tag-post-editorial","20":"tag-prix-nobel-de-litterature","21":"tag-stylistique","22":"tag-variance"},"_links":{"self":[{"href":"https:\/\/wp.unil.ch\/labelettres\/wp-json\/wp\/v2\/posts\/15754","targetHints":{"allow":["GET"]}}],"collection":[{"href":"https:\/\/wp.unil.ch\/labelettres\/wp-json\/wp\/v2\/posts"}],"about":[{"href":"https:\/\/wp.unil.ch\/labelettres\/wp-json\/wp\/v2\/types\/post"}],"author":[{"embeddable":true,"href":"https:\/\/wp.unil.ch\/labelettres\/wp-json\/wp\/v2\/users\/1002938"}],"replies":[{"embeddable":true,"href":"https:\/\/wp.unil.ch\/labelettres\/wp-json\/wp\/v2\/comments?post=15754"}],"version-history":[{"count":4,"href":"https:\/\/wp.unil.ch\/labelettres\/wp-json\/wp\/v2\/posts\/15754\/revisions"}],"predecessor-version":[{"id":15766,"href":"https:\/\/wp.unil.ch\/labelettres\/wp-json\/wp\/v2\/posts\/15754\/revisions\/15766"}],"wp:featuredmedia":[{"embeddable":true,"href":"https:\/\/wp.unil.ch\/labelettres\/wp-json\/wp\/v2\/media\/15755"}],"wp:attachment":[{"href":"https:\/\/wp.unil.ch\/labelettres\/wp-json\/wp\/v2\/media?parent=15754"}],"wp:term":[{"taxonomy":"category","embeddable":true,"href":"https:\/\/wp.unil.ch\/labelettres\/wp-json\/wp\/v2\/categories?post=15754"},{"taxonomy":"post_tag","embeddable":true,"href":"https:\/\/wp.unil.ch\/labelettres\/wp-json\/wp\/v2\/tags?post=15754"}],"curies":[{"name":"wp","href":"https:\/\/api.w.org\/{rel}","templated":true}]}}