{"id":13405,"date":"2025-01-21T11:10:12","date_gmt":"2025-01-21T10:10:12","guid":{"rendered":"https:\/\/wp.unil.ch\/labelettres\/?p=13405"},"modified":"2025-07-11T15:42:40","modified_gmt":"2025-07-11T13:42:40","slug":"palimpsestes-africains-primitivisme-litteraire-et-avant-gardes-paris-1901-1924","status":"publish","type":"post","link":"https:\/\/wp.unil.ch\/labelettres\/palimpsestes-africains-primitivisme-litteraire-et-avant-gardes-paris-1901-1924\/","title":{"rendered":"Palimpsestes africains. Primitivisme litt\u00e9raire et avant-gardes (Paris, 1901-1924)"},"content":{"rendered":"\n<p><strong>Les avant-gardes litt\u00e9raires et l&rsquo;invention d&rsquo;une Afrique de papier.<\/strong><\/p>\n\n\n\n<!--more-->\n\n\n\n<div class=\"wp-block-columns is-layout-flex wp-container-core-columns-is-layout-9d6595d7 wp-block-columns-is-layout-flex\">\n<div class=\"wp-block-column is-layout-flow wp-block-column-is-layout-flow\" style=\"flex-basis:66.66%\">\n<p>Ce livre s&rsquo;attache \u00e0 \u00e9clairer un faisceau de pratiques et de r\u00e9flexions que les avant-gardes historiques ont associ\u00e9es aux cultures africaines dans les ann\u00e9es 1901-1924. Le premier quart du XXe si\u00e8cle est marqu\u00e9 en effet par la diffusion d&rsquo;une culture coloniale en Europe, qui touche les \u00e9crivains autant que les artistes. D&rsquo;Apollinaire \u00e0 Tzara, en passant par Cendrars ou Cocteau, nombreuses sont les avant-gardes \u00e0 s&rsquo;int\u00e9resser aux arts dits \u00ab n\u00e8gres \u00bb. Aucune ne s&rsquo;est rendue toutefois sur le continent africain. L&rsquo;Afrique, dans leurs \u00e9crits, est une construction textuelle, fabriqu\u00e9e \u00e0 partir de sources multiples.<\/p>\n\n\n\n<p>Men\u00e9e par Jehanne Denogent de la <a href=\"https:\/\/www.unil.ch\/fra\/fr\/home.html\" target=\"_blank\" rel=\"noreferrer noopener\">Section de fran\u00e7ais<\/a>, cette enqu\u00eate d\u00e9gage les diff\u00e9rentes strates de repr\u00e9sentations convoqu\u00e9es puis transform\u00e9es dans ce processus de res\u00e9mantisation et met en lumi\u00e8re la teneur discursive du primitivisme qui \u00e9labore une Afrique palimpseste. Par un examen historique pr\u00e9cis et critique, elle r\u00e9v\u00e8le la pr\u00e9sence d&rsquo;un moment africain des avant-gardes litt\u00e9raires francophones.<\/p>\n\n\n\n<p>Disponible en int\u00e9gralit\u00e9 et libre acc\u00e8s sur le <a href=\"https:\/\/www.lespressesdureel.com\/ouvrage.php?id=11284&amp;menu=0\" data-type=\"link\" data-id=\"https:\/\/www.lespressesdureel.com\/ouvrage.php?id=11284&amp;menu=0\" target=\"_blank\" rel=\"noreferrer noopener\">site web de l\u2019\u00e9diteur<\/a>, cet ouvrage est le r\u00e9sultat d\u2019une th\u00e8se de doctorat au sein du P\u00f4le d&rsquo;\u00e9tudes africaines de la section de fran\u00e7ais et s\u2019inscrit dans le projet de recherche FNS sur <a href=\"https:\/\/data.snf.ch\/grants\/grant\/176425\" target=\"_blank\" rel=\"noreferrer noopener\">le primitivisme dans les avant-gardes litt\u00e9raires (Paris : 1898-1924)<\/a>.<\/p>\n\n\n\n<p>Jehanne Denogent, <a href=\"https:\/\/www.lespressesdureel.com\/ouvrage.php?id=11284&amp;menu=0\" target=\"_blank\" rel=\"noreferrer noopener\"><em>Palimpsestes africains<\/em> \u2013 <em>Primitivisme litt\u00e9raire et avant-gardes (Paris, 1901-1924)<\/em><\/a>, Dijon, Les presses du r\u00e9el, 2024.<\/p>\n<\/div>\n\n\n\n<div class=\"wp-block-column is-layout-flow wp-block-column-is-layout-flow\" style=\"flex-basis:33.33%\">\n<figure class=\"wp-block-image size-full is-resized\"><img alt=\"\" loading=\"lazy\" decoding=\"async\" width=\"845\" height=\"1200\" src=\"https:\/\/wp.unil.ch\/labelettres\/files\/2025\/01\/2024-Palimpsestes-2024-Denogent-Cover.jpg\" alt=\"\" class=\"wp-image-13408\" style=\"width:300px\" srcset=\"https:\/\/wp.unil.ch\/labelettres\/files\/2025\/01\/2024-Palimpsestes-2024-Denogent-Cover.jpg 845w, https:\/\/wp.unil.ch\/labelettres\/files\/2025\/01\/2024-Palimpsestes-2024-Denogent-Cover-435x618.jpg 435w, https:\/\/wp.unil.ch\/labelettres\/files\/2025\/01\/2024-Palimpsestes-2024-Denogent-Cover-768x1091.jpg 768w\" sizes=\"auto, (max-width: 845px) 100vw, 845px\" \/><\/figure>\n<\/div>\n<\/div>\n\n\n\n<hr class=\"wp-block-separator has-alpha-channel-opacity is-style-wide\" \/>\n\n\n\n<h6 class=\"wp-block-heading\"><strong>PROJET DE RECHERCHE ASSOCI\u00c9<\/strong><\/h6>\n\n\n\n<ul class=\"wp-block-list\">\n<li><a href=\"https:\/\/data.snf.ch\/grants\/grant\/176425\" target=\"_blank\" rel=\"noreferrer noopener\">Le primitivisme dans les avant-gardes litt\u00e9raires (Paris : 1898-1924)<\/a><\/li>\n<\/ul>\n\n\n\n<hr class=\"wp-block-separator has-alpha-channel-opacity is-style-wide\" \/>\n\n\n\n<h6 class=\"wp-block-heading\"><strong>TOUTES LES NOTICES DE<\/strong><\/h6>\n\n\n\n<p><strong>Jehanne Denogent<\/strong><\/p>\n\n\n\n\n<div class=\"su-posts su-posts-teaser-loop \">\n\n\t\t\t\t\t\t\n\t\t\t\n\t\t\t<div id=\"su-post-15609\" class=\"su-post \">\n\t\t\t\t\t\t\t\t\t<a class=\"su-post-thumbnail\" href=\"https:\/\/wp.unil.ch\/labelettres\/constellation-cendrars-n9\/\"><img loading=\"lazy\" decoding=\"async\" width=\"800\" height=\"1200\" src=\"https:\/\/wp.unil.ch\/labelettres\/files\/2025\/10\/2025-fra-constellation-cendrars.jpg\" class=\"attachment-post-thumbnail size-post-thumbnail wp-post-image\" alt=\"2025 fra constellation cendrars\" srcset=\"https:\/\/wp.unil.ch\/labelettres\/files\/2025\/10\/2025-fra-constellation-cendrars.jpg 800w, https:\/\/wp.unil.ch\/labelettres\/files\/2025\/10\/2025-fra-constellation-cendrars-435x653.jpg 435w, https:\/\/wp.unil.ch\/labelettres\/files\/2025\/10\/2025-fra-constellation-cendrars-768x1152.jpg 768w\" sizes=\"auto, (max-width: 800px) 100vw, 800px\" \/><\/a>\n\t\t\t\t\t\t\t\t<h2 class=\"su-post-title\"><a href=\"https:\/\/wp.unil.ch\/labelettres\/constellation-cendrars-n9\/\">Constellation Cendrars n\u00b09<\/a><\/h2>\n\t\t\t<\/div>\n\n\t\t\t\t\t\n\t\t\t\n\t\t\t<div id=\"su-post-13405\" class=\"su-post \">\n\t\t\t\t\t\t\t\t\t<a class=\"su-post-thumbnail\" href=\"https:\/\/wp.unil.ch\/labelettres\/palimpsestes-africains-primitivisme-litteraire-et-avant-gardes-paris-1901-1924\/\"><img loading=\"lazy\" decoding=\"async\" width=\"845\" height=\"1200\" src=\"https:\/\/wp.unil.ch\/labelettres\/files\/2025\/01\/2024-Palimpsestes-2024-Denogent-Cover.jpg\" class=\"attachment-post-thumbnail size-post-thumbnail wp-post-image\" alt=\"\" srcset=\"https:\/\/wp.unil.ch\/labelettres\/files\/2025\/01\/2024-Palimpsestes-2024-Denogent-Cover.jpg 845w, https:\/\/wp.unil.ch\/labelettres\/files\/2025\/01\/2024-Palimpsestes-2024-Denogent-Cover-435x618.jpg 435w, https:\/\/wp.unil.ch\/labelettres\/files\/2025\/01\/2024-Palimpsestes-2024-Denogent-Cover-768x1091.jpg 768w\" sizes=\"auto, (max-width: 845px) 100vw, 845px\" \/><\/a>\n\t\t\t\t\t\t\t\t<h2 class=\"su-post-title\"><a href=\"https:\/\/wp.unil.ch\/labelettres\/palimpsestes-africains-primitivisme-litteraire-et-avant-gardes-paris-1901-1924\/\">Palimpsestes africains. Primitivisme litt\u00e9raire et avant-gardes (Paris, 1901-1924)<\/a><\/h2>\n\t\t\t<\/div>\n\n\t\t\t\t\t\n\t\t\t\n\t\t\t<div id=\"su-post-11143\" class=\"su-post \">\n\t\t\t\t\t\t\t\t\t<a class=\"su-post-thumbnail\" href=\"https:\/\/wp.unil.ch\/labelettres\/constellation-cendrars-n5\/\"><img loading=\"lazy\" decoding=\"async\" width=\"800\" height=\"1200\" src=\"https:\/\/wp.unil.ch\/labelettres\/files\/2021\/12\/DENOGENT_2021_Cendrars_cover.jpg\" class=\"attachment-post-thumbnail size-post-thumbnail wp-post-image\" alt=\"\" srcset=\"https:\/\/wp.unil.ch\/labelettres\/files\/2021\/12\/DENOGENT_2021_Cendrars_cover.jpg 800w, https:\/\/wp.unil.ch\/labelettres\/files\/2021\/12\/DENOGENT_2021_Cendrars_cover-435x653.jpg 435w, https:\/\/wp.unil.ch\/labelettres\/files\/2021\/12\/DENOGENT_2021_Cendrars_cover-768x1152.jpg 768w\" sizes=\"auto, (max-width: 800px) 100vw, 800px\" \/><\/a>\n\t\t\t\t\t\t\t\t<h2 class=\"su-post-title\"><a href=\"https:\/\/wp.unil.ch\/labelettres\/constellation-cendrars-n5\/\">Constellation Cendrars n\u00b05<\/a><\/h2>\n\t\t\t<\/div>\n\n\t\t\t\n<\/div>\n\n\n\n\n<hr class=\"wp-block-separator has-alpha-channel-opacity is-style-wide\" \/>\n\n\n\n<p><\/p>\n","protected":false},"excerpt":{"rendered":"<p>Les avant-gardes litt\u00e9raires et l&rsquo;invention d&rsquo;une Afrique de papier.<\/p>\n","protected":false},"author":1002938,"featured_media":13408,"comment_status":"closed","ping_status":"closed","sticky":false,"template":"","format":"standard","meta":{"_seopress_robots_primary_cat":"","_seopress_titles_title":"","_seopress_titles_desc":"","_seopress_robots_index":"","footnotes":""},"categories":[3],"tags":[3692,532,438,3613,3885,3886,3888,3198,1205,8,3987,2347,3352,3887,1734,1212,3889],"class_list":{"0":"post-13405","1":"post","2":"type-post","3":"status-publish","4":"format-standard","5":"has-post-thumbnail","7":"category-langues-litteratures","8":"tag-3692","9":"tag-afrique","10":"tag-anthropologie","11":"tag-avant-gardes","12":"tag-colonisation","13":"tag-etudes-postcoloniales","14":"tag-fns","15":"tag-jehanne-denogent","16":"tag-labelettres","17":"tag-litterature","18":"tag-newsletter-58","19":"tag-open-access","20":"tag-openaccess","21":"tag-pole-detudes-africaines","22":"tag-primitivisme","23":"tag-section-de-francais","24":"tag-these"},"_links":{"self":[{"href":"https:\/\/wp.unil.ch\/labelettres\/wp-json\/wp\/v2\/posts\/13405","targetHints":{"allow":["GET"]}}],"collection":[{"href":"https:\/\/wp.unil.ch\/labelettres\/wp-json\/wp\/v2\/posts"}],"about":[{"href":"https:\/\/wp.unil.ch\/labelettres\/wp-json\/wp\/v2\/types\/post"}],"author":[{"embeddable":true,"href":"https:\/\/wp.unil.ch\/labelettres\/wp-json\/wp\/v2\/users\/1002938"}],"replies":[{"embeddable":true,"href":"https:\/\/wp.unil.ch\/labelettres\/wp-json\/wp\/v2\/comments?post=13405"}],"version-history":[{"count":5,"href":"https:\/\/wp.unil.ch\/labelettres\/wp-json\/wp\/v2\/posts\/13405\/revisions"}],"predecessor-version":[{"id":13878,"href":"https:\/\/wp.unil.ch\/labelettres\/wp-json\/wp\/v2\/posts\/13405\/revisions\/13878"}],"wp:featuredmedia":[{"embeddable":true,"href":"https:\/\/wp.unil.ch\/labelettres\/wp-json\/wp\/v2\/media\/13408"}],"wp:attachment":[{"href":"https:\/\/wp.unil.ch\/labelettres\/wp-json\/wp\/v2\/media?parent=13405"}],"wp:term":[{"taxonomy":"category","embeddable":true,"href":"https:\/\/wp.unil.ch\/labelettres\/wp-json\/wp\/v2\/categories?post=13405"},{"taxonomy":"post_tag","embeddable":true,"href":"https:\/\/wp.unil.ch\/labelettres\/wp-json\/wp\/v2\/tags?post=13405"}],"curies":[{"name":"wp","href":"https:\/\/api.w.org\/{rel}","templated":true}]}}