{"id":12792,"date":"2024-02-19T07:01:12","date_gmt":"2024-02-19T06:01:12","guid":{"rendered":"https:\/\/wp.unil.ch\/labelettres\/?p=12792"},"modified":"2025-05-15T15:20:30","modified_gmt":"2025-05-15T13:20:30","slug":"histoire-de-la-papesse-jeanne-une-enquete-au-coeur-des-textes","status":"publish","type":"post","link":"https:\/\/wp.unil.ch\/labelettres\/histoire-de-la-papesse-jeanne-une-enquete-au-coeur-des-textes\/","title":{"rendered":"Histoire de la papesse Jeanne. Une enqu\u00eate au c\u0153ur des textes"},"content":{"rendered":"\n<p><strong>Premi\u00e8re \u00e9tude compl\u00e8te de l&rsquo;ensemble des textes m\u00e9di\u00e9vaux sur la papesse Jeanne.<\/strong><\/p>\n\n\n\n<!--more-->\n\n\n\n<div class=\"wp-block-columns is-layout-flex wp-container-core-columns-is-layout-9d6595d7 wp-block-columns-is-layout-flex\">\n<div class=\"wp-block-column is-layout-flow wp-block-column-is-layout-flow\" style=\"flex-basis:66.66%\">\n<p>Cet ouvrage se fonde sur la tradition litt\u00e9raire, compos\u00e9e de 109 t\u00e9moignages, int\u00e9ressant la l\u00e9gende de la Papesse Jeanne et celle qui affirmait qu\u2019un pape nouvellement \u00e9lu devait se soumettre \u00e0 la v\u00e9rification de sa masculinit\u00e9.<\/p>\n\n\n\n<p>Apr\u00e8s avoir analys\u00e9 les trois textes les plus anciens qui remontent aux ann\u00e9es 1250-1277, Agostino Paravicini Bagliani (<a href=\"https:\/\/www.unil.ch\/hist\/home.html\" data-type=\"link\" data-id=\"https:\/\/www.unil.ch\/hist\/home.html\" target=\"_blank\" rel=\"noreferrer noopener\">Section d\u2019histoire<\/a>) passe en revue cette riche tradition litt\u00e9raire jusqu\u2019en 1500, avant d\u2019examiner les diff\u00e9rents \u00e9l\u00e9ments de la biographie de la papesse et de la l\u00e9gende de la v\u00e9rification de la masculinit\u00e9.<\/p>\n\n\n\n<p>Cette \u00e9tude introductive, qui pr\u00e9sente une nouvelle interpr\u00e9tation de l\u2019enti\u00e8re tradition litt\u00e9raire, est suivie d\u2019une s\u00e9lection des textes les plus significatifs, en langue originale et en traduction fran\u00e7aise, accompagn\u00e9s d\u2019un commentaire, en particulier les r\u00e9cits sur la papesse de Jean de Mailly, d\u2019\u00c9tienne de Bourbon, de Martin le Polonais, de Jacques de Voragine, de Martin le Franc, de Bartolomeo Platina et d\u2019Enea Silvio Piccolomini.<\/p>\n\n\n\n<p>Bas\u00e9 sur les recherches publi\u00e9es dans <a href=\"https:\/\/wp.unil.ch\/labelettres\/la-papessa-giovanna-i-testi-della-leggenda-1250-1500\/\" data-type=\"link\" data-id=\"https:\/\/wp.unil.ch\/labelettres\/la-papessa-giovanna-i-testi-della-leggenda-1250-1500\/\" target=\"_blank\" rel=\"noreferrer noopener\"><em>La Papessa Giovanna. I testi della leggenda (1250-1500)<\/em><\/a>, cet ouvrage est disponible en texte int\u00e9gral sur <a href=\"https:\/\/books.openedition.org\/pul\/52727\" data-type=\"link\" data-id=\"https:\/\/books.openedition.org\/pul\/52727\" target=\"_blank\" rel=\"noreferrer noopener\">OpenEdition Books<\/a>.<\/p>\n\n\n\n<p>Agostino Paravicini Bagliani, <em><a href=\"https:\/\/pul.univ-lyon2.fr\/product\/show\/9782729714314\/histoire-de-la-papesse-jeanne\" data-type=\"link\" data-id=\"https:\/\/pul.univ-lyon2.fr\/product\/show\/9782729714314\/histoire-de-la-papesse-jeanne\" target=\"_blank\" rel=\"noreferrer noopener\">Histoire de la papesse Jeanne. Une enqu\u00eate au c\u0153ur des textes<\/a><\/em>, Lyon, Presses universitaires de Lyon, 2024.<\/p>\n<\/div>\n\n\n\n<div class=\"wp-block-column is-layout-flow wp-block-column-is-layout-flow\" style=\"flex-basis:33.33%\"><div class=\"wp-block-image\">\n<figure class=\"alignright size-full is-resized\"><img alt=\"\" loading=\"lazy\" decoding=\"async\" width=\"826\" height=\"1200\" src=\"https:\/\/wp.unil.ch\/labelettres\/files\/2024\/02\/PARAVICINI_2023_Jeanne_cover.jpg\" alt=\"\" class=\"wp-image-12793\" style=\"width:300px\" srcset=\"https:\/\/wp.unil.ch\/labelettres\/files\/2024\/02\/PARAVICINI_2023_Jeanne_cover.jpg 826w, https:\/\/wp.unil.ch\/labelettres\/files\/2024\/02\/PARAVICINI_2023_Jeanne_cover-435x632.jpg 435w, https:\/\/wp.unil.ch\/labelettres\/files\/2024\/02\/PARAVICINI_2023_Jeanne_cover-768x1116.jpg 768w\" sizes=\"auto, (max-width: 826px) 100vw, 826px\" \/><\/figure>\n<\/div><\/div>\n<\/div>\n\n\n\n<hr class=\"wp-block-separator has-alpha-channel-opacity is-style-wide\" \/>\n\n\n\n<h6 class=\"wp-block-heading\"><strong>ON EN PARLE DANS LES M\u00c9DIAS<\/strong><\/h6>\n\n\n\n<ul class=\"wp-block-list\">\n<li><a href=\"https:\/\/www.youtube.com\/watch?v=BlpjQ0yHoNk\" data-type=\"link\" data-id=\"https:\/\/www.youtube.com\/watch?v=BlpjQ0yHoNk\" target=\"_blank\" rel=\"noreferrer noopener\">La papesse Jeanne et ses l\u00e9gendes<\/a>, Le M\u00e9dia, \u00e9mission La Grande H., 07.01.2024.<\/li>\n\n\n\n<li><a href=\"https:\/\/cheminsdhistoire.fr\/emission178\/\" data-type=\"link\" data-id=\"https:\/\/cheminsdhistoire.fr\/emission178\/\" target=\"_blank\" rel=\"noreferrer noopener\">La l\u00e9gende de la papesse Jeanne<\/a>, Chemins d&rsquo;histoire. Un podcast d&rsquo;actualit\u00e9 historiographique anim\u00e9 par Luc Daireaux, 18.02.2024.<\/li>\n\n\n\n<li><a href=\"https:\/\/www.europe1.fr\/emissions\/les-recits-de-stephane-bern\/recit-la-veritable-histoire-de-la-legende-de-la-papesse-jeanne-par-stephane-bern-4232761\" data-type=\"link\" data-id=\"https:\/\/www.europe1.fr\/emissions\/les-recits-de-stephane-bern\/recit-la-veritable-histoire-de-la-legende-de-la-papesse-jeanne-par-stephane-bern-4232761\" target=\"_blank\" rel=\"noreferrer noopener\">La v\u00e9ritable histoire de la papesse Jeanne<\/a>, Europe 1, Historiquement v\u00f4tre, Le r\u00e9cit de St\u00e9phane Bern, 26.02.2024.<\/li>\n\n\n\n<li><a href=\"https:\/\/www.tdg.ch\/legende-du-vatican-la-folle-histoire-de-la-papesse-jeanne-715376626088\" target=\"_blank\" rel=\"noreferrer noopener\">La folle histoire de la papesse Jeanne<\/a>, Tribune de Gen\u00e8ve\/24 heures, 27.04.2025.<\/li>\n\n\n\n<li><a href=\"https:\/\/www.franceinfo.fr\/monde\/vatican\/pape-francois\/mort-du-pape-francois\/il-y-en-a-eu-une-il-ne-faut-pas-qu-il-y-en-ait-deux-la-legende-de-la-papesse-jeanne-mythe-sexiste-pour-ecarter-les-femmes-du-clerge_7220175.html\" target=\"_blank\" rel=\"noreferrer noopener\">\u00abIl y en a eu une, il ne faut pas qu\u2019il y en ait deux\u00bb: la l\u00e9gende de la papesse Jeanne, mythe sexiste pour \u00e9carter les femmes du clerg\u00e9<\/a>, FranceTV Info, 05.05.2025.<\/li>\n<\/ul>\n\n\n\n<hr class=\"wp-block-separator has-alpha-channel-opacity is-style-wide\" \/>\n\n\n\n<h6 class=\"wp-block-heading\"><strong>TOUTES LES NOTICES DE<\/strong><\/h6>\n\n\n\n<p><strong>Agostino Paravicini Bagliani<\/strong><\/p>\n\n\n\n\n<div class=\"su-posts su-posts-teaser-loop \">\n\n\t\t\t\t\t\t\n\t\t\t\n\t\t\t<div id=\"su-post-13392\" class=\"su-post \">\n\t\t\t\t\t\t\t\t\t<a class=\"su-post-thumbnail\" href=\"https:\/\/wp.unil.ch\/labelettres\/le-sommeil-theories-representations-et-pratiques-moyen-age-et-epoque-moderne\/\"><img loading=\"lazy\" decoding=\"async\" width=\"794\" height=\"1123\" src=\"https:\/\/wp.unil.ch\/labelettres\/files\/2025\/01\/2024-HIST-Sommeil-LbL.png\" class=\"attachment-post-thumbnail size-post-thumbnail wp-post-image\" alt=\"\" srcset=\"https:\/\/wp.unil.ch\/labelettres\/files\/2025\/01\/2024-HIST-Sommeil-LbL.png 794w, https:\/\/wp.unil.ch\/labelettres\/files\/2025\/01\/2024-HIST-Sommeil-LbL-435x615.png 435w, https:\/\/wp.unil.ch\/labelettres\/files\/2025\/01\/2024-HIST-Sommeil-LbL-768x1086.png 768w\" sizes=\"auto, (max-width: 794px) 100vw, 794px\" \/><\/a>\n\t\t\t\t\t\t\t\t<h2 class=\"su-post-title\"><a href=\"https:\/\/wp.unil.ch\/labelettres\/le-sommeil-theories-representations-et-pratiques-moyen-age-et-epoque-moderne\/\">Le sommeil. Th\u00e9ories, repr\u00e9sentations et pratiques (Moyen \u00c2ge et \u00e9poque moderne)<\/a><\/h2>\n\t\t\t<\/div>\n\n\t\t\t\t\t\n\t\t\t\n\t\t\t<div id=\"su-post-12792\" class=\"su-post \">\n\t\t\t\t\t\t\t\t\t<a class=\"su-post-thumbnail\" href=\"https:\/\/wp.unil.ch\/labelettres\/histoire-de-la-papesse-jeanne-une-enquete-au-coeur-des-textes\/\"><img loading=\"lazy\" decoding=\"async\" width=\"826\" height=\"1200\" src=\"https:\/\/wp.unil.ch\/labelettres\/files\/2024\/02\/PARAVICINI_2023_Jeanne_cover.jpg\" class=\"attachment-post-thumbnail size-post-thumbnail wp-post-image\" alt=\"\" srcset=\"https:\/\/wp.unil.ch\/labelettres\/files\/2024\/02\/PARAVICINI_2023_Jeanne_cover.jpg 826w, https:\/\/wp.unil.ch\/labelettres\/files\/2024\/02\/PARAVICINI_2023_Jeanne_cover-435x632.jpg 435w, https:\/\/wp.unil.ch\/labelettres\/files\/2024\/02\/PARAVICINI_2023_Jeanne_cover-768x1116.jpg 768w\" sizes=\"auto, (max-width: 826px) 100vw, 826px\" \/><\/a>\n\t\t\t\t\t\t\t\t<h2 class=\"su-post-title\"><a href=\"https:\/\/wp.unil.ch\/labelettres\/histoire-de-la-papesse-jeanne-une-enquete-au-coeur-des-textes\/\">Histoire de la papesse Jeanne. Une enqu\u00eate au c\u0153ur des textes<\/a><\/h2>\n\t\t\t<\/div>\n\n\t\t\t\t\t\n\t\t\t\n\t\t\t<div id=\"su-post-12231\" class=\"su-post \">\n\t\t\t\t\t\t\t\t\t<a class=\"su-post-thumbnail\" href=\"https:\/\/wp.unil.ch\/labelettres\/la-papessa-giovanna-e-le-sue-leggende-un-percorso-di-ricerca-tra-codici-e-testi\/\"><img loading=\"lazy\" decoding=\"async\" width=\"845\" height=\"1200\" src=\"https:\/\/wp.unil.ch\/labelettres\/files\/2023\/05\/PARAVICINI_2023_papessa-Giovanna_cover.jpg\" class=\"attachment-post-thumbnail size-post-thumbnail wp-post-image\" alt=\"\" srcset=\"https:\/\/wp.unil.ch\/labelettres\/files\/2023\/05\/PARAVICINI_2023_papessa-Giovanna_cover.jpg 845w, https:\/\/wp.unil.ch\/labelettres\/files\/2023\/05\/PARAVICINI_2023_papessa-Giovanna_cover-435x618.jpg 435w, https:\/\/wp.unil.ch\/labelettres\/files\/2023\/05\/PARAVICINI_2023_papessa-Giovanna_cover-768x1091.jpg 768w\" sizes=\"auto, (max-width: 845px) 100vw, 845px\" \/><\/a>\n\t\t\t\t\t\t\t\t<h2 class=\"su-post-title\"><a href=\"https:\/\/wp.unil.ch\/labelettres\/la-papessa-giovanna-e-le-sue-leggende-un-percorso-di-ricerca-tra-codici-e-testi\/\">La Papessa Giovanna e le sue leggende. Un percorso di ricerca tra codici e testi<\/a><\/h2>\n\t\t\t<\/div>\n\n\t\t\t\t\t\n\t\t\t\n\t\t\t<div id=\"su-post-11110\" class=\"su-post \">\n\t\t\t\t\t\t\t\t\t<a class=\"su-post-thumbnail\" href=\"https:\/\/wp.unil.ch\/labelettres\/le-moyen-age-et-les-sciences\/\"><img loading=\"lazy\" decoding=\"async\" width=\"802\" height=\"1200\" src=\"https:\/\/wp.unil.ch\/labelettres\/files\/2021\/12\/PARAVICINI_2021_Moyen-Age_Sciences_cover.png\" class=\"attachment-post-thumbnail size-post-thumbnail wp-post-image\" alt=\"\" srcset=\"https:\/\/wp.unil.ch\/labelettres\/files\/2021\/12\/PARAVICINI_2021_Moyen-Age_Sciences_cover.png 802w, https:\/\/wp.unil.ch\/labelettres\/files\/2021\/12\/PARAVICINI_2021_Moyen-Age_Sciences_cover-435x651.png 435w, https:\/\/wp.unil.ch\/labelettres\/files\/2021\/12\/PARAVICINI_2021_Moyen-Age_Sciences_cover-768x1149.png 768w\" sizes=\"auto, (max-width: 802px) 100vw, 802px\" \/><\/a>\n\t\t\t\t\t\t\t\t<h2 class=\"su-post-title\"><a href=\"https:\/\/wp.unil.ch\/labelettres\/le-moyen-age-et-les-sciences\/\">Le Moyen \u00c2ge et les sciences<\/a><\/h2>\n\t\t\t<\/div>\n\n\t\t\t\t\t\n\t\t\t\n\t\t\t<div id=\"su-post-11107\" class=\"su-post \">\n\t\t\t\t\t\t\t\t\t<a class=\"su-post-thumbnail\" href=\"https:\/\/wp.unil.ch\/labelettres\/la-papessa-giovanna-i-testi-della-leggenda-1250-1500\/\"><img loading=\"lazy\" decoding=\"async\" width=\"796\" height=\"1200\" src=\"https:\/\/wp.unil.ch\/labelettres\/files\/2021\/12\/PARAVICINI_2021_papessa-Giovanna_cover.png\" class=\"attachment-post-thumbnail size-post-thumbnail wp-post-image\" alt=\"\" srcset=\"https:\/\/wp.unil.ch\/labelettres\/files\/2021\/12\/PARAVICINI_2021_papessa-Giovanna_cover.png 796w, https:\/\/wp.unil.ch\/labelettres\/files\/2021\/12\/PARAVICINI_2021_papessa-Giovanna_cover-435x656.png 435w, https:\/\/wp.unil.ch\/labelettres\/files\/2021\/12\/PARAVICINI_2021_papessa-Giovanna_cover-768x1158.png 768w\" sizes=\"auto, (max-width: 796px) 100vw, 796px\" \/><\/a>\n\t\t\t\t\t\t\t\t<h2 class=\"su-post-title\"><a href=\"https:\/\/wp.unil.ch\/labelettres\/la-papessa-giovanna-i-testi-della-leggenda-1250-1500\/\">La Papessa Giovanna. I testi della leggenda (1250-1500)<\/a><\/h2>\n\t\t\t<\/div>\n\n\t\t\t\t\t\n\t\t\t\n\t\t\t<div id=\"su-post-7044\" class=\"su-post \">\n\t\t\t\t\t\t\t\t\t<a class=\"su-post-thumbnail\" href=\"https:\/\/wp.unil.ch\/labelettres\/le-bestiaire-du-pape\/\"><img loading=\"lazy\" decoding=\"async\" width=\"331\" height=\"475\" src=\"https:\/\/wp.unil.ch\/labelettres\/files\/2019\/12\/PARAVICINI_Bestiaire_pape_cover.gif\" class=\"attachment-post-thumbnail size-post-thumbnail wp-post-image\" alt=\"\" \/><\/a>\n\t\t\t\t\t\t\t\t<h2 class=\"su-post-title\"><a href=\"https:\/\/wp.unil.ch\/labelettres\/le-bestiaire-du-pape\/\">Le bestiaire du pape<\/a><\/h2>\n\t\t\t<\/div>\n\n\t\t\t\t\t\n\t\t\t\n\t\t\t<div id=\"su-post-8864\" class=\"su-post \">\n\t\t\t\t\t\t\t\t\t<a class=\"su-post-thumbnail\" href=\"https:\/\/wp.unil.ch\/labelettres\/le-banquet-manger-boire-et-parler-ensemble-xiiie-xviie-siecles\/\"><img loading=\"lazy\" decoding=\"async\" width=\"500\" height=\"745\" src=\"https:\/\/wp.unil.ch\/labelettres\/files\/2020\/10\/sadfadsf-1.jpg\" class=\"attachment-post-thumbnail size-post-thumbnail wp-post-image\" alt=\"\" srcset=\"https:\/\/wp.unil.ch\/labelettres\/files\/2020\/10\/sadfadsf-1.jpg 500w, https:\/\/wp.unil.ch\/labelettres\/files\/2020\/10\/sadfadsf-1-435x648.jpg 435w\" sizes=\"auto, (max-width: 500px) 100vw, 500px\" \/><\/a>\n\t\t\t\t\t\t\t\t<h2 class=\"su-post-title\"><a href=\"https:\/\/wp.unil.ch\/labelettres\/le-banquet-manger-boire-et-parler-ensemble-xiiie-xviie-siecles\/\">Le banquet. Manger, boire et parler ensemble (XIIIe-XVIIe si\u00e8cles)<\/a><\/h2>\n\t\t\t<\/div>\n\n\t\t\t\t\t\n\t\t\t\n\t\t\t<div id=\"su-post-1942\" class=\"su-post \">\n\t\t\t\t\t\t\t\t\t<a class=\"su-post-thumbnail\" href=\"https:\/\/wp.unil.ch\/labelettres\/de-frederic-ii-a-rodolphe-ii-astrologie-divination-et-magie-dans-les-cours-xiiie-xviie-siecle\/\"><img loading=\"lazy\" decoding=\"async\" width=\"801\" height=\"1200\" src=\"https:\/\/wp.unil.ch\/labelettres\/files\/2018\/01\/OSTORERO_De_Frederic_II_couv-copie.jpg\" class=\"attachment-post-thumbnail size-post-thumbnail wp-post-image\" alt=\"\" srcset=\"https:\/\/wp.unil.ch\/labelettres\/files\/2018\/01\/OSTORERO_De_Frederic_II_couv-copie.jpg 801w, https:\/\/wp.unil.ch\/labelettres\/files\/2018\/01\/OSTORERO_De_Frederic_II_couv-copie-435x652.jpg 435w, https:\/\/wp.unil.ch\/labelettres\/files\/2018\/01\/OSTORERO_De_Frederic_II_couv-copie-200x300.jpg 200w, https:\/\/wp.unil.ch\/labelettres\/files\/2018\/01\/OSTORERO_De_Frederic_II_couv-copie-768x1151.jpg 768w, https:\/\/wp.unil.ch\/labelettres\/files\/2018\/01\/OSTORERO_De_Frederic_II_couv-copie-684x1024.jpg 684w\" sizes=\"auto, (max-width: 801px) 100vw, 801px\" \/><\/a>\n\t\t\t\t\t\t\t\t<h2 class=\"su-post-title\"><a href=\"https:\/\/wp.unil.ch\/labelettres\/de-frederic-ii-a-rodolphe-ii-astrologie-divination-et-magie-dans-les-cours-xiiie-xviie-siecle\/\">De Fr\u00e9d\u00e9ric II \u00e0 Rodolphe II\u00a0: astrologie, divination et magie dans les cours (XIIIe-XVIIe si\u00e8cle)<\/a><\/h2>\n\t\t\t<\/div>\n\n\t\t\t\t\t\n\t\t\t\n\t\t\t<div id=\"su-post-9956\" class=\"su-post \">\n\t\t\t\t\t\t\t\t\t<a class=\"su-post-thumbnail\" href=\"https:\/\/wp.unil.ch\/labelettres\/memoires-de-cours-etudes-offertes-a-agostino-paravicini-bagliani-par-ses-collegues-et-eleves-de-luniversite-de-lausanne\/\"><img loading=\"lazy\" decoding=\"async\" width=\"295\" height=\"472\" src=\"https:\/\/wp.unil.ch\/labelettres\/files\/2021\/01\/imagecahier48_2_.jpg\" class=\"attachment-post-thumbnail size-post-thumbnail wp-post-image\" alt=\"\" \/><\/a>\n\t\t\t\t\t\t\t\t<h2 class=\"su-post-title\"><a href=\"https:\/\/wp.unil.ch\/labelettres\/memoires-de-cours-etudes-offertes-a-agostino-paravicini-bagliani-par-ses-collegues-et-eleves-de-luniversite-de-lausanne\/\">M\u00e9moires de cours &#8211; \u00c9tudes offertes \u00e0 Agostino Paravicini Bagliani par ses coll\u00e8gues et \u00e9l\u00e8ves de l&rsquo;Universit\u00e9 de Lausanne<\/a><\/h2>\n\t\t\t<\/div>\n\n\t\t\t\n<\/div>\n\n\n\n\n<hr class=\"wp-block-separator has-alpha-channel-opacity is-style-wide\" \/>\n","protected":false},"excerpt":{"rendered":"<p>Premi\u00e8re \u00e9tude compl\u00e8te de l&rsquo;ensemble des textes m\u00e9di\u00e9vaux sur la papesse Jeanne.<\/p>\n","protected":false},"author":719,"featured_media":12793,"comment_status":"closed","ping_status":"closed","sticky":false,"template":"","format":"standard","meta":{"_seopress_robots_primary_cat":"","_seopress_titles_title":"","_seopress_titles_desc":"","_seopress_robots_index":"","footnotes":""},"categories":[4],"tags":[3692,484,1358,3693,3698,3700,3699,3695,3694,3696,408,3716,2347,3697,1217],"class_list":{"0":"post-12792","1":"post","2":"type-post","3":"status-publish","4":"format-standard","5":"has-post-thumbnail","7":"category-sciences-historiques","8":"tag-3692","9":"tag-agostino-paravicini-bagliani","10":"tag-centre-detudes-medievales-et-post-medievales-cemep","11":"tag-eglise-catholique","12":"tag-feminilite","13":"tag-histoire-de-laccouchement","14":"tag-histoire-de-la-papaute","15":"tag-histoire-genres","16":"tag-legendes-et-tradition-litteraire","17":"tag-manuscrits-medievaux","18":"tag-masculinite","19":"tag-newsletter-53","20":"tag-open-access","21":"tag-ordination-des-femmes","22":"tag-section-dhistoire"},"_links":{"self":[{"href":"https:\/\/wp.unil.ch\/labelettres\/wp-json\/wp\/v2\/posts\/12792","targetHints":{"allow":["GET"]}}],"collection":[{"href":"https:\/\/wp.unil.ch\/labelettres\/wp-json\/wp\/v2\/posts"}],"about":[{"href":"https:\/\/wp.unil.ch\/labelettres\/wp-json\/wp\/v2\/types\/post"}],"author":[{"embeddable":true,"href":"https:\/\/wp.unil.ch\/labelettres\/wp-json\/wp\/v2\/users\/719"}],"replies":[{"embeddable":true,"href":"https:\/\/wp.unil.ch\/labelettres\/wp-json\/wp\/v2\/comments?post=12792"}],"version-history":[{"count":4,"href":"https:\/\/wp.unil.ch\/labelettres\/wp-json\/wp\/v2\/posts\/12792\/revisions"}],"predecessor-version":[{"id":13939,"href":"https:\/\/wp.unil.ch\/labelettres\/wp-json\/wp\/v2\/posts\/12792\/revisions\/13939"}],"wp:featuredmedia":[{"embeddable":true,"href":"https:\/\/wp.unil.ch\/labelettres\/wp-json\/wp\/v2\/media\/12793"}],"wp:attachment":[{"href":"https:\/\/wp.unil.ch\/labelettres\/wp-json\/wp\/v2\/media?parent=12792"}],"wp:term":[{"taxonomy":"category","embeddable":true,"href":"https:\/\/wp.unil.ch\/labelettres\/wp-json\/wp\/v2\/categories?post=12792"},{"taxonomy":"post_tag","embeddable":true,"href":"https:\/\/wp.unil.ch\/labelettres\/wp-json\/wp\/v2\/tags?post=12792"}],"curies":[{"name":"wp","href":"https:\/\/api.w.org\/{rel}","templated":true}]}}