{"id":12783,"date":"2024-03-07T10:39:06","date_gmt":"2024-03-07T09:39:06","guid":{"rendered":"https:\/\/wp.unil.ch\/labelettres\/?p=12783"},"modified":"2024-03-19T08:27:20","modified_gmt":"2024-03-19T07:27:20","slug":"un-destin-mediterraneen-les-princes-de-la-maison-de-savoie-en-mediterranee-orientale-xive-xve-siecle","status":"publish","type":"post","link":"https:\/\/wp.unil.ch\/labelettres\/un-destin-mediterraneen-les-princes-de-la-maison-de-savoie-en-mediterranee-orientale-xive-xve-siecle\/","title":{"rendered":"Un destin m\u00e9diterran\u00e9en. Les princes de la Maison de Savoie en M\u00e9diterran\u00e9e orientale (XIVe-XVe si\u00e8cle)"},"content":{"rendered":"\n<p><strong>Une dynastie princi\u00e8re alpine porte ses ambitions vers l&rsquo;Orient m\u00e9diterran\u00e9en.<\/strong><\/p>\n\n\n\n<!--more-->\n\n\n\n<div class=\"wp-block-columns is-layout-flex wp-container-core-columns-is-layout-9d6595d7 wp-block-columns-is-layout-flex\">\n<div class=\"wp-block-column is-layout-flow wp-block-column-is-layout-flow\" style=\"flex-basis:66.66%\">\n<p>Entre les XIVe et XVe si\u00e8cles, la Maison de Savoie a \u00e9t\u00e9 r\u00e9guli\u00e8rement active en M\u00e9diterran\u00e9e orientale. De Byzance au royaume de Chypre en passant par le P\u00e9loponn\u00e8se, ces perc\u00e9es sont la marque de leurs tentatives pour accro\u00eetre leur prestige et leur influence au-del\u00e0 de leurs \u00c9tats enclav\u00e9s par les Alpes.<\/p>\n\n\n\n<p>Abord\u00e9s jusqu\u2019\u00e0 pr\u00e9sent de mani\u00e8re isol\u00e9e, ces \u00e9pisodes sont ici \u00e9tudi\u00e9s sur le temps long et en mettant en lumi\u00e8re les flamb\u00e9es et les ruptures de cette pr\u00e9sence orientale des Savoie. \u00c0 travers de nombreux documents in\u00e9dits, Florian Chamorel (<a href=\"https:\/\/www.unil.ch\/hist\/home.html\" data-type=\"link\" data-id=\"https:\/\/www.unil.ch\/hist\/home.html\" target=\"_blank\" rel=\"noreferrer noopener\">Section d\u2019histoire<\/a>) examine en profondeur l\u2019investissement des Savoie dans leurs aventures: financement, organisation des d\u00e9tachements arm\u00e9s et des flottes, en passant par le profil des commandants de ces exp\u00e9ditions et de l&rsquo;imaginaire de l&rsquo;Orient \u00e0 la cour.<\/p>\n\n\n\n<p>Enrichi par d\u2019autres documents narratifs et par une quarantaine d&rsquo;annexes, cet ouvrage se veut aussi une contribution \u00e0 l\u2019histoire de la pr\u00e9sence occidentale en M\u00e9diterran\u00e9e orientale \u00e0 la fin du Moyen \u00c2ge.<\/p>\n\n\n\n<p>Florian Chamorel, <em><a href=\"https:\/\/www.honorechampion.com\/fr\/editions-honore-champion\/12974-book-08536004-9782745360045.html\" data-type=\"link\" data-id=\"https:\/\/www.honorechampion.com\/fr\/editions-honore-champion\/12974-book-08536004-9782745360045.html\" target=\"_blank\" rel=\"noreferrer noopener\">Un destin m\u00e9diterran\u00e9en. Les princes de la Maison de Savoie en M\u00e9diterran\u00e9e orientale (XIVe-XVe si\u00e8cle)<\/a><\/em>, Paris, Honor\u00e9 Champion, 2023.<\/p>\n<\/div>\n\n\n\n<div class=\"wp-block-column is-layout-flow wp-block-column-is-layout-flow\" style=\"flex-basis:33.33%\"><div class=\"wp-block-image\">\n<figure class=\"alignright size-full is-resized\"><img alt=\"\" loading=\"lazy\" decoding=\"async\" width=\"788\" height=\"1200\" src=\"https:\/\/wp.unil.ch\/labelettres\/files\/2024\/02\/CHAMOREL_2023_destin_cover.jpg\" alt=\"\" class=\"wp-image-12784\" style=\"width:300px\" srcset=\"https:\/\/wp.unil.ch\/labelettres\/files\/2024\/02\/CHAMOREL_2023_destin_cover.jpg 788w, https:\/\/wp.unil.ch\/labelettres\/files\/2024\/02\/CHAMOREL_2023_destin_cover-435x662.jpg 435w, https:\/\/wp.unil.ch\/labelettres\/files\/2024\/02\/CHAMOREL_2023_destin_cover-768x1170.jpg 768w\" sizes=\"auto, (max-width: 788px) 100vw, 788px\" \/><\/figure>\n<\/div><\/div>\n<\/div>\n\n\n\n<hr class=\"wp-block-separator has-alpha-channel-opacity is-style-wide\" \/>\n\n\n\n<h6 class=\"wp-block-heading\"><strong>TOUTES LES NOTICES DE<\/strong><\/h6>\n\n\n\n<p><strong>Florian Chamorel<\/strong><\/p>\n\n\n\n\n<div class=\"su-posts su-posts-teaser-loop \">\n\n\t\t\t\t\t\t\n\t\t\t\n\t\t\t<div id=\"su-post-13733\" class=\"su-post \">\n\t\t\t\t\t\t\t\t\t<a class=\"su-post-thumbnail\" href=\"https:\/\/wp.unil.ch\/labelettres\/ecrire-prier-et-dominer\/\"><img loading=\"lazy\" decoding=\"async\" width=\"1250\" height=\"1898\" src=\"https:\/\/wp.unil.ch\/labelettres\/files\/2025\/03\/2024-hist-ecrire-prier-et-dominer-couv.png\" class=\"attachment-post-thumbnail size-post-thumbnail wp-post-image\" alt=\"2024 hist ecrire, prier et dominer couv\" srcset=\"https:\/\/wp.unil.ch\/labelettres\/files\/2025\/03\/2024-hist-ecrire-prier-et-dominer-couv.png 1250w, https:\/\/wp.unil.ch\/labelettres\/files\/2025\/03\/2024-hist-ecrire-prier-et-dominer-couv-435x661.png 435w, https:\/\/wp.unil.ch\/labelettres\/files\/2025\/03\/2024-hist-ecrire-prier-et-dominer-couv-768x1166.png 768w, https:\/\/wp.unil.ch\/labelettres\/files\/2025\/03\/2024-hist-ecrire-prier-et-dominer-couv-1012x1536.png 1012w\" sizes=\"auto, (max-width: 1250px) 100vw, 1250px\" \/><\/a>\n\t\t\t\t\t\t\t\t<h2 class=\"su-post-title\"><a href=\"https:\/\/wp.unil.ch\/labelettres\/ecrire-prier-et-dominer\/\">\u00c9crire, prier et dominer<\/a><\/h2>\n\t\t\t<\/div>\n\n\t\t\t\t\t\n\t\t\t\n\t\t\t<div id=\"su-post-12783\" class=\"su-post \">\n\t\t\t\t\t\t\t\t\t<a class=\"su-post-thumbnail\" href=\"https:\/\/wp.unil.ch\/labelettres\/un-destin-mediterraneen-les-princes-de-la-maison-de-savoie-en-mediterranee-orientale-xive-xve-siecle\/\"><img loading=\"lazy\" decoding=\"async\" width=\"788\" height=\"1200\" src=\"https:\/\/wp.unil.ch\/labelettres\/files\/2024\/02\/CHAMOREL_2023_destin_cover.jpg\" class=\"attachment-post-thumbnail size-post-thumbnail wp-post-image\" alt=\"\" srcset=\"https:\/\/wp.unil.ch\/labelettres\/files\/2024\/02\/CHAMOREL_2023_destin_cover.jpg 788w, https:\/\/wp.unil.ch\/labelettres\/files\/2024\/02\/CHAMOREL_2023_destin_cover-435x662.jpg 435w, https:\/\/wp.unil.ch\/labelettres\/files\/2024\/02\/CHAMOREL_2023_destin_cover-768x1170.jpg 768w\" sizes=\"auto, (max-width: 788px) 100vw, 788px\" \/><\/a>\n\t\t\t\t\t\t\t\t<h2 class=\"su-post-title\"><a href=\"https:\/\/wp.unil.ch\/labelettres\/un-destin-mediterraneen-les-princes-de-la-maison-de-savoie-en-mediterranee-orientale-xive-xve-siecle\/\">Un destin m\u00e9diterran\u00e9en. Les princes de la Maison de Savoie en M\u00e9diterran\u00e9e orientale (XIVe-XVe si\u00e8cle)<\/a><\/h2>\n\t\t\t<\/div>\n\n\t\t\t\t\t\n\t\t\t\n\t\t\t<div id=\"su-post-4020\" class=\"su-post \">\n\t\t\t\t\t\t\t\t\t<a class=\"su-post-thumbnail\" href=\"https:\/\/wp.unil.ch\/labelettres\/ad-partes-infidelium-la-croisade-damedee-vi-de-savoie-juin-1366-juillet-1367\/\"><img loading=\"lazy\" decoding=\"async\" width=\"705\" height=\"1200\" src=\"https:\/\/wp.unil.ch\/labelettres\/files\/2018\/07\/CHAMOREL_couverture-n56.png\" class=\"attachment-post-thumbnail size-post-thumbnail wp-post-image\" alt=\"\" srcset=\"https:\/\/wp.unil.ch\/labelettres\/files\/2018\/07\/CHAMOREL_couverture-n56.png 705w, https:\/\/wp.unil.ch\/labelettres\/files\/2018\/07\/CHAMOREL_couverture-n56-435x740.png 435w, https:\/\/wp.unil.ch\/labelettres\/files\/2018\/07\/CHAMOREL_couverture-n56-176x300.png 176w, https:\/\/wp.unil.ch\/labelettres\/files\/2018\/07\/CHAMOREL_couverture-n56-602x1024.png 602w\" sizes=\"auto, (max-width: 705px) 100vw, 705px\" \/><\/a>\n\t\t\t\t\t\t\t\t<h2 class=\"su-post-title\"><a href=\"https:\/\/wp.unil.ch\/labelettres\/ad-partes-infidelium-la-croisade-damedee-vi-de-savoie-juin-1366-juillet-1367\/\">\u00ab Ad partes infidelium \u00bb : La croisade d\u2019Am\u00e9d\u00e9e VI de Savoie (juin 1366-juillet 1367)<\/a><\/h2>\n\t\t\t<\/div>\n\n\t\t\t\n<\/div>\n\n\n\n\n<hr class=\"wp-block-separator has-alpha-channel-opacity is-style-wide\" \/>\n","protected":false},"excerpt":{"rendered":"<p>Une dynastie princi\u00e8re alpine porte ses ambitions vers l&rsquo;Orient m\u00e9diterran\u00e9en.<\/p>\n","protected":false},"author":719,"featured_media":12784,"comment_status":"closed","ping_status":"closed","sticky":false,"template":"","format":"standard","meta":{"_seopress_robots_primary_cat":"","_seopress_titles_title":"","_seopress_titles_desc":"","_seopress_robots_index":"","footnotes":""},"categories":[4],"tags":[3469,3684,1132,1143,3685,3682,560,3716,3642,1217],"class_list":{"0":"post-12783","1":"post","2":"type-post","3":"status-publish","4":"format-standard","5":"has-post-thumbnail","7":"category-sciences-historiques","8":"tag-3469","9":"tag-croisades","10":"tag-florian-chamorel","11":"tag-guerre-au-moyen-age","12":"tag-histoire-maritime","13":"tag-maison-de-savoie","14":"tag-moyen-age","15":"tag-newsletter-53","16":"tag-noblesse","17":"tag-section-dhistoire"},"_links":{"self":[{"href":"https:\/\/wp.unil.ch\/labelettres\/wp-json\/wp\/v2\/posts\/12783","targetHints":{"allow":["GET"]}}],"collection":[{"href":"https:\/\/wp.unil.ch\/labelettres\/wp-json\/wp\/v2\/posts"}],"about":[{"href":"https:\/\/wp.unil.ch\/labelettres\/wp-json\/wp\/v2\/types\/post"}],"author":[{"embeddable":true,"href":"https:\/\/wp.unil.ch\/labelettres\/wp-json\/wp\/v2\/users\/719"}],"replies":[{"embeddable":true,"href":"https:\/\/wp.unil.ch\/labelettres\/wp-json\/wp\/v2\/comments?post=12783"}],"version-history":[{"count":1,"href":"https:\/\/wp.unil.ch\/labelettres\/wp-json\/wp\/v2\/posts\/12783\/revisions"}],"predecessor-version":[{"id":12785,"href":"https:\/\/wp.unil.ch\/labelettres\/wp-json\/wp\/v2\/posts\/12783\/revisions\/12785"}],"wp:featuredmedia":[{"embeddable":true,"href":"https:\/\/wp.unil.ch\/labelettres\/wp-json\/wp\/v2\/media\/12784"}],"wp:attachment":[{"href":"https:\/\/wp.unil.ch\/labelettres\/wp-json\/wp\/v2\/media?parent=12783"}],"wp:term":[{"taxonomy":"category","embeddable":true,"href":"https:\/\/wp.unil.ch\/labelettres\/wp-json\/wp\/v2\/categories?post=12783"},{"taxonomy":"post_tag","embeddable":true,"href":"https:\/\/wp.unil.ch\/labelettres\/wp-json\/wp\/v2\/tags?post=12783"}],"curies":[{"name":"wp","href":"https:\/\/api.w.org\/{rel}","templated":true}]}}