{"id":12412,"date":"2023-09-15T17:22:53","date_gmt":"2023-09-15T15:22:53","guid":{"rendered":"https:\/\/wp.unil.ch\/labelettres\/?p=12412"},"modified":"2023-10-27T11:18:34","modified_gmt":"2023-10-27T09:18:34","slug":"le-passe-sous-les-yeux-chateaubriand-et-lecriture-de-lhistoire","status":"publish","type":"post","link":"https:\/\/wp.unil.ch\/labelettres\/le-passe-sous-les-yeux-chateaubriand-et-lecriture-de-lhistoire\/","title":{"rendered":"Le pass\u00e9 sous les yeux. Chateaubriand et l\u2019\u00e9criture de l\u2019histoire"},"content":{"rendered":"\n<p><strong>\u00c9crire l&rsquo;histoire au d\u00e9but du XIXe si\u00e8cle.<\/strong><\/p>\n\n\n\n<!--more-->\n\n\n\n<div class=\"wp-block-columns is-layout-flex wp-container-core-columns-is-layout-9d6595d7 wp-block-columns-is-layout-flex\">\n<div class=\"wp-block-column is-layout-flow wp-block-column-is-layout-flow\" style=\"flex-basis:66.66%\">\n<p>Chateaubriand a d\u00e9velopp\u00e9 tout au long de sa vie une \u00e9criture plurielle de l\u2019histoire, largement inspir\u00e9e des travaux d\u2019historiens dont il fut le lecteur et le contemporain. Bien qu\u2019il ait pr\u00e9tendu tardivement ne pas \u00ab\u00eatre historien\u00bb, il a \u00e9t\u00e9 \u00e0 la fois un penseur majeur de l\u2019histoire et un observateur critique des sciences historiques en France.<\/p>\n\n\n\n<p>\u00c0 travers les \u0153uvres de cet \u00e9crivain, Jacob Lachat (<a href=\"https:\/\/www.unil.ch\/fra\/home.html\" data-type=\"link\" data-id=\"https:\/\/www.unil.ch\/fra\/home.html\" target=\"_blank\" rel=\"noreferrer noopener\">Section de Fran\u00e7ais<\/a>) explore les enjeux esth\u00e9tiques, politiques et \u00e9pist\u00e9mologiques qui ont nourri, au d\u00e9but du XIXe si\u00e8cle, les r\u00e9flexions sur l&rsquo;\u00e9criture de l&rsquo;histoire. Ce faisant, il interroge le regard que l\u2019auteur porte sur les modes de repr\u00e9sentation du pass\u00e9 et l\u2019attestation de la v\u00e9rit\u00e9 historique.<\/p>\n\n\n\n<p>Parce que Chateaubriand a souvent exprim\u00e9 son tiraillement entre des mod\u00e8les historiographiques anciens et modernes, ses \u00e9crits permettent aujourd&rsquo;hui de comprendre l\u2019\u00e9mergence de nouvelles fa\u00e7ons de penser le r\u00f4le de l&rsquo;historien et les contours du savoir historique.<\/p>\n\n\n\n<p>Cet ouvrage est issu d\u2019une th\u00e8se de doctorat r\u00e9compens\u00e9e par un Prix&nbsp;de la Facult\u00e9 des lettres de l&rsquo;Universit\u00e9 de Lausanne.<\/p>\n\n\n\n<p>Jacob Lachat, <em><a href=\"https:\/\/www.vrin.fr\/livre\/9782711630875\/le-passe-sous-les-yeux\" data-type=\"link\" data-id=\"https:\/\/www.vrin.fr\/livre\/9782711630875\/le-passe-sous-les-yeux\" target=\"_blank\" rel=\"noreferrer noopener\">Le pass\u00e9 sous les yeux. Chateaubriand et l\u2019\u00e9criture de l\u2019histoire<\/a><\/em>, Paris, Vrin\/EHESS, 2023.<\/p>\n<\/div>\n\n\n\n<div class=\"wp-block-column is-layout-flow wp-block-column-is-layout-flow\" style=\"flex-basis:33.33%\"><div class=\"wp-block-image\">\n<figure class=\"alignright size-full is-resized\"><img alt=\"\" decoding=\"async\" src=\"https:\/\/wp.unil.ch\/labelettres\/files\/2023\/09\/LACHAT_2023_Chateaubriand_cover.jpg\" alt=\"\" class=\"wp-image-12413\" style=\"width:300px\" width=\"300\" srcset=\"https:\/\/wp.unil.ch\/labelettres\/files\/2023\/09\/LACHAT_2023_Chateaubriand_cover.jpg 751w, https:\/\/wp.unil.ch\/labelettres\/files\/2023\/09\/LACHAT_2023_Chateaubriand_cover-435x695.jpg 435w\" sizes=\"(max-width: 751px) 100vw, 751px\" \/><\/figure>\n<\/div><\/div>\n<\/div>\n\n\n\n<hr class=\"wp-block-separator has-alpha-channel-opacity is-style-wide\" \/>\n\n\n\n<h6 class=\"wp-block-heading\"><strong>TOUTES LES NOTICES DE<\/strong><\/h6>\n\n\n\n<p><strong>Jacob Lachat<\/strong><\/p>\n\n\n\n\n<div class=\"su-posts su-posts-teaser-loop \">\n\n\t\t\t\t\t\t\n\t\t\t\n\t\t\t<div id=\"su-post-12412\" class=\"su-post \">\n\t\t\t\t\t\t\t\t\t<a class=\"su-post-thumbnail\" href=\"https:\/\/wp.unil.ch\/labelettres\/le-passe-sous-les-yeux-chateaubriand-et-lecriture-de-lhistoire\/\"><img loading=\"lazy\" decoding=\"async\" width=\"751\" height=\"1200\" src=\"https:\/\/wp.unil.ch\/labelettres\/files\/2023\/09\/LACHAT_2023_Chateaubriand_cover.jpg\" class=\"attachment-post-thumbnail size-post-thumbnail wp-post-image\" alt=\"\" srcset=\"https:\/\/wp.unil.ch\/labelettres\/files\/2023\/09\/LACHAT_2023_Chateaubriand_cover.jpg 751w, https:\/\/wp.unil.ch\/labelettres\/files\/2023\/09\/LACHAT_2023_Chateaubriand_cover-435x695.jpg 435w\" sizes=\"auto, (max-width: 751px) 100vw, 751px\" \/><\/a>\n\t\t\t\t\t\t\t\t<h2 class=\"su-post-title\"><a href=\"https:\/\/wp.unil.ch\/labelettres\/le-passe-sous-les-yeux-chateaubriand-et-lecriture-de-lhistoire\/\">Le pass\u00e9 sous les yeux. Chateaubriand et l\u2019\u00e9criture de l\u2019histoire<\/a><\/h2>\n\t\t\t<\/div>\n\n\t\t\t\t\t\n\t\t\t\n\t\t\t<div id=\"su-post-12290\" class=\"su-post \">\n\t\t\t\t\t\t\t\t\t<a class=\"su-post-thumbnail\" href=\"https:\/\/wp.unil.ch\/labelettres\/figures-du-travail\/\"><img loading=\"lazy\" decoding=\"async\" width=\"450\" height=\"655\" src=\"https:\/\/wp.unil.ch\/labelettres\/files\/2023\/06\/CARAION_2023_EDL320_cover.jpg\" class=\"attachment-post-thumbnail size-post-thumbnail wp-post-image\" alt=\"\" srcset=\"https:\/\/wp.unil.ch\/labelettres\/files\/2023\/06\/CARAION_2023_EDL320_cover.jpg 450w, https:\/\/wp.unil.ch\/labelettres\/files\/2023\/06\/CARAION_2023_EDL320_cover-435x633.jpg 435w\" sizes=\"auto, (max-width: 450px) 100vw, 450px\" \/><\/a>\n\t\t\t\t\t\t\t\t<h2 class=\"su-post-title\"><a href=\"https:\/\/wp.unil.ch\/labelettres\/figures-du-travail\/\">Figures du travail<\/a><\/h2>\n\t\t\t<\/div>\n\n\t\t\t\t\t\n\t\t\t\n\t\t\t<div id=\"su-post-9687\" class=\"su-post \">\n\t\t\t\t\t\t\t\t\t<a class=\"su-post-thumbnail\" href=\"https:\/\/wp.unil.ch\/labelettres\/regards-sur-le-temoignage\/\"><img loading=\"lazy\" decoding=\"async\" width=\"809\" height=\"1200\" src=\"https:\/\/wp.unil.ch\/labelettres\/files\/2020\/12\/ACO_201.jpg\" class=\"attachment-post-thumbnail size-post-thumbnail wp-post-image\" alt=\"\" srcset=\"https:\/\/wp.unil.ch\/labelettres\/files\/2020\/12\/ACO_201.jpg 809w, https:\/\/wp.unil.ch\/labelettres\/files\/2020\/12\/ACO_201-435x645.jpg 435w, https:\/\/wp.unil.ch\/labelettres\/files\/2020\/12\/ACO_201-768x1139.jpg 768w\" sizes=\"auto, (max-width: 809px) 100vw, 809px\" \/><\/a>\n\t\t\t\t\t\t\t\t<h2 class=\"su-post-title\"><a href=\"https:\/\/wp.unil.ch\/labelettres\/regards-sur-le-temoignage\/\">Regards sur le t\u00e9moignage<\/a><\/h2>\n\t\t\t<\/div>\n\n\t\t\t\t\t\n\t\t\t\n\t\t\t<div id=\"su-post-5454\" class=\"su-post \">\n\t\t\t\t\t\t\t\t\t<a class=\"su-post-thumbnail\" href=\"https:\/\/wp.unil.ch\/labelettres\/faire-litterature-usages-et-pratiques-du-litteraire-xixe-xxie-siecles\/\"><img loading=\"lazy\" decoding=\"async\" width=\"608\" height=\"1024\" src=\"https:\/\/wp.unil.ch\/labelettres\/files\/2019\/03\/BIONDA_ET_AL_Faire_litt_couv_final.jpg\" class=\"attachment-post-thumbnail size-post-thumbnail wp-post-image\" alt=\"\" srcset=\"https:\/\/wp.unil.ch\/labelettres\/files\/2019\/03\/BIONDA_ET_AL_Faire_litt_couv_final.jpg 608w, https:\/\/wp.unil.ch\/labelettres\/files\/2019\/03\/BIONDA_ET_AL_Faire_litt_couv_final-435x733.jpg 435w\" sizes=\"auto, (max-width: 608px) 100vw, 608px\" \/><\/a>\n\t\t\t\t\t\t\t\t<h2 class=\"su-post-title\"><a href=\"https:\/\/wp.unil.ch\/labelettres\/faire-litterature-usages-et-pratiques-du-litteraire-xixe-xxie-siecles\/\">Faire litt\u00e9rature. Usages et pratiques du litt\u00e9raire (XIXe-XXIe si\u00e8cles)<\/a><\/h2>\n\t\t\t<\/div>\n\n\t\t\t\n<\/div>\n\n\n\n\n<hr class=\"wp-block-separator has-alpha-channel-opacity is-style-wide\" \/>\n","protected":false},"excerpt":{"rendered":"<p>\u00c9crire l&rsquo;histoire au d\u00e9but du XIXe si\u00e8cle.<\/p>\n","protected":false},"author":719,"featured_media":12413,"comment_status":"closed","ping_status":"closed","sticky":false,"template":"","format":"standard","meta":{"_seopress_robots_primary_cat":"","_seopress_titles_title":"","_seopress_titles_desc":"","_seopress_robots_index":"","footnotes":""},"categories":[3,4],"tags":[3469,3560,10,3562,643,1558,3612,160,3561,1212],"class_list":{"0":"post-12412","1":"post","2":"type-post","3":"status-publish","4":"format-standard","5":"has-post-thumbnail","7":"category-langues-litteratures","8":"category-sciences-historiques","9":"tag-3469","10":"tag-chateaubriand","11":"tag-histoire","12":"tag-historien","13":"tag-historiographie","14":"tag-jacob-lachat","15":"tag-newsletter-49","16":"tag-romantisme","17":"tag-sciences-historiques","18":"tag-section-de-francais"},"_links":{"self":[{"href":"https:\/\/wp.unil.ch\/labelettres\/wp-json\/wp\/v2\/posts\/12412","targetHints":{"allow":["GET"]}}],"collection":[{"href":"https:\/\/wp.unil.ch\/labelettres\/wp-json\/wp\/v2\/posts"}],"about":[{"href":"https:\/\/wp.unil.ch\/labelettres\/wp-json\/wp\/v2\/types\/post"}],"author":[{"embeddable":true,"href":"https:\/\/wp.unil.ch\/labelettres\/wp-json\/wp\/v2\/users\/719"}],"replies":[{"embeddable":true,"href":"https:\/\/wp.unil.ch\/labelettres\/wp-json\/wp\/v2\/comments?post=12412"}],"version-history":[{"count":0,"href":"https:\/\/wp.unil.ch\/labelettres\/wp-json\/wp\/v2\/posts\/12412\/revisions"}],"wp:featuredmedia":[{"embeddable":true,"href":"https:\/\/wp.unil.ch\/labelettres\/wp-json\/wp\/v2\/media\/12413"}],"wp:attachment":[{"href":"https:\/\/wp.unil.ch\/labelettres\/wp-json\/wp\/v2\/media?parent=12412"}],"wp:term":[{"taxonomy":"category","embeddable":true,"href":"https:\/\/wp.unil.ch\/labelettres\/wp-json\/wp\/v2\/categories?post=12412"},{"taxonomy":"post_tag","embeddable":true,"href":"https:\/\/wp.unil.ch\/labelettres\/wp-json\/wp\/v2\/tags?post=12412"}],"curies":[{"name":"wp","href":"https:\/\/api.w.org\/{rel}","templated":true}]}}