{"id":1208,"date":"2016-10-27T16:53:47","date_gmt":"2016-10-27T14:53:47","guid":{"rendered":"http:\/\/wp.unil.ch\/labelettres\/?p=1208"},"modified":"2021-10-25T15:29:48","modified_gmt":"2021-10-25T13:29:48","slug":"cinquante-nuances-du-temps-et-de-lespace-dans-les-theories-linguistiques","status":"publish","type":"post","link":"https:\/\/wp.unil.ch\/labelettres\/cinquante-nuances-du-temps-et-de-lespace-dans-les-theories-linguistiques\/","title":{"rendered":"Cinquante nuances du temps et de l\u2019espace dans les th\u00e9ories linguistiques"},"content":{"rendered":"<div class=\"su-row\">\n<div class=\"su-column su-column-size-2-3\"><div class=\"su-column-inner su-u-clearfix su-u-trim\"><strong>Quel r\u00f4le jouent les concepts de temps et d\u2019espace dans l\u2019\u00e9volution des langues?<\/strong><!--more--><\/p>\n<p>Quels liens peut-on tisser entre la langue du locuteur et son identit\u00e9 culturelle\u00a0? Pourquoi une langue reprend-elle les caract\u00e9ristiques d\u2019une langue g\u00e9ographiquement voisine plut\u00f4t que celles d\u2019une langue de la m\u00eame famille? Pourquoi certaines langues minoritaires disparaissent-elles alors que d\u2019autres survivent?<\/p>\n<p>Ce sont quelques-unes des questions abord\u00e9es dans ce volume, au travers de r\u00e9flexions th\u00e9oriques et d\u2019\u00e9tudes de cas portant notamment sur les langues minoritaires slaves d\u2019Europe, le g\u00e9orgien, le dialecte russe, ou le francoproven\u00e7al. De l\u2019oc\u00e9an Atlantique \u00e0 la mer Noire, de la fin du XIXe si\u00e8cle \u00e0 nos jours, ce num\u00e9ro des Cahiers du <a href=\"https:\/\/www.unil.ch\/clsl\/fr\/home.html\" target=\"_blank\" rel=\"noopener noreferrer\">Centre de linguistique et des sciences du langage<\/a>, \u00e9dit\u00e9 par Elena Simonato\u00a0et S\u00e9bastien Moret, tous deux \u00e0 la\u00a0<a href=\"https:\/\/www.unil.ch\/slas\/fr\/home.html\" target=\"_blank\" rel=\"noopener noreferrer\">Section de langues et civilisations slaves et de l&rsquo;Asie du Sud<\/a>,\u00a0r\u00e9unit des contributions de chercheurs internationaux autour des th\u00e9ories du temps et de l&rsquo;espace en linguistique. Il est accessible en int\u00e9gralit\u00e9 en ligne.<\/p>\n<p>Les <em>Cahiers du Centre de linguistique et des sciences du langage<\/em> sont disponibles en libre acc\u00e8s sur la plateforme <a href=\"https:\/\/edipub-unil.ch\/index.php\/clsl\/issue\/view\/35\" target=\"_blank\" rel=\"noreferrer noopener\" data-type=\"URL\" data-id=\"https:\/\/edipub-unil.ch\/index.php\/clsl\/index\">Edipub-unil<\/a>.<\/p>\n<p>Elena Simonato, S\u00e9bastien Moret (\u00e9ds.),\u00a0<a href=\"https:\/\/www.unil.ch\/clsl\/files\/live\/sites\/clsl\/files\/shared\/Cahier%2049\/cahier-49.pdf\" target=\"_blank\" rel=\"noopener noreferrer\"><i>Cinquante nuances du temps et de l&rsquo;espace dans les th\u00e9ories linguistiques<\/i><\/a>, <em>Cahiers de l&rsquo;ILSL<\/em>, n\u00b049, 2016.<\/p>\n<\/div><\/div>\n<div class=\"su-column su-column-size-1-3\"><div class=\"su-column-inner su-u-clearfix su-u-trim\"><img alt=\"\" loading=\"lazy\" decoding=\"async\" class=\"aligncenter wp-image-5031\" src=\"https:\/\/wp.unil.ch\/labelettres\/files\/2016\/10\/SIMONATO_50nuances_couv.jpg\" alt=\"\" width=\"300\" height=\"403\" \/><\/p>\n<\/div><\/div>\n<\/div>\n<div id=\"watch-headline-title\">\n<div class=\"su-divider su-divider-style-default\" style=\"margin:15px 0;border-width:1px;border-color:#999999\"><\/div>\n<h6><strong>TOUTES LES NOTICES DE<\/strong><\/h6>\n<p><strong><a href=\"https:\/\/wp.unil.ch\/labelettres\/auteurs\/moret-sebastien\/\">S\u00e9bastien Moret<\/a><\/strong><\/p>\n\n\n<div class=\"su-posts su-posts-teaser-loop \">\n\n\t\t\t\t\t\t\n\t\t\t\n\t\t\t<div id=\"su-post-12732\" class=\"su-post \">\n\t\t\t\t\t\t\t\t\t<a class=\"su-post-thumbnail\" href=\"https:\/\/wp.unil.ch\/labelettres\/antoine-meillet-regards-linguistiques-et-historiques-sur-sa-vie-et-son-oeuvre\/\"><img loading=\"lazy\" decoding=\"async\" width=\"450\" height=\"654\" src=\"https:\/\/wp.unil.ch\/labelettres\/files\/2024\/01\/MEYER_2023_EDL322_cover.jpg\" class=\"attachment-post-thumbnail size-post-thumbnail wp-post-image\" alt=\"\" srcset=\"https:\/\/wp.unil.ch\/labelettres\/files\/2024\/01\/MEYER_2023_EDL322_cover.jpg 450w, https:\/\/wp.unil.ch\/labelettres\/files\/2024\/01\/MEYER_2023_EDL322_cover-435x632.jpg 435w\" sizes=\"auto, (max-width: 450px) 100vw, 450px\" \/><\/a>\n\t\t\t\t\t\t\t\t<h2 class=\"su-post-title\"><a href=\"https:\/\/wp.unil.ch\/labelettres\/antoine-meillet-regards-linguistiques-et-historiques-sur-sa-vie-et-son-oeuvre\/\">Antoine Meillet. Regards linguistiques et historiques sur sa vie et son \u0153uvre<\/a><\/h2>\n\t\t\t<\/div>\n\n\t\t\t\t\t\n\t\t\t\n\t\t\t<div id=\"su-post-11461\" class=\"su-post \">\n\t\t\t\t\t\t\t\t\t<a class=\"su-post-thumbnail\" href=\"https:\/\/wp.unil.ch\/labelettres\/les-langues-agglutinantes-linguistique-ideologie-mythe\/\"><img loading=\"lazy\" decoding=\"async\" width=\"1215\" height=\"1720\" src=\"https:\/\/wp.unil.ch\/labelettres\/files\/2022\/04\/MORET_CLSL63_cover.png\" class=\"attachment-post-thumbnail size-post-thumbnail wp-post-image\" alt=\"\" srcset=\"https:\/\/wp.unil.ch\/labelettres\/files\/2022\/04\/MORET_CLSL63_cover.png 1215w, https:\/\/wp.unil.ch\/labelettres\/files\/2022\/04\/MORET_CLSL63_cover-435x616.png 435w, https:\/\/wp.unil.ch\/labelettres\/files\/2022\/04\/MORET_CLSL63_cover-768x1087.png 768w, https:\/\/wp.unil.ch\/labelettres\/files\/2022\/04\/MORET_CLSL63_cover-1085x1536.png 1085w\" sizes=\"auto, (max-width: 1215px) 100vw, 1215px\" \/><\/a>\n\t\t\t\t\t\t\t\t<h2 class=\"su-post-title\"><a href=\"https:\/\/wp.unil.ch\/labelettres\/les-langues-agglutinantes-linguistique-ideologie-mythe\/\">Les langues agglutinantes : linguistique \u2013 id\u00e9ologie \u2013 mythe<\/a><\/h2>\n\t\t\t<\/div>\n\n\t\t\t\t\t\n\t\t\t\n\t\t\t<div id=\"su-post-11221\" class=\"su-post \">\n\t\t\t\t\t\t\t\t\t<a class=\"su-post-thumbnail\" href=\"https:\/\/wp.unil.ch\/labelettres\/approches-epistemologiques-pour-lhistoire-des-sciences-du-langage\/\"><img loading=\"lazy\" decoding=\"async\" width=\"841\" height=\"1200\" src=\"https:\/\/wp.unil.ch\/labelettres\/files\/2022\/01\/VELMEZOVA_2021_CLSL65_cover-1.jpg\" class=\"attachment-post-thumbnail size-post-thumbnail wp-post-image\" alt=\"\" srcset=\"https:\/\/wp.unil.ch\/labelettres\/files\/2022\/01\/VELMEZOVA_2021_CLSL65_cover-1.jpg 841w, https:\/\/wp.unil.ch\/labelettres\/files\/2022\/01\/VELMEZOVA_2021_CLSL65_cover-1-435x621.jpg 435w, https:\/\/wp.unil.ch\/labelettres\/files\/2022\/01\/VELMEZOVA_2021_CLSL65_cover-1-768x1096.jpg 768w\" sizes=\"auto, (max-width: 841px) 100vw, 841px\" \/><\/a>\n\t\t\t\t\t\t\t\t<h2 class=\"su-post-title\"><a href=\"https:\/\/wp.unil.ch\/labelettres\/approches-epistemologiques-pour-lhistoire-des-sciences-du-langage\/\">Approches \u00e9pist\u00e9mologiques pour l&rsquo;histoire des sciences du langage<\/a><\/h2>\n\t\t\t<\/div>\n\n\t\t\t\t\t\n\t\t\t\n\t\t\t<div id=\"su-post-7608\" class=\"su-post \">\n\t\t\t\t\t\t\t\t\t<a class=\"su-post-thumbnail\" href=\"https:\/\/wp.unil.ch\/labelettres\/interlinguistique-et-esperantologie\/\"><img loading=\"lazy\" decoding=\"async\" width=\"801\" height=\"1200\" src=\"https:\/\/wp.unil.ch\/labelettres\/files\/2020\/03\/MORET_Esperanto_cover.jpg\" class=\"attachment-post-thumbnail size-post-thumbnail wp-post-image\" alt=\"\" srcset=\"https:\/\/wp.unil.ch\/labelettres\/files\/2020\/03\/MORET_Esperanto_cover.jpg 801w, https:\/\/wp.unil.ch\/labelettres\/files\/2020\/03\/MORET_Esperanto_cover-435x652.jpg 435w, https:\/\/wp.unil.ch\/labelettres\/files\/2020\/03\/MORET_Esperanto_cover-768x1151.jpg 768w\" sizes=\"auto, (max-width: 801px) 100vw, 801px\" \/><\/a>\n\t\t\t\t\t\t\t\t<h2 class=\"su-post-title\"><a href=\"https:\/\/wp.unil.ch\/labelettres\/interlinguistique-et-esperantologie\/\">Interlinguistique et esp\u00e9rantologie<\/a><\/h2>\n\t\t\t<\/div>\n\n\t\t\t\t\t\n\t\t\t\n\t\t\t<div id=\"su-post-6302\" class=\"su-post \">\n\t\t\t\t\t\t\t\t\t<a class=\"su-post-thumbnail\" href=\"https:\/\/wp.unil.ch\/labelettres\/%d0%b8%d1%81%d1%82%d0%be%d1%80%d0%b8%d1%8f-%d0%bb%d0%b8%d0%bd%d0%b3%d0%b2%d0%b8%d1%81%d1%82%d0%b8%d0%ba%d0%b8-%d0%b8%d1%81%d1%82%d0%be%d1%80%d0%b8%d1%8f-%d0%b8%d0%b4%d0%b5%d0%b9-%d1%84%d0%b5%d1%81\/\"><img loading=\"lazy\" decoding=\"async\" width=\"770\" height=\"1200\" src=\"https:\/\/wp.unil.ch\/labelettres\/files\/2019\/08\/Histoires_Cover.jpeg\" class=\"attachment-post-thumbnail size-post-thumbnail wp-post-image\" alt=\"\" srcset=\"https:\/\/wp.unil.ch\/labelettres\/files\/2019\/08\/Histoires_Cover.jpeg 770w, https:\/\/wp.unil.ch\/labelettres\/files\/2019\/08\/Histoires_Cover-435x678.jpeg 435w, https:\/\/wp.unil.ch\/labelettres\/files\/2019\/08\/Histoires_Cover-768x1197.jpeg 768w\" sizes=\"auto, (max-width: 770px) 100vw, 770px\" \/><\/a>\n\t\t\t\t\t\t\t\t<h2 class=\"su-post-title\"><a href=\"https:\/\/wp.unil.ch\/labelettres\/%d0%b8%d1%81%d1%82%d0%be%d1%80%d0%b8%d1%8f-%d0%bb%d0%b8%d0%bd%d0%b3%d0%b2%d0%b8%d1%81%d1%82%d0%b8%d0%ba%d0%b8-%d0%b8%d1%81%d1%82%d0%be%d1%80%d0%b8%d1%8f-%d0%b8%d0%b4%d0%b5%d0%b9-%d1%84%d0%b5%d1%81\/\">Histoire des linguistiques, histoire des id\u00e9es. M\u00e9langes offerts \u00e0 Patrick S\u00e9riot<\/a><\/h2>\n\t\t\t<\/div>\n\n\t\t\t\t\t\n\t\t\t\n\t\t\t<div id=\"su-post-8056\" class=\"su-post \">\n\t\t\t\t\t\t\t\t\t<a class=\"su-post-thumbnail\" href=\"https:\/\/wp.unil.ch\/labelettres\/gatherings-in-biosemiotics-2017\/\"><img loading=\"lazy\" decoding=\"async\" width=\"880\" height=\"1200\" src=\"https:\/\/wp.unil.ch\/labelettres\/files\/2020\/06\/VELMEZOVA_Biosemiotics_cover.jpg\" class=\"attachment-post-thumbnail size-post-thumbnail wp-post-image\" alt=\"\" srcset=\"https:\/\/wp.unil.ch\/labelettres\/files\/2020\/06\/VELMEZOVA_Biosemiotics_cover.jpg 880w, https:\/\/wp.unil.ch\/labelettres\/files\/2020\/06\/VELMEZOVA_Biosemiotics_cover-435x593.jpg 435w, https:\/\/wp.unil.ch\/labelettres\/files\/2020\/06\/VELMEZOVA_Biosemiotics_cover-768x1047.jpg 768w\" sizes=\"auto, (max-width: 880px) 100vw, 880px\" \/><\/a>\n\t\t\t\t\t\t\t\t<h2 class=\"su-post-title\"><a href=\"https:\/\/wp.unil.ch\/labelettres\/gatherings-in-biosemiotics-2017\/\">Gatherings in Biosemiotics 2017<\/a><\/h2>\n\t\t\t<\/div>\n\n\t\t\t\t\t\n\t\t\t\n\t\t\t<div id=\"su-post-1208\" class=\"su-post \">\n\t\t\t\t\t\t\t\t\t<a class=\"su-post-thumbnail\" href=\"https:\/\/wp.unil.ch\/labelettres\/cinquante-nuances-du-temps-et-de-lespace-dans-les-theories-linguistiques\/\"><img loading=\"lazy\" decoding=\"async\" width=\"435\" height=\"585\" src=\"https:\/\/wp.unil.ch\/labelettres\/files\/2016\/10\/SIMONATO_50nuances_couv.jpg\" class=\"attachment-post-thumbnail size-post-thumbnail wp-post-image\" alt=\"\" \/><\/a>\n\t\t\t\t\t\t\t\t<h2 class=\"su-post-title\"><a href=\"https:\/\/wp.unil.ch\/labelettres\/cinquante-nuances-du-temps-et-de-lespace-dans-les-theories-linguistiques\/\">Cinquante nuances du temps et de l\u2019espace dans les th\u00e9ories linguistiques<\/a><\/h2>\n\t\t\t<\/div>\n\n\t\t\t\t\t\n\t\t\t\n\t\t\t<div id=\"su-post-2901\" class=\"su-post \">\n\t\t\t\t\t\t\t\t\t<a class=\"su-post-thumbnail\" href=\"https:\/\/wp.unil.ch\/labelettres\/rozalija-sor-1894-1939-et-son-environnement-academique-et-culturel\/\"><img loading=\"lazy\" decoding=\"async\" width=\"847\" height=\"1200\" src=\"https:\/\/wp.unil.ch\/labelettres\/files\/2016\/04\/VELMEZOVA_Cahier_no47_couv_final.jpg\" class=\"attachment-post-thumbnail size-post-thumbnail wp-post-image\" alt=\"\" srcset=\"https:\/\/wp.unil.ch\/labelettres\/files\/2016\/04\/VELMEZOVA_Cahier_no47_couv_final.jpg 847w, https:\/\/wp.unil.ch\/labelettres\/files\/2016\/04\/VELMEZOVA_Cahier_no47_couv_final-435x616.jpg 435w, https:\/\/wp.unil.ch\/labelettres\/files\/2016\/04\/VELMEZOVA_Cahier_no47_couv_final-768x1088.jpg 768w\" sizes=\"auto, (max-width: 847px) 100vw, 847px\" \/><\/a>\n\t\t\t\t\t\t\t\t<h2 class=\"su-post-title\"><a href=\"https:\/\/wp.unil.ch\/labelettres\/rozalija-sor-1894-1939-et-son-environnement-academique-et-culturel\/\">Rozalija \u0160or (1894-1939) et son environnement acad\u00e9mique et culturel<\/a><\/h2>\n\t\t\t<\/div>\n\n\t\t\t\n<\/div>\n\n<p><strong><a href=\"https:\/\/wp.unil.ch\/labelettres\/auteurs\/simonato-elena\/\">Elena Simonato<\/a><\/strong><\/p>\n\n\n<div class=\"su-posts su-posts-teaser-loop \">\n\n\t\t\t\t\t\t\n\t\t\t\n\t\t\t<div id=\"su-post-15952\" class=\"su-post \">\n\t\t\t\t\t\t\t\t\t<a class=\"su-post-thumbnail\" href=\"https:\/\/wp.unil.ch\/labelettres\/les-suisses-de-la-mer-noire-histoire-dune-diaspora-oubliee\/\"><img loading=\"lazy\" decoding=\"async\" width=\"715\" height=\"1000\" src=\"https:\/\/wp.unil.ch\/labelettres\/files\/2026\/02\/2026-slas-les-suisses-de-la-mer-noir-couv.jpeg\" class=\"attachment-post-thumbnail size-post-thumbnail wp-post-image\" alt=\"2026 slas les suisses de la mer noir couv\" srcset=\"https:\/\/wp.unil.ch\/labelettres\/files\/2026\/02\/2026-slas-les-suisses-de-la-mer-noir-couv.jpeg 715w, https:\/\/wp.unil.ch\/labelettres\/files\/2026\/02\/2026-slas-les-suisses-de-la-mer-noir-couv-435x608.jpeg 435w\" sizes=\"auto, (max-width: 715px) 100vw, 715px\" \/><\/a>\n\t\t\t\t\t\t\t\t<h2 class=\"su-post-title\"><a href=\"https:\/\/wp.unil.ch\/labelettres\/les-suisses-de-la-mer-noire-histoire-dune-diaspora-oubliee\/\">Les Suisses de la mer Noire: histoire d&rsquo;une diaspora oubli\u00e9e<\/a><\/h2>\n\t\t\t<\/div>\n\n\t\t\t\t\t\n\t\t\t\n\t\t\t<div id=\"su-post-12594\" class=\"su-post \">\n\t\t\t\t\t\t\t\t\t<a class=\"su-post-thumbnail\" href=\"https:\/\/wp.unil.ch\/labelettres\/un-village-suisse-au-bord-de-la-mer-noire-chabag-materiaux-inedits\/\"><img loading=\"lazy\" decoding=\"async\" width=\"853\" height=\"1200\" src=\"https:\/\/wp.unil.ch\/labelettres\/files\/2023\/11\/SIMONATO_2023_Chabag_cover.jpg\" class=\"attachment-post-thumbnail size-post-thumbnail wp-post-image\" alt=\"\" srcset=\"https:\/\/wp.unil.ch\/labelettres\/files\/2023\/11\/SIMONATO_2023_Chabag_cover.jpg 853w, https:\/\/wp.unil.ch\/labelettres\/files\/2023\/11\/SIMONATO_2023_Chabag_cover-435x612.jpg 435w, https:\/\/wp.unil.ch\/labelettres\/files\/2023\/11\/SIMONATO_2023_Chabag_cover-768x1080.jpg 768w\" sizes=\"auto, (max-width: 853px) 100vw, 853px\" \/><\/a>\n\t\t\t\t\t\t\t\t<h2 class=\"su-post-title\"><a href=\"https:\/\/wp.unil.ch\/labelettres\/un-village-suisse-au-bord-de-la-mer-noire-chabag-materiaux-inedits\/\">Un village suisse au bord de la mer Noire. Chabag, mat\u00e9riaux in\u00e9dits<\/a><\/h2>\n\t\t\t<\/div>\n\n\t\t\t\t\t\n\t\t\t\n\t\t\t<div id=\"su-post-11152\" class=\"su-post \">\n\t\t\t\t\t\t\t\t\t<a class=\"su-post-thumbnail\" href=\"https:\/\/wp.unil.ch\/labelettres\/%d1%87%d0%b5%d1%80%d0%bd%d0%be%d0%bc%d0%be%d1%80%d1%81%d0%ba%d0%b0%d1%8f-%d1%88%d0%b2%d0%b5%d0%b9%d1%86%d0%b0%d1%80%d0%b8%d1%8f-%d0%b8%d1%81%d1%82%d0%be%d1%80%d0%b8%d1%8f-%d0%ba%d0%be%d0%bb%d0%be\/\"><img loading=\"lazy\" decoding=\"async\" width=\"853\" height=\"1200\" src=\"https:\/\/wp.unil.ch\/labelettres\/files\/2021\/12\/SIMONATO_2021_Nestor_cover-1.jpg\" class=\"attachment-post-thumbnail size-post-thumbnail wp-post-image\" alt=\"\" srcset=\"https:\/\/wp.unil.ch\/labelettres\/files\/2021\/12\/SIMONATO_2021_Nestor_cover-1.jpg 853w, https:\/\/wp.unil.ch\/labelettres\/files\/2021\/12\/SIMONATO_2021_Nestor_cover-1-435x612.jpg 435w, https:\/\/wp.unil.ch\/labelettres\/files\/2021\/12\/SIMONATO_2021_Nestor_cover-1-768x1080.jpg 768w\" sizes=\"auto, (max-width: 853px) 100vw, 853px\" \/><\/a>\n\t\t\t\t\t\t\t\t<h2 class=\"su-post-title\"><a href=\"https:\/\/wp.unil.ch\/labelettres\/%d1%87%d0%b5%d1%80%d0%bd%d0%be%d0%bc%d0%be%d1%80%d1%81%d0%ba%d0%b0%d1%8f-%d1%88%d0%b2%d0%b5%d0%b9%d1%86%d0%b0%d1%80%d0%b8%d1%8f-%d0%b8%d1%81%d1%82%d0%be%d1%80%d0%b8%d1%8f-%d0%ba%d0%be%d0%bb%d0%be\/\">\u0427\u0435\u0440\u043d\u043e\u043c\u043e\u0440\u0441\u043a\u0430\u044f \u0428\u0432\u0435\u0439\u0446\u0430\u0440\u0438\u044f. \u0418\u0441\u0442\u043e\u0440\u0438\u044f \u043a\u043e\u043b\u043e\u043d\u0438\u0438 \u0428\u0430\u0431\u043e (1822-1944)<\/a><\/h2>\n\t\t\t<\/div>\n\n\t\t\t\t\t\n\t\t\t\n\t\t\t<div id=\"su-post-10866\" class=\"su-post \">\n\t\t\t\t\t\t\t\t\t<a class=\"su-post-thumbnail\" href=\"https:\/\/wp.unil.ch\/labelettres\/une-cinquieme-suisse-au-bord-de-la-mer-noire-nouvelle-histoire-documentee-de-la-colonie-suisse-de-chabag-1822-1944\/\"><img loading=\"lazy\" decoding=\"async\" width=\"829\" height=\"1200\" src=\"https:\/\/wp.unil.ch\/labelettres\/files\/2021\/09\/SIMONATO_Cinquieme-Suisse_cover.jpg\" class=\"attachment-post-thumbnail size-post-thumbnail wp-post-image\" alt=\"\" srcset=\"https:\/\/wp.unil.ch\/labelettres\/files\/2021\/09\/SIMONATO_Cinquieme-Suisse_cover.jpg 829w, https:\/\/wp.unil.ch\/labelettres\/files\/2021\/09\/SIMONATO_Cinquieme-Suisse_cover-435x630.jpg 435w, https:\/\/wp.unil.ch\/labelettres\/files\/2021\/09\/SIMONATO_Cinquieme-Suisse_cover-768x1112.jpg 768w\" sizes=\"auto, (max-width: 829px) 100vw, 829px\" \/><\/a>\n\t\t\t\t\t\t\t\t<h2 class=\"su-post-title\"><a href=\"https:\/\/wp.unil.ch\/labelettres\/une-cinquieme-suisse-au-bord-de-la-mer-noire-nouvelle-histoire-documentee-de-la-colonie-suisse-de-chabag-1822-1944\/\">Une cinqui\u00e8me Suisse au bord de la mer Noire. Nouvelle histoire document\u00e9e de la colonie suisse de Chabag (1822-1944)<\/a><\/h2>\n\t\t\t<\/div>\n\n\t\t\t\t\t\n\t\t\t\n\t\t\t<div id=\"su-post-6086\" class=\"su-post \">\n\t\t\t\t\t\t\t\t\t<a class=\"su-post-thumbnail\" href=\"https:\/\/wp.unil.ch\/labelettres\/%d1%81%d1%83%d0%b4%d1%8c%d0%b1%d1%8b-%d1%88%d0%b2%d0%b5%d0%b9%d1%86%d0%b0%d1%80%d1%81%d0%ba%d0%b8%d1%85-%d0%ba%d0%be%d0%bb%d0%be%d0%bd%d0%b8%d0%b9-%d0%b2-%d1%81%d0%b5%d0%b2%d0%b5%d1%80%d0%bd%d0%be\/\"><img loading=\"lazy\" decoding=\"async\" width=\"150\" height=\"204\" src=\"https:\/\/wp.unil.ch\/labelettres\/files\/2019\/06\/SIMONATO_Colonies_cover_lowres-e1752229325341.png\" class=\"attachment-post-thumbnail size-post-thumbnail wp-post-image\" alt=\"\" \/><\/a>\n\t\t\t\t\t\t\t\t<h2 class=\"su-post-title\"><a href=\"https:\/\/wp.unil.ch\/labelettres\/%d1%81%d1%83%d0%b4%d1%8c%d0%b1%d1%8b-%d1%88%d0%b2%d0%b5%d0%b9%d1%86%d0%b0%d1%80%d1%81%d0%ba%d0%b8%d1%85-%d0%ba%d0%be%d0%bb%d0%be%d0%bd%d0%b8%d0%b9-%d0%b2-%d1%81%d0%b5%d0%b2%d0%b5%d1%80%d0%bd%d0%be\/\">\u0421\u0443\u0434\u044c\u0431\u044b \u0448\u0432\u0435\u0439\u0446\u0430\u0440\u0441\u043a\u0438\u0445 \u043a\u043e\u043b\u043e\u043d\u0438\u0439 \u0432 \u0421\u0435\u0432\u0435\u0440\u043d\u043e\u043c \u041f\u0440\u0438\u0447\u0435\u0440\u043d\u043e\u043c\u043e\u0440\u044c\u0435 \u0438 \u0432 \u041a\u0440\u044b\u043c\u0443 XIX-XX \u0432\u0432<\/a><\/h2>\n\t\t\t<\/div>\n\n\t\t\t\t\t\n\t\t\t\n\t\t\t<div id=\"su-post-1195\" class=\"su-post \">\n\t\t\t\t\t\t\t\t\t<a class=\"su-post-thumbnail\" href=\"https:\/\/wp.unil.ch\/labelettres\/les-communautes-suisses-de-crimee-et-de-la-mer-noire-langues-et-traditions\/\"><img loading=\"lazy\" decoding=\"async\" width=\"435\" height=\"539\" src=\"https:\/\/wp.unil.ch\/labelettres\/files\/2017\/10\/cahier-51-1er-de-couverture-435x539-1.jpg\" class=\"attachment-post-thumbnail size-post-thumbnail wp-post-image\" alt=\"\" \/><\/a>\n\t\t\t\t\t\t\t\t<h2 class=\"su-post-title\"><a href=\"https:\/\/wp.unil.ch\/labelettres\/les-communautes-suisses-de-crimee-et-de-la-mer-noire-langues-et-traditions\/\">Les communaut\u00e9s suisses de Crim\u00e9e et de la mer Noire: langues et traditions<\/a><\/h2>\n\t\t\t<\/div>\n\n\t\t\t\t\t\n\t\t\t\n\t\t\t<div id=\"su-post-1208\" class=\"su-post \">\n\t\t\t\t\t\t\t\t\t<a class=\"su-post-thumbnail\" href=\"https:\/\/wp.unil.ch\/labelettres\/cinquante-nuances-du-temps-et-de-lespace-dans-les-theories-linguistiques\/\"><img loading=\"lazy\" decoding=\"async\" width=\"435\" height=\"585\" src=\"https:\/\/wp.unil.ch\/labelettres\/files\/2016\/10\/SIMONATO_50nuances_couv.jpg\" class=\"attachment-post-thumbnail size-post-thumbnail wp-post-image\" alt=\"\" \/><\/a>\n\t\t\t\t\t\t\t\t<h2 class=\"su-post-title\"><a href=\"https:\/\/wp.unil.ch\/labelettres\/cinquante-nuances-du-temps-et-de-lespace-dans-les-theories-linguistiques\/\">Cinquante nuances du temps et de l\u2019espace dans les th\u00e9ories linguistiques<\/a><\/h2>\n\t\t\t<\/div>\n\n\t\t\t\n<\/div>\n\n<p><a href=\"https:\/\/www.unil.ch\/clsl\/home\/menuinst\/les-cahiers-du-clsl.html\" target=\"_blank\" rel=\"noopener noreferrer\"><strong>Cahiers du\u00a0Centre de linguistique et des sciences du langage<\/strong><\/a><\/p>\n\n\n<div class=\"su-posts su-posts-teaser-loop \">\n\n\t\t\t\t\t\t\n\t\t\t\n\t\t\t<div id=\"su-post-15461\" class=\"su-post \">\n\t\t\t\t\t\t\t\t\t<a class=\"su-post-thumbnail\" href=\"https:\/\/wp.unil.ch\/labelettres\/contributions-suisses-au-xviie-congres-mondial-des-slavistes-a-paris-aout-2025-schweizerische-beitrage-zum-xvii-internationalen-slavistenkongress-in-paris-august-2025\/\"><img loading=\"lazy\" decoding=\"async\" width=\"481\" height=\"691\" src=\"https:\/\/wp.unil.ch\/labelettres\/files\/2025\/09\/2025-slas-slavica-helvetica-couv.jpg\" class=\"attachment-post-thumbnail size-post-thumbnail wp-post-image\" alt=\"2025 slas slavica helvetica couv\" srcset=\"https:\/\/wp.unil.ch\/labelettres\/files\/2025\/09\/2025-slas-slavica-helvetica-couv.jpg 481w, https:\/\/wp.unil.ch\/labelettres\/files\/2025\/09\/2025-slas-slavica-helvetica-couv-435x625.jpg 435w\" sizes=\"auto, (max-width: 481px) 100vw, 481px\" \/><\/a>\n\t\t\t\t\t\t\t\t<h2 class=\"su-post-title\"><a href=\"https:\/\/wp.unil.ch\/labelettres\/contributions-suisses-au-xviie-congres-mondial-des-slavistes-a-paris-aout-2025-schweizerische-beitrage-zum-xvii-internationalen-slavistenkongress-in-paris-august-2025\/\">Contributions suisses au XVIIe congr\u00e8s mondial des slavistes \u00e0 Paris, ao\u00fbt 2025\/Schweizerische Beitr\u00e4ge zum XVII. Internationalen Slavistenkongress in Paris, August 2025<\/a><\/h2>\n\t\t\t<\/div>\n\n\t\t\t\t\t\n\t\t\t\n\t\t\t<div id=\"su-post-14110\" class=\"su-post \">\n\t\t\t\t\t\t\t\t\t<a class=\"su-post-thumbnail\" href=\"https:\/\/wp.unil.ch\/labelettres\/espace-langage-reseaux-science-melanges-offerts-en-hommage-a-francois-bavaud\/\"><img loading=\"lazy\" decoding=\"async\" width=\"846\" height=\"1200\" src=\"https:\/\/wp.unil.ch\/labelettres\/files\/2025\/07\/2025-sli-clsl-hommage-fbavaud.jpg\" class=\"attachment-post-thumbnail size-post-thumbnail wp-post-image\" alt=\"2025 sli clsl hommage fbavaud\" srcset=\"https:\/\/wp.unil.ch\/labelettres\/files\/2025\/07\/2025-sli-clsl-hommage-fbavaud.jpg 846w, https:\/\/wp.unil.ch\/labelettres\/files\/2025\/07\/2025-sli-clsl-hommage-fbavaud-435x617.jpg 435w, https:\/\/wp.unil.ch\/labelettres\/files\/2025\/07\/2025-sli-clsl-hommage-fbavaud-768x1089.jpg 768w\" sizes=\"auto, (max-width: 846px) 100vw, 846px\" \/><\/a>\n\t\t\t\t\t\t\t\t<h2 class=\"su-post-title\"><a href=\"https:\/\/wp.unil.ch\/labelettres\/espace-langage-reseaux-science-melanges-offerts-en-hommage-a-francois-bavaud\/\">Espace, langage, r\u00e9seaux, science. M\u00e9langes offerts en hommage \u00e0 Fran\u00e7ois Bavaud<\/a><\/h2>\n\t\t\t<\/div>\n\n\t\t\t\t\t\n\t\t\t\n\t\t\t<div id=\"su-post-13328\" class=\"su-post \">\n\t\t\t\t\t\t\t\t\t<a class=\"su-post-thumbnail\" href=\"https:\/\/wp.unil.ch\/labelettres\/language-pedagogy-from-memphis-to-tokyo-current-perspectives-on-teaching-ancient-and-modern-languages-of-asia-and-beyond\/\"><img loading=\"lazy\" decoding=\"async\" width=\"800\" height=\"1131\" src=\"https:\/\/wp.unil.ch\/labelettres\/files\/2024\/11\/MEYER_2024_language-pedagogy_cover.png\" class=\"attachment-post-thumbnail size-post-thumbnail wp-post-image\" alt=\"\" srcset=\"https:\/\/wp.unil.ch\/labelettres\/files\/2024\/11\/MEYER_2024_language-pedagogy_cover.png 800w, https:\/\/wp.unil.ch\/labelettres\/files\/2024\/11\/MEYER_2024_language-pedagogy_cover-435x615.png 435w, https:\/\/wp.unil.ch\/labelettres\/files\/2024\/11\/MEYER_2024_language-pedagogy_cover-768x1086.png 768w\" sizes=\"auto, (max-width: 800px) 100vw, 800px\" \/><\/a>\n\t\t\t\t\t\t\t\t<h2 class=\"su-post-title\"><a href=\"https:\/\/wp.unil.ch\/labelettres\/language-pedagogy-from-memphis-to-tokyo-current-perspectives-on-teaching-ancient-and-modern-languages-of-asia-and-beyond\/\">Language Pedagogy from Memphis to Tokyo. Current Perspectives on Teaching Ancient and Modern Languages of Asia and Beyond<\/a><\/h2>\n\t\t\t<\/div>\n\n\t\t\t\t\t\n\t\t\t\n\t\t\t<div id=\"su-post-12132\" class=\"su-post \">\n\t\t\t\t\t\t\t\t\t<a class=\"su-post-thumbnail\" href=\"https:\/\/wp.unil.ch\/labelettres\/la-traduction-et-son-processus-didactique\/\"><img loading=\"lazy\" decoding=\"async\" width=\"849\" height=\"1200\" src=\"https:\/\/wp.unil.ch\/labelettres\/files\/2023\/03\/ZALESSKAYA_2022_traduction_cover.jpg\" class=\"attachment-post-thumbnail size-post-thumbnail wp-post-image\" alt=\"\" srcset=\"https:\/\/wp.unil.ch\/labelettres\/files\/2023\/03\/ZALESSKAYA_2022_traduction_cover.jpg 849w, https:\/\/wp.unil.ch\/labelettres\/files\/2023\/03\/ZALESSKAYA_2022_traduction_cover-435x615.jpg 435w, https:\/\/wp.unil.ch\/labelettres\/files\/2023\/03\/ZALESSKAYA_2022_traduction_cover-768x1086.jpg 768w\" sizes=\"auto, (max-width: 849px) 100vw, 849px\" \/><\/a>\n\t\t\t\t\t\t\t\t<h2 class=\"su-post-title\"><a href=\"https:\/\/wp.unil.ch\/labelettres\/la-traduction-et-son-processus-didactique\/\">La traduction et son processus didactique<\/a><\/h2>\n\t\t\t<\/div>\n\n\t\t\t\t\t\n\t\t\t\n\t\t\t<div id=\"su-post-11461\" class=\"su-post \">\n\t\t\t\t\t\t\t\t\t<a class=\"su-post-thumbnail\" href=\"https:\/\/wp.unil.ch\/labelettres\/les-langues-agglutinantes-linguistique-ideologie-mythe\/\"><img loading=\"lazy\" decoding=\"async\" width=\"1215\" height=\"1720\" src=\"https:\/\/wp.unil.ch\/labelettres\/files\/2022\/04\/MORET_CLSL63_cover.png\" class=\"attachment-post-thumbnail size-post-thumbnail wp-post-image\" alt=\"\" srcset=\"https:\/\/wp.unil.ch\/labelettres\/files\/2022\/04\/MORET_CLSL63_cover.png 1215w, https:\/\/wp.unil.ch\/labelettres\/files\/2022\/04\/MORET_CLSL63_cover-435x616.png 435w, https:\/\/wp.unil.ch\/labelettres\/files\/2022\/04\/MORET_CLSL63_cover-768x1087.png 768w, https:\/\/wp.unil.ch\/labelettres\/files\/2022\/04\/MORET_CLSL63_cover-1085x1536.png 1085w\" sizes=\"auto, (max-width: 1215px) 100vw, 1215px\" \/><\/a>\n\t\t\t\t\t\t\t\t<h2 class=\"su-post-title\"><a href=\"https:\/\/wp.unil.ch\/labelettres\/les-langues-agglutinantes-linguistique-ideologie-mythe\/\">Les langues agglutinantes : linguistique \u2013 id\u00e9ologie \u2013 mythe<\/a><\/h2>\n\t\t\t<\/div>\n\n\t\t\t\t\t\n\t\t\t\n\t\t\t<div id=\"su-post-10941\" class=\"su-post \">\n\t\t\t\t\t\t\t\t\t<a class=\"su-post-thumbnail\" href=\"https:\/\/wp.unil.ch\/labelettres\/les-communautes-en-ligne\/\"><img loading=\"lazy\" decoding=\"async\" width=\"848\" height=\"1200\" src=\"https:\/\/wp.unil.ch\/labelettres\/files\/2021\/10\/BURGER_2021_communautes_cover.jpg\" class=\"attachment-post-thumbnail size-post-thumbnail wp-post-image\" alt=\"\" srcset=\"https:\/\/wp.unil.ch\/labelettres\/files\/2021\/10\/BURGER_2021_communautes_cover.jpg 848w, https:\/\/wp.unil.ch\/labelettres\/files\/2021\/10\/BURGER_2021_communautes_cover-435x616.jpg 435w, https:\/\/wp.unil.ch\/labelettres\/files\/2021\/10\/BURGER_2021_communautes_cover-768x1087.jpg 768w\" sizes=\"auto, (max-width: 848px) 100vw, 848px\" \/><\/a>\n\t\t\t\t\t\t\t\t<h2 class=\"su-post-title\"><a href=\"https:\/\/wp.unil.ch\/labelettres\/les-communautes-en-ligne\/\">Les communaut\u00e9s en ligne<\/a><\/h2>\n\t\t\t<\/div>\n\n\t\t\t\t\t\n\t\t\t\n\t\t\t<div id=\"su-post-9695\" class=\"su-post \">\n\t\t\t\t\t\t\t\t\t<a class=\"su-post-thumbnail\" href=\"https:\/\/wp.unil.ch\/labelettres\/methodes-et-modeles-de-lapprentissage-des-langues-anciennes-vivantes-ou-construites-hier-et-aujourdhui\/\"><img loading=\"lazy\" decoding=\"async\" width=\"848\" height=\"1200\" src=\"https:\/\/wp.unil.ch\/labelettres\/files\/2020\/12\/Couverture-finale-3-colonnesLDS_2-page-001.jpg\" class=\"attachment-post-thumbnail size-post-thumbnail wp-post-image\" alt=\"\" srcset=\"https:\/\/wp.unil.ch\/labelettres\/files\/2020\/12\/Couverture-finale-3-colonnesLDS_2-page-001.jpg 848w, https:\/\/wp.unil.ch\/labelettres\/files\/2020\/12\/Couverture-finale-3-colonnesLDS_2-page-001-435x616.jpg 435w, https:\/\/wp.unil.ch\/labelettres\/files\/2020\/12\/Couverture-finale-3-colonnesLDS_2-page-001-768x1087.jpg 768w\" sizes=\"auto, (max-width: 848px) 100vw, 848px\" \/><\/a>\n\t\t\t\t\t\t\t\t<h2 class=\"su-post-title\"><a href=\"https:\/\/wp.unil.ch\/labelettres\/methodes-et-modeles-de-lapprentissage-des-langues-anciennes-vivantes-ou-construites-hier-et-aujourdhui\/\">M\u00e9thodes et mod\u00e8les de l&rsquo;apprentissage des langues anciennes, vivantes ou construites, hier et aujourd&rsquo;hui<\/a><\/h2>\n\t\t\t<\/div>\n\n\t\t\t\t\t\n\t\t\t\n\t\t\t<div id=\"su-post-7608\" class=\"su-post \">\n\t\t\t\t\t\t\t\t\t<a class=\"su-post-thumbnail\" href=\"https:\/\/wp.unil.ch\/labelettres\/interlinguistique-et-esperantologie\/\"><img loading=\"lazy\" decoding=\"async\" width=\"801\" height=\"1200\" src=\"https:\/\/wp.unil.ch\/labelettres\/files\/2020\/03\/MORET_Esperanto_cover.jpg\" class=\"attachment-post-thumbnail size-post-thumbnail wp-post-image\" alt=\"\" srcset=\"https:\/\/wp.unil.ch\/labelettres\/files\/2020\/03\/MORET_Esperanto_cover.jpg 801w, https:\/\/wp.unil.ch\/labelettres\/files\/2020\/03\/MORET_Esperanto_cover-435x652.jpg 435w, https:\/\/wp.unil.ch\/labelettres\/files\/2020\/03\/MORET_Esperanto_cover-768x1151.jpg 768w\" sizes=\"auto, (max-width: 801px) 100vw, 801px\" \/><\/a>\n\t\t\t\t\t\t\t\t<h2 class=\"su-post-title\"><a href=\"https:\/\/wp.unil.ch\/labelettres\/interlinguistique-et-esperantologie\/\">Interlinguistique et esp\u00e9rantologie<\/a><\/h2>\n\t\t\t<\/div>\n\n\t\t\t\t\t\n\t\t\t\n\t\t\t<div id=\"su-post-7591\" class=\"su-post \">\n\t\t\t\t\t\t\t\t\t<a class=\"su-post-thumbnail\" href=\"https:\/\/wp.unil.ch\/labelettres\/vo%cb%90rt%c9%99r-melanges-de-linguistique-de-philologie-et-dhistoire-ancienne-offerts-a-rudolf-wachter\/\"><img loading=\"lazy\" decoding=\"async\" width=\"991\" height=\"1406\" src=\"https:\/\/wp.unil.ch\/labelettres\/files\/2020\/02\/60_Couverture.jpg\" class=\"attachment-post-thumbnail size-post-thumbnail wp-post-image\" alt=\"\" srcset=\"https:\/\/wp.unil.ch\/labelettres\/files\/2020\/02\/60_Couverture.jpg 991w, https:\/\/wp.unil.ch\/labelettres\/files\/2020\/02\/60_Couverture-435x617.jpg 435w, https:\/\/wp.unil.ch\/labelettres\/files\/2020\/02\/60_Couverture-768x1090.jpg 768w\" sizes=\"auto, (max-width: 991px) 100vw, 991px\" \/><\/a>\n\t\t\t\t\t\t\t\t<h2 class=\"su-post-title\"><a href=\"https:\/\/wp.unil.ch\/labelettres\/vo%cb%90rt%c9%99r-melanges-de-linguistique-de-philologie-et-dhistoire-ancienne-offerts-a-rudolf-wachter\/\">[v\u00f8\u02d0rt\u0259r] M\u00e9langes de linguistique, de philologie et d&rsquo;histoire ancienne offerts \u00e0 Rudolf Wachter<\/a><\/h2>\n\t\t\t<\/div>\n\n\t\t\t\t\t\n\t\t\t\n\t\t\t<div id=\"su-post-6007\" class=\"su-post \">\n\t\t\t\t\t\t\t\t\t<a class=\"su-post-thumbnail\" href=\"https:\/\/wp.unil.ch\/labelettres\/se-mettre-en-scene-en-ligne-la-communication-digitale-vol-2\/\"><img loading=\"lazy\" decoding=\"async\" width=\"848\" height=\"1200\" src=\"https:\/\/wp.unil.ch\/labelettres\/files\/2019\/05\/BURGER_CILS59_Couverture-copie.jpg\" class=\"attachment-post-thumbnail size-post-thumbnail wp-post-image\" alt=\"\" srcset=\"https:\/\/wp.unil.ch\/labelettres\/files\/2019\/05\/BURGER_CILS59_Couverture-copie.jpg 848w, https:\/\/wp.unil.ch\/labelettres\/files\/2019\/05\/BURGER_CILS59_Couverture-copie-435x616.jpg 435w, https:\/\/wp.unil.ch\/labelettres\/files\/2019\/05\/BURGER_CILS59_Couverture-copie-768x1087.jpg 768w\" sizes=\"auto, (max-width: 848px) 100vw, 848px\" \/><\/a>\n\t\t\t\t\t\t\t\t<h2 class=\"su-post-title\"><a href=\"https:\/\/wp.unil.ch\/labelettres\/se-mettre-en-scene-en-ligne-la-communication-digitale-vol-2\/\">Se mettre en sc\u00e8ne en ligne. La communication digitale vol. 2<\/a><\/h2>\n\t\t\t<\/div>\n\n\t\t\t\t\t\n\t\t\t\n\t\t\t<div id=\"su-post-5949\" class=\"su-post \">\n\t\t\t\t\t\t\t\t\t<a class=\"su-post-thumbnail\" href=\"https:\/\/wp.unil.ch\/labelettres\/la-mediation-des-savoirs-sur-le-langage\/\"><img loading=\"lazy\" decoding=\"async\" width=\"821\" height=\"1200\" src=\"https:\/\/wp.unil.ch\/labelettres\/files\/2019\/05\/DELALOYE_CILS58info2_lowres.jpg\" class=\"attachment-post-thumbnail size-post-thumbnail wp-post-image\" alt=\"\" srcset=\"https:\/\/wp.unil.ch\/labelettres\/files\/2019\/05\/DELALOYE_CILS58info2_lowres.jpg 821w, https:\/\/wp.unil.ch\/labelettres\/files\/2019\/05\/DELALOYE_CILS58info2_lowres-435x636.jpg 435w, https:\/\/wp.unil.ch\/labelettres\/files\/2019\/05\/DELALOYE_CILS58info2_lowres-768x1123.jpg 768w\" sizes=\"auto, (max-width: 821px) 100vw, 821px\" \/><\/a>\n\t\t\t\t\t\t\t\t<h2 class=\"su-post-title\"><a href=\"https:\/\/wp.unil.ch\/labelettres\/la-mediation-des-savoirs-sur-le-langage\/\">La m\u00e9diation des savoirs sur le langage<\/a><\/h2>\n\t\t\t<\/div>\n\n\t\t\t\t\t\n\t\t\t\n\t\t\t<div id=\"su-post-4841\" class=\"su-post \">\n\t\t\t\t\t\t\t\t\t<a class=\"su-post-thumbnail\" href=\"https:\/\/wp.unil.ch\/labelettres\/le-cours-de-linguistique-generale-reception-diffusion-traduction\/\"><img loading=\"lazy\" decoding=\"async\" width=\"802\" height=\"1200\" src=\"https:\/\/wp.unil.ch\/labelettres\/files\/2018\/12\/01_couverture_Cahiers_57_final.jpg\" class=\"attachment-post-thumbnail size-post-thumbnail wp-post-image\" alt=\"\" srcset=\"https:\/\/wp.unil.ch\/labelettres\/files\/2018\/12\/01_couverture_Cahiers_57_final.jpg 802w, https:\/\/wp.unil.ch\/labelettres\/files\/2018\/12\/01_couverture_Cahiers_57_final-435x651.jpg 435w, https:\/\/wp.unil.ch\/labelettres\/files\/2018\/12\/01_couverture_Cahiers_57_final-768x1149.jpg 768w\" sizes=\"auto, (max-width: 802px) 100vw, 802px\" \/><\/a>\n\t\t\t\t\t\t\t\t<h2 class=\"su-post-title\"><a href=\"https:\/\/wp.unil.ch\/labelettres\/le-cours-de-linguistique-generale-reception-diffusion-traduction\/\">Le \u00ab\u00a0Cours de linguistique g\u00e9n\u00e9rale\u00a0\u00bb : r\u00e9ception, diffusion, traduction<\/a><\/h2>\n\t\t\t<\/div>\n\n\t\t\t\t\t\n\t\t\t\n\t\t\t<div id=\"su-post-4005\" class=\"su-post \">\n\t\t\t\t\t\t\t\t\t<a class=\"su-post-thumbnail\" href=\"https:\/\/wp.unil.ch\/labelettres\/melanges-offerts-en-hommage-a-marianne-kilani-schoch\/\"><img loading=\"lazy\" decoding=\"async\" width=\"846\" height=\"1200\" src=\"https:\/\/wp.unil.ch\/labelettres\/files\/2018\/07\/XANTHOS_M\u00e9langes_couv4.jpg\" class=\"attachment-post-thumbnail size-post-thumbnail wp-post-image\" alt=\"\" srcset=\"https:\/\/wp.unil.ch\/labelettres\/files\/2018\/07\/XANTHOS_M\u00e9langes_couv4.jpg 846w, https:\/\/wp.unil.ch\/labelettres\/files\/2018\/07\/XANTHOS_M\u00e9langes_couv4-435x617.jpg 435w, https:\/\/wp.unil.ch\/labelettres\/files\/2018\/07\/XANTHOS_M\u00e9langes_couv4-212x300.jpg 212w, https:\/\/wp.unil.ch\/labelettres\/files\/2018\/07\/XANTHOS_M\u00e9langes_couv4-768x1089.jpg 768w, https:\/\/wp.unil.ch\/labelettres\/files\/2018\/07\/XANTHOS_M\u00e9langes_couv4-722x1024.jpg 722w\" sizes=\"auto, (max-width: 846px) 100vw, 846px\" \/><\/a>\n\t\t\t\t\t\t\t\t<h2 class=\"su-post-title\"><a href=\"https:\/\/wp.unil.ch\/labelettres\/melanges-offerts-en-hommage-a-marianne-kilani-schoch\/\">M\u00e9langes offerts en hommage \u00e0 Marianne Kilani-Schoch<\/a><\/h2>\n\t\t\t<\/div>\n\n\t\t\t\t\t\n\t\t\t\n\t\t\t<div id=\"su-post-3260\" class=\"su-post \">\n\t\t\t\t\t\t\t\t\t<a class=\"su-post-thumbnail\" href=\"https:\/\/wp.unil.ch\/labelettres\/la-communication-digitale-entre-affordances-et-discours-multimodaux\/\"><img loading=\"lazy\" decoding=\"async\" width=\"846\" height=\"1200\" src=\"https:\/\/wp.unil.ch\/labelettres\/files\/2019\/06\/Couverture-Cahier-no-55_2.jpg\" class=\"attachment-post-thumbnail size-post-thumbnail wp-post-image\" alt=\"\" srcset=\"https:\/\/wp.unil.ch\/labelettres\/files\/2019\/06\/Couverture-Cahier-no-55_2.jpg 846w, https:\/\/wp.unil.ch\/labelettres\/files\/2019\/06\/Couverture-Cahier-no-55_2-435x617.jpg 435w, https:\/\/wp.unil.ch\/labelettres\/files\/2019\/06\/Couverture-Cahier-no-55_2-768x1089.jpg 768w\" sizes=\"auto, (max-width: 846px) 100vw, 846px\" \/><\/a>\n\t\t\t\t\t\t\t\t<h2 class=\"su-post-title\"><a href=\"https:\/\/wp.unil.ch\/labelettres\/la-communication-digitale-entre-affordances-et-discours-multimodaux\/\">La communication digitale: entre affordances et discours multimodaux<\/a><\/h2>\n\t\t\t<\/div>\n\n\t\t\t\t\t\n\t\t\t\n\t\t\t<div id=\"su-post-3255\" class=\"su-post \">\n\t\t\t\t\t\t\t\t\t<a class=\"su-post-thumbnail\" href=\"https:\/\/wp.unil.ch\/labelettres\/investigating-journalism-practices-combining-media-discourse-analysis-and-newsroom-ethnography\/\"><img loading=\"lazy\" decoding=\"async\" width=\"846\" height=\"1200\" src=\"https:\/\/wp.unil.ch\/labelettres\/files\/2019\/08\/couverture-cahier-no-54.jpg\" class=\"attachment-post-thumbnail size-post-thumbnail wp-post-image\" alt=\"\" srcset=\"https:\/\/wp.unil.ch\/labelettres\/files\/2019\/08\/couverture-cahier-no-54.jpg 846w, https:\/\/wp.unil.ch\/labelettres\/files\/2019\/08\/couverture-cahier-no-54-435x617.jpg 435w, https:\/\/wp.unil.ch\/labelettres\/files\/2019\/08\/couverture-cahier-no-54-768x1089.jpg 768w\" sizes=\"auto, (max-width: 846px) 100vw, 846px\" \/><\/a>\n\t\t\t\t\t\t\t\t<h2 class=\"su-post-title\"><a href=\"https:\/\/wp.unil.ch\/labelettres\/investigating-journalism-practices-combining-media-discourse-analysis-and-newsroom-ethnography\/\">Investigating Journalism Practices: Combining Media Discourse Analysis and Newsroom Ethnography<\/a><\/h2>\n\t\t\t<\/div>\n\n\t\t\t\t\t\n\t\t\t\n\t\t\t<div id=\"su-post-3815\" class=\"su-post \">\n\t\t\t\t\t\t\t\t\t<a class=\"su-post-thumbnail\" href=\"https:\/\/wp.unil.ch\/labelettres\/linguistique-et-philosophie-du-langage\/\"><img loading=\"lazy\" decoding=\"async\" width=\"642\" height=\"867\" src=\"https:\/\/wp.unil.ch\/labelettres\/files\/2018\/05\/SERIOT_couv_final.jpg\" class=\"attachment-post-thumbnail size-post-thumbnail wp-post-image\" alt=\"\" srcset=\"https:\/\/wp.unil.ch\/labelettres\/files\/2018\/05\/SERIOT_couv_final.jpg 642w, https:\/\/wp.unil.ch\/labelettres\/files\/2018\/05\/SERIOT_couv_final-435x587.jpg 435w\" sizes=\"auto, (max-width: 642px) 100vw, 642px\" \/><\/a>\n\t\t\t\t\t\t\t\t<h2 class=\"su-post-title\"><a href=\"https:\/\/wp.unil.ch\/labelettres\/linguistique-et-philosophie-du-langage\/\">Linguistique et philosophie du langage<\/a><\/h2>\n\t\t\t<\/div>\n\n\t\t\t\t\t\n\t\t\t\n\t\t\t<div id=\"su-post-2951\" class=\"su-post \">\n\t\t\t\t\t\t\t\t\t<a class=\"su-post-thumbnail\" href=\"https:\/\/wp.unil.ch\/labelettres\/historiographie-et-epistemologie-des-sciences-du-langage-du-passe-vers-le-present\/\"><img loading=\"lazy\" decoding=\"async\" width=\"847\" height=\"1200\" src=\"https:\/\/wp.unil.ch\/labelettres\/files\/2018\/02\/VELMEZOVA_cahier_52_COUV_final.jpg\" class=\"attachment-post-thumbnail size-post-thumbnail wp-post-image\" alt=\"\" srcset=\"https:\/\/wp.unil.ch\/labelettres\/files\/2018\/02\/VELMEZOVA_cahier_52_COUV_final.jpg 847w, https:\/\/wp.unil.ch\/labelettres\/files\/2018\/02\/VELMEZOVA_cahier_52_COUV_final-435x616.jpg 435w, https:\/\/wp.unil.ch\/labelettres\/files\/2018\/02\/VELMEZOVA_cahier_52_COUV_final-768x1088.jpg 768w\" sizes=\"auto, (max-width: 847px) 100vw, 847px\" \/><\/a>\n\t\t\t\t\t\t\t\t<h2 class=\"su-post-title\"><a href=\"https:\/\/wp.unil.ch\/labelettres\/historiographie-et-epistemologie-des-sciences-du-langage-du-passe-vers-le-present\/\">Historiographie et \u00e9pist\u00e9mologie des sciences du langage: du pass\u00e9 vers le pr\u00e9sent<\/a><\/h2>\n\t\t\t<\/div>\n\n\t\t\t\t\t\n\t\t\t\n\t\t\t<div id=\"su-post-1195\" class=\"su-post \">\n\t\t\t\t\t\t\t\t\t<a class=\"su-post-thumbnail\" href=\"https:\/\/wp.unil.ch\/labelettres\/les-communautes-suisses-de-crimee-et-de-la-mer-noire-langues-et-traditions\/\"><img loading=\"lazy\" decoding=\"async\" width=\"435\" height=\"539\" src=\"https:\/\/wp.unil.ch\/labelettres\/files\/2017\/10\/cahier-51-1er-de-couverture-435x539-1.jpg\" class=\"attachment-post-thumbnail size-post-thumbnail wp-post-image\" alt=\"\" \/><\/a>\n\t\t\t\t\t\t\t\t<h2 class=\"su-post-title\"><a href=\"https:\/\/wp.unil.ch\/labelettres\/les-communautes-suisses-de-crimee-et-de-la-mer-noire-langues-et-traditions\/\">Les communaut\u00e9s suisses de Crim\u00e9e et de la mer Noire: langues et traditions<\/a><\/h2>\n\t\t\t<\/div>\n\n\t\t\t\t\t\n\t\t\t\n\t\t\t<div id=\"su-post-1636\" class=\"su-post \">\n\t\t\t\t\t\t\t\t\t<a class=\"su-post-thumbnail\" href=\"https:\/\/wp.unil.ch\/labelettres\/le-palimpseste-gotique-de-bologne\/\"><img loading=\"lazy\" decoding=\"async\" width=\"435\" height=\"650\" src=\"https:\/\/wp.unil.ch\/labelettres\/files\/2016\/05\/AUER_cahier_50_couv_final.jpg\" class=\"attachment-post-thumbnail size-post-thumbnail wp-post-image\" alt=\"\" \/><\/a>\n\t\t\t\t\t\t\t\t<h2 class=\"su-post-title\"><a href=\"https:\/\/wp.unil.ch\/labelettres\/le-palimpseste-gotique-de-bologne\/\">Le palimpseste gotique de Bologne. \u00c9tudes philologiques et linguistiques \/ The Gothic Palimpsest from Bologna. Philological and Linguistic Studies<\/a><\/h2>\n\t\t\t<\/div>\n\n\t\t\t\t\t\n\t\t\t\n\t\t\t<div id=\"su-post-1208\" class=\"su-post \">\n\t\t\t\t\t\t\t\t\t<a class=\"su-post-thumbnail\" href=\"https:\/\/wp.unil.ch\/labelettres\/cinquante-nuances-du-temps-et-de-lespace-dans-les-theories-linguistiques\/\"><img loading=\"lazy\" decoding=\"async\" width=\"435\" height=\"585\" src=\"https:\/\/wp.unil.ch\/labelettres\/files\/2016\/10\/SIMONATO_50nuances_couv.jpg\" class=\"attachment-post-thumbnail size-post-thumbnail wp-post-image\" alt=\"\" \/><\/a>\n\t\t\t\t\t\t\t\t<h2 class=\"su-post-title\"><a href=\"https:\/\/wp.unil.ch\/labelettres\/cinquante-nuances-du-temps-et-de-lespace-dans-les-theories-linguistiques\/\">Cinquante nuances du temps et de l\u2019espace dans les th\u00e9ories linguistiques<\/a><\/h2>\n\t\t\t<\/div>\n\n\t\t\t\t\t\n\t\t\t\n\t\t\t<div id=\"su-post-2901\" class=\"su-post \">\n\t\t\t\t\t\t\t\t\t<a class=\"su-post-thumbnail\" href=\"https:\/\/wp.unil.ch\/labelettres\/rozalija-sor-1894-1939-et-son-environnement-academique-et-culturel\/\"><img loading=\"lazy\" decoding=\"async\" width=\"847\" height=\"1200\" src=\"https:\/\/wp.unil.ch\/labelettres\/files\/2016\/04\/VELMEZOVA_Cahier_no47_couv_final.jpg\" class=\"attachment-post-thumbnail size-post-thumbnail wp-post-image\" alt=\"\" srcset=\"https:\/\/wp.unil.ch\/labelettres\/files\/2016\/04\/VELMEZOVA_Cahier_no47_couv_final.jpg 847w, https:\/\/wp.unil.ch\/labelettres\/files\/2016\/04\/VELMEZOVA_Cahier_no47_couv_final-435x616.jpg 435w, https:\/\/wp.unil.ch\/labelettres\/files\/2016\/04\/VELMEZOVA_Cahier_no47_couv_final-768x1088.jpg 768w\" sizes=\"auto, (max-width: 847px) 100vw, 847px\" \/><\/a>\n\t\t\t\t\t\t\t\t<h2 class=\"su-post-title\"><a href=\"https:\/\/wp.unil.ch\/labelettres\/rozalija-sor-1894-1939-et-son-environnement-academique-et-culturel\/\">Rozalija \u0160or (1894-1939) et son environnement acad\u00e9mique et culturel<\/a><\/h2>\n\t\t\t<\/div>\n\n\t\t\t\t\t\n\t\t\t\n\t\t\t<div id=\"su-post-6228\" class=\"su-post \">\n\t\t\t\t\t\t\t\t\t<a class=\"su-post-thumbnail\" href=\"https:\/\/wp.unil.ch\/labelettres\/nouvelles-technologies-et-standards-methodologiques-en-linguistique\/\"><img loading=\"lazy\" decoding=\"async\" width=\"846\" height=\"1200\" src=\"https:\/\/wp.unil.ch\/labelettres\/files\/2019\/08\/couv_cilsl_45_final.jpg\" class=\"attachment-post-thumbnail size-post-thumbnail wp-post-image\" alt=\"\" srcset=\"https:\/\/wp.unil.ch\/labelettres\/files\/2019\/08\/couv_cilsl_45_final.jpg 846w, https:\/\/wp.unil.ch\/labelettres\/files\/2019\/08\/couv_cilsl_45_final-435x617.jpg 435w, https:\/\/wp.unil.ch\/labelettres\/files\/2019\/08\/couv_cilsl_45_final-768x1089.jpg 768w\" sizes=\"auto, (max-width: 846px) 100vw, 846px\" \/><\/a>\n\t\t\t\t\t\t\t\t<h2 class=\"su-post-title\"><a href=\"https:\/\/wp.unil.ch\/labelettres\/nouvelles-technologies-et-standards-methodologiques-en-linguistique\/\">Nouvelles technologies et standards m\u00e9thodologiques en linguistique<\/a><\/h2>\n\t\t\t<\/div>\n\n\t\t\t\t\t\n\t\t\t\n\t\t\t<div id=\"su-post-8047\" class=\"su-post \">\n\t\t\t\t\t\t\t\t\t<a class=\"su-post-thumbnail\" href=\"https:\/\/wp.unil.ch\/labelettres\/le-malentendu-dans-tous-ses-etats\/\"><img loading=\"lazy\" decoding=\"async\" width=\"794\" height=\"1200\" src=\"https:\/\/wp.unil.ch\/labelettres\/files\/2020\/06\/VELMEZOVA_Cahier-44_cover.jpg\" class=\"attachment-post-thumbnail size-post-thumbnail wp-post-image\" alt=\"\" srcset=\"https:\/\/wp.unil.ch\/labelettres\/files\/2020\/06\/VELMEZOVA_Cahier-44_cover.jpg 794w, https:\/\/wp.unil.ch\/labelettres\/files\/2020\/06\/VELMEZOVA_Cahier-44_cover-435x657.jpg 435w, https:\/\/wp.unil.ch\/labelettres\/files\/2020\/06\/VELMEZOVA_Cahier-44_cover-768x1161.jpg 768w\" sizes=\"auto, (max-width: 794px) 100vw, 794px\" \/><\/a>\n\t\t\t\t\t\t\t\t<h2 class=\"su-post-title\"><a href=\"https:\/\/wp.unil.ch\/labelettres\/le-malentendu-dans-tous-ses-etats\/\">Le malentendu dans tous ses \u00e9tats<\/a><\/h2>\n\t\t\t<\/div>\n\n\t\t\t\t\t\n\t\t\t\n\t\t\t<div id=\"su-post-8873\" class=\"su-post \">\n\t\t\t\t\t\t\t\t\t<a class=\"su-post-thumbnail\" href=\"https:\/\/wp.unil.ch\/labelettres\/lexpertise-dans-les-discours-de-la-sante-du-cabinet-medical-aux-arenes-publiques\/\"><img loading=\"lazy\" decoding=\"async\" width=\"846\" height=\"1200\" src=\"https:\/\/wp.unil.ch\/labelettres\/files\/2020\/10\/Burger2015-copie.jpg\" class=\"attachment-post-thumbnail size-post-thumbnail wp-post-image\" alt=\"\" srcset=\"https:\/\/wp.unil.ch\/labelettres\/files\/2020\/10\/Burger2015-copie.jpg 846w, https:\/\/wp.unil.ch\/labelettres\/files\/2020\/10\/Burger2015-copie-435x617.jpg 435w, https:\/\/wp.unil.ch\/labelettres\/files\/2020\/10\/Burger2015-copie-768x1089.jpg 768w\" sizes=\"auto, (max-width: 846px) 100vw, 846px\" \/><\/a>\n\t\t\t\t\t\t\t\t<h2 class=\"su-post-title\"><a href=\"https:\/\/wp.unil.ch\/labelettres\/lexpertise-dans-les-discours-de-la-sante-du-cabinet-medical-aux-arenes-publiques\/\">L&rsquo;expertise dans les discours de la sant\u00e9. Du cabinet m\u00e9dical aux ar\u00e8nes publiques<\/a><\/h2>\n\t\t\t<\/div>\n\n\t\t\t\t\t\n\t\t\t\n\t\t\t<div id=\"su-post-8232\" class=\"su-post \">\n\t\t\t\t\t\t\t\t\t<a class=\"su-post-thumbnail\" href=\"https:\/\/wp.unil.ch\/labelettres\/histoire-de-la-linguistique-generale-et-slave-sciences-et-traditions\/\"><img loading=\"lazy\" decoding=\"async\" width=\"665\" height=\"1200\" src=\"https:\/\/wp.unil.ch\/labelettres\/files\/2020\/06\/CILSL_37_Histoire-Linguistique_Velmezova_cover.jpg\" class=\"attachment-post-thumbnail size-post-thumbnail wp-post-image\" alt=\"\" srcset=\"https:\/\/wp.unil.ch\/labelettres\/files\/2020\/06\/CILSL_37_Histoire-Linguistique_Velmezova_cover.jpg 665w, https:\/\/wp.unil.ch\/labelettres\/files\/2020\/06\/CILSL_37_Histoire-Linguistique_Velmezova_cover-435x785.jpg 435w\" sizes=\"auto, (max-width: 665px) 100vw, 665px\" \/><\/a>\n\t\t\t\t\t\t\t\t<h2 class=\"su-post-title\"><a href=\"https:\/\/wp.unil.ch\/labelettres\/histoire-de-la-linguistique-generale-et-slave-sciences-et-traditions\/\">Histoire de la linguistique g\u00e9n\u00e9rale et slave: \u00ab\u00a0sciences\u00a0\u00bb et \u00ab\u00a0traditions\u00a0\u00bb<\/a><\/h2>\n\t\t\t<\/div>\n\n\t\t\t\t\t\n\t\t\t\n\t\t\t<div id=\"su-post-8190\" class=\"su-post \">\n\t\t\t\t\t\t\t\t\t<a class=\"su-post-thumbnail\" href=\"https:\/\/wp.unil.ch\/labelettres\/langues-langages-histoires\/\"><img loading=\"lazy\" decoding=\"async\" width=\"841\" height=\"1200\" src=\"https:\/\/wp.unil.ch\/labelettres\/files\/2020\/06\/VELMEZOVA_langues_langages_histoires_cover.jpg\" class=\"attachment-post-thumbnail size-post-thumbnail wp-post-image\" alt=\"\" srcset=\"https:\/\/wp.unil.ch\/labelettres\/files\/2020\/06\/VELMEZOVA_langues_langages_histoires_cover.jpg 841w, https:\/\/wp.unil.ch\/labelettres\/files\/2020\/06\/VELMEZOVA_langues_langages_histoires_cover-435x621.jpg 435w, https:\/\/wp.unil.ch\/labelettres\/files\/2020\/06\/VELMEZOVA_langues_langages_histoires_cover-768x1096.jpg 768w\" sizes=\"auto, (max-width: 841px) 100vw, 841px\" \/><\/a>\n\t\t\t\t\t\t\t\t<h2 class=\"su-post-title\"><a href=\"https:\/\/wp.unil.ch\/labelettres\/langues-langages-histoires\/\">Langue(s). Langage(s). Histoire(s).<\/a><\/h2>\n\t\t\t<\/div>\n\n\t\t\t\t\t\n\t\t\t\n\t\t\t<div id=\"su-post-8165\" class=\"su-post \">\n\t\t\t\t\t\t\t\t\t<a class=\"su-post-thumbnail\" href=\"https:\/\/wp.unil.ch\/labelettres\/discours-sur-les-langues-et-reves-identitaires-actes-de-lecole-doctorale-de-suisse-occidentale-en-histoire-des-theories-linguistiques\/\"><img loading=\"lazy\" decoding=\"async\" width=\"817\" height=\"1200\" src=\"https:\/\/wp.unil.ch\/labelettres\/files\/2020\/06\/CILSL_26_cover.jpg\" class=\"attachment-post-thumbnail size-post-thumbnail wp-post-image\" alt=\"\" srcset=\"https:\/\/wp.unil.ch\/labelettres\/files\/2020\/06\/CILSL_26_cover.jpg 817w, https:\/\/wp.unil.ch\/labelettres\/files\/2020\/06\/CILSL_26_cover-435x639.jpg 435w, https:\/\/wp.unil.ch\/labelettres\/files\/2020\/06\/CILSL_26_cover-768x1128.jpg 768w\" sizes=\"auto, (max-width: 817px) 100vw, 817px\" \/><\/a>\n\t\t\t\t\t\t\t\t<h2 class=\"su-post-title\"><a href=\"https:\/\/wp.unil.ch\/labelettres\/discours-sur-les-langues-et-reves-identitaires-actes-de-lecole-doctorale-de-suisse-occidentale-en-histoire-des-theories-linguistiques\/\">Discours sur les langues et r\u00eaves identitaires. Actes de l\u2019\u00e9cole doctorale de Suisse occidentale en histoire des th\u00e9ories linguistiques<\/a><\/h2>\n\t\t\t<\/div>\n\n\t\t\t\n<\/div>\n\n<div class=\"su-divider su-divider-style-default\" style=\"margin:15px 0;border-width:1px;border-color:#999999\"><\/div>\n<\/div>\n","protected":false},"excerpt":{"rendered":"<p>Quel r\u00f4le jouent les concepts de temps et d\u2019espace dans l\u2019\u00e9volution des langues?<\/p>\n","protected":false},"author":1001615,"featured_media":5031,"comment_status":"closed","ping_status":"closed","sticky":false,"template":"","format":"standard","meta":{"_seopress_robots_primary_cat":"","_seopress_titles_title":"","_seopress_titles_desc":"","_seopress_robots_index":"","footnotes":""},"categories":[5],"tags":[1845,1868,1376,218,712,714,713,711,98,2347,243,220,1219],"class_list":{"0":"post-1208","1":"post","2":"type-post","3":"status-publish","4":"format-standard","5":"has-post-thumbnail","7":"category-sciences-theoriques","8":"tag-cahiers-de-lilsl","9":"tag-cahiers-du-centre-de-linguistique-et-des-sciences-du-langage","10":"tag-centre-de-linguistique-et-des-sciences-du-langage","11":"tag-elena-simonato","12":"tag-espace","13":"tag-eurasie","14":"tag-identite-culturelle-des-locuteurs","15":"tag-langue","16":"tag-linguistique","17":"tag-open-access","18":"tag-russie","19":"tag-sebastien-moret","20":"tag-section-de-langues-et-civilisations-slaves-et-de-lasie-du-sud"},"_links":{"self":[{"href":"https:\/\/wp.unil.ch\/labelettres\/wp-json\/wp\/v2\/posts\/1208","targetHints":{"allow":["GET"]}}],"collection":[{"href":"https:\/\/wp.unil.ch\/labelettres\/wp-json\/wp\/v2\/posts"}],"about":[{"href":"https:\/\/wp.unil.ch\/labelettres\/wp-json\/wp\/v2\/types\/post"}],"author":[{"embeddable":true,"href":"https:\/\/wp.unil.ch\/labelettres\/wp-json\/wp\/v2\/users\/1001615"}],"replies":[{"embeddable":true,"href":"https:\/\/wp.unil.ch\/labelettres\/wp-json\/wp\/v2\/comments?post=1208"}],"version-history":[{"count":0,"href":"https:\/\/wp.unil.ch\/labelettres\/wp-json\/wp\/v2\/posts\/1208\/revisions"}],"wp:featuredmedia":[{"embeddable":true,"href":"https:\/\/wp.unil.ch\/labelettres\/wp-json\/wp\/v2\/media\/5031"}],"wp:attachment":[{"href":"https:\/\/wp.unil.ch\/labelettres\/wp-json\/wp\/v2\/media?parent=1208"}],"wp:term":[{"taxonomy":"category","embeddable":true,"href":"https:\/\/wp.unil.ch\/labelettres\/wp-json\/wp\/v2\/categories?post=1208"},{"taxonomy":"post_tag","embeddable":true,"href":"https:\/\/wp.unil.ch\/labelettres\/wp-json\/wp\/v2\/tags?post=1208"}],"curies":[{"name":"wp","href":"https:\/\/api.w.org\/{rel}","templated":true}]}}