{"id":11829,"date":"2022-09-13T08:00:00","date_gmt":"2022-09-13T06:00:00","guid":{"rendered":"https:\/\/wp.unil.ch\/labelettres\/?p=11829"},"modified":"2022-10-25T08:45:04","modified_gmt":"2022-10-25T06:45:04","slug":"histoire-naturelle-et-montagnes-regards-croises-des-andes-a-lhimalaya","status":"publish","type":"post","link":"https:\/\/wp.unil.ch\/labelettres\/histoire-naturelle-et-montagnes-regards-croises-des-andes-a-lhimalaya\/","title":{"rendered":"Histoire naturelle et montagnes. Regards crois\u00e9s des Andes \u00e0 l\u2019Himalaya"},"content":{"rendered":"\n<p><strong>Quelles recherches sur la nature dans les montagnes entre le XVIIe et le XXe si\u00e8cle?<\/strong><\/p>\n\n\n\n<!--more-->\n\n\n\n<div class=\"wp-block-columns is-layout-flex wp-container-core-columns-is-layout-9d6595d7 wp-block-columns-is-layout-flex\">\n<div class=\"wp-block-column is-layout-flow wp-block-column-is-layout-flow\" style=\"flex-basis:66.66%\">\n<p>La recherche naturaliste dans les r\u00e9gions de montagne s\u2019est acc\u00e9l\u00e9r\u00e9e \u00e0 partir de la Renaissance. Tant dans le Nouveau Monde que dans les Alpes, la nature devient un objet d\u2019int\u00e9r\u00eat empirique, notamment dans le domaine de la botanique. Plus tard, au XVIIIe et au XIXe si\u00e8cle, cet int\u00e9r\u00eat s\u2019est \u00e9tendu aux Andes et \u00e0 l\u2019Himalaya gr\u00e2ce au travail de scientifiques et de voyageurs et voyageuses.<\/p>\n\n\n\n<p>Les \u00e9tudes de cas pr\u00e9sent\u00e9es dans cet ouvrage, codirig\u00e9 par Simona Boscani Leoni (<a href=\"https:\/\/www.unil.ch\/hist\/home.html\" data-type=\"URL\" data-id=\"https:\/\/www.unil.ch\/hist\/home.html\" target=\"_blank\" rel=\"noreferrer noopener\">Section d\u2019histoire<\/a>), portent sur les recherches naturalistes d\u00e9velopp\u00e9es dans les r\u00e9gions de montagne entre le XVIIe et le XXe si\u00e8cle. Par une approche comparative, elles visent \u00e0 mettre en \u00e9vidence le r\u00f4le des divers acteurs impliqu\u00e9s, ainsi que les pratiques et les formes de circulation des objets et des connaissances, et \u00e0 analyser les asym\u00e9tries de ces \u00e9changes.<\/p>\n\n\n\n<p>Cet ouvrage r\u00e9unit une s\u00e9lection de onze communications pr\u00e9sent\u00e9es lors de la conf\u00e9rence annuelle de l&rsquo;Association internationale d&rsquo;histoire des Alpes (IAAH) qui a eu lieu les 3 et 4 septembre 2020 \u00e0 l&rsquo;Universit\u00e9 de Lausanne et s\u2019inscrit dans le cadre des activit\u00e9s men\u00e9es au sein du <a rel=\"noreferrer noopener\" href=\"https:\/\/unil.ch\/hist\/era\" data-type=\"URL\" data-id=\"https:\/\/unil.ch\/hist\/era\" target=\"_blank\">P\u00f4le de recherche sur les \u00e9tudes rurales et alpines (ERA)<\/a>.<\/p>\n\n\n\n<p>Simona Boscani Leoni, Anne-Lise Head-K\u00f6nig, Luigi Lorenzetti (\u00e9ds), <em><a href=\"https:\/\/www.chronos-verlag.ch\/node\/28277#kurztext\" data-type=\"URL\" data-id=\"https:\/\/www.chronos-verlag.ch\/node\/28277#kurztext\" target=\"_blank\" rel=\"noreferrer noopener\">Histoire naturelle et montagnes. Regards crois\u00e9s des Andes \u00e0 l\u2019Himalaya<\/a><\/em>, Geschichte der Alpen \u2013 Histoire des Alpes \u2013 Storia delle Alpi, vol. 26, Zurich, Chronos, 2021.<\/p>\n<\/div>\n\n\n\n<div class=\"wp-block-column is-layout-flow wp-block-column-is-layout-flow\" style=\"flex-basis:33.33%\"><div class=\"wp-block-image\">\n<figure class=\"alignright size-full is-resized\"><img alt=\"\" decoding=\"async\" src=\"https:\/\/wp.unil.ch\/labelettres\/files\/2022\/09\/BOSCANI_2022_montagnes_cover.jpg\" alt=\"\" class=\"wp-image-11827\" width=\"300\" srcset=\"https:\/\/wp.unil.ch\/labelettres\/files\/2022\/09\/BOSCANI_2022_montagnes_cover.jpg 826w, https:\/\/wp.unil.ch\/labelettres\/files\/2022\/09\/BOSCANI_2022_montagnes_cover-435x632.jpg 435w, https:\/\/wp.unil.ch\/labelettres\/files\/2022\/09\/BOSCANI_2022_montagnes_cover-768x1116.jpg 768w\" sizes=\"(max-width: 826px) 100vw, 826px\" \/><\/figure>\n<\/div><\/div>\n<\/div>\n\n\n\n<hr class=\"wp-block-separator has-alpha-channel-opacity is-style-wide\" \/>\n\n\n\n<h6 class=\"wp-block-heading\"><strong>TOUTES LES NOTICES DE<\/strong><\/h6>\n\n\n\n<p><strong>Simona Boscani Leoni<\/strong><\/p>\n\n\n\n\n<div class=\"su-posts su-posts-teaser-loop \">\n\n\t\t\t\t\t\t\n\t\t\t\n\t\t\t<div id=\"su-post-16163\" class=\"su-post \">\n\t\t\t\t\t\t\t\t\t<a class=\"su-post-thumbnail\" href=\"https:\/\/wp.unil.ch\/labelettres\/interconnected-worlds-johann-jakob-scheuchzer-and-the-scientific-discovery-of-the-alps-1500-1730\/\"><img loading=\"lazy\" decoding=\"async\" width=\"523\" height=\"763\" src=\"https:\/\/wp.unil.ch\/labelettres\/files\/2026\/04\/2026-hist-interconnected-worlds-cover.png\" class=\"attachment-post-thumbnail size-post-thumbnail wp-post-image\" alt=\"2026 hist interconnected worlds cover\" srcset=\"https:\/\/wp.unil.ch\/labelettres\/files\/2026\/04\/2026-hist-interconnected-worlds-cover.png 523w, https:\/\/wp.unil.ch\/labelettres\/files\/2026\/04\/2026-hist-interconnected-worlds-cover-435x635.png 435w\" sizes=\"auto, (max-width: 523px) 100vw, 523px\" \/><\/a>\n\t\t\t\t\t\t\t\t<h2 class=\"su-post-title\"><a href=\"https:\/\/wp.unil.ch\/labelettres\/interconnected-worlds-johann-jakob-scheuchzer-and-the-scientific-discovery-of-the-alps-1500-1730\/\">Interconnected Worlds. Johann Jakob Scheuchzer and the Scientific Discovery of the Alps (1500-1730)<\/a><\/h2>\n\t\t\t<\/div>\n\n\t\t\t\t\t\n\t\t\t\n\t\t\t<div id=\"su-post-12451\" class=\"su-post \">\n\t\t\t\t\t\t\t\t\t<a class=\"su-post-thumbnail\" href=\"https:\/\/wp.unil.ch\/labelettres\/images-of-nature-from-the-middle-ages-to-non-western-modernities\/\"><img loading=\"lazy\" decoding=\"async\" width=\"1000\" height=\"1563\" src=\"https:\/\/wp.unil.ch\/labelettres\/files\/2023\/09\/BOSCANI_2023_images_cover.png\" class=\"attachment-post-thumbnail size-post-thumbnail wp-post-image\" alt=\"\" srcset=\"https:\/\/wp.unil.ch\/labelettres\/files\/2023\/09\/BOSCANI_2023_images_cover.png 1000w, https:\/\/wp.unil.ch\/labelettres\/files\/2023\/09\/BOSCANI_2023_images_cover-435x680.png 435w, https:\/\/wp.unil.ch\/labelettres\/files\/2023\/09\/BOSCANI_2023_images_cover-768x1200.png 768w, https:\/\/wp.unil.ch\/labelettres\/files\/2023\/09\/BOSCANI_2023_images_cover-983x1536.png 983w\" sizes=\"auto, (max-width: 1000px) 100vw, 1000px\" \/><\/a>\n\t\t\t\t\t\t\t\t<h2 class=\"su-post-title\"><a href=\"https:\/\/wp.unil.ch\/labelettres\/images-of-nature-from-the-middle-ages-to-non-western-modernities\/\">Images of Nature \u2013 From the Middle Ages to (Non-)Western Modernities<\/a><\/h2>\n\t\t\t<\/div>\n\n\t\t\t\t\t\n\t\t\t\n\t\t\t<div id=\"su-post-11829\" class=\"su-post \">\n\t\t\t\t\t\t\t\t\t<a class=\"su-post-thumbnail\" href=\"https:\/\/wp.unil.ch\/labelettres\/histoire-naturelle-et-montagnes-regards-croises-des-andes-a-lhimalaya\/\"><img loading=\"lazy\" decoding=\"async\" width=\"826\" height=\"1200\" src=\"https:\/\/wp.unil.ch\/labelettres\/files\/2022\/09\/BOSCANI_2022_montagnes_cover.jpg\" class=\"attachment-post-thumbnail size-post-thumbnail wp-post-image\" alt=\"\" srcset=\"https:\/\/wp.unil.ch\/labelettres\/files\/2022\/09\/BOSCANI_2022_montagnes_cover.jpg 826w, https:\/\/wp.unil.ch\/labelettres\/files\/2022\/09\/BOSCANI_2022_montagnes_cover-435x632.jpg 435w, https:\/\/wp.unil.ch\/labelettres\/files\/2022\/09\/BOSCANI_2022_montagnes_cover-768x1116.jpg 768w\" sizes=\"auto, (max-width: 826px) 100vw, 826px\" \/><\/a>\n\t\t\t\t\t\t\t\t<h2 class=\"su-post-title\"><a href=\"https:\/\/wp.unil.ch\/labelettres\/histoire-naturelle-et-montagnes-regards-croises-des-andes-a-lhimalaya\/\">Histoire naturelle et montagnes. Regards crois\u00e9s des Andes \u00e0 l\u2019Himalaya<\/a><\/h2>\n\t\t\t<\/div>\n\n\t\t\t\t\t\n\t\t\t\n\t\t\t<div id=\"su-post-11833\" class=\"su-post \">\n\t\t\t\t\t\t\t\t\t<a class=\"su-post-thumbnail\" href=\"https:\/\/wp.unil.ch\/labelettres\/connecting-territories-exploring-people-and-nature-1700-1850\/\"><img loading=\"lazy\" decoding=\"async\" width=\"300\" height=\"458\" src=\"https:\/\/wp.unil.ch\/labelettres\/files\/2022\/09\/BOSCANI_2022_territories_cover.jpeg\" class=\"attachment-post-thumbnail size-post-thumbnail wp-post-image\" alt=\"\" \/><\/a>\n\t\t\t\t\t\t\t\t<h2 class=\"su-post-title\"><a href=\"https:\/\/wp.unil.ch\/labelettres\/connecting-territories-exploring-people-and-nature-1700-1850\/\">Connecting Territories: Exploring People and Nature, 1700-1850<\/a><\/h2>\n\t\t\t<\/div>\n\n\t\t\t\t\t\n\t\t\t\n\t\t\t<div id=\"su-post-6471\" class=\"su-post \">\n\t\t\t\t\t\t\t\t\t<a class=\"su-post-thumbnail\" href=\"https:\/\/wp.unil.ch\/labelettres\/unglaubliche-bergwunder-johann-jakob-scheuchzer-und-graubunden-ausgewahlte-briefe-1699-1707\/\"><img loading=\"lazy\" decoding=\"async\" width=\"821\" height=\"1200\" src=\"https:\/\/wp.unil.ch\/labelettres\/files\/2019\/09\/BOSCANI_Scheuchzer_cover.jpg\" class=\"attachment-post-thumbnail size-post-thumbnail wp-post-image\" alt=\"\" srcset=\"https:\/\/wp.unil.ch\/labelettres\/files\/2019\/09\/BOSCANI_Scheuchzer_cover.jpg 821w, https:\/\/wp.unil.ch\/labelettres\/files\/2019\/09\/BOSCANI_Scheuchzer_cover-435x636.jpg 435w, https:\/\/wp.unil.ch\/labelettres\/files\/2019\/09\/BOSCANI_Scheuchzer_cover-768x1123.jpg 768w\" sizes=\"auto, (max-width: 821px) 100vw, 821px\" \/><\/a>\n\t\t\t\t\t\t\t\t<h2 class=\"su-post-title\"><a href=\"https:\/\/wp.unil.ch\/labelettres\/unglaubliche-bergwunder-johann-jakob-scheuchzer-und-graubunden-ausgewahlte-briefe-1699-1707\/\">\u00ab\u00a0Unglaubliche Bergwunder\u00a0\u00bb: Johann Jakob Scheuchzer und Graub\u00fcnden. Ausgew\u00e4hlte Briefe 1699-1707<\/a><\/h2>\n\t\t\t<\/div>\n\n\t\t\t\n<\/div>\n\n\n\n\n<hr class=\"wp-block-separator has-alpha-channel-opacity is-style-wide\" \/>\n","protected":false},"excerpt":{"rendered":"<p>Quelles recherches sur la nature dans les montagnes entre le XVIIe et le XXe si\u00e8cle?<\/p>\n","protected":false},"author":719,"featured_media":11827,"comment_status":"closed","ping_status":"closed","sticky":false,"template":"","format":"standard","meta":{"_seopress_robots_primary_cat":"","_seopress_titles_title":"","_seopress_titles_desc":"","_seopress_robots_index":"","footnotes":""},"categories":[4],"tags":[3057,1250,1906,284,3397,559,1217,1905],"class_list":{"0":"post-11829","1":"post","2":"type-post","3":"status-publish","4":"format-standard","5":"has-post-thumbnail","7":"category-sciences-historiques","8":"tag-3057","9":"tag-centre-des-sciences-historiques-de-la-culture","10":"tag-histoire-moderne","11":"tag-nature","12":"tag-newsletter-41","13":"tag-sciences","14":"tag-section-dhistoire","15":"tag-simona-boscani-leoni"},"_links":{"self":[{"href":"https:\/\/wp.unil.ch\/labelettres\/wp-json\/wp\/v2\/posts\/11829","targetHints":{"allow":["GET"]}}],"collection":[{"href":"https:\/\/wp.unil.ch\/labelettres\/wp-json\/wp\/v2\/posts"}],"about":[{"href":"https:\/\/wp.unil.ch\/labelettres\/wp-json\/wp\/v2\/types\/post"}],"author":[{"embeddable":true,"href":"https:\/\/wp.unil.ch\/labelettres\/wp-json\/wp\/v2\/users\/719"}],"replies":[{"embeddable":true,"href":"https:\/\/wp.unil.ch\/labelettres\/wp-json\/wp\/v2\/comments?post=11829"}],"version-history":[{"count":0,"href":"https:\/\/wp.unil.ch\/labelettres\/wp-json\/wp\/v2\/posts\/11829\/revisions"}],"wp:featuredmedia":[{"embeddable":true,"href":"https:\/\/wp.unil.ch\/labelettres\/wp-json\/wp\/v2\/media\/11827"}],"wp:attachment":[{"href":"https:\/\/wp.unil.ch\/labelettres\/wp-json\/wp\/v2\/media?parent=11829"}],"wp:term":[{"taxonomy":"category","embeddable":true,"href":"https:\/\/wp.unil.ch\/labelettres\/wp-json\/wp\/v2\/categories?post=11829"},{"taxonomy":"post_tag","embeddable":true,"href":"https:\/\/wp.unil.ch\/labelettres\/wp-json\/wp\/v2\/tags?post=11829"}],"curies":[{"name":"wp","href":"https:\/\/api.w.org\/{rel}","templated":true}]}}