{"id":11774,"date":"2022-08-31T10:04:38","date_gmt":"2022-08-31T08:04:38","guid":{"rendered":"https:\/\/wp.unil.ch\/labelettres\/?p=11774"},"modified":"2022-09-01T07:55:30","modified_gmt":"2022-09-01T05:55:30","slug":"reproducing-images-and-texts-la-reproduction-des-images-et-des-textes","status":"publish","type":"post","link":"https:\/\/wp.unil.ch\/labelettres\/reproducing-images-and-texts-la-reproduction-des-images-et-des-textes\/","title":{"rendered":"Reproducing Images and Texts \/ La reproduction des images et des textes"},"content":{"rendered":"\n<p><strong>L\u2019impact de la reproduction et de la reproductibilit\u00e9 sur la cr\u00e9ation artistique et litt\u00e9raire.<\/strong><\/p>\n\n\n\n<!--more-->\n\n\n\n<div class=\"wp-block-columns is-layout-flex wp-container-core-columns-is-layout-9d6595d7 wp-block-columns-is-layout-flex\">\n<div class=\"wp-block-column is-layout-flow wp-block-column-is-layout-flow\" style=\"flex-basis:66.66%\">\n<p>Dans quelle mesure la reproduction transforme-t-elle les \u0153uvres, leur diffusion et leur r\u00e9ception ? De quelles mani\u00e8res les conceptions et les usages de la reproduction ont-ils subi des transformations majeures au cours des derniers si\u00e8cles avec la diffusion des pratiques d\u2019impression, de la photographie et des techniques num\u00e9riques ?<\/p>\n\n\n\n<p>Ces questions sont d\u2019une actualit\u00e9 incontournable. De la copie m\u00e9di\u00e9vale \u00e0 la culture num\u00e9rique contemporaine, en passant par l\u2019essor de l\u2019imprimerie et les techniques de gravure \u00e0 la Renaissance et sous l\u2019Ancien R\u00e9gime, les diff\u00e9rents modes de reproduction informent non seulement nos acc\u00e8s aux textes et aux images, mais aussi nos mani\u00e8res de lire, de voir, de comprendre, de d\u00e9couvrir et d\u2019interroger le monde.<\/p>\n\n\n\n<p>Cet ouvrage codirig\u00e9 par Philippe Kaenel (<a href=\"https:\/\/www.unil.ch\/hart\/home.html\" data-type=\"URL\" data-id=\"https:\/\/www.unil.ch\/hart\/home.html\" target=\"_blank\" rel=\"noreferrer noopener\">Section d\u2019histoire de l\u2019art<\/a>) r\u00e9unit un choix d\u2019articles qui t\u00e9moigne de la diversit\u00e9 des sujets abord\u00e9s lors du XIe congr\u00e8s de l\u2019Association internationale pour l\u2019\u00e9tude des rapports entre texte et image qui s\u2019est tenu \u00e0 l\u2019Universit\u00e9 de Lausanne en juillet 2017.<\/p>\n\n\n\n<p>Philippe Kaenel, Kirsty Bell (\u00e9ds), <em><a href=\"https:\/\/brill.com\/view\/title\/60737\" data-type=\"URL\" data-id=\"https:\/\/brill.com\/view\/title\/60737\" target=\"_blank\" rel=\"noreferrer noopener\">Reproducing Images and Texts \/ La reproduction des images et des textes<\/a><\/em>, Leiden, Brill, 2022.<\/p>\n<\/div>\n\n\n\n<div class=\"wp-block-column is-layout-flow wp-block-column-is-layout-flow\" style=\"flex-basis:33.33%\"><div class=\"wp-block-image\">\n<figure class=\"alignright size-full is-resized\"><img alt=\"\" decoding=\"async\" src=\"https:\/\/wp.unil.ch\/labelettres\/files\/2022\/08\/KAENEL_2022_reproduction-images_cover.jpg\" alt=\"\" class=\"wp-image-11775\" width=\"300\" srcset=\"https:\/\/wp.unil.ch\/labelettres\/files\/2022\/08\/KAENEL_2022_reproduction-images_cover.jpg 800w, https:\/\/wp.unil.ch\/labelettres\/files\/2022\/08\/KAENEL_2022_reproduction-images_cover-435x663.jpg 435w, https:\/\/wp.unil.ch\/labelettres\/files\/2022\/08\/KAENEL_2022_reproduction-images_cover-768x1171.jpg 768w\" sizes=\"(max-width: 800px) 100vw, 800px\" \/><\/figure>\n<\/div><\/div>\n<\/div>\n\n\n\n<hr class=\"wp-block-separator has-alpha-channel-opacity is-style-wide\" \/>\n\n\n\n<h6 class=\"wp-block-heading\"><strong>TOUTES LES NOTICES DE<\/strong><\/h6>\n\n\n\n<p><strong>Philippe Kaenel<\/strong><\/p>\n\n\n\n\n<div class=\"su-posts su-posts-teaser-loop \">\n\n\t\t\t\t\t\t\n\t\t\t\n\t\t\t<div id=\"su-post-15759\" class=\"su-post \">\n\t\t\t\t\t\t\t\t\t<a class=\"su-post-thumbnail\" href=\"https:\/\/wp.unil.ch\/labelettres\/cultures-paysannes\/\"><img loading=\"lazy\" decoding=\"async\" width=\"638\" height=\"903\" src=\"https:\/\/wp.unil.ch\/labelettres\/files\/2025\/12\/2025-hart-hist-cultures-paysanes.jpg\" class=\"attachment-post-thumbnail size-post-thumbnail wp-post-image\" alt=\"2025 hart hist cultures paysannes\" srcset=\"https:\/\/wp.unil.ch\/labelettres\/files\/2025\/12\/2025-hart-hist-cultures-paysanes.jpg 638w, https:\/\/wp.unil.ch\/labelettres\/files\/2025\/12\/2025-hart-hist-cultures-paysanes-435x616.jpg 435w\" sizes=\"auto, (max-width: 638px) 100vw, 638px\" \/><\/a>\n\t\t\t\t\t\t\t\t<h2 class=\"su-post-title\"><a href=\"https:\/\/wp.unil.ch\/labelettres\/cultures-paysannes\/\">Cultures paysannes<\/a><\/h2>\n\t\t\t<\/div>\n\n\t\t\t\t\t\n\t\t\t\n\t\t\t<div id=\"su-post-12223\" class=\"su-post \">\n\t\t\t\t\t\t\t\t\t<a class=\"su-post-thumbnail\" href=\"https:\/\/wp.unil.ch\/labelettres\/les-livres-dartistes-dedwin-engelberts-un-editeur-dart-ses-peintres-et-ses-poetes\/\"><img loading=\"lazy\" decoding=\"async\" width=\"1200\" height=\"1200\" src=\"https:\/\/wp.unil.ch\/labelettres\/files\/2023\/05\/KAENEL_KUNZ_2022_Engelberts_cover.jpg\" class=\"attachment-post-thumbnail size-post-thumbnail wp-post-image\" alt=\"\" srcset=\"https:\/\/wp.unil.ch\/labelettres\/files\/2023\/05\/KAENEL_KUNZ_2022_Engelberts_cover.jpg 1200w, https:\/\/wp.unil.ch\/labelettres\/files\/2023\/05\/KAENEL_KUNZ_2022_Engelberts_cover-435x435.jpg 435w, https:\/\/wp.unil.ch\/labelettres\/files\/2023\/05\/KAENEL_KUNZ_2022_Engelberts_cover-768x768.jpg 768w, https:\/\/wp.unil.ch\/labelettres\/files\/2023\/05\/KAENEL_KUNZ_2022_Engelberts_cover-230x230.jpg 230w, https:\/\/wp.unil.ch\/labelettres\/files\/2023\/05\/KAENEL_KUNZ_2022_Engelberts_cover-365x365.jpg 365w\" sizes=\"auto, (max-width: 1200px) 100vw, 1200px\" \/><\/a>\n\t\t\t\t\t\t\t\t<h2 class=\"su-post-title\"><a href=\"https:\/\/wp.unil.ch\/labelettres\/les-livres-dartistes-dedwin-engelberts-un-editeur-dart-ses-peintres-et-ses-poetes\/\">Les livres d&rsquo;artistes d&rsquo;Edwin Engelberts. Un \u00e9diteur d&rsquo;art, ses peintres et ses po\u00e8tes<\/a><\/h2>\n\t\t\t<\/div>\n\n\t\t\t\t\t\n\t\t\t\n\t\t\t<div id=\"su-post-11774\" class=\"su-post \">\n\t\t\t\t\t\t\t\t\t<a class=\"su-post-thumbnail\" href=\"https:\/\/wp.unil.ch\/labelettres\/reproducing-images-and-texts-la-reproduction-des-images-et-des-textes\/\"><img loading=\"lazy\" decoding=\"async\" width=\"800\" height=\"1220\" src=\"https:\/\/wp.unil.ch\/labelettres\/files\/2022\/08\/KAENEL_2022_reproduction-images_cover.jpg\" class=\"attachment-post-thumbnail size-post-thumbnail wp-post-image\" alt=\"\" srcset=\"https:\/\/wp.unil.ch\/labelettres\/files\/2022\/08\/KAENEL_2022_reproduction-images_cover.jpg 800w, https:\/\/wp.unil.ch\/labelettres\/files\/2022\/08\/KAENEL_2022_reproduction-images_cover-435x663.jpg 435w, https:\/\/wp.unil.ch\/labelettres\/files\/2022\/08\/KAENEL_2022_reproduction-images_cover-768x1171.jpg 768w\" sizes=\"auto, (max-width: 800px) 100vw, 800px\" \/><\/a>\n\t\t\t\t\t\t\t\t<h2 class=\"su-post-title\"><a href=\"https:\/\/wp.unil.ch\/labelettres\/reproducing-images-and-texts-la-reproduction-des-images-et-des-textes\/\">Reproducing Images and Texts \/ La reproduction des images et des textes<\/a><\/h2>\n\t\t\t<\/div>\n\n\t\t\t\t\t\n\t\t\t\n\t\t\t<div id=\"su-post-11568\" class=\"su-post \">\n\t\t\t\t\t\t\t\t\t<a class=\"su-post-thumbnail\" href=\"https:\/\/wp.unil.ch\/labelettres\/la-critique-dart-des-poetes\/\"><img loading=\"lazy\" decoding=\"async\" width=\"669\" height=\"954\" src=\"https:\/\/wp.unil.ch\/labelettres\/files\/2022\/06\/KAENEL_2022_critique_cover.jpg\" class=\"attachment-post-thumbnail size-post-thumbnail wp-post-image\" alt=\"\" srcset=\"https:\/\/wp.unil.ch\/labelettres\/files\/2022\/06\/KAENEL_2022_critique_cover.jpg 669w, https:\/\/wp.unil.ch\/labelettres\/files\/2022\/06\/KAENEL_2022_critique_cover-435x620.jpg 435w\" sizes=\"auto, (max-width: 669px) 100vw, 669px\" \/><\/a>\n\t\t\t\t\t\t\t\t<h2 class=\"su-post-title\"><a href=\"https:\/\/wp.unil.ch\/labelettres\/la-critique-dart-des-poetes\/\">La critique d\u2019art des po\u00e8tes<\/a><\/h2>\n\t\t\t<\/div>\n\n\t\t\t\t\t\n\t\t\t\n\t\t\t<div id=\"su-post-11527\" class=\"su-post \">\n\t\t\t\t\t\t\t\t\t<a class=\"su-post-thumbnail\" href=\"https:\/\/wp.unil.ch\/labelettres\/le-long-voyage-de-lena-regards-croises-sur-une-bande-dessinee\/\"><img loading=\"lazy\" decoding=\"async\" width=\"1000\" height=\"1563\" src=\"https:\/\/wp.unil.ch\/labelettres\/files\/2022\/05\/BARONI_2022_Lena_cover.png\" class=\"attachment-post-thumbnail size-post-thumbnail wp-post-image\" alt=\"\" srcset=\"https:\/\/wp.unil.ch\/labelettres\/files\/2022\/05\/BARONI_2022_Lena_cover.png 1000w, https:\/\/wp.unil.ch\/labelettres\/files\/2022\/05\/BARONI_2022_Lena_cover-435x680.png 435w, https:\/\/wp.unil.ch\/labelettres\/files\/2022\/05\/BARONI_2022_Lena_cover-768x1200.png 768w, https:\/\/wp.unil.ch\/labelettres\/files\/2022\/05\/BARONI_2022_Lena_cover-983x1536.png 983w\" sizes=\"auto, (max-width: 1000px) 100vw, 1000px\" \/><\/a>\n\t\t\t\t\t\t\t\t<h2 class=\"su-post-title\"><a href=\"https:\/\/wp.unil.ch\/labelettres\/le-long-voyage-de-lena-regards-croises-sur-une-bande-dessinee\/\">\u00ab Le Long Voyage de L\u00e9na \u00bb : regards crois\u00e9s sur une bande dessin\u00e9e<\/a><\/h2>\n\t\t\t<\/div>\n\n\t\t\t\t\t\n\t\t\t\n\t\t\t<div id=\"su-post-11376\" class=\"su-post \">\n\t\t\t\t\t\t\t\t\t<a class=\"su-post-thumbnail\" href=\"https:\/\/wp.unil.ch\/labelettres\/redecouvertes-la-fondation-ateliers-dartiste\/\"><img loading=\"lazy\" decoding=\"async\" width=\"624\" height=\"765\" src=\"https:\/\/wp.unil.ch\/labelettres\/files\/2022\/03\/KAENEL_2022_redecouvertes-FAA_cover.jpg\" class=\"attachment-post-thumbnail size-post-thumbnail wp-post-image\" alt=\"\" srcset=\"https:\/\/wp.unil.ch\/labelettres\/files\/2022\/03\/KAENEL_2022_redecouvertes-FAA_cover.jpg 624w, https:\/\/wp.unil.ch\/labelettres\/files\/2022\/03\/KAENEL_2022_redecouvertes-FAA_cover-435x533.jpg 435w\" sizes=\"auto, (max-width: 624px) 100vw, 624px\" \/><\/a>\n\t\t\t\t\t\t\t\t<h2 class=\"su-post-title\"><a href=\"https:\/\/wp.unil.ch\/labelettres\/redecouvertes-la-fondation-ateliers-dartiste\/\">Red\u00e9couvertes \u2013 La Fondation Ateliers d\u2019Artiste<\/a><\/h2>\n\t\t\t<\/div>\n\n\t\t\t\t\t\n\t\t\t\n\t\t\t<div id=\"su-post-11188\" class=\"su-post \">\n\t\t\t\t\t\t\t\t\t<a class=\"su-post-thumbnail\" href=\"https:\/\/wp.unil.ch\/labelettres\/du-papier-aux-autres-medias-la-presse-vaudoise\/\"><img loading=\"lazy\" decoding=\"async\" width=\"847\" height=\"1200\" src=\"https:\/\/wp.unil.ch\/labelettres\/files\/2022\/01\/AUBERSON_2021_RHV_cover.jpg\" class=\"attachment-post-thumbnail size-post-thumbnail wp-post-image\" alt=\"\" srcset=\"https:\/\/wp.unil.ch\/labelettres\/files\/2022\/01\/AUBERSON_2021_RHV_cover.jpg 847w, https:\/\/wp.unil.ch\/labelettres\/files\/2022\/01\/AUBERSON_2021_RHV_cover-435x616.jpg 435w, https:\/\/wp.unil.ch\/labelettres\/files\/2022\/01\/AUBERSON_2021_RHV_cover-768x1088.jpg 768w\" sizes=\"auto, (max-width: 847px) 100vw, 847px\" \/><\/a>\n\t\t\t\t\t\t\t\t<h2 class=\"su-post-title\"><a href=\"https:\/\/wp.unil.ch\/labelettres\/du-papier-aux-autres-medias-la-presse-vaudoise\/\">Du papier aux autres m\u00e9dias : la presse vaudoise<\/a><\/h2>\n\t\t\t<\/div>\n\n\t\t\t\t\t\n\t\t\t\n\t\t\t<div id=\"su-post-10299\" class=\"su-post \">\n\t\t\t\t\t\t\t\t\t<a class=\"su-post-thumbnail\" href=\"https:\/\/wp.unil.ch\/labelettres\/le-musee-cantonal-1818-2018-histoire-et-enjeux-des-musees-encyclopediques\/\"><img loading=\"lazy\" decoding=\"async\" width=\"838\" height=\"1200\" src=\"https:\/\/wp.unil.ch\/labelettres\/files\/2021\/03\/KAENEL_Musee_cover-1.jpg\" class=\"attachment-post-thumbnail size-post-thumbnail wp-post-image\" alt=\"\" srcset=\"https:\/\/wp.unil.ch\/labelettres\/files\/2021\/03\/KAENEL_Musee_cover-1.jpg 838w, https:\/\/wp.unil.ch\/labelettres\/files\/2021\/03\/KAENEL_Musee_cover-1-435x623.jpg 435w, https:\/\/wp.unil.ch\/labelettres\/files\/2021\/03\/KAENEL_Musee_cover-1-768x1100.jpg 768w\" sizes=\"auto, (max-width: 838px) 100vw, 838px\" \/><\/a>\n\t\t\t\t\t\t\t\t<h2 class=\"su-post-title\"><a href=\"https:\/\/wp.unil.ch\/labelettres\/le-musee-cantonal-1818-2018-histoire-et-enjeux-des-musees-encyclopediques\/\">Le Mus\u00e9e cantonal 1818-2018. Histoire et enjeux des mus\u00e9es encyclop\u00e9diques<\/a><\/h2>\n\t\t\t<\/div>\n\n\t\t\t\t\t\n\t\t\t\n\t\t\t<div id=\"su-post-4537\" class=\"su-post \">\n\t\t\t\t\t\t\t\t\t<a class=\"su-post-thumbnail\" href=\"https:\/\/wp.unil.ch\/labelettres\/la-caricature-en-suisse\/\"><img loading=\"lazy\" decoding=\"async\" width=\"430\" height=\"645\" src=\"https:\/\/wp.unil.ch\/labelettres\/files\/2018\/11\/KAENEL_Caricature_CH_couv.jpg\" class=\"attachment-post-thumbnail size-post-thumbnail wp-post-image\" alt=\"\" \/><\/a>\n\t\t\t\t\t\t\t\t<h2 class=\"su-post-title\"><a href=\"https:\/\/wp.unil.ch\/labelettres\/la-caricature-en-suisse\/\">La caricature en Suisse<\/a><\/h2>\n\t\t\t<\/div>\n\n\t\t\t\t\t\n\t\t\t\n\t\t\t<div id=\"su-post-4403\" class=\"su-post \">\n\t\t\t\t\t\t\t\t\t<a class=\"su-post-thumbnail\" href=\"https:\/\/wp.unil.ch\/labelettres\/acteurs-de-la-vigne\/\"><img loading=\"lazy\" decoding=\"async\" width=\"797\" height=\"1078\" src=\"https:\/\/wp.unil.ch\/labelettres\/files\/2018\/10\/KAENEL_Acteurs_vigne_couv-1.jpg\" class=\"attachment-post-thumbnail size-post-thumbnail wp-post-image\" alt=\"\" srcset=\"https:\/\/wp.unil.ch\/labelettres\/files\/2018\/10\/KAENEL_Acteurs_vigne_couv-1.jpg 797w, https:\/\/wp.unil.ch\/labelettres\/files\/2018\/10\/KAENEL_Acteurs_vigne_couv-1-435x588.jpg 435w, https:\/\/wp.unil.ch\/labelettres\/files\/2018\/10\/KAENEL_Acteurs_vigne_couv-1-768x1039.jpg 768w\" sizes=\"auto, (max-width: 797px) 100vw, 797px\" \/><\/a>\n\t\t\t\t\t\t\t\t<h2 class=\"su-post-title\"><a href=\"https:\/\/wp.unil.ch\/labelettres\/acteurs-de-la-vigne\/\">Acteurs de la vigne<\/a><\/h2>\n\t\t\t<\/div>\n\n\t\t\t\t\t\n\t\t\t\n\t\t\t<div id=\"su-post-1680\" class=\"su-post \">\n\t\t\t\t\t\t\t\t\t<a class=\"su-post-thumbnail\" href=\"https:\/\/wp.unil.ch\/labelettres\/pleins-feux-la-collection-dart-de-la-ville-de-lausanne\/\"><img loading=\"lazy\" decoding=\"async\" width=\"657\" height=\"832\" src=\"https:\/\/wp.unil.ch\/labelettres\/files\/2017\/12\/couverture.jpg\" class=\"attachment-post-thumbnail size-post-thumbnail wp-post-image\" alt=\"\" srcset=\"https:\/\/wp.unil.ch\/labelettres\/files\/2017\/12\/couverture.jpg 657w, https:\/\/wp.unil.ch\/labelettres\/files\/2017\/12\/couverture-435x551.jpg 435w, https:\/\/wp.unil.ch\/labelettres\/files\/2017\/12\/couverture-237x300.jpg 237w\" sizes=\"auto, (max-width: 657px) 100vw, 657px\" \/><\/a>\n\t\t\t\t\t\t\t\t<h2 class=\"su-post-title\"><a href=\"https:\/\/wp.unil.ch\/labelettres\/pleins-feux-la-collection-dart-de-la-ville-de-lausanne\/\">Pleins feux\u00a0! La Collection d\u2019art de la Ville de Lausanne<\/a><\/h2>\n\t\t\t<\/div>\n\n\t\t\t\t\t\n\t\t\t\n\t\t\t<div id=\"su-post-1675\" class=\"su-post \">\n\t\t\t\t\t\t\t\t\t<a class=\"su-post-thumbnail\" href=\"https:\/\/wp.unil.ch\/labelettres\/eugene-burnand-la-passion-de-peindre\/\"><img loading=\"lazy\" decoding=\"async\" width=\"711\" height=\"1000\" src=\"https:\/\/wp.unil.ch\/labelettres\/files\/2017\/12\/eugene-burnand-un-peintre-engage-9782828916459_0.jpg\" class=\"attachment-post-thumbnail size-post-thumbnail wp-post-image\" alt=\"\" srcset=\"https:\/\/wp.unil.ch\/labelettres\/files\/2017\/12\/eugene-burnand-un-peintre-engage-9782828916459_0.jpg 711w, https:\/\/wp.unil.ch\/labelettres\/files\/2017\/12\/eugene-burnand-un-peintre-engage-9782828916459_0-435x612.jpg 435w, https:\/\/wp.unil.ch\/labelettres\/files\/2017\/12\/eugene-burnand-un-peintre-engage-9782828916459_0-213x300.jpg 213w\" sizes=\"auto, (max-width: 711px) 100vw, 711px\" \/><\/a>\n\t\t\t\t\t\t\t\t<h2 class=\"su-post-title\"><a href=\"https:\/\/wp.unil.ch\/labelettres\/eugene-burnand-la-passion-de-peindre\/\">Eug\u00e8ne Burnand. La passion de peindre<\/a><\/h2>\n\t\t\t<\/div>\n\n\t\t\t\t\t\n\t\t\t\n\t\t\t<div id=\"su-post-3761\" class=\"su-post \">\n\t\t\t\t\t\t\t\t\t<a class=\"su-post-thumbnail\" href=\"https:\/\/wp.unil.ch\/labelettres\/marius-borgeaud\/\"><img loading=\"lazy\" decoding=\"async\" width=\"458\" height=\"552\" src=\"https:\/\/wp.unil.ch\/labelettres\/files\/2018\/06\/catalogue-d-exposition-marius-borgeaud-fondation-de-lhermitage-1.jpg\" class=\"attachment-post-thumbnail size-post-thumbnail wp-post-image\" alt=\"\" srcset=\"https:\/\/wp.unil.ch\/labelettres\/files\/2018\/06\/catalogue-d-exposition-marius-borgeaud-fondation-de-lhermitage-1.jpg 458w, https:\/\/wp.unil.ch\/labelettres\/files\/2018\/06\/catalogue-d-exposition-marius-borgeaud-fondation-de-lhermitage-1-435x524.jpg 435w, https:\/\/wp.unil.ch\/labelettres\/files\/2018\/06\/catalogue-d-exposition-marius-borgeaud-fondation-de-lhermitage-1-249x300.jpg 249w\" sizes=\"auto, (max-width: 458px) 100vw, 458px\" \/><\/a>\n\t\t\t\t\t\t\t\t<h2 class=\"su-post-title\"><a href=\"https:\/\/wp.unil.ch\/labelettres\/marius-borgeaud\/\">Marius Borgeaud<\/a><\/h2>\n\t\t\t<\/div>\n\n\t\t\t\t\t\n\t\t\t\n\t\t\t<div id=\"su-post-511\" class=\"su-post \">\n\t\t\t\t\t\t\t\t\t<a class=\"su-post-thumbnail\" href=\"https:\/\/wp.unil.ch\/labelettres\/le-christ-reenvisage-variations-photographiques-contemporaines\/\"><img loading=\"lazy\" decoding=\"async\" width=\"500\" height=\"741\" src=\"https:\/\/wp.unil.ch\/labelettres\/files\/2017\/09\/le-Christ-reenvisage.jpg\" class=\"attachment-post-thumbnail size-post-thumbnail wp-post-image\" alt=\"\" srcset=\"https:\/\/wp.unil.ch\/labelettres\/files\/2017\/09\/le-Christ-reenvisage.jpg 500w, https:\/\/wp.unil.ch\/labelettres\/files\/2017\/09\/le-Christ-reenvisage-435x645.jpg 435w, https:\/\/wp.unil.ch\/labelettres\/files\/2017\/09\/le-Christ-reenvisage-202x300.jpg 202w\" sizes=\"auto, (max-width: 500px) 100vw, 500px\" \/><\/a>\n\t\t\t\t\t\t\t\t<h2 class=\"su-post-title\"><a href=\"https:\/\/wp.unil.ch\/labelettres\/le-christ-reenvisage-variations-photographiques-contemporaines\/\">Le Christ r\u00e9envisag\u00e9. Variations photographiques contemporaines<\/a><\/h2>\n\t\t\t<\/div>\n\n\t\t\t\t\t\n\t\t\t\n\t\t\t<div id=\"su-post-3749\" class=\"su-post \">\n\t\t\t\t\t\t\t\t\t<a class=\"su-post-thumbnail\" href=\"https:\/\/wp.unil.ch\/labelettres\/dore-limaginaire-au-pouvoir\/\"><img loading=\"lazy\" decoding=\"async\" width=\"585\" height=\"750\" src=\"https:\/\/wp.unil.ch\/labelettres\/files\/2018\/06\/KAENEL_Dore_imaginaire_couv-1.jpg\" class=\"attachment-post-thumbnail size-post-thumbnail wp-post-image\" alt=\"\" srcset=\"https:\/\/wp.unil.ch\/labelettres\/files\/2018\/06\/KAENEL_Dore_imaginaire_couv-1.jpg 585w, https:\/\/wp.unil.ch\/labelettres\/files\/2018\/06\/KAENEL_Dore_imaginaire_couv-1-435x558.jpg 435w, https:\/\/wp.unil.ch\/labelettres\/files\/2018\/06\/KAENEL_Dore_imaginaire_couv-1-234x300.jpg 234w\" sizes=\"auto, (max-width: 585px) 100vw, 585px\" \/><\/a>\n\t\t\t\t\t\t\t\t<h2 class=\"su-post-title\"><a href=\"https:\/\/wp.unil.ch\/labelettres\/dore-limaginaire-au-pouvoir\/\">Dor\u00e9 : l&rsquo;imaginaire au pouvoir<\/a><\/h2>\n\t\t\t<\/div>\n\n\t\t\t\t\t\n\t\t\t\n\t\t\t<div id=\"su-post-5567\" class=\"su-post \">\n\t\t\t\t\t\t\t\t\t<a class=\"su-post-thumbnail\" href=\"https:\/\/wp.unil.ch\/labelettres\/gustave-roud-la-plume-et-le-regard\/\"><img loading=\"lazy\" decoding=\"async\" width=\"500\" height=\"664\" src=\"https:\/\/wp.unil.ch\/labelettres\/files\/2019\/03\/gustave-roud-la-plume-et-le-regard.jpg\" class=\"attachment-post-thumbnail size-post-thumbnail wp-post-image\" alt=\"\" srcset=\"https:\/\/wp.unil.ch\/labelettres\/files\/2019\/03\/gustave-roud-la-plume-et-le-regard.jpg 500w, https:\/\/wp.unil.ch\/labelettres\/files\/2019\/03\/gustave-roud-la-plume-et-le-regard-435x578.jpg 435w\" sizes=\"auto, (max-width: 500px) 100vw, 500px\" \/><\/a>\n\t\t\t\t\t\t\t\t<h2 class=\"su-post-title\"><a href=\"https:\/\/wp.unil.ch\/labelettres\/gustave-roud-la-plume-et-le-regard\/\">Gustave Roud: La plume et le regard<\/a><\/h2>\n\t\t\t<\/div>\n\n\t\t\t\t\t\n\t\t\t\n\t\t\t<div id=\"su-post-3671\" class=\"su-post \">\n\t\t\t\t\t\t\t\t\t<a class=\"su-post-thumbnail\" href=\"https:\/\/wp.unil.ch\/labelettres\/narrations-visuelles-visions-narratives\/\"><img loading=\"lazy\" decoding=\"async\" width=\"824\" height=\"1200\" src=\"https:\/\/wp.unil.ch\/labelettres\/files\/2018\/06\/KAENEL_WESTERHOFF_narrations_couv.jpg\" class=\"attachment-post-thumbnail size-post-thumbnail wp-post-image\" alt=\"\" srcset=\"https:\/\/wp.unil.ch\/labelettres\/files\/2018\/06\/KAENEL_WESTERHOFF_narrations_couv.jpg 824w, https:\/\/wp.unil.ch\/labelettres\/files\/2018\/06\/KAENEL_WESTERHOFF_narrations_couv-435x633.jpg 435w, https:\/\/wp.unil.ch\/labelettres\/files\/2018\/06\/KAENEL_WESTERHOFF_narrations_couv-206x300.jpg 206w, https:\/\/wp.unil.ch\/labelettres\/files\/2018\/06\/KAENEL_WESTERHOFF_narrations_couv-768x1118.jpg 768w, https:\/\/wp.unil.ch\/labelettres\/files\/2018\/06\/KAENEL_WESTERHOFF_narrations_couv-703x1024.jpg 703w\" sizes=\"auto, (max-width: 824px) 100vw, 824px\" \/><\/a>\n\t\t\t\t\t\t\t\t<h2 class=\"su-post-title\"><a href=\"https:\/\/wp.unil.ch\/labelettres\/narrations-visuelles-visions-narratives\/\">Narrations visuelles, visions narratives<\/a><\/h2>\n\t\t\t<\/div>\n\n\t\t\t\t\t\n\t\t\t\n\t\t\t<div id=\"su-post-7822\" class=\"su-post \">\n\t\t\t\t\t\t\t\t\t<a class=\"su-post-thumbnail\" href=\"https:\/\/wp.unil.ch\/labelettres\/neige-blanc-papier-poesie-et-arts-visuels-a-lage-contemporain\/\"><img loading=\"lazy\" decoding=\"async\" width=\"1099\" height=\"1647\" src=\"https:\/\/wp.unil.ch\/labelettres\/files\/2020\/06\/Neige_cover.png\" class=\"attachment-post-thumbnail size-post-thumbnail wp-post-image\" alt=\"\" srcset=\"https:\/\/wp.unil.ch\/labelettres\/files\/2020\/06\/Neige_cover.png 1099w, https:\/\/wp.unil.ch\/labelettres\/files\/2020\/06\/Neige_cover-435x652.png 435w, https:\/\/wp.unil.ch\/labelettres\/files\/2020\/06\/Neige_cover-768x1151.png 768w, https:\/\/wp.unil.ch\/labelettres\/files\/2020\/06\/Neige_cover-1025x1536.png 1025w\" sizes=\"auto, (max-width: 1099px) 100vw, 1099px\" \/><\/a>\n\t\t\t\t\t\t\t\t<h2 class=\"su-post-title\"><a href=\"https:\/\/wp.unil.ch\/labelettres\/neige-blanc-papier-poesie-et-arts-visuels-a-lage-contemporain\/\">Neige, blanc, papier: po\u00e9sie et arts visuels \u00e0 l\u2019\u00e2ge contemporain<\/a><\/h2>\n\t\t\t<\/div>\n\n\t\t\t\t\t\n\t\t\t\n\t\t\t<div id=\"su-post-1979\" class=\"su-post \">\n\t\t\t\t\t\t\t\t\t<a class=\"su-post-thumbnail\" href=\"https:\/\/wp.unil.ch\/labelettres\/jesus-en-representations-de-la-belle-epoque-a-la-postmodernite\/\"><img loading=\"lazy\" decoding=\"async\" width=\"500\" height=\"760\" src=\"https:\/\/wp.unil.ch\/labelettres\/files\/2018\/01\/jesus-en-representations.jpg\" class=\"attachment-post-thumbnail size-post-thumbnail wp-post-image\" alt=\"\" srcset=\"https:\/\/wp.unil.ch\/labelettres\/files\/2018\/01\/jesus-en-representations.jpg 500w, https:\/\/wp.unil.ch\/labelettres\/files\/2018\/01\/jesus-en-representations-435x661.jpg 435w, https:\/\/wp.unil.ch\/labelettres\/files\/2018\/01\/jesus-en-representations-197x300.jpg 197w\" sizes=\"auto, (max-width: 500px) 100vw, 500px\" \/><\/a>\n\t\t\t\t\t\t\t\t<h2 class=\"su-post-title\"><a href=\"https:\/\/wp.unil.ch\/labelettres\/jesus-en-representations-de-la-belle-epoque-a-la-postmodernite\/\">J\u00e9sus en repr\u00e9sentations. De la Belle \u00c9poque \u00e0 la postmodernit\u00e9<\/a><\/h2>\n\t\t\t<\/div>\n\n\t\t\t\t\t\n\t\t\t\n\t\t\t<div id=\"su-post-7815\" class=\"su-post \">\n\t\t\t\t\t\t\t\t\t<a class=\"su-post-thumbnail\" href=\"https:\/\/wp.unil.ch\/labelettres\/les-periodiques-illustres-1890-1940-ecrivains-artistes-photographes\/\"><img loading=\"lazy\" decoding=\"async\" width=\"500\" height=\"724\" src=\"https:\/\/wp.unil.ch\/labelettres\/files\/2020\/04\/KAENEL_periodiques-illustres-1.jpg\" class=\"attachment-post-thumbnail size-post-thumbnail wp-post-image\" alt=\"\" srcset=\"https:\/\/wp.unil.ch\/labelettres\/files\/2020\/04\/KAENEL_periodiques-illustres-1.jpg 500w, https:\/\/wp.unil.ch\/labelettres\/files\/2020\/04\/KAENEL_periodiques-illustres-1-435x630.jpg 435w\" sizes=\"auto, (max-width: 500px) 100vw, 500px\" \/><\/a>\n\t\t\t\t\t\t\t\t<h2 class=\"su-post-title\"><a href=\"https:\/\/wp.unil.ch\/labelettres\/les-periodiques-illustres-1890-1940-ecrivains-artistes-photographes\/\">Les p\u00e9riodiques illustr\u00e9s (1890-1940): \u00e9crivains, artistes, photographes<\/a><\/h2>\n\t\t\t<\/div>\n\n\t\t\t\t\t\n\t\t\t\n\t\t\t<div id=\"su-post-8902\" class=\"su-post \">\n\t\t\t\t\t\t\t\t\t<a class=\"su-post-thumbnail\" href=\"https:\/\/wp.unil.ch\/labelettres\/points-de-vue-sur-jesus-au-xxe-siecle\/\"><img loading=\"lazy\" decoding=\"async\" width=\"325\" height=\"475\" src=\"https:\/\/wp.unil.ch\/labelettres\/files\/2020\/10\/002632035.jpg\" class=\"attachment-post-thumbnail size-post-thumbnail wp-post-image\" alt=\"\" \/><\/a>\n\t\t\t\t\t\t\t\t<h2 class=\"su-post-title\"><a href=\"https:\/\/wp.unil.ch\/labelettres\/points-de-vue-sur-jesus-au-xxe-siecle\/\">Points de vue sur J\u00e9sus au XXe si\u00e8cle<\/a><\/h2>\n\t\t\t<\/div>\n\n\t\t\t\t\t\n\t\t\t\n\t\t\t<div id=\"su-post-7824\" class=\"su-post \">\n\t\t\t\t\t\t\t\t\t<a class=\"su-post-thumbnail\" href=\"https:\/\/wp.unil.ch\/labelettres\/les-images-en-guerre-1914-1945-de-la-suisse-a-leurope\/\"><img loading=\"lazy\" decoding=\"async\" width=\"318\" height=\"475\" src=\"https:\/\/wp.unil.ch\/labelettres\/files\/2020\/04\/KAENEL_VALLOTTON_Images_guerre_cover.png\" class=\"attachment-post-thumbnail size-post-thumbnail wp-post-image\" alt=\"\" \/><\/a>\n\t\t\t\t\t\t\t\t<h2 class=\"su-post-title\"><a href=\"https:\/\/wp.unil.ch\/labelettres\/les-images-en-guerre-1914-1945-de-la-suisse-a-leurope\/\">Les images en guerre 1914-1945: De la Suisse \u00e0 l\u2019Europe<\/a><\/h2>\n\t\t\t<\/div>\n\n\t\t\t\t\t\n\t\t\t\n\t\t\t<div id=\"su-post-7663\" class=\"su-post \">\n\t\t\t\t\t\t\t\t\t<a class=\"su-post-thumbnail\" href=\"https:\/\/wp.unil.ch\/labelettres\/salvador-dali-a-la-croisee-des-savoirs\/\"><img loading=\"lazy\" decoding=\"async\" width=\"300\" height=\"475\" src=\"https:\/\/wp.unil.ch\/labelettres\/files\/2020\/03\/RUFFA_ETAL_Dali_cover.jpg\" class=\"attachment-post-thumbnail size-post-thumbnail wp-post-image\" alt=\"\" \/><\/a>\n\t\t\t\t\t\t\t\t<h2 class=\"su-post-title\"><a href=\"https:\/\/wp.unil.ch\/labelettres\/salvador-dali-a-la-croisee-des-savoirs\/\">Salvador Dali \u00e0 la crois\u00e9e des savoirs<\/a><\/h2>\n\t\t\t<\/div>\n\n\t\t\t\t\t\n\t\t\t\n\t\t\t<div id=\"su-post-7839\" class=\"su-post \">\n\t\t\t\t\t\t\t\t\t<a class=\"su-post-thumbnail\" href=\"https:\/\/wp.unil.ch\/labelettres\/visions-du-reve\/\"><img loading=\"lazy\" decoding=\"async\" width=\"338\" height=\"475\" src=\"https:\/\/wp.unil.ch\/labelettres\/files\/2020\/04\/KAENEL_visions_du_reve_cover.png\" class=\"attachment-post-thumbnail size-post-thumbnail wp-post-image\" alt=\"\" \/><\/a>\n\t\t\t\t\t\t\t\t<h2 class=\"su-post-title\"><a href=\"https:\/\/wp.unil.ch\/labelettres\/visions-du-reve\/\">Visions du r\u00eave<\/a><\/h2>\n\t\t\t<\/div>\n\n\t\t\t\n<\/div>\n\n\n\n\n<hr class=\"wp-block-separator has-alpha-channel-opacity is-style-wide\" \/>\n","protected":false},"excerpt":{"rendered":"<p>L\u2019impact de la reproduction et de la reproductibilit\u00e9 sur la cr\u00e9ation artistique et litt\u00e9raire.<\/p>\n","protected":false},"author":719,"featured_media":11775,"comment_status":"closed","ping_status":"closed","sticky":false,"template":"","format":"standard","meta":{"_seopress_robots_primary_cat":"","_seopress_titles_title":"","_seopress_titles_desc":"","_seopress_robots_index":"","footnotes":""},"categories":[2],"tags":[3228,3380,51,3377,1085,1214,3379],"class_list":{"0":"post-11774","1":"post","2":"type-post","3":"status-publish","4":"format-standard","5":"has-post-thumbnail","7":"category-arts-medias","8":"tag-3228","9":"tag-newsletter-40","10":"tag-philippe-kaenel","11":"tag-reproductibilite","12":"tag-reproduction","13":"tag-section-dhistoire-de-lart","14":"tag-textes"},"_links":{"self":[{"href":"https:\/\/wp.unil.ch\/labelettres\/wp-json\/wp\/v2\/posts\/11774","targetHints":{"allow":["GET"]}}],"collection":[{"href":"https:\/\/wp.unil.ch\/labelettres\/wp-json\/wp\/v2\/posts"}],"about":[{"href":"https:\/\/wp.unil.ch\/labelettres\/wp-json\/wp\/v2\/types\/post"}],"author":[{"embeddable":true,"href":"https:\/\/wp.unil.ch\/labelettres\/wp-json\/wp\/v2\/users\/719"}],"replies":[{"embeddable":true,"href":"https:\/\/wp.unil.ch\/labelettres\/wp-json\/wp\/v2\/comments?post=11774"}],"version-history":[{"count":0,"href":"https:\/\/wp.unil.ch\/labelettres\/wp-json\/wp\/v2\/posts\/11774\/revisions"}],"wp:featuredmedia":[{"embeddable":true,"href":"https:\/\/wp.unil.ch\/labelettres\/wp-json\/wp\/v2\/media\/11775"}],"wp:attachment":[{"href":"https:\/\/wp.unil.ch\/labelettres\/wp-json\/wp\/v2\/media?parent=11774"}],"wp:term":[{"taxonomy":"category","embeddable":true,"href":"https:\/\/wp.unil.ch\/labelettres\/wp-json\/wp\/v2\/categories?post=11774"},{"taxonomy":"post_tag","embeddable":true,"href":"https:\/\/wp.unil.ch\/labelettres\/wp-json\/wp\/v2\/tags?post=11774"}],"curies":[{"name":"wp","href":"https:\/\/api.w.org\/{rel}","templated":true}]}}