{"id":11115,"date":"2021-11-25T08:00:00","date_gmt":"2021-11-25T07:00:00","guid":{"rendered":"https:\/\/wp.unil.ch\/labelettres\/?p=11115"},"modified":"2024-05-24T16:47:25","modified_gmt":"2024-05-24T14:47:25","slug":"godard-je-est-un-autre","status":"publish","type":"post","link":"https:\/\/wp.unil.ch\/labelettres\/godard-je-est-un-autre\/","title":{"rendered":"Godard. JE est un autre"},"content":{"rendered":"\n<p><strong>Qui est Jean-Luc Godard ? Un \u00ab conte de faits \u00bb sur la vie et l&rsquo;\u0153uvre du cin\u00e9aste.<\/strong><\/p>\n\n\n\n<!--more-->\n\n\n\n<div class=\"wp-block-columns is-layout-flex wp-container-core-columns-is-layout-9d6595d7 wp-block-columns-is-layout-flex\">\n<div class=\"wp-block-column is-layout-flow wp-block-column-is-layout-flow\" style=\"flex-basis:66.66%\">\n<p>Ce livre sign\u00e9 par Achilleas Papakonstantis (<a rel=\"noreferrer noopener\" href=\"https:\/\/www.unil.ch\/cin\/home.html\" data-type=\"URL\" data-id=\"https:\/\/www.unil.ch\/cin\/home.html\" target=\"_blank\">Section d\u2019histoire et esth\u00e9tique du cin\u00e9ma<\/a>, <a rel=\"noreferrer noopener\" href=\"https:\/\/www.unil.ch\/cec\/home.html\" data-type=\"URL\" data-id=\"https:\/\/www.unil.ch\/cec\/home.html\" target=\"_blank\">Centre d&rsquo;\u00e9tudes cin\u00e9matographiques<\/a>) ne propose pas une biographie du cin\u00e9aste Jean-Luc Godard (1930-) guid\u00e9e par l\u2019ambition d\u2019une pr\u00e9cision historique, mais un \u00ab conte de faits \u00bb qui s\u2019enrichit de rapprochements al\u00e9atoires, en se r\u00e9appropriant cet art de la digression qui lui est si cher.<\/p>\n\n\n\n<p>Parue dans la collection Presto, cette br\u00e8ve synth\u00e8se se donne comme mission d\u2019\u00e9clairer la pers\u00e9v\u00e9rance d\u2019un artiste-philosophe qui, au-del\u00e0 de toute esp\u00e9rance, tend la main au spectateur, son fr\u00e8re, sa s\u0153ur, ses semblables.<\/p>\n\n\n\n<p>L\u2019ouvrage invite \u00e0 un jeu d\u2019associations libres entre la vie de l\u2019homme et l\u2019\u0153uvre du r\u00e9alisateur, structur\u00e9 par une th\u00e9matique omnipr\u00e9sente dans les films trait\u00e9s ici: de la vision \u00e9quivoque de l\u2019alt\u00e9rit\u00e9 f\u00e9minine \u00e0 l\u2019engagement dans la lutte politique en soutien aux domin\u00e9s de ce monde, en passant par la qu\u00eate spirituelle et les questionnements relatifs \u00e0 la m\u00e9moire historique, le cin\u00e9ma de Godard vise au d\u00e9passement de Soi par l\u2019ouverture \u00e0 l\u2019Autre.<\/p>\n\n\n\n<p>Achilleas Papakonstantis, <em><a href=\"https:\/\/infolio-dev.ch\/produit\/godard-je-est-un-autre\/\" data-type=\"URL\" data-id=\"https:\/\/infolio-dev.ch\/produit\/godard-je-est-un-autre\/\" target=\"_blank\" rel=\"noreferrer noopener\">Godard. JE est un autre<\/a><\/em>, Gollion, Infolio, coll. \u00ab&nbsp;Presto&nbsp;\u00bb, 2021.<\/p>\n<\/div>\n\n\n\n<div class=\"wp-block-column is-layout-flow wp-block-column-is-layout-flow\" style=\"flex-basis:33.33%\"><div class=\"wp-block-image\">\n<figure class=\"alignright size-full is-resized\"><img alt=\"\" decoding=\"async\" src=\"https:\/\/wp.unil.ch\/labelettres\/files\/2021\/11\/PAPAKONSTANTIS_2021_Godard_cover.png\" alt=\"\" class=\"wp-image-11102\" width=\"300\" srcset=\"https:\/\/wp.unil.ch\/labelettres\/files\/2021\/11\/PAPAKONSTANTIS_2021_Godard_cover.png 598w, https:\/\/wp.unil.ch\/labelettres\/files\/2021\/11\/PAPAKONSTANTIS_2021_Godard_cover-435x614.png 435w\" sizes=\"(max-width: 598px) 100vw, 598px\" \/><\/figure>\n<\/div><\/div>\n<\/div>\n\n\n\n<hr class=\"wp-block-separator has-css-opacity is-style-wide\" \/>\n\n\n\n<h6 class=\"wp-block-heading\"><strong>ON EN PARLE DANS LES M\u00c9DIAS<\/strong><\/h6>\n\n\n\n<ul class=\"wp-block-list\"><li><a href=\"https:\/\/www.lfm.ch\/podcasts\/lfm-info-le-journal-13092022-1730\/\" data-type=\"URL\" data-id=\"https:\/\/www.lfm.ch\/podcasts\/lfm-info-le-journal-13092022-1730\/\" target=\"_blank\" rel=\"noreferrer noopener\">Le cin\u00e9aste Jean-Luc Godard est d\u00e9c\u00e9d\u00e9<\/a>, LFM la radio, 13.09.2022.<\/li><\/ul>\n\n\n\n<hr class=\"wp-block-separator has-alpha-channel-opacity is-style-wide\" \/>\n\n\n\n<h6 class=\"wp-block-heading\"><strong>TOUTES LES NOTICES DE<\/strong><\/h6>\n\n\n\n<p><strong>Achilleas Papakonstantis<\/strong><\/p>\n\n\n\n\n<div class=\"su-posts su-posts-teaser-loop \">\n\n\t\t\t\t\t\t\n\t\t\t\n\t\t\t<div id=\"su-post-13544\" class=\"su-post \">\n\t\t\t\t\t\t\t\t\t<a class=\"su-post-thumbnail\" href=\"https:\/\/wp.unil.ch\/labelettres\/celine-sciamma\/\"><img loading=\"lazy\" decoding=\"async\" width=\"927\" height=\"1200\" src=\"https:\/\/wp.unil.ch\/labelettres\/files\/2025\/02\/2024-CIN-Decadrages-Celine-Sciamma-couv.jpg\" class=\"attachment-post-thumbnail size-post-thumbnail wp-post-image\" alt=\"\" srcset=\"https:\/\/wp.unil.ch\/labelettres\/files\/2025\/02\/2024-CIN-Decadrages-Celine-Sciamma-couv.jpg 927w, https:\/\/wp.unil.ch\/labelettres\/files\/2025\/02\/2024-CIN-Decadrages-Celine-Sciamma-couv-435x563.jpg 435w, https:\/\/wp.unil.ch\/labelettres\/files\/2025\/02\/2024-CIN-Decadrages-Celine-Sciamma-couv-768x994.jpg 768w\" sizes=\"auto, (max-width: 927px) 100vw, 927px\" \/><\/a>\n\t\t\t\t\t\t\t\t<h2 class=\"su-post-title\"><a href=\"https:\/\/wp.unil.ch\/labelettres\/celine-sciamma\/\">C\u00e9line Sciamma<\/a><\/h2>\n\t\t\t<\/div>\n\n\t\t\t\t\t\n\t\t\t\n\t\t\t<div id=\"su-post-11115\" class=\"su-post \">\n\t\t\t\t\t\t\t\t\t<a class=\"su-post-thumbnail\" href=\"https:\/\/wp.unil.ch\/labelettres\/godard-je-est-un-autre\/\"><img loading=\"lazy\" decoding=\"async\" width=\"598\" height=\"844\" src=\"https:\/\/wp.unil.ch\/labelettres\/files\/2021\/11\/PAPAKONSTANTIS_2021_Godard_cover.png\" class=\"attachment-post-thumbnail size-post-thumbnail wp-post-image\" alt=\"\" srcset=\"https:\/\/wp.unil.ch\/labelettres\/files\/2021\/11\/PAPAKONSTANTIS_2021_Godard_cover.png 598w, https:\/\/wp.unil.ch\/labelettres\/files\/2021\/11\/PAPAKONSTANTIS_2021_Godard_cover-435x614.png 435w\" sizes=\"auto, (max-width: 598px) 100vw, 598px\" \/><\/a>\n\t\t\t\t\t\t\t\t<h2 class=\"su-post-title\"><a href=\"https:\/\/wp.unil.ch\/labelettres\/godard-je-est-un-autre\/\">Godard. JE est un autre<\/a><\/h2>\n\t\t\t<\/div>\n\n\t\t\t\t\t\n\t\t\t\n\t\t\t<div id=\"su-post-8290\" class=\"su-post \">\n\t\t\t\t\t\t\t\t\t<a class=\"su-post-thumbnail\" href=\"https:\/\/wp.unil.ch\/labelettres\/abdellatif-kechiche\/\"><img loading=\"lazy\" decoding=\"async\" width=\"927\" height=\"1200\" src=\"https:\/\/wp.unil.ch\/labelettres\/files\/2020\/07\/D\u00e9cadrages-43_Kechiche_Couverture-1.jpg\" class=\"attachment-post-thumbnail size-post-thumbnail wp-post-image\" alt=\"\" srcset=\"https:\/\/wp.unil.ch\/labelettres\/files\/2020\/07\/D\u00e9cadrages-43_Kechiche_Couverture-1.jpg 927w, https:\/\/wp.unil.ch\/labelettres\/files\/2020\/07\/D\u00e9cadrages-43_Kechiche_Couverture-1-435x563.jpg 435w, https:\/\/wp.unil.ch\/labelettres\/files\/2020\/07\/D\u00e9cadrages-43_Kechiche_Couverture-1-768x994.jpg 768w\" sizes=\"auto, (max-width: 927px) 100vw, 927px\" \/><\/a>\n\t\t\t\t\t\t\t\t<h2 class=\"su-post-title\"><a href=\"https:\/\/wp.unil.ch\/labelettres\/abdellatif-kechiche\/\">Abdellatif Kechiche<\/a><\/h2>\n\t\t\t<\/div>\n\n\t\t\t\n<\/div>\n\n\n\n\n<hr class=\"wp-block-separator has-css-opacity is-style-wide\" \/>\n","protected":false},"excerpt":{"rendered":"<p>Qui est Jean-Luc Godard ? Un \u00ab conte de faits \u00bb sur la vie et l&rsquo;\u0153uvre du cin\u00e9aste.<\/p>\n","protected":false},"author":719,"featured_media":11102,"comment_status":"closed","ping_status":"closed","sticky":false,"template":"","format":"standard","meta":{"_seopress_robots_primary_cat":"","_seopress_titles_title":"","_seopress_titles_desc":"","_seopress_robots_index":"","footnotes":""},"categories":[2],"tags":[3057,2427,1374,59,3192,3200,1233,43],"class_list":{"0":"post-11115","1":"post","2":"type-post","3":"status-publish","4":"format-standard","5":"has-post-thumbnail","7":"category-arts-medias","8":"tag-3057","9":"tag-achilleas-papakonstantis","10":"tag-centre-detudes-cinematographiques-cec","11":"tag-cinema","12":"tag-jean-luc-godard","13":"tag-newsletter-33","14":"tag-section-dhistoire-et-esthetique-du-cinema","15":"tag-suisse"},"_links":{"self":[{"href":"https:\/\/wp.unil.ch\/labelettres\/wp-json\/wp\/v2\/posts\/11115","targetHints":{"allow":["GET"]}}],"collection":[{"href":"https:\/\/wp.unil.ch\/labelettres\/wp-json\/wp\/v2\/posts"}],"about":[{"href":"https:\/\/wp.unil.ch\/labelettres\/wp-json\/wp\/v2\/types\/post"}],"author":[{"embeddable":true,"href":"https:\/\/wp.unil.ch\/labelettres\/wp-json\/wp\/v2\/users\/719"}],"replies":[{"embeddable":true,"href":"https:\/\/wp.unil.ch\/labelettres\/wp-json\/wp\/v2\/comments?post=11115"}],"version-history":[{"count":1,"href":"https:\/\/wp.unil.ch\/labelettres\/wp-json\/wp\/v2\/posts\/11115\/revisions"}],"predecessor-version":[{"id":13028,"href":"https:\/\/wp.unil.ch\/labelettres\/wp-json\/wp\/v2\/posts\/11115\/revisions\/13028"}],"wp:featuredmedia":[{"embeddable":true,"href":"https:\/\/wp.unil.ch\/labelettres\/wp-json\/wp\/v2\/media\/11102"}],"wp:attachment":[{"href":"https:\/\/wp.unil.ch\/labelettres\/wp-json\/wp\/v2\/media?parent=11115"}],"wp:term":[{"taxonomy":"category","embeddable":true,"href":"https:\/\/wp.unil.ch\/labelettres\/wp-json\/wp\/v2\/categories?post=11115"},{"taxonomy":"post_tag","embeddable":true,"href":"https:\/\/wp.unil.ch\/labelettres\/wp-json\/wp\/v2\/tags?post=11115"}],"curies":[{"name":"wp","href":"https:\/\/api.w.org\/{rel}","templated":true}]}}