{"id":11054,"date":"2021-11-03T08:00:00","date_gmt":"2021-11-03T07:00:00","guid":{"rendered":"https:\/\/wp.unil.ch\/labelettres\/?p=11054"},"modified":"2022-05-12T15:17:11","modified_gmt":"2022-05-12T13:17:11","slug":"lextincteur-et-lincendiaire","status":"publish","type":"post","link":"https:\/\/wp.unil.ch\/labelettres\/lextincteur-et-lincendiaire\/","title":{"rendered":"L&rsquo;Extincteur et l&rsquo;Incendiaire"},"content":{"rendered":"\n<p><strong>Cingria en kal\u00e9idoscope.<\/strong><\/p>\n\n\n\n<!--more-->\n\n\n\n<div class=\"wp-block-columns is-layout-flex wp-container-core-columns-is-layout-9d6595d7 wp-block-columns-is-layout-flex\">\n<div class=\"wp-block-column is-layout-flow wp-block-column-is-layout-flow\" style=\"flex-basis:66.66%\">\n<p>La vie et les activit\u00e9s de Charles-Albert Cingria (1883-1954) ont laiss\u00e9 des traces aussi abondantes que polymorphes. Manuscrits, photographies, \u0153uvres d\u2019art, papiers officiels, objets personnels, correspondance : autant d\u2019\u00e9l\u00e9ments qui, r\u00e9unis dans cet album, permettent de retracer le rayonnement d\u2019un \u00e9crivain atypique dans le paysage culturel de son \u00e9poque.<\/p>\n\n\n\n<p>Encadr\u00e9 par des textes qui introduisent le lecteur \u00e0 la biographie et \u00e0 l\u2019\u0153uvre de Cingria, cet ouvrage con\u00e7u par Oc\u00e9ane Guillemin (<a rel=\"noreferrer noopener\" href=\"https:\/\/www.unil.ch\/clsr\/fr\/home.html\" data-type=\"URL\" data-id=\"https:\/\/www.unil.ch\/clsr\/fr\/home.html\" target=\"_blank\">Centre des litt\u00e9ratures en Suisse romande<\/a>) avec la collaboration d\u2019Alice Bottarelli (<a href=\"https:\/\/www.unil.ch\/fra\/home.html\" data-type=\"URL\" data-id=\"https:\/\/www.unil.ch\/fra\/home.html\" target=\"_blank\" rel=\"noreferrer noopener\">Section de fran\u00e7ais<\/a>) donne \u00e0 voir un grand nombre de pi\u00e8ces d\u2019archives. Si la plupart d\u2019entre elles sont conserv\u00e9es dans le fonds Charles-Albert Cingria d\u00e9pos\u00e9 au <a rel=\"noreferrer noopener\" href=\"https:\/\/www.unil.ch\/clsr\/home\/menuinst\/fonds-darchives\/charles-albert-cingria-1883.html\" data-type=\"URL\" data-id=\"https:\/\/www.unil.ch\/clsr\/home\/menuinst\/fonds-darchives\/charles-albert-cingria-1883.html\" target=\"_blank\">Centre des litt\u00e9ratures en Suisse romande<\/a> de l\u2019Universit\u00e9 de Lausanne, c\u2019est aussi dans de multiples lieux de conservation suisses et europ\u00e9ens, de Paris \u00e0 Istanbul en passant par Cracovie, qu\u2019ont \u00e9t\u00e9 glan\u00e9s les documents rassembl\u00e9s ici, dont la provenance refl\u00e8te les errances \u00e9lectives d\u2019un auteur vagabond.<\/p>\n\n\n\n<p><em><a rel=\"noreferrer noopener\" href=\"https:\/\/www.editions-baconniere.ch\/livres\/cingria-lextincteur-et-lincendiaire\" data-type=\"URL\" data-id=\"https:\/\/www.editions-baconniere.ch\/livres\/cingria-lextincteur-et-lincendiaire\" target=\"_blank\">Cingria. L\u2019Extincteur et l\u2019Incendiaire<\/a><\/em>, album con\u00e7u par Oc\u00e9ane Guillemin, avec la collaboration d&rsquo;Alice Bottarelli, sous la direction de Daniel Maggetti, Gen\u00e8ve, \u00c9ditions la Baconni\u00e8re, 2021.<\/p>\n<\/div>\n\n\n\n<div class=\"wp-block-column is-layout-flow wp-block-column-is-layout-flow\" style=\"flex-basis:33.33%\">\n<div class=\"wp-block-image\"><figure class=\"alignright size-full is-resized\"><img alt=\"\" decoding=\"async\" src=\"https:\/\/wp.unil.ch\/labelettres\/files\/2021\/11\/GUILLEMIN_2021_Cingria_couv.jpg\" alt=\"\" class=\"wp-image-11049\" width=\"300\" srcset=\"https:\/\/wp.unil.ch\/labelettres\/files\/2021\/11\/GUILLEMIN_2021_Cingria_couv.jpg 969w, https:\/\/wp.unil.ch\/labelettres\/files\/2021\/11\/GUILLEMIN_2021_Cingria_couv-435x539.jpg 435w, https:\/\/wp.unil.ch\/labelettres\/files\/2021\/11\/GUILLEMIN_2021_Cingria_couv-768x951.jpg 768w\" sizes=\"(max-width: 969px) 100vw, 969px\" \/><\/figure><\/div>\n<\/div>\n<\/div>\n\n\n\n<hr class=\"wp-block-separator is-style-wide\" \/>\n\n\n\n<h6 class=\"wp-block-heading\"><strong>ON EN PARLE DANS LES M\u00c9DIAS<\/strong><\/h6>\n\n\n\n<ul class=\"wp-block-list\"><li><a rel=\"noreferrer noopener\" href=\"https:\/\/www.letemps.ch\/culture\/archives-foisonnantes-cingria-prince-vagabond\" data-type=\"URL\" data-id=\"https:\/\/www.letemps.ch\/culture\/archives-foisonnantes-cingria-prince-vagabond\" target=\"_blank\">Dans les archives foisonnantes de Cingria, prince et vagabond<\/a>, <em>Le Temps<\/em>, 11.11.2021.<\/li><li><a rel=\"noreferrer noopener\" href=\"https:\/\/www.bilan.ch\/story\/charles-albert-cingria-etait-lextincteur-et-lincendiaire-159307039591\" data-type=\"URL\" data-id=\"https:\/\/www.bilan.ch\/story\/charles-albert-cingria-etait-lextincteur-et-lincendiaire-159307039591\" target=\"_blank\">Charles-Albert Cingria \u00e9tait l&rsquo;extincteur et l&rsquo;incendiaire<\/a>, <em>Bilan<\/em>, 05.12.2021.<\/li><li><a rel=\"noreferrer noopener\" href=\"https:\/\/bonpourlatete.com\/culture\/charles-albert-le-grand-incendiaire-carbonisait-les-eteignoirs\" data-type=\"URL\" data-id=\"https:\/\/bonpourlatete.com\/culture\/charles-albert-le-grand-incendiaire-carbonisait-les-eteignoirs\" target=\"_blank\">Charles-Albert le grand incendiaire carbonisait les \u00e9teignoirs<\/a>, <em>Bon pour la t\u00eate<\/em>, 10.12.2021.<\/li><li><a rel=\"noreferrer noopener\" href=\"https:\/\/www.24heures.ch\/approcher-linclassable-charles-cingria-par-liconographie-181816716029\" data-type=\"URL\" data-id=\"https:\/\/www.24heures.ch\/approcher-linclassable-charles-cingria-par-liconographie-181816716029\" target=\"_blank\">Approcher l&rsquo;inclassable Cingria par l&rsquo;iconographie<\/a>, 24heures, 10.12.2021.<\/li><li><a rel=\"noreferrer noopener\" href=\"https:\/\/lecourrier.ch\/2021\/12\/29\/cingria-chat-savant\/\" data-type=\"URL\" data-id=\"https:\/\/lecourrier.ch\/2021\/12\/29\/cingria-chat-savant\/\" target=\"_blank\">Cingria, chat savant<\/a>, <em>Le Courrier<\/em>, 29.12.2021.<\/li><li><a href=\"https:\/\/jim.media\/numeros-jim\/2022\/numero-31\/\" data-type=\"URL\" data-id=\"https:\/\/jim.media\/numeros-jim\/2022\/numero-31\/\" target=\"_blank\" rel=\"noreferrer noopener\">Charles-Albert Cingria, un cosmopolite genevois<\/a>, <em>Le Journal de l&rsquo;Immobilier<\/em>, 11.05.2022.<\/li><\/ul>\n\n\n\n<hr class=\"wp-block-separator is-style-wide\" \/>\n\n\n\n<h6 class=\"wp-block-heading\"><strong>ZOOM SUR L\u2019OUVRAGE<\/strong><\/h6>\n\n\n\n<figure class=\"wp-block-embed is-type-video is-provider-youtube wp-block-embed-youtube wp-embed-aspect-16-9 wp-has-aspect-ratio\"><div class=\"wp-block-embed__wrapper\">\n<iframe loading=\"lazy\" title=\"Cingria en kal\u00e9idoscope\" width=\"720\" height=\"405\" src=\"https:\/\/www.youtube.com\/embed\/3hM8O2iNkjU?feature=oembed\" frameborder=\"0\" allow=\"accelerometer; autoplay; clipboard-write; encrypted-media; gyroscope; picture-in-picture; web-share\" allowfullscreen><\/iframe>\n<\/div><\/figure>\n\n\n\n<hr class=\"wp-block-separator is-style-wide\" \/>\n\n\n\n<h6 class=\"wp-block-heading\"><strong>TOUTES LES NOTICES DE<\/strong><\/h6>\n\n\n\n<p><strong>Oc\u00e9ane Guillemin<\/strong><\/p>\n\n\n\n\n<div class=\"su-posts su-posts-teaser-loop \">\n\n\t\t\t\t\t\t\n\t\t\t\n\t\t\t<div id=\"su-post-12336\" class=\"su-post \">\n\t\t\t\t\t\t\t\t\t<a class=\"su-post-thumbnail\" href=\"https:\/\/wp.unil.ch\/labelettres\/c-f-ramuz-le-feu-a-cheyseron\/\"><img loading=\"lazy\" decoding=\"async\" width=\"500\" height=\"785\" src=\"https:\/\/wp.unil.ch\/labelettres\/files\/2023\/06\/PETERMANN_2023_Ramuz-Cheyseron_cover.png\" class=\"attachment-post-thumbnail size-post-thumbnail wp-post-image\" alt=\"\" srcset=\"https:\/\/wp.unil.ch\/labelettres\/files\/2023\/06\/PETERMANN_2023_Ramuz-Cheyseron_cover.png 500w, https:\/\/wp.unil.ch\/labelettres\/files\/2023\/06\/PETERMANN_2023_Ramuz-Cheyseron_cover-435x683.png 435w\" sizes=\"auto, (max-width: 500px) 100vw, 500px\" \/><\/a>\n\t\t\t\t\t\t\t\t<h2 class=\"su-post-title\"><a href=\"https:\/\/wp.unil.ch\/labelettres\/c-f-ramuz-le-feu-a-cheyseron\/\">C. F. Ramuz, Le Feu \u00e0 Cheyseron<\/a><\/h2>\n\t\t\t<\/div>\n\n\t\t\t\t\t\n\t\t\t\n\t\t\t<div id=\"su-post-11054\" class=\"su-post \">\n\t\t\t\t\t\t\t\t\t<a class=\"su-post-thumbnail\" href=\"https:\/\/wp.unil.ch\/labelettres\/lextincteur-et-lincendiaire\/\"><img loading=\"lazy\" decoding=\"async\" width=\"969\" height=\"1200\" src=\"https:\/\/wp.unil.ch\/labelettres\/files\/2021\/11\/GUILLEMIN_2021_Cingria_couv.jpg\" class=\"attachment-post-thumbnail size-post-thumbnail wp-post-image\" alt=\"\" srcset=\"https:\/\/wp.unil.ch\/labelettres\/files\/2021\/11\/GUILLEMIN_2021_Cingria_couv.jpg 969w, https:\/\/wp.unil.ch\/labelettres\/files\/2021\/11\/GUILLEMIN_2021_Cingria_couv-435x539.jpg 435w, https:\/\/wp.unil.ch\/labelettres\/files\/2021\/11\/GUILLEMIN_2021_Cingria_couv-768x951.jpg 768w\" sizes=\"auto, (max-width: 969px) 100vw, 969px\" \/><\/a>\n\t\t\t\t\t\t\t\t<h2 class=\"su-post-title\"><a href=\"https:\/\/wp.unil.ch\/labelettres\/lextincteur-et-lincendiaire\/\">L&rsquo;Extincteur et l&rsquo;Incendiaire<\/a><\/h2>\n\t\t\t<\/div>\n\n\t\t\t\t\t\n\t\t\t\n\t\t\t<div id=\"su-post-5913\" class=\"su-post \">\n\t\t\t\t\t\t\t\t\t<a class=\"su-post-thumbnail\" href=\"https:\/\/wp.unil.ch\/labelettres\/eterniser-le-songe-ou-la-solitude-la-voix-souterraine-de-georges-nicole\/\"><img loading=\"lazy\" decoding=\"async\" width=\"801\" height=\"1200\" src=\"https:\/\/wp.unil.ch\/labelettres\/files\/2019\/05\/GUILLEMIN_EterniserLeSonge_GeorgesNicole_couv_lowres.jpg\" class=\"attachment-post-thumbnail size-post-thumbnail wp-post-image\" alt=\"\" srcset=\"https:\/\/wp.unil.ch\/labelettres\/files\/2019\/05\/GUILLEMIN_EterniserLeSonge_GeorgesNicole_couv_lowres.jpg 801w, https:\/\/wp.unil.ch\/labelettres\/files\/2019\/05\/GUILLEMIN_EterniserLeSonge_GeorgesNicole_couv_lowres-435x652.jpg 435w, https:\/\/wp.unil.ch\/labelettres\/files\/2019\/05\/GUILLEMIN_EterniserLeSonge_GeorgesNicole_couv_lowres-768x1151.jpg 768w\" sizes=\"auto, (max-width: 801px) 100vw, 801px\" \/><\/a>\n\t\t\t\t\t\t\t\t<h2 class=\"su-post-title\"><a href=\"https:\/\/wp.unil.ch\/labelettres\/eterniser-le-songe-ou-la-solitude-la-voix-souterraine-de-georges-nicole\/\">\u00c9terniser le songe ou la solitude. La \u00ab\u00a0voix souterraine\u00a0\u00bb de Georges Nicole<\/a><\/h2>\n\t\t\t<\/div>\n\n\t\t\t\t\t\n\t\t\t\n\t\t\t<div id=\"su-post-9870\" class=\"su-post \">\n\t\t\t\t\t\t\t\t\t<a class=\"su-post-thumbnail\" href=\"https:\/\/wp.unil.ch\/labelettres\/dhelene-a-lilith-figures-de-femmes-etrangeres-en-suisse-romande-1890-1914\/\"><img loading=\"lazy\" decoding=\"async\" width=\"618\" height=\"1024\" src=\"https:\/\/wp.unil.ch\/labelettres\/files\/2021\/01\/1e_couv_webabcde.jpg\" class=\"attachment-post-thumbnail size-post-thumbnail wp-post-image\" alt=\"\" srcset=\"https:\/\/wp.unil.ch\/labelettres\/files\/2021\/01\/1e_couv_webabcde.jpg 618w, https:\/\/wp.unil.ch\/labelettres\/files\/2021\/01\/1e_couv_webabcde-435x721.jpg 435w\" sizes=\"auto, (max-width: 618px) 100vw, 618px\" \/><\/a>\n\t\t\t\t\t\t\t\t<h2 class=\"su-post-title\"><a href=\"https:\/\/wp.unil.ch\/labelettres\/dhelene-a-lilith-figures-de-femmes-etrangeres-en-suisse-romande-1890-1914\/\">D\u2019H\u00e9l\u00e8ne \u00e0 Lilith. Figures de femmes \u00e9trang\u00e8res en Suisse romande (1890-1914)<\/a><\/h2>\n\t\t\t<\/div>\n\n\t\t\t\n<\/div>\n\n\n\n\n<p><strong>Alice Bottarelli<\/strong><\/p>\n\n\n\n\n<div class=\"su-posts su-posts-teaser-loop \">\n\n\t\t\t\t\t\t\n\t\t\t\n\t\t\t<div id=\"su-post-12030\" class=\"su-post \">\n\t\t\t\t\t\t\t\t\t<a class=\"su-post-thumbnail\" href=\"https:\/\/wp.unil.ch\/labelettres\/lieuxx-communs-quand-les-oeuvres-rassemblent\/\"><img loading=\"lazy\" decoding=\"async\" width=\"768\" height=\"1200\" src=\"https:\/\/wp.unil.ch\/labelettres\/files\/2023\/02\/CORDIER_2022_lieux_cover.jpg\" class=\"attachment-post-thumbnail size-post-thumbnail wp-post-image\" alt=\"\" srcset=\"https:\/\/wp.unil.ch\/labelettres\/files\/2023\/02\/CORDIER_2022_lieux_cover.jpg 768w, https:\/\/wp.unil.ch\/labelettres\/files\/2023\/02\/CORDIER_2022_lieux_cover-435x680.jpg 435w\" sizes=\"auto, (max-width: 768px) 100vw, 768px\" \/><\/a>\n\t\t\t\t\t\t\t\t<h2 class=\"su-post-title\"><a href=\"https:\/\/wp.unil.ch\/labelettres\/lieuxx-communs-quand-les-oeuvres-rassemblent\/\">Lieu(x) commun(s): quand les \u0153uvres rassemblent<\/a><\/h2>\n\t\t\t<\/div>\n\n\t\t\t\t\t\n\t\t\t\n\t\t\t<div id=\"su-post-11054\" class=\"su-post \">\n\t\t\t\t\t\t\t\t\t<a class=\"su-post-thumbnail\" href=\"https:\/\/wp.unil.ch\/labelettres\/lextincteur-et-lincendiaire\/\"><img loading=\"lazy\" decoding=\"async\" width=\"969\" height=\"1200\" src=\"https:\/\/wp.unil.ch\/labelettres\/files\/2021\/11\/GUILLEMIN_2021_Cingria_couv.jpg\" class=\"attachment-post-thumbnail size-post-thumbnail wp-post-image\" alt=\"\" srcset=\"https:\/\/wp.unil.ch\/labelettres\/files\/2021\/11\/GUILLEMIN_2021_Cingria_couv.jpg 969w, https:\/\/wp.unil.ch\/labelettres\/files\/2021\/11\/GUILLEMIN_2021_Cingria_couv-435x539.jpg 435w, https:\/\/wp.unil.ch\/labelettres\/files\/2021\/11\/GUILLEMIN_2021_Cingria_couv-768x951.jpg 768w\" sizes=\"auto, (max-width: 969px) 100vw, 969px\" \/><\/a>\n\t\t\t\t\t\t\t\t<h2 class=\"su-post-title\"><a href=\"https:\/\/wp.unil.ch\/labelettres\/lextincteur-et-lincendiaire\/\">L&rsquo;Extincteur et l&rsquo;Incendiaire<\/a><\/h2>\n\t\t\t<\/div>\n\n\t\t\t\n<\/div>\n\n\n\n\n<hr class=\"wp-block-separator is-style-wide\" \/>\n","protected":false},"excerpt":{"rendered":"<p>Cingria en kal\u00e9idoscope.<\/p>\n","protected":false},"author":719,"featured_media":11049,"comment_status":"closed","ping_status":"closed","sticky":false,"template":"","format":"standard","meta":{"_seopress_robots_primary_cat":"","_seopress_titles_title":"","_seopress_titles_desc":"","_seopress_robots_index":"","footnotes":""},"categories":[3],"tags":[3057,3175,1073,46,1413,747,290,289,3166,1762,1212],"class_list":{"0":"post-11054","1":"post","2":"type-post","3":"status-publish","4":"format-standard","5":"has-post-thumbnail","7":"category-langues-litteratures","8":"tag-3057","9":"tag-alice-bottarelli","10":"tag-archives","11":"tag-art","12":"tag-centre-des-litteratures-en-suisse-romande","13":"tag-charles-albert-cingria","14":"tag-iconographie","15":"tag-litterature-romande","16":"tag-newsletter-32","17":"tag-oceane-guillemin","18":"tag-section-de-francais"},"_links":{"self":[{"href":"https:\/\/wp.unil.ch\/labelettres\/wp-json\/wp\/v2\/posts\/11054","targetHints":{"allow":["GET"]}}],"collection":[{"href":"https:\/\/wp.unil.ch\/labelettres\/wp-json\/wp\/v2\/posts"}],"about":[{"href":"https:\/\/wp.unil.ch\/labelettres\/wp-json\/wp\/v2\/types\/post"}],"author":[{"embeddable":true,"href":"https:\/\/wp.unil.ch\/labelettres\/wp-json\/wp\/v2\/users\/719"}],"replies":[{"embeddable":true,"href":"https:\/\/wp.unil.ch\/labelettres\/wp-json\/wp\/v2\/comments?post=11054"}],"version-history":[{"count":0,"href":"https:\/\/wp.unil.ch\/labelettres\/wp-json\/wp\/v2\/posts\/11054\/revisions"}],"wp:featuredmedia":[{"embeddable":true,"href":"https:\/\/wp.unil.ch\/labelettres\/wp-json\/wp\/v2\/media\/11049"}],"wp:attachment":[{"href":"https:\/\/wp.unil.ch\/labelettres\/wp-json\/wp\/v2\/media?parent=11054"}],"wp:term":[{"taxonomy":"category","embeddable":true,"href":"https:\/\/wp.unil.ch\/labelettres\/wp-json\/wp\/v2\/categories?post=11054"},{"taxonomy":"post_tag","embeddable":true,"href":"https:\/\/wp.unil.ch\/labelettres\/wp-json\/wp\/v2\/tags?post=11054"}],"curies":[{"name":"wp","href":"https:\/\/api.w.org\/{rel}","templated":true}]}}