{"id":10596,"date":"2021-06-29T11:24:04","date_gmt":"2021-06-29T09:24:04","guid":{"rendered":"https:\/\/wp.unil.ch\/labelettres\/?p=10596"},"modified":"2021-08-27T14:36:12","modified_gmt":"2021-08-27T12:36:12","slug":"le-groupe-de-coppet-et-la-mort","status":"publish","type":"post","link":"https:\/\/wp.unil.ch\/labelettres\/le-groupe-de-coppet-et-la-mort\/","title":{"rendered":"Le Groupe de Coppet et la mort"},"content":{"rendered":"\n<p><strong>Penser la mort au tournant des Lumi\u00e8res.<\/strong><\/p>\n\n\n\n<!--more-->\n\n\n\n<div class=\"wp-block-columns is-layout-flex wp-container-core-columns-is-layout-9d6595d7 wp-block-columns-is-layout-flex\">\n<div class=\"wp-block-column is-layout-flow wp-block-column-is-layout-flow\" style=\"flex-basis:68%\">\n<p>Le Groupe de Coppet entretient une relation particuli\u00e8re avec la mort. Sa situation historique, qui l\u2019inscrit \u00e0 une \u00e9poque de violentes fractures, fait de ses protagonistes les t\u00e9moins, les acteurs et les penseurs d\u2019une s\u00e9quence domin\u00e9e par les guerres et les ex\u00e9cutions, aussi bien sous la Terreur que sous l\u2019Empire napol\u00e9onien.<\/p>\n\n\n\n<p>Vivre entre la fin de l\u2019Ancien R\u00e9gime et la Restauration exige de faire continuellement la douloureuse \u00e9preuve du deuil. L\u2019exp\u00e9rience fun\u00e8bre suscite, \u00e0 Coppet, de profondes angoisses dont plusieurs \u0153uvres t\u00e9moignent de fa\u00e7on exemplaire: des <em>Inhumations pr\u00e9cipit\u00e9es<\/em> de Suzanne Necker aux <em>R\u00e9flexions sur le suicide<\/em> de Germaine de Sta\u00ebl, en passant par l\u2019agonie d\u2019Ell\u00e9nore dans <em>Adolphe<\/em> de Benjamin Constant, divers trait\u00e9s et fictions inaugurent une nouvelle \u00e9tape de la relation au cadavre et au tombeau.<\/p>\n\n\n\n<p>Dirig\u00e9 par L\u00e9onard Burnand (<a href=\"https:\/\/www.unil.ch\/hist\/fr\/home.html\" data-type=\"URL\" data-id=\"https:\/\/www.unil.ch\/hist\/fr\/home.html\" target=\"_blank\" rel=\"noreferrer noopener\">Section d\u2019histoire<\/a>, <a href=\"https:\/\/www.unil.ch\/ibc\/fr\/home.html\" data-type=\"URL\" data-id=\"https:\/\/www.unil.ch\/ibc\/fr\/home.html\" target=\"_blank\" rel=\"noreferrer noopener\">Institut Benjamin Constant<\/a>) et St\u00e9phanie Genand, cet ouvrage est issu du XIe colloque international de Coppet qui r\u00e9unit tous les quatre ans les sp\u00e9cialistes de l\u2019\u0153uvre de Sta\u00ebl, Constant et Sismondi et qui s\u2019est tenu \u00e0 la Fondation Napol\u00e9on \u00e0 Paris en 2018. Ce volume rassemble quinze contributions autour de la mani\u00e8re de repr\u00e9senter, vivre et conjurer la mort, mais \u00e9galement autour de sa r\u00e9cup\u00e9ration politique.<\/p>\n\n\n\n<p>L\u00e9onard Burnand, St\u00e9phanie Genand (dir.), <em><a href=\"https:\/\/www.slatkine.com\/fr\/slatkine-reprints-erudition\/75004-book-07102869-9782051028691.html\" data-type=\"URL\" data-id=\"https:\/\/www.slatkine.com\/fr\/slatkine-reprints-erudition\/75004-book-07102869-9782051028691.html\" target=\"_blank\" rel=\"noreferrer noopener\">Le Groupe de Coppet et la mort<\/a><\/em>, Gen\u00e8ve, Slatkine, 2021.<\/p>\n<\/div>\n\n\n\n<div class=\"wp-block-column is-layout-flow wp-block-column-is-layout-flow\" style=\"flex-basis:32%\">\n<div class=\"wp-block-image\"><figure class=\"alignright size-large is-resized\"><img alt=\"\" decoding=\"async\" src=\"https:\/\/wp.unil.ch\/labelettres\/files\/2021\/06\/BURNAND_Mort_cover.jpg\" alt=\"\" class=\"wp-image-10591\" width=\"300\" srcset=\"https:\/\/wp.unil.ch\/labelettres\/files\/2021\/06\/BURNAND_Mort_cover.jpg 814w, https:\/\/wp.unil.ch\/labelettres\/files\/2021\/06\/BURNAND_Mort_cover-435x641.jpg 435w, https:\/\/wp.unil.ch\/labelettres\/files\/2021\/06\/BURNAND_Mort_cover-768x1132.jpg 768w\" sizes=\"(max-width: 814px) 100vw, 814px\" \/><\/figure><\/div>\n<\/div>\n<\/div>\n\n\n\n<hr class=\"wp-block-separator has-text-color has-background has-black-background-color has-black-color is-style-wide\" \/>\n\n\n\n<h6 class=\"wp-block-heading\"><strong>TOUTES LES NOTICES DE<\/strong><\/h6>\n\n\n\n<p><strong>L\u00e9onard Burnand<\/strong><\/p>\n\n\n\n\n<div class=\"su-posts su-posts-teaser-loop \">\n\n\t\t\t\t\t\t\n\t\t\t\n\t\t\t<div id=\"su-post-15875\" class=\"su-post \">\n\t\t\t\t\t\t\t\t\t<a class=\"su-post-thumbnail\" href=\"https:\/\/wp.unil.ch\/labelettres\/larbre-a-lettres-lecons-inaugurales-2024-2025\/\"><img loading=\"lazy\" decoding=\"async\" width=\"650\" height=\"976\" src=\"https:\/\/wp.unil.ch\/labelettres\/files\/2025\/12\/2025-edl-lecons-inaugurales-2024-2025.jpg\" class=\"attachment-post-thumbnail size-post-thumbnail wp-post-image\" alt=\"2025 edl lecons inaugurales 2024 2025\" srcset=\"https:\/\/wp.unil.ch\/labelettres\/files\/2025\/12\/2025-edl-lecons-inaugurales-2024-2025.jpg 650w, https:\/\/wp.unil.ch\/labelettres\/files\/2025\/12\/2025-edl-lecons-inaugurales-2024-2025-435x653.jpg 435w\" sizes=\"auto, (max-width: 650px) 100vw, 650px\" \/><\/a>\n\t\t\t\t\t\t\t\t<h2 class=\"su-post-title\"><a href=\"https:\/\/wp.unil.ch\/labelettres\/larbre-a-lettres-lecons-inaugurales-2024-2025\/\">L&rsquo;arbre \u00e0 lettres. Le\u00e7ons inaugurales 2024-2025<\/a><\/h2>\n\t\t\t<\/div>\n\n\t\t\t\t\t\n\t\t\t\n\t\t\t<div id=\"su-post-13438\" class=\"su-post \">\n\t\t\t\t\t\t\t\t\t<a class=\"su-post-thumbnail\" href=\"https:\/\/wp.unil.ch\/labelettres\/isabelle-de-charriere-et-leurope-des-lettres\/\"><img loading=\"lazy\" decoding=\"async\" width=\"803\" height=\"1200\" src=\"https:\/\/wp.unil.ch\/labelettres\/files\/2025\/01\/2024-HIST-ANG-IBC-Isabelle-de-Charriere-Couv.png\" class=\"attachment-post-thumbnail size-post-thumbnail wp-post-image\" alt=\"\" srcset=\"https:\/\/wp.unil.ch\/labelettres\/files\/2025\/01\/2024-HIST-ANG-IBC-Isabelle-de-Charriere-Couv.png 803w, https:\/\/wp.unil.ch\/labelettres\/files\/2025\/01\/2024-HIST-ANG-IBC-Isabelle-de-Charriere-Couv-435x650.png 435w, https:\/\/wp.unil.ch\/labelettres\/files\/2025\/01\/2024-HIST-ANG-IBC-Isabelle-de-Charriere-Couv-768x1148.png 768w\" sizes=\"auto, (max-width: 803px) 100vw, 803px\" \/><\/a>\n\t\t\t\t\t\t\t\t<h2 class=\"su-post-title\"><a href=\"https:\/\/wp.unil.ch\/labelettres\/isabelle-de-charriere-et-leurope-des-lettres\/\">Isabelle de Charri\u00e8re et l&rsquo;Europe des lettres<\/a><\/h2>\n\t\t\t<\/div>\n\n\t\t\t\t\t\n\t\t\t\n\t\t\t<div id=\"su-post-12749\" class=\"su-post \">\n\t\t\t\t\t\t\t\t\t<a class=\"su-post-thumbnail\" href=\"https:\/\/wp.unil.ch\/labelettres\/temps-et-revolution\/\"><img loading=\"lazy\" decoding=\"async\" width=\"809\" height=\"1200\" src=\"https:\/\/wp.unil.ch\/labelettres\/files\/2024\/02\/BURNAND_2023_Temps-Revolution_cover.jpg\" class=\"attachment-post-thumbnail size-post-thumbnail wp-post-image\" alt=\"\" srcset=\"https:\/\/wp.unil.ch\/labelettres\/files\/2024\/02\/BURNAND_2023_Temps-Revolution_cover.jpg 809w, https:\/\/wp.unil.ch\/labelettres\/files\/2024\/02\/BURNAND_2023_Temps-Revolution_cover-435x645.jpg 435w, https:\/\/wp.unil.ch\/labelettres\/files\/2024\/02\/BURNAND_2023_Temps-Revolution_cover-768x1139.jpg 768w\" sizes=\"auto, (max-width: 809px) 100vw, 809px\" \/><\/a>\n\t\t\t\t\t\t\t\t<h2 class=\"su-post-title\"><a href=\"https:\/\/wp.unil.ch\/labelettres\/temps-et-revolution\/\">Temps et R\u00e9volution<\/a><\/h2>\n\t\t\t<\/div>\n\n\t\t\t\t\t\n\t\t\t\n\t\t\t<div id=\"su-post-11380\" class=\"su-post \">\n\t\t\t\t\t\t\t\t\t<a class=\"su-post-thumbnail\" href=\"https:\/\/wp.unil.ch\/labelettres\/benjamin-constant\/\"><img loading=\"lazy\" decoding=\"async\" width=\"351\" height=\"527\" src=\"https:\/\/wp.unil.ch\/labelettres\/files\/2022\/03\/BURNAND_2022_Benjamin-Constant_cover.jpg\" class=\"attachment-post-thumbnail size-post-thumbnail wp-post-image\" alt=\"\" \/><\/a>\n\t\t\t\t\t\t\t\t<h2 class=\"su-post-title\"><a href=\"https:\/\/wp.unil.ch\/labelettres\/benjamin-constant\/\">Benjamin Constant<\/a><\/h2>\n\t\t\t<\/div>\n\n\t\t\t\t\t\n\t\t\t\n\t\t\t<div id=\"su-post-10596\" class=\"su-post \">\n\t\t\t\t\t\t\t\t\t<a class=\"su-post-thumbnail\" href=\"https:\/\/wp.unil.ch\/labelettres\/le-groupe-de-coppet-et-la-mort\/\"><img loading=\"lazy\" decoding=\"async\" width=\"814\" height=\"1200\" src=\"https:\/\/wp.unil.ch\/labelettres\/files\/2021\/06\/BURNAND_Mort_cover.jpg\" class=\"attachment-post-thumbnail size-post-thumbnail wp-post-image\" alt=\"\" srcset=\"https:\/\/wp.unil.ch\/labelettres\/files\/2021\/06\/BURNAND_Mort_cover.jpg 814w, https:\/\/wp.unil.ch\/labelettres\/files\/2021\/06\/BURNAND_Mort_cover-435x641.jpg 435w, https:\/\/wp.unil.ch\/labelettres\/files\/2021\/06\/BURNAND_Mort_cover-768x1132.jpg 768w\" sizes=\"auto, (max-width: 814px) 100vw, 814px\" \/><\/a>\n\t\t\t\t\t\t\t\t<h2 class=\"su-post-title\"><a href=\"https:\/\/wp.unil.ch\/labelettres\/le-groupe-de-coppet-et-la-mort\/\">Le Groupe de Coppet et la mort<\/a><\/h2>\n\t\t\t<\/div>\n\n\t\t\t\t\t\n\t\t\t\n\t\t\t<div id=\"su-post-4148\" class=\"su-post \">\n\t\t\t\t\t\t\t\t\t<a class=\"su-post-thumbnail\" href=\"https:\/\/wp.unil.ch\/labelettres\/oeuvres-completes-de-benjamin-constant-tome-xiii-articles-de-journaux-1819-1820\/\"><img loading=\"lazy\" decoding=\"async\" width=\"773\" height=\"1200\" src=\"https:\/\/wp.unil.ch\/labelettres\/files\/2018\/08\/BURNAND_Benjamin_COnstant_OC_XIII_couv.jpg\" class=\"attachment-post-thumbnail size-post-thumbnail wp-post-image\" alt=\"\" srcset=\"https:\/\/wp.unil.ch\/labelettres\/files\/2018\/08\/BURNAND_Benjamin_COnstant_OC_XIII_couv.jpg 773w, https:\/\/wp.unil.ch\/labelettres\/files\/2018\/08\/BURNAND_Benjamin_COnstant_OC_XIII_couv-435x675.jpg 435w, https:\/\/wp.unil.ch\/labelettres\/files\/2018\/08\/BURNAND_Benjamin_COnstant_OC_XIII_couv-193x300.jpg 193w, https:\/\/wp.unil.ch\/labelettres\/files\/2018\/08\/BURNAND_Benjamin_COnstant_OC_XIII_couv-768x1192.jpg 768w, https:\/\/wp.unil.ch\/labelettres\/files\/2018\/08\/BURNAND_Benjamin_COnstant_OC_XIII_couv-660x1024.jpg 660w\" sizes=\"auto, (max-width: 773px) 100vw, 773px\" \/><\/a>\n\t\t\t\t\t\t\t\t<h2 class=\"su-post-title\"><a href=\"https:\/\/wp.unil.ch\/labelettres\/oeuvres-completes-de-benjamin-constant-tome-xiii-articles-de-journaux-1819-1820\/\">\u0152uvres compl\u00e8tes de Benjamin Constant, tome XIII : Articles de journaux (1819-1820)<\/a><\/h2>\n\t\t\t<\/div>\n\n\t\t\t\t\t\n\t\t\t\n\t\t\t<div id=\"su-post-833\" class=\"su-post \">\n\t\t\t\t\t\t\t\t\t<a class=\"su-post-thumbnail\" href=\"https:\/\/wp.unil.ch\/labelettres\/germaine-de-stael-et-benjamin-constant-lesprit-de-liberte\/\"><img loading=\"lazy\" decoding=\"async\" width=\"935\" height=\"1200\" src=\"https:\/\/wp.unil.ch\/labelettres\/files\/2017\/10\/Catalogue_Bodmer_Couverture2.jpg\" class=\"attachment-post-thumbnail size-post-thumbnail wp-post-image\" alt=\"\" srcset=\"https:\/\/wp.unil.ch\/labelettres\/files\/2017\/10\/Catalogue_Bodmer_Couverture2.jpg 935w, https:\/\/wp.unil.ch\/labelettres\/files\/2017\/10\/Catalogue_Bodmer_Couverture2-435x558.jpg 435w, https:\/\/wp.unil.ch\/labelettres\/files\/2017\/10\/Catalogue_Bodmer_Couverture2-234x300.jpg 234w, https:\/\/wp.unil.ch\/labelettres\/files\/2017\/10\/Catalogue_Bodmer_Couverture2-768x986.jpg 768w, https:\/\/wp.unil.ch\/labelettres\/files\/2017\/10\/Catalogue_Bodmer_Couverture2-798x1024.jpg 798w\" sizes=\"auto, (max-width: 935px) 100vw, 935px\" \/><\/a>\n\t\t\t\t\t\t\t\t<h2 class=\"su-post-title\"><a href=\"https:\/\/wp.unil.ch\/labelettres\/germaine-de-stael-et-benjamin-constant-lesprit-de-liberte\/\">Germaine de Sta\u00ebl et Benjamin Constant. L\u2019esprit de libert\u00e9<\/a><\/h2>\n\t\t\t<\/div>\n\n\t\t\t\t\t\n\t\t\t\n\t\t\t<div id=\"su-post-963\" class=\"su-post \">\n\t\t\t\t\t\t\t\t\t<a class=\"su-post-thumbnail\" href=\"https:\/\/wp.unil.ch\/labelettres\/adolphe-de-benjamin-constant-posterite-dun-roman-1816-2016\/\"><img loading=\"lazy\" decoding=\"async\" width=\"846\" height=\"1200\" src=\"https:\/\/wp.unil.ch\/labelettres\/files\/2017\/10\/Adolphe_Couverture2-1.jpg\" class=\"attachment-post-thumbnail size-post-thumbnail wp-post-image\" alt=\"\" srcset=\"https:\/\/wp.unil.ch\/labelettres\/files\/2017\/10\/Adolphe_Couverture2-1.jpg 846w, https:\/\/wp.unil.ch\/labelettres\/files\/2017\/10\/Adolphe_Couverture2-1-435x617.jpg 435w, https:\/\/wp.unil.ch\/labelettres\/files\/2017\/10\/Adolphe_Couverture2-1-212x300.jpg 212w, https:\/\/wp.unil.ch\/labelettres\/files\/2017\/10\/Adolphe_Couverture2-1-768x1089.jpg 768w, https:\/\/wp.unil.ch\/labelettres\/files\/2017\/10\/Adolphe_Couverture2-1-722x1024.jpg 722w\" sizes=\"auto, (max-width: 846px) 100vw, 846px\" \/><\/a>\n\t\t\t\t\t\t\t\t<h2 class=\"su-post-title\"><a href=\"https:\/\/wp.unil.ch\/labelettres\/adolphe-de-benjamin-constant-posterite-dun-roman-1816-2016\/\">Adolphe de Benjamin Constant. Post\u00e9rit\u00e9 d&rsquo;un roman (1816-2016)<\/a><\/h2>\n\t\t\t<\/div>\n\n\t\t\t\t\t\n\t\t\t\n\t\t\t<div id=\"su-post-202\" class=\"su-post \">\n\t\t\t\t\t\t\t\t\t<a class=\"su-post-thumbnail\" href=\"https:\/\/wp.unil.ch\/labelettres\/comment-sortir-de-lempire-le-groupe-de-coppet-face-a-la-chute-de-napoleon\/\"><img loading=\"lazy\" decoding=\"async\" width=\"846\" height=\"1200\" src=\"https:\/\/wp.unil.ch\/labelettres\/files\/2017\/05\/Couverture_Coppet_Napol\u00e9on2-1.jpg\" class=\"attachment-post-thumbnail size-post-thumbnail wp-post-image\" alt=\"\" srcset=\"https:\/\/wp.unil.ch\/labelettres\/files\/2017\/05\/Couverture_Coppet_Napol\u00e9on2-1.jpg 846w, https:\/\/wp.unil.ch\/labelettres\/files\/2017\/05\/Couverture_Coppet_Napol\u00e9on2-1-435x617.jpg 435w, https:\/\/wp.unil.ch\/labelettres\/files\/2017\/05\/Couverture_Coppet_Napol\u00e9on2-1-212x300.jpg 212w, https:\/\/wp.unil.ch\/labelettres\/files\/2017\/05\/Couverture_Coppet_Napol\u00e9on2-1-768x1089.jpg 768w, https:\/\/wp.unil.ch\/labelettres\/files\/2017\/05\/Couverture_Coppet_Napol\u00e9on2-1-722x1024.jpg 722w\" sizes=\"auto, (max-width: 846px) 100vw, 846px\" \/><\/a>\n\t\t\t\t\t\t\t\t<h2 class=\"su-post-title\"><a href=\"https:\/\/wp.unil.ch\/labelettres\/comment-sortir-de-lempire-le-groupe-de-coppet-face-a-la-chute-de-napoleon\/\">Comment sortir de l\u2019Empire\u00a0? Le Groupe de Coppet face \u00e0 la chute de Napol\u00e9on<\/a><\/h2>\n\t\t\t<\/div>\n\n\t\t\t\t\t\n\t\t\t\n\t\t\t<div id=\"su-post-9429\" class=\"su-post \">\n\t\t\t\t\t\t\t\t\t<a class=\"su-post-thumbnail\" href=\"https:\/\/wp.unil.ch\/labelettres\/germaine-de-stael-retour-dexil\/\"><img loading=\"lazy\" decoding=\"async\" width=\"500\" height=\"785\" src=\"https:\/\/wp.unil.ch\/labelettres\/files\/2020\/11\/thumb-large_collectif_105x165_101.jpg\" class=\"attachment-post-thumbnail size-post-thumbnail wp-post-image\" alt=\"\" srcset=\"https:\/\/wp.unil.ch\/labelettres\/files\/2020\/11\/thumb-large_collectif_105x165_101.jpg 500w, https:\/\/wp.unil.ch\/labelettres\/files\/2020\/11\/thumb-large_collectif_105x165_101-435x683.jpg 435w\" sizes=\"auto, (max-width: 500px) 100vw, 500px\" \/><\/a>\n\t\t\t\t\t\t\t\t<h2 class=\"su-post-title\"><a href=\"https:\/\/wp.unil.ch\/labelettres\/germaine-de-stael-retour-dexil\/\">Germaine de Sta\u00ebl, retour d&rsquo;exil<\/a><\/h2>\n\t\t\t<\/div>\n\n\t\t\t\t\t\n\t\t\t\n\t\t\t<div id=\"su-post-9425\" class=\"su-post \">\n\t\t\t\t\t\t\t\t\t<a class=\"su-post-thumbnail\" href=\"https:\/\/wp.unil.ch\/labelettres\/espaces-de-la-controverse-au-seuil-des-lumieres-1680-1715\/\"><img loading=\"lazy\" decoding=\"async\" width=\"600\" height=\"889\" src=\"https:\/\/wp.unil.ch\/labelettres\/files\/2020\/11\/book-07532055.jpg\" class=\"attachment-post-thumbnail size-post-thumbnail wp-post-image\" alt=\"\" srcset=\"https:\/\/wp.unil.ch\/labelettres\/files\/2020\/11\/book-07532055.jpg 600w, https:\/\/wp.unil.ch\/labelettres\/files\/2020\/11\/book-07532055-435x645.jpg 435w\" sizes=\"auto, (max-width: 600px) 100vw, 600px\" \/><\/a>\n\t\t\t\t\t\t\t\t<h2 class=\"su-post-title\"><a href=\"https:\/\/wp.unil.ch\/labelettres\/espaces-de-la-controverse-au-seuil-des-lumieres-1680-1715\/\">Espaces de la controverse au seuil des Lumi\u00e8res (1680-1715)<\/a><\/h2>\n\t\t\t<\/div>\n\n\t\t\t\t\t\n\t\t\t\n\t\t\t<div id=\"su-post-8425\" class=\"su-post \">\n\t\t\t\t\t\t\t\t\t<a class=\"su-post-thumbnail\" href=\"https:\/\/wp.unil.ch\/labelettres\/les-pamphlets-contre-necker-medias-et-imaginaire-politique-au-xviiie-siecle\/\"><img loading=\"lazy\" decoding=\"async\" width=\"774\" height=\"1200\" src=\"https:\/\/wp.unil.ch\/labelettres\/files\/2020\/07\/Burnand_Necker_couv.jpg\" class=\"attachment-post-thumbnail size-post-thumbnail wp-post-image\" alt=\"\" srcset=\"https:\/\/wp.unil.ch\/labelettres\/files\/2020\/07\/Burnand_Necker_couv.jpg 774w, https:\/\/wp.unil.ch\/labelettres\/files\/2020\/07\/Burnand_Necker_couv-435x674.jpg 435w, https:\/\/wp.unil.ch\/labelettres\/files\/2020\/07\/Burnand_Necker_couv-768x1191.jpg 768w\" sizes=\"auto, (max-width: 774px) 100vw, 774px\" \/><\/a>\n\t\t\t\t\t\t\t\t<h2 class=\"su-post-title\"><a href=\"https:\/\/wp.unil.ch\/labelettres\/les-pamphlets-contre-necker-medias-et-imaginaire-politique-au-xviiie-siecle\/\">Les Pamphlets contre Necker. M\u00e9dias et imaginaire politique au XVIIIe si\u00e8cle<\/a><\/h2>\n\t\t\t<\/div>\n\n\t\t\t\t\t\n\t\t\t\n\t\t\t<div id=\"su-post-9549\" class=\"su-post \">\n\t\t\t\t\t\t\t\t\t<a class=\"su-post-thumbnail\" href=\"https:\/\/wp.unil.ch\/labelettres\/livre-et-militantisme-la-cite-editeur-1958-1967\/\"><img loading=\"lazy\" decoding=\"async\" width=\"300\" height=\"420\" src=\"https:\/\/wp.unil.ch\/labelettres\/files\/2020\/11\/unnamed.jpg\" class=\"attachment-post-thumbnail size-post-thumbnail wp-post-image\" alt=\"\" \/><\/a>\n\t\t\t\t\t\t\t\t<h2 class=\"su-post-title\"><a href=\"https:\/\/wp.unil.ch\/labelettres\/livre-et-militantisme-la-cite-editeur-1958-1967\/\">Livre et militantisme. La Cit\u00e9 \u00c9diteur 1958-1967<\/a><\/h2>\n\t\t\t<\/div>\n\n\t\t\t\t\t\n\t\t\t\n\t\t\t<div id=\"su-post-9422\" class=\"su-post \">\n\t\t\t\t\t\t\t\t\t<a class=\"su-post-thumbnail\" href=\"https:\/\/wp.unil.ch\/labelettres\/necker-et-lopinion-publique\/\"><img loading=\"lazy\" decoding=\"async\" width=\"786\" height=\"1200\" src=\"https:\/\/wp.unil.ch\/labelettres\/files\/2004\/11\/Necker_opinion.jpeg\" class=\"attachment-post-thumbnail size-post-thumbnail wp-post-image\" alt=\"\" srcset=\"https:\/\/wp.unil.ch\/labelettres\/files\/2004\/11\/Necker_opinion.jpeg 786w, https:\/\/wp.unil.ch\/labelettres\/files\/2004\/11\/Necker_opinion-435x664.jpeg 435w, https:\/\/wp.unil.ch\/labelettres\/files\/2004\/11\/Necker_opinion-768x1173.jpeg 768w\" sizes=\"auto, (max-width: 786px) 100vw, 786px\" \/><\/a>\n\t\t\t\t\t\t\t\t<h2 class=\"su-post-title\"><a href=\"https:\/\/wp.unil.ch\/labelettres\/necker-et-lopinion-publique\/\">Necker et l&rsquo;opinion publique<\/a><\/h2>\n\t\t\t<\/div>\n\n\t\t\t\n<\/div>\n\n\n\n\n<hr class=\"wp-block-separator has-text-color has-background has-black-background-color has-black-color is-style-wide\" \/>\n","protected":false},"excerpt":{"rendered":"<p>Penser la mort au tournant des Lumi\u00e8res<\/p>\n","protected":false},"author":719,"featured_media":10591,"comment_status":"closed","ping_status":"closed","sticky":false,"template":"","format":"standard","meta":{"_seopress_robots_primary_cat":"","_seopress_titles_title":"","_seopress_titles_desc":"","_seopress_robots_index":"","footnotes":""},"categories":[3,4],"tags":[3057,158,1221,19,18,384,3089,160,1217],"class_list":{"0":"post-10596","1":"post","2":"type-post","3":"status-publish","4":"format-standard","5":"has-post-thumbnail","7":"category-langues-litteratures","8":"category-sciences-historiques","9":"tag-3057","10":"tag-coppet","11":"tag-institut-benjamin-constant","12":"tag-leonard-burnand","13":"tag-lumieres","14":"tag-mort","15":"tag-newsletter-29","16":"tag-romantisme","17":"tag-section-dhistoire"},"_links":{"self":[{"href":"https:\/\/wp.unil.ch\/labelettres\/wp-json\/wp\/v2\/posts\/10596","targetHints":{"allow":["GET"]}}],"collection":[{"href":"https:\/\/wp.unil.ch\/labelettres\/wp-json\/wp\/v2\/posts"}],"about":[{"href":"https:\/\/wp.unil.ch\/labelettres\/wp-json\/wp\/v2\/types\/post"}],"author":[{"embeddable":true,"href":"https:\/\/wp.unil.ch\/labelettres\/wp-json\/wp\/v2\/users\/719"}],"replies":[{"embeddable":true,"href":"https:\/\/wp.unil.ch\/labelettres\/wp-json\/wp\/v2\/comments?post=10596"}],"version-history":[{"count":0,"href":"https:\/\/wp.unil.ch\/labelettres\/wp-json\/wp\/v2\/posts\/10596\/revisions"}],"wp:featuredmedia":[{"embeddable":true,"href":"https:\/\/wp.unil.ch\/labelettres\/wp-json\/wp\/v2\/media\/10591"}],"wp:attachment":[{"href":"https:\/\/wp.unil.ch\/labelettres\/wp-json\/wp\/v2\/media?parent=10596"}],"wp:term":[{"taxonomy":"category","embeddable":true,"href":"https:\/\/wp.unil.ch\/labelettres\/wp-json\/wp\/v2\/categories?post=10596"},{"taxonomy":"post_tag","embeddable":true,"href":"https:\/\/wp.unil.ch\/labelettres\/wp-json\/wp\/v2\/tags?post=10596"}],"curies":[{"name":"wp","href":"https:\/\/api.w.org\/{rel}","templated":true}]}}