{"id":10443,"date":"2021-05-04T09:07:24","date_gmt":"2021-05-04T07:07:24","guid":{"rendered":"https:\/\/wp.unil.ch\/labelettres\/?p=10443"},"modified":"2021-06-04T10:33:39","modified_gmt":"2021-06-04T08:33:39","slug":"jean-genet-romans-et-poemes","status":"publish","type":"post","link":"https:\/\/wp.unil.ch\/labelettres\/jean-genet-romans-et-poemes\/","title":{"rendered":"Jean Genet, Romans et po\u00e8mes"},"content":{"rendered":"<div class=\"su-row\">\n<div class=\"su-column su-column-size-2-3\"><div class=\"su-column-inner su-u-clearfix su-u-trim\"><strong>\u00c9dition critique des romans et po\u00e8mes de Jean Genet.<\/strong><\/p>\n<p><!--more--><\/p>\n<p>L\u2019apparition de Jean Genet dans le monde litt\u00e9raire fait figure de d\u00e9flagration. D\u00e9couvrant <em>Notre-Dame-des-Fleurs<\/em> en f\u00e9vrier 1943, Cocteau s\u2019exclame: \u00abc\u2019est le grand \u00e9v\u00e9nement de l\u2019\u00e9poque. Il me r\u00e9volte, me r\u00e9pugne et m\u2019\u00e9merveille.\u00bb<\/p>\n<p>Pr\u00e9par\u00e9e par Gilles Philippe (<a href=\"https:\/\/www.unil.ch\/fra\/home.html\" target=\"_blank\" rel=\"noopener\">Section de fran\u00e7ais<\/a>, <a href=\"https:\/\/www.unil.ch\/ciel\/home.html\" target=\"_blank\" rel=\"noopener\">Centre interdisciplinaire d\u2019\u00e9tude des litt\u00e9ratures<\/a>) et Emmanuelle Lambert, cette \u00e9dition rassemble les romans et les po\u00e8mes de Jean Genet au sein de la Biblioth\u00e8que de la Pl\u00e9iade qui compte d\u00e9j\u00e0 un volume consacr\u00e9 \u00e0 ses \u0153uvres th\u00e9\u00e2trales. Chaque \u0153uvre y est pr\u00e9sent\u00e9e, annot\u00e9e et accompagn\u00e9e de variantes et de documents.<\/p>\n<p>Les textes suivent ici les \u00e9ditions clandestines qui ont paru entre 1942 et 1949, et non les \u00e9ditions expurg\u00e9es, les seules auxquelles le public avait acc\u00e8s jusqu&rsquo;\u00e0 pr\u00e9sent.<\/p>\n<p>Gilles Philippe et Emmanuelle Lambert (\u00e9ds), <a href=\"https:\/\/www.la-pleiade.fr\/Catalogue\/GALLIMARD\/Bibliotheque-de-la-Pleiade\/Romans-et-poemes\" target=\"_blank\" rel=\"noopener\"><em>Jean Genet, Romans et Po\u00e8mes<\/em><\/a>, Paris, Gallimard, Biblioth\u00e8que de la Pl\u00e9iade, 2021.<\/p>\n<\/div><\/div>\n<div class=\"su-column su-column-size-1-3\"><div class=\"su-column-inner su-u-clearfix su-u-trim\"><img alt=\"\" loading=\"lazy\" decoding=\"async\" class=\"aligncenter wp-image-10445\" src=\"https:\/\/wp.unil.ch\/labelettres\/files\/2021\/05\/PHILIPPE_Genet_cover.jpg\" alt=\"\" width=\"300\" height=\"478\" srcset=\"https:\/\/wp.unil.ch\/labelettres\/files\/2021\/05\/PHILIPPE_Genet_cover.jpg 667w, https:\/\/wp.unil.ch\/labelettres\/files\/2021\/05\/PHILIPPE_Genet_cover-435x693.jpg 435w\" sizes=\"auto, (max-width: 300px) 100vw, 300px\" \/><\/div><\/div>\n<\/div>\n<div class=\"su-divider su-divider-style-default\" style=\"margin:15px 0;border-width:1px;border-color:#999999\"><\/div>\n<h6><strong>ON EN PARLE DANS LES M\u00c9DIAS<\/strong><\/h6>\n<ul>\n<li><a href=\"https:\/\/www.liberation.fr\/culture\/livres\/jean-genet-en-pleiade-remontee-a-la-source-des-editions-clandestines-20210424_Y7L3JHJQJRG2FGJWGHXYFFW7WY\/\" target=\"_blank\" rel=\"noopener\">Jean Genet en Pl\u00e9iade, remont\u00e9e \u00e0 la source des \u00e9ditions clandestines<\/a>, <em>Lib\u00e9ration<\/em>, 24.04.2021.<\/li>\n<li><a href=\"https:\/\/www.livreshebdo.fr\/article\/romans-et-poemes-genet-en-version-originale\" target=\"_blank\" rel=\"noopener\">Romans et po\u00e8mes: Genet, en version originale<\/a>, <i class=\"\">LivreHebdo<\/i>, 24.04.2021.<\/li>\n<li><a href=\"https:\/\/www.franceculture.fr\/emissions\/affaire-en-cours\/affaires-en-cours-du-jeudi-29-avril-2021\" target=\"_blank\" rel=\"noopener\">\u00ab\u00a0L&rsquo;ambigu\u00eft\u00e9 est la clef de l&rsquo;oeuvre de Genet\u00a0\u00bb<\/a>, \u00e9mission <i class=\"\">Affaire en cours<\/i>, France Culture, 29.04.2021.<\/li>\n<li><a href=\"https:\/\/www.marianne.net\/culture\/litterature\/entretien-jean-genet-a-cherche-un-salut-dans-la-litterature\" target=\"_blank\" rel=\"noopener\">Genet a cherch\u00e9 un salut dans la litt\u00e9rature<\/a>, \u00a0<i class=\"\">Marianne<\/i>, 30.04.2021.<\/li>\n<li><a href=\"https:\/\/www.lepoint.fr\/culture\/livres-quand-ce-diable-de-genet-reapparait-sur-papier-bible-30-04-2021-2424393_3.php\" target=\"_blank\" rel=\"noopener\">Quand ce diable de Genet r\u00e9appara\u00eet&#8230; sur papier bible<\/a>, <i class=\"\">Le Point<\/i>, 06.05.2021.<\/li>\n<li><a href=\"https:\/\/www.telerama.fr\/livres\/romans-et-poemes,n6873359.php\" target=\"_blank\" rel=\"noopener\">Romans et Po\u00e8mes. Jean Genet<\/a>,<i class=\"\">\u00a0T\u00e9l\u00e9rama<\/i>, 08.05.2021.<\/li>\n<\/ul>\n<div class=\"su-divider su-divider-style-default\" style=\"margin:15px 0;border-width:1px;border-color:#999999\"><\/div>\n<h6><strong>TOUTES LES NOTICES DE<\/strong><\/h6>\n<p><strong>Gilles Philippe<\/strong><\/p>\n\n\n<div class=\"su-posts su-posts-teaser-loop \">\n\n\t\t\t\t\t\t\n\t\t\t\n\t\t\t<div id=\"su-post-15754\" class=\"su-post \">\n\t\t\t\t\t\t\t\t\t<a class=\"su-post-thumbnail\" href=\"https:\/\/wp.unil.ch\/labelettres\/le-crime-de-sylvestre-bonnard-1879-1922-edition-numerique-comparative\/\"><img loading=\"lazy\" decoding=\"async\" width=\"595\" height=\"841\" src=\"https:\/\/wp.unil.ch\/labelettres\/files\/2025\/11\/2025-fra-variance-crime-couv.jpg\" class=\"attachment-post-thumbnail size-post-thumbnail wp-post-image\" alt=\"2025 fra variance crime couv\" srcset=\"https:\/\/wp.unil.ch\/labelettres\/files\/2025\/11\/2025-fra-variance-crime-couv.jpg 595w, https:\/\/wp.unil.ch\/labelettres\/files\/2025\/11\/2025-fra-variance-crime-couv-435x615.jpg 435w\" sizes=\"auto, (max-width: 595px) 100vw, 595px\" \/><\/a>\n\t\t\t\t\t\t\t\t<h2 class=\"su-post-title\"><a href=\"https:\/\/wp.unil.ch\/labelettres\/le-crime-de-sylvestre-bonnard-1879-1922-edition-numerique-comparative\/\">Le Crime de Sylvestre Bonnard (1879-1922). \u00c9dition num\u00e9rique comparative<\/a><\/h2>\n\t\t\t<\/div>\n\n\t\t\t\t\t\n\t\t\t\n\t\t\t<div id=\"su-post-12899\" class=\"su-post \">\n\t\t\t\t\t\t\t\t\t<a class=\"su-post-thumbnail\" href=\"https:\/\/wp.unil.ch\/labelettres\/une-certaine-gene-a-legard-du-style\/\"><img loading=\"lazy\" decoding=\"async\" width=\"774\" height=\"1200\" src=\"https:\/\/wp.unil.ch\/labelettres\/files\/2024\/04\/PHILIPPE_2024_gene_cover.jpg\" class=\"attachment-post-thumbnail size-post-thumbnail wp-post-image\" alt=\"\" srcset=\"https:\/\/wp.unil.ch\/labelettres\/files\/2024\/04\/PHILIPPE_2024_gene_cover.jpg 774w, https:\/\/wp.unil.ch\/labelettres\/files\/2024\/04\/PHILIPPE_2024_gene_cover-435x674.jpg 435w, https:\/\/wp.unil.ch\/labelettres\/files\/2024\/04\/PHILIPPE_2024_gene_cover-768x1191.jpg 768w\" sizes=\"auto, (max-width: 774px) 100vw, 774px\" \/><\/a>\n\t\t\t\t\t\t\t\t<h2 class=\"su-post-title\"><a href=\"https:\/\/wp.unil.ch\/labelettres\/une-certaine-gene-a-legard-du-style\/\">Une certaine g\u00eane \u00e0 l&rsquo;\u00e9gard du style<\/a><\/h2>\n\t\t\t<\/div>\n\n\t\t\t\t\t\n\t\t\t\n\t\t\t<div id=\"su-post-10443\" class=\"su-post \">\n\t\t\t\t\t\t\t\t\t<a class=\"su-post-thumbnail\" href=\"https:\/\/wp.unil.ch\/labelettres\/jean-genet-romans-et-poemes\/\"><img loading=\"lazy\" decoding=\"async\" width=\"667\" height=\"1063\" src=\"https:\/\/wp.unil.ch\/labelettres\/files\/2021\/05\/PHILIPPE_Genet_cover.jpg\" class=\"attachment-post-thumbnail size-post-thumbnail wp-post-image\" alt=\"\" srcset=\"https:\/\/wp.unil.ch\/labelettres\/files\/2021\/05\/PHILIPPE_Genet_cover.jpg 667w, https:\/\/wp.unil.ch\/labelettres\/files\/2021\/05\/PHILIPPE_Genet_cover-435x693.jpg 435w\" sizes=\"auto, (max-width: 667px) 100vw, 667px\" \/><\/a>\n\t\t\t\t\t\t\t\t<h2 class=\"su-post-title\"><a href=\"https:\/\/wp.unil.ch\/labelettres\/jean-genet-romans-et-poemes\/\">Jean Genet, Romans et po\u00e8mes<\/a><\/h2>\n\t\t\t<\/div>\n\n\t\t\t\t\t\n\t\t\t\n\t\t\t<div id=\"su-post-10420\" class=\"su-post \">\n\t\t\t\t\t\t\t\t\t<a class=\"su-post-thumbnail\" href=\"https:\/\/wp.unil.ch\/labelettres\/pourquoi-le-style-change-t-il\/\"><img loading=\"lazy\" decoding=\"async\" width=\"829\" height=\"1200\" src=\"https:\/\/wp.unil.ch\/labelettres\/files\/2021\/04\/PHILIPPE_style_coverv2.jpg\" class=\"attachment-post-thumbnail size-post-thumbnail wp-post-image\" alt=\"\" srcset=\"https:\/\/wp.unil.ch\/labelettres\/files\/2021\/04\/PHILIPPE_style_coverv2.jpg 829w, https:\/\/wp.unil.ch\/labelettres\/files\/2021\/04\/PHILIPPE_style_coverv2-435x630.jpg 435w, https:\/\/wp.unil.ch\/labelettres\/files\/2021\/04\/PHILIPPE_style_coverv2-768x1112.jpg 768w\" sizes=\"auto, (max-width: 829px) 100vw, 829px\" \/><\/a>\n\t\t\t\t\t\t\t\t<h2 class=\"su-post-title\"><a href=\"https:\/\/wp.unil.ch\/labelettres\/pourquoi-le-style-change-t-il\/\">Pourquoi le style change-t-il?<\/a><\/h2>\n\t\t\t<\/div>\n\n\t\t\t\t\t\n\t\t\t\n\t\t\t<div id=\"su-post-7575\" class=\"su-post \">\n\t\t\t\t\t\t\t\t\t<a class=\"su-post-thumbnail\" href=\"https:\/\/wp.unil.ch\/labelettres\/1980-lan-zero-du-monde-contemporain\/\"><img loading=\"lazy\" decoding=\"async\" width=\"826\" height=\"1200\" src=\"https:\/\/wp.unil.ch\/labelettres\/files\/2020\/04\/Edl_1980_cover.jpg\" class=\"attachment-post-thumbnail size-post-thumbnail wp-post-image\" alt=\"\" srcset=\"https:\/\/wp.unil.ch\/labelettres\/files\/2020\/04\/Edl_1980_cover.jpg 826w, https:\/\/wp.unil.ch\/labelettres\/files\/2020\/04\/Edl_1980_cover-435x632.jpg 435w, https:\/\/wp.unil.ch\/labelettres\/files\/2020\/04\/Edl_1980_cover-768x1116.jpg 768w\" sizes=\"auto, (max-width: 826px) 100vw, 826px\" \/><\/a>\n\t\t\t\t\t\t\t\t<h2 class=\"su-post-title\"><a href=\"https:\/\/wp.unil.ch\/labelettres\/1980-lan-zero-du-monde-contemporain\/\">1980: L&rsquo;an z\u00e9ro du monde contemporain?<\/a><\/h2>\n\t\t\t<\/div>\n\n\t\t\t\t\t\n\t\t\t\n\t\t\t<div id=\"su-post-6784\" class=\"su-post \">\n\t\t\t\t\t\t\t\t\t<a class=\"su-post-thumbnail\" href=\"https:\/\/wp.unil.ch\/labelettres\/c-f-ramuz-les-signes-parmi-nous\/\"><img loading=\"lazy\" decoding=\"async\" width=\"764\" height=\"1200\" src=\"https:\/\/wp.unil.ch\/labelettres\/files\/2019\/11\/Zoe_ColRamuz_SigneParmNous_102-1.jpg\" class=\"attachment-post-thumbnail size-post-thumbnail wp-post-image\" alt=\"\" srcset=\"https:\/\/wp.unil.ch\/labelettres\/files\/2019\/11\/Zoe_ColRamuz_SigneParmNous_102-1.jpg 764w, https:\/\/wp.unil.ch\/labelettres\/files\/2019\/11\/Zoe_ColRamuz_SigneParmNous_102-1-435x683.jpg 435w\" sizes=\"auto, (max-width: 764px) 100vw, 764px\" \/><\/a>\n\t\t\t\t\t\t\t\t<h2 class=\"su-post-title\"><a href=\"https:\/\/wp.unil.ch\/labelettres\/c-f-ramuz-les-signes-parmi-nous\/\">C. F. Ramuz, Les Signes parmi nous<\/a><\/h2>\n\t\t\t<\/div>\n\n\t\t\t\t\t\n\t\t\t\n\t\t\t<div id=\"su-post-3516\" class=\"su-post \">\n\t\t\t\t\t\t\t\t\t<a class=\"su-post-thumbnail\" href=\"https:\/\/wp.unil.ch\/labelettres\/le-style-indirect-libre-naissance-dune-categorie-1894-1914\/\"><img loading=\"lazy\" decoding=\"async\" width=\"414\" height=\"640\" src=\"https:\/\/wp.unil.ch\/labelettres\/files\/2018\/09\/LE_STYLE_INDIRECT_LIBRE_copie_1.jpg\" class=\"attachment-post-thumbnail size-post-thumbnail wp-post-image\" alt=\"\" \/><\/a>\n\t\t\t\t\t\t\t\t<h2 class=\"su-post-title\"><a href=\"https:\/\/wp.unil.ch\/labelettres\/le-style-indirect-libre-naissance-dune-categorie-1894-1914\/\">Le style indirect libre. Naissance d&rsquo;une cat\u00e9gorie (1894-1914)<\/a><\/h2>\n\t\t\t<\/div>\n\n\t\t\t\t\t\n\t\t\t\n\t\t\t<div id=\"su-post-1988\" class=\"su-post \">\n\t\t\t\t\t\t\t\t\t<a class=\"su-post-thumbnail\" href=\"https:\/\/wp.unil.ch\/labelettres\/adaptation-des-livres-aux-scenarios\/\"><img loading=\"lazy\" decoding=\"async\" width=\"865\" height=\"1200\" src=\"https:\/\/wp.unil.ch\/labelettres\/files\/2018\/02\/BOILLAT_AdaptationCOUVD_final_2.jpg\" class=\"attachment-post-thumbnail size-post-thumbnail wp-post-image\" alt=\"\" srcset=\"https:\/\/wp.unil.ch\/labelettres\/files\/2018\/02\/BOILLAT_AdaptationCOUVD_final_2.jpg 865w, https:\/\/wp.unil.ch\/labelettres\/files\/2018\/02\/BOILLAT_AdaptationCOUVD_final_2-435x603.jpg 435w, https:\/\/wp.unil.ch\/labelettres\/files\/2018\/02\/BOILLAT_AdaptationCOUVD_final_2-768x1065.jpg 768w\" sizes=\"auto, (max-width: 865px) 100vw, 865px\" \/><\/a>\n\t\t\t\t\t\t\t\t<h2 class=\"su-post-title\"><a href=\"https:\/\/wp.unil.ch\/labelettres\/adaptation-des-livres-aux-scenarios\/\">L&rsquo;Adaptation. Des livres aux sc\u00e9narios<\/a><\/h2>\n\t\t\t<\/div>\n\n\t\t\t\n<\/div>\n\n<div class=\"su-divider su-divider-style-default\" style=\"margin:15px 0;border-width:1px;border-color:#999999\"><\/div>\n","protected":false},"excerpt":{"rendered":"<p>\u00c9dition critique des romans et po\u00e8mes de Jean Genet.<\/p>\n","protected":false},"author":719,"featured_media":10445,"comment_status":"closed","ping_status":"closed","sticky":false,"template":"","format":"standard","meta":{"_seopress_robots_primary_cat":"","_seopress_titles_title":"","_seopress_titles_desc":"","_seopress_robots_index":"","footnotes":""},"categories":[3],"tags":[3057,1444,500,3044,3068,3045,962,1212],"class_list":{"0":"post-10443","1":"post","2":"type-post","3":"status-publish","4":"format-standard","5":"has-post-thumbnail","7":"category-langues-litteratures","8":"tag-3057","9":"tag-centre-interdisciplinaire-detude-des-litteratures","10":"tag-gilles-philippe","11":"tag-jean-genet","12":"tag-newsletter-28","13":"tag-poemes","14":"tag-romans","15":"tag-section-de-francais"},"_links":{"self":[{"href":"https:\/\/wp.unil.ch\/labelettres\/wp-json\/wp\/v2\/posts\/10443","targetHints":{"allow":["GET"]}}],"collection":[{"href":"https:\/\/wp.unil.ch\/labelettres\/wp-json\/wp\/v2\/posts"}],"about":[{"href":"https:\/\/wp.unil.ch\/labelettres\/wp-json\/wp\/v2\/types\/post"}],"author":[{"embeddable":true,"href":"https:\/\/wp.unil.ch\/labelettres\/wp-json\/wp\/v2\/users\/719"}],"replies":[{"embeddable":true,"href":"https:\/\/wp.unil.ch\/labelettres\/wp-json\/wp\/v2\/comments?post=10443"}],"version-history":[{"count":0,"href":"https:\/\/wp.unil.ch\/labelettres\/wp-json\/wp\/v2\/posts\/10443\/revisions"}],"wp:featuredmedia":[{"embeddable":true,"href":"https:\/\/wp.unil.ch\/labelettres\/wp-json\/wp\/v2\/media\/10445"}],"wp:attachment":[{"href":"https:\/\/wp.unil.ch\/labelettres\/wp-json\/wp\/v2\/media?parent=10443"}],"wp:term":[{"taxonomy":"category","embeddable":true,"href":"https:\/\/wp.unil.ch\/labelettres\/wp-json\/wp\/v2\/categories?post=10443"},{"taxonomy":"post_tag","embeddable":true,"href":"https:\/\/wp.unil.ch\/labelettres\/wp-json\/wp\/v2\/tags?post=10443"}],"curies":[{"name":"wp","href":"https:\/\/api.w.org\/{rel}","templated":true}]}}