{"id":10420,"date":"2021-04-27T15:33:20","date_gmt":"2021-04-27T13:33:20","guid":{"rendered":"https:\/\/wp.unil.ch\/labelettres\/?p=10420"},"modified":"2021-05-25T09:28:41","modified_gmt":"2021-05-25T07:28:41","slug":"pourquoi-le-style-change-t-il","status":"publish","type":"post","link":"https:\/\/wp.unil.ch\/labelettres\/pourquoi-le-style-change-t-il\/","title":{"rendered":"Pourquoi le style change-t-il?"},"content":{"rendered":"<div class=\"su-row\">\n<div class=\"su-column su-column-size-2-3\"><div class=\"su-column-inner su-u-clearfix su-u-trim\"><strong>Comment peut-on expliquer que le style litt\u00e9raire \u00e9volue au fil du temps?<\/strong><\/p>\n<p><!--more--><\/p>\n<p>Pourquoi le style change-t-il? Pourquoi les \u00e9crivains changent-ils de style? Ces questions ne se confondent pas avec leur possible variante: pourquoi Flaubert, Barr\u00e8s, Blanchot, Duras et tant d\u2019autres ont-ils chang\u00e9 de style?<\/p>\n<p>Ainsi formul\u00e9e, l&rsquo;interrogation n&rsquo;appellerait gu\u00e8re que des r\u00e9ponses \u00e9miett\u00e9es, qui se r\u00e9duiraient \u00e0 des s\u00e9ries de cas particuliers: certains auteurs ne changent gu\u00e8re de plume, et leurs pratiques restent stables; certains connaissent des p\u00e9riodes, et l\u2019\u00e9volution de leurs pratiques correspond \u00e0 une bascule dans leur \u0153uvre. Mais le fait est qu\u2019on n\u2019\u00e9crivait pas de la m\u00eame fa\u00e7on en 1850 et en 1900, en 1950 et en 2000. On n&rsquo;\u00e9crivait m\u00eame pas de la m\u00eame fa\u00e7on en 1860 et en 1880, en 1940 et en 1960\u2026<\/p>\n<p>Dans cet ouvrage, Gilles Philippe (<a href=\"https:\/\/www.unil.ch\/fra\/home.html\" target=\"_blank\" rel=\"noopener\">Section de fran\u00e7ais<\/a>) confronte les r\u00e9ponses qui ont parfois \u00e9t\u00e9 apport\u00e9es \u00e0 la question du changement stylistique; il en propose d\u2019autres: des r\u00e9ponses internes ou externes, esth\u00e9tiques ou sociales. Ce livre s\u2019articule autour de l\u2019usure des formes et du changement des sensibilit\u00e9s, en prenant appui sur quelques faits d\u2019\u00e9volution \u00e0 terme long (un si\u00e8cle) ou \u00e0 terme bref (dix ans) et sur de nombreux exemples emprunt\u00e9s \u00e0 la litt\u00e9rature de langue fran\u00e7aise depuis la seconde moiti\u00e9 du XIXe si\u00e8cle.<\/p>\n<p>Gilles Philippe, <a href=\"https:\/\/lesimpressionsnouvelles.com\/catalogue\/pourquoi-le-style-change-t-il\/\" target=\"_blank\" rel=\"noopener\"><em>Pourquoi le style change-t-il?<\/em><\/a>, Bruxelles, Les Impressions nouvelles, 2021.<\/p>\n<\/div><\/div>\n<div class=\"su-column su-column-size-1-3\"><div class=\"su-column-inner su-u-clearfix su-u-trim\"><img alt=\"\" loading=\"lazy\" decoding=\"async\" class=\"wp-image-10438 aligncenter\" src=\"https:\/\/wp.unil.ch\/labelettres\/files\/2021\/04\/PHILIPPE_style_coverv2.jpg\" alt=\"\" width=\"300\" height=\"434\" srcset=\"https:\/\/wp.unil.ch\/labelettres\/files\/2021\/04\/PHILIPPE_style_coverv2.jpg 829w, https:\/\/wp.unil.ch\/labelettres\/files\/2021\/04\/PHILIPPE_style_coverv2-435x630.jpg 435w, https:\/\/wp.unil.ch\/labelettres\/files\/2021\/04\/PHILIPPE_style_coverv2-768x1112.jpg 768w\" sizes=\"auto, (max-width: 300px) 100vw, 300px\" \/><\/div><\/div>\n<\/div>\n<div class=\"su-divider su-divider-style-default\" style=\"margin:15px 0;border-width:1px;border-color:#999999\"><\/div>\n<h6><strong>TOUTES LES NOTICES DE<\/strong><\/h6>\n<p><strong>Gilles Philippe<\/strong><\/p>\n\n\n<div class=\"su-posts su-posts-teaser-loop \">\n\n\t\t\t\t\t\t\n\t\t\t\n\t\t\t<div id=\"su-post-15754\" class=\"su-post \">\n\t\t\t\t\t\t\t\t\t<a class=\"su-post-thumbnail\" href=\"https:\/\/wp.unil.ch\/labelettres\/le-crime-de-sylvestre-bonnard-1879-1922-edition-numerique-comparative\/\"><img loading=\"lazy\" decoding=\"async\" width=\"595\" height=\"841\" src=\"https:\/\/wp.unil.ch\/labelettres\/files\/2025\/11\/2025-fra-variance-crime-couv.jpg\" class=\"attachment-post-thumbnail size-post-thumbnail wp-post-image\" alt=\"2025 fra variance crime couv\" srcset=\"https:\/\/wp.unil.ch\/labelettres\/files\/2025\/11\/2025-fra-variance-crime-couv.jpg 595w, https:\/\/wp.unil.ch\/labelettres\/files\/2025\/11\/2025-fra-variance-crime-couv-435x615.jpg 435w\" sizes=\"auto, (max-width: 595px) 100vw, 595px\" \/><\/a>\n\t\t\t\t\t\t\t\t<h2 class=\"su-post-title\"><a href=\"https:\/\/wp.unil.ch\/labelettres\/le-crime-de-sylvestre-bonnard-1879-1922-edition-numerique-comparative\/\">Le Crime de Sylvestre Bonnard (1879-1922). \u00c9dition num\u00e9rique comparative<\/a><\/h2>\n\t\t\t<\/div>\n\n\t\t\t\t\t\n\t\t\t\n\t\t\t<div id=\"su-post-12899\" class=\"su-post \">\n\t\t\t\t\t\t\t\t\t<a class=\"su-post-thumbnail\" href=\"https:\/\/wp.unil.ch\/labelettres\/une-certaine-gene-a-legard-du-style\/\"><img loading=\"lazy\" decoding=\"async\" width=\"774\" height=\"1200\" src=\"https:\/\/wp.unil.ch\/labelettres\/files\/2024\/04\/PHILIPPE_2024_gene_cover.jpg\" class=\"attachment-post-thumbnail size-post-thumbnail wp-post-image\" alt=\"\" srcset=\"https:\/\/wp.unil.ch\/labelettres\/files\/2024\/04\/PHILIPPE_2024_gene_cover.jpg 774w, https:\/\/wp.unil.ch\/labelettres\/files\/2024\/04\/PHILIPPE_2024_gene_cover-435x674.jpg 435w, https:\/\/wp.unil.ch\/labelettres\/files\/2024\/04\/PHILIPPE_2024_gene_cover-768x1191.jpg 768w\" sizes=\"auto, (max-width: 774px) 100vw, 774px\" \/><\/a>\n\t\t\t\t\t\t\t\t<h2 class=\"su-post-title\"><a href=\"https:\/\/wp.unil.ch\/labelettres\/une-certaine-gene-a-legard-du-style\/\">Une certaine g\u00eane \u00e0 l&rsquo;\u00e9gard du style<\/a><\/h2>\n\t\t\t<\/div>\n\n\t\t\t\t\t\n\t\t\t\n\t\t\t<div id=\"su-post-10443\" class=\"su-post \">\n\t\t\t\t\t\t\t\t\t<a class=\"su-post-thumbnail\" href=\"https:\/\/wp.unil.ch\/labelettres\/jean-genet-romans-et-poemes\/\"><img loading=\"lazy\" decoding=\"async\" width=\"667\" height=\"1063\" src=\"https:\/\/wp.unil.ch\/labelettres\/files\/2021\/05\/PHILIPPE_Genet_cover.jpg\" class=\"attachment-post-thumbnail size-post-thumbnail wp-post-image\" alt=\"\" srcset=\"https:\/\/wp.unil.ch\/labelettres\/files\/2021\/05\/PHILIPPE_Genet_cover.jpg 667w, https:\/\/wp.unil.ch\/labelettres\/files\/2021\/05\/PHILIPPE_Genet_cover-435x693.jpg 435w\" sizes=\"auto, (max-width: 667px) 100vw, 667px\" \/><\/a>\n\t\t\t\t\t\t\t\t<h2 class=\"su-post-title\"><a href=\"https:\/\/wp.unil.ch\/labelettres\/jean-genet-romans-et-poemes\/\">Jean Genet, Romans et po\u00e8mes<\/a><\/h2>\n\t\t\t<\/div>\n\n\t\t\t\t\t\n\t\t\t\n\t\t\t<div id=\"su-post-10420\" class=\"su-post \">\n\t\t\t\t\t\t\t\t\t<a class=\"su-post-thumbnail\" href=\"https:\/\/wp.unil.ch\/labelettres\/pourquoi-le-style-change-t-il\/\"><img loading=\"lazy\" decoding=\"async\" width=\"829\" height=\"1200\" src=\"https:\/\/wp.unil.ch\/labelettres\/files\/2021\/04\/PHILIPPE_style_coverv2.jpg\" class=\"attachment-post-thumbnail size-post-thumbnail wp-post-image\" alt=\"\" srcset=\"https:\/\/wp.unil.ch\/labelettres\/files\/2021\/04\/PHILIPPE_style_coverv2.jpg 829w, https:\/\/wp.unil.ch\/labelettres\/files\/2021\/04\/PHILIPPE_style_coverv2-435x630.jpg 435w, https:\/\/wp.unil.ch\/labelettres\/files\/2021\/04\/PHILIPPE_style_coverv2-768x1112.jpg 768w\" sizes=\"auto, (max-width: 829px) 100vw, 829px\" \/><\/a>\n\t\t\t\t\t\t\t\t<h2 class=\"su-post-title\"><a href=\"https:\/\/wp.unil.ch\/labelettres\/pourquoi-le-style-change-t-il\/\">Pourquoi le style change-t-il?<\/a><\/h2>\n\t\t\t<\/div>\n\n\t\t\t\t\t\n\t\t\t\n\t\t\t<div id=\"su-post-7575\" class=\"su-post \">\n\t\t\t\t\t\t\t\t\t<a class=\"su-post-thumbnail\" href=\"https:\/\/wp.unil.ch\/labelettres\/1980-lan-zero-du-monde-contemporain\/\"><img loading=\"lazy\" decoding=\"async\" width=\"826\" height=\"1200\" src=\"https:\/\/wp.unil.ch\/labelettres\/files\/2020\/04\/Edl_1980_cover.jpg\" class=\"attachment-post-thumbnail size-post-thumbnail wp-post-image\" alt=\"\" srcset=\"https:\/\/wp.unil.ch\/labelettres\/files\/2020\/04\/Edl_1980_cover.jpg 826w, https:\/\/wp.unil.ch\/labelettres\/files\/2020\/04\/Edl_1980_cover-435x632.jpg 435w, https:\/\/wp.unil.ch\/labelettres\/files\/2020\/04\/Edl_1980_cover-768x1116.jpg 768w\" sizes=\"auto, (max-width: 826px) 100vw, 826px\" \/><\/a>\n\t\t\t\t\t\t\t\t<h2 class=\"su-post-title\"><a href=\"https:\/\/wp.unil.ch\/labelettres\/1980-lan-zero-du-monde-contemporain\/\">1980: L&rsquo;an z\u00e9ro du monde contemporain?<\/a><\/h2>\n\t\t\t<\/div>\n\n\t\t\t\t\t\n\t\t\t\n\t\t\t<div id=\"su-post-6784\" class=\"su-post \">\n\t\t\t\t\t\t\t\t\t<a class=\"su-post-thumbnail\" href=\"https:\/\/wp.unil.ch\/labelettres\/c-f-ramuz-les-signes-parmi-nous\/\"><img loading=\"lazy\" decoding=\"async\" width=\"764\" height=\"1200\" src=\"https:\/\/wp.unil.ch\/labelettres\/files\/2019\/11\/Zoe_ColRamuz_SigneParmNous_102-1.jpg\" class=\"attachment-post-thumbnail size-post-thumbnail wp-post-image\" alt=\"\" srcset=\"https:\/\/wp.unil.ch\/labelettres\/files\/2019\/11\/Zoe_ColRamuz_SigneParmNous_102-1.jpg 764w, https:\/\/wp.unil.ch\/labelettres\/files\/2019\/11\/Zoe_ColRamuz_SigneParmNous_102-1-435x683.jpg 435w\" sizes=\"auto, (max-width: 764px) 100vw, 764px\" \/><\/a>\n\t\t\t\t\t\t\t\t<h2 class=\"su-post-title\"><a href=\"https:\/\/wp.unil.ch\/labelettres\/c-f-ramuz-les-signes-parmi-nous\/\">C. F. Ramuz, Les Signes parmi nous<\/a><\/h2>\n\t\t\t<\/div>\n\n\t\t\t\t\t\n\t\t\t\n\t\t\t<div id=\"su-post-3516\" class=\"su-post \">\n\t\t\t\t\t\t\t\t\t<a class=\"su-post-thumbnail\" href=\"https:\/\/wp.unil.ch\/labelettres\/le-style-indirect-libre-naissance-dune-categorie-1894-1914\/\"><img loading=\"lazy\" decoding=\"async\" width=\"414\" height=\"640\" src=\"https:\/\/wp.unil.ch\/labelettres\/files\/2018\/09\/LE_STYLE_INDIRECT_LIBRE_copie_1.jpg\" class=\"attachment-post-thumbnail size-post-thumbnail wp-post-image\" alt=\"\" \/><\/a>\n\t\t\t\t\t\t\t\t<h2 class=\"su-post-title\"><a href=\"https:\/\/wp.unil.ch\/labelettres\/le-style-indirect-libre-naissance-dune-categorie-1894-1914\/\">Le style indirect libre. Naissance d&rsquo;une cat\u00e9gorie (1894-1914)<\/a><\/h2>\n\t\t\t<\/div>\n\n\t\t\t\t\t\n\t\t\t\n\t\t\t<div id=\"su-post-1988\" class=\"su-post \">\n\t\t\t\t\t\t\t\t\t<a class=\"su-post-thumbnail\" href=\"https:\/\/wp.unil.ch\/labelettres\/adaptation-des-livres-aux-scenarios\/\"><img loading=\"lazy\" decoding=\"async\" width=\"865\" height=\"1200\" src=\"https:\/\/wp.unil.ch\/labelettres\/files\/2018\/02\/BOILLAT_AdaptationCOUVD_final_2.jpg\" class=\"attachment-post-thumbnail size-post-thumbnail wp-post-image\" alt=\"\" srcset=\"https:\/\/wp.unil.ch\/labelettres\/files\/2018\/02\/BOILLAT_AdaptationCOUVD_final_2.jpg 865w, https:\/\/wp.unil.ch\/labelettres\/files\/2018\/02\/BOILLAT_AdaptationCOUVD_final_2-435x603.jpg 435w, https:\/\/wp.unil.ch\/labelettres\/files\/2018\/02\/BOILLAT_AdaptationCOUVD_final_2-768x1065.jpg 768w\" sizes=\"auto, (max-width: 865px) 100vw, 865px\" \/><\/a>\n\t\t\t\t\t\t\t\t<h2 class=\"su-post-title\"><a href=\"https:\/\/wp.unil.ch\/labelettres\/adaptation-des-livres-aux-scenarios\/\">L&rsquo;Adaptation. Des livres aux sc\u00e9narios<\/a><\/h2>\n\t\t\t<\/div>\n\n\t\t\t\n<\/div>\n\n<div class=\"su-divider su-divider-style-default\" style=\"margin:15px 0;border-width:1px;border-color:#999999\"><\/div>\n","protected":false},"excerpt":{"rendered":"<p>Comment peut-on expliquer que le style litt\u00e9raire \u00e9volue au fil du temps?<\/p>\n","protected":false},"author":719,"featured_media":10438,"comment_status":"closed","ping_status":"closed","sticky":false,"template":"","format":"standard","meta":{"_seopress_robots_primary_cat":"","_seopress_titles_title":"","_seopress_titles_desc":"","_seopress_robots_index":"","footnotes":""},"categories":[3],"tags":[3057,1376,1444,3041,1005,1948,3042,500,3040,3043,1212,423],"class_list":{"0":"post-10420","1":"post","2":"type-post","3":"status-publish","4":"format-standard","5":"has-post-thumbnail","7":"category-langues-litteratures","8":"tag-3057","9":"tag-centre-de-linguistique-et-des-sciences-du-langage","10":"tag-centre-interdisciplinaire-detude-des-litteratures","11":"tag-changement","12":"tag-ecriture","13":"tag-ecrivains","14":"tag-evolution","15":"tag-gilles-philippe","16":"tag-langue-litteraire","17":"tag-newsletter-27","18":"tag-section-de-francais","19":"tag-style"},"_links":{"self":[{"href":"https:\/\/wp.unil.ch\/labelettres\/wp-json\/wp\/v2\/posts\/10420","targetHints":{"allow":["GET"]}}],"collection":[{"href":"https:\/\/wp.unil.ch\/labelettres\/wp-json\/wp\/v2\/posts"}],"about":[{"href":"https:\/\/wp.unil.ch\/labelettres\/wp-json\/wp\/v2\/types\/post"}],"author":[{"embeddable":true,"href":"https:\/\/wp.unil.ch\/labelettres\/wp-json\/wp\/v2\/users\/719"}],"replies":[{"embeddable":true,"href":"https:\/\/wp.unil.ch\/labelettres\/wp-json\/wp\/v2\/comments?post=10420"}],"version-history":[{"count":0,"href":"https:\/\/wp.unil.ch\/labelettres\/wp-json\/wp\/v2\/posts\/10420\/revisions"}],"wp:featuredmedia":[{"embeddable":true,"href":"https:\/\/wp.unil.ch\/labelettres\/wp-json\/wp\/v2\/media\/10438"}],"wp:attachment":[{"href":"https:\/\/wp.unil.ch\/labelettres\/wp-json\/wp\/v2\/media?parent=10420"}],"wp:term":[{"taxonomy":"category","embeddable":true,"href":"https:\/\/wp.unil.ch\/labelettres\/wp-json\/wp\/v2\/categories?post=10420"},{"taxonomy":"post_tag","embeddable":true,"href":"https:\/\/wp.unil.ch\/labelettres\/wp-json\/wp\/v2\/tags?post=10420"}],"curies":[{"name":"wp","href":"https:\/\/api.w.org\/{rel}","templated":true}]}}