{"id":10366,"date":"2021-04-26T08:56:31","date_gmt":"2021-04-26T06:56:31","guid":{"rendered":"https:\/\/wp.unil.ch\/labelettres\/?p=10366"},"modified":"2021-05-25T09:31:57","modified_gmt":"2021-05-25T07:31:57","slug":"robert-walser-vie-de-poete","status":"publish","type":"post","link":"https:\/\/wp.unil.ch\/labelettres\/robert-walser-vie-de-poete\/","title":{"rendered":"Robert Walser : Vie de po\u00e8te"},"content":{"rendered":"<div class=\"su-row\">\n<div class=\"su-column su-column-size-2-3\"><div class=\"su-column-inner su-u-clearfix su-u-trim\"><strong>Une vie en vingt-cinq mouvements litt\u00e9raires.<\/strong><\/p>\n<p><!--more--><\/p>\n<p>\u00abJe le consid\u00e8re comme le meilleur, le plus lumineux, le plus po\u00e9tique de tous mes livres jusqu&rsquo;ici\u00bb, \u00e9crit Robert Walser \u00e0 son \u00e9diteur lorsqu\u2019en 1917, il lui pr\u00e9sente Vie de po\u00e8te: vingt-cinq proses br\u00e8ves o\u00f9 se c\u00f4toient les figures du m\u00e9c\u00e8ne et du critique, plusieurs portraits f\u00e9minins, H\u00f6lderlin aussi, et puis la grande route, la for\u00eat, les contes, un po\u00eale ou un bouton de chemise\u2026 Ce recueil dessine la biographie \u00e9clat\u00e9e d\u2019un po\u00e8te, qui laisse entrevoir celle de Walser lui-m\u00eame.<\/p>\n<p>Le lecteur francophone d\u00e9couvre ces 25 textes traduits par Marion Graf, accompagn\u00e9s d\u2019une postface de Peter Utz (<a href=\"https:\/\/www.unil.ch\/all\/fr\/home.html\" target=\"_blank\" rel=\"noopener\">Section d\u2019allemand<\/a>), dans cette \u00e9dition au format de poche qui para\u00eet simultan\u00e9ment \u00e0 une nouvelle \u00e9dition en langue originale (<em><a href=\"https:\/\/wp.unil.ch\/labelettres\/?p=10364&amp;preview=true\" target=\"_blank\" rel=\"noopener\">Robert Walser: Poetenleben<\/a><\/em>).<\/p>\n<p><a href=\"https:\/\/www.editionszoe.ch\/livre\/vie-de-poete-2\" target=\"_blank\" rel=\"noopener\"><em>Robert Walser : Vie de po\u00e8te<\/em><\/a>, traduit de l&rsquo;allemand par Marion Graf, postface de Peter Utz, Ch\u00eane-Bourg, \u00c9ditions Zo\u00e9, 2021.<\/p>\n<\/div><\/div>\n<div class=\"su-column su-column-size-1-3\"><div class=\"su-column-inner su-u-clearfix su-u-trim\"><img alt=\"\" loading=\"lazy\" decoding=\"async\" class=\"aligncenter wp-image-10357\" src=\"https:\/\/wp.unil.ch\/labelettres\/files\/2021\/04\/UTZ_Walser_Vie_cover.jpg\" alt=\"\" width=\"300\" height=\"471\" srcset=\"https:\/\/wp.unil.ch\/labelettres\/files\/2021\/04\/UTZ_Walser_Vie_cover.jpg 500w, https:\/\/wp.unil.ch\/labelettres\/files\/2021\/04\/UTZ_Walser_Vie_cover-435x683.jpg 435w\" sizes=\"auto, (max-width: 300px) 100vw, 300px\" \/><\/div><\/div>\n<\/div>\n<div class=\"su-divider su-divider-style-default\" style=\"margin:15px 0;border-width:1px;border-color:#999999\"><\/div>\n<h6><strong>PROJET DE RECHERCHE ASSOCI\u00c9<\/strong><\/h6>\n<ul>\n<li><a href=\"https:\/\/www.unil.ch\/all\/fr\/home\/menuinst\/forschung\/neuere-deutsche-literatur.html#robert-walser\" target=\"_blank\" rel=\"noopener\">Robert Walser<\/a><\/li>\n<\/ul>\n<div class=\"su-divider su-divider-style-default\" style=\"margin:15px 0;border-width:1px;border-color:#999999\"><\/div>\n<h6><strong>ON EN PARLE DANS LES M\u00c9DIAS<\/strong><\/h6>\n<ul>\n<li><a href=\"https:\/\/www.la-croix.com\/Culture\/Vie-poete-lexistence-retrait-Robert-Walser-2021-04-11-1201150365\" target=\"_blank\" rel=\"noopener\">\u00abVie de po\u00e8te\u00bb: l&rsquo;existence en retrait de Robert Walser<\/a>, <em>La Croix<\/em>, 11.04.2021.<\/li>\n<li><a href=\"https:\/\/www.lefigaro.fr\/livres\/robert-walser-le-promeneur-insouciant-20210421\" target=\"_blank\" rel=\"noopener\">Robert Walser, le promeneur insouciant<\/a>, <em>Le Figaro<\/em>, 21.04.2021.<\/li>\n<li>Il faut imaginer Robert Walser heureux, <em>L&rsquo;Arche<\/em>, mai-juin 2021.<\/li>\n<li>Valse avec Robert, <em>Le matricule des anges<\/em>, avril 2021.<\/li>\n<\/ul>\n<div class=\"su-divider su-divider-style-default\" style=\"margin:15px 0;border-width:1px;border-color:#999999\"><\/div>\n<h6><strong>TOUTES LES NOTICES DE<\/strong><\/h6>\n<p><a href=\"https:\/\/applicationspub.unil.ch\/interpub\/noauth\/php\/Un\/UnPers.php?PerNum=4053&amp;LanCode=37\" target=\"_blank\" rel=\"noopener\"><strong>Peter Utz<\/strong><\/a><\/p>\n\n\n<div class=\"su-posts su-posts-teaser-loop \">\n\n\t\t\t\t\t\t\n\t\t\t\n\t\t\t<div id=\"su-post-15680\" class=\"su-post \">\n\t\t\t\t\t\t\t\t\t<a class=\"su-post-thumbnail\" href=\"https:\/\/wp.unil.ch\/labelettres\/mr-feuilleton-josef-viktor-widmann\/\"><img loading=\"lazy\" decoding=\"async\" width=\"909\" height=\"1300\" src=\"https:\/\/wp.unil.ch\/labelettres\/files\/2025\/11\/2025-all-widmann-couv.png\" class=\"attachment-post-thumbnail size-post-thumbnail wp-post-image\" alt=\"2025 all widmann couv\" srcset=\"https:\/\/wp.unil.ch\/labelettres\/files\/2025\/11\/2025-all-widmann-couv.png 909w, https:\/\/wp.unil.ch\/labelettres\/files\/2025\/11\/2025-all-widmann-couv-435x622.png 435w, https:\/\/wp.unil.ch\/labelettres\/files\/2025\/11\/2025-all-widmann-couv-768x1098.png 768w\" sizes=\"auto, (max-width: 909px) 100vw, 909px\" \/><\/a>\n\t\t\t\t\t\t\t\t<h2 class=\"su-post-title\"><a href=\"https:\/\/wp.unil.ch\/labelettres\/mr-feuilleton-josef-viktor-widmann\/\">Mr. Feuilleton: Josef Viktor Widmann<\/a><\/h2>\n\t\t\t<\/div>\n\n\t\t\t\t\t\n\t\t\t\n\t\t\t<div id=\"su-post-15673\" class=\"su-post \">\n\t\t\t\t\t\t\t\t\t<a class=\"su-post-thumbnail\" href=\"https:\/\/wp.unil.ch\/labelettres\/robert-walser-feuilletons\/\"><img loading=\"lazy\" decoding=\"async\" width=\"734\" height=\"1200\" src=\"https:\/\/wp.unil.ch\/labelettres\/files\/2025\/11\/2025-all-walser-une-couv.jpg\" class=\"attachment-post-thumbnail size-post-thumbnail wp-post-image\" alt=\"2025 all walser une couv\" srcset=\"https:\/\/wp.unil.ch\/labelettres\/files\/2025\/11\/2025-all-walser-une-couv.jpg 734w, https:\/\/wp.unil.ch\/labelettres\/files\/2025\/11\/2025-all-walser-une-couv-435x711.jpg 435w\" sizes=\"auto, (max-width: 734px) 100vw, 734px\" \/><\/a>\n\t\t\t\t\t\t\t\t<h2 class=\"su-post-title\"><a href=\"https:\/\/wp.unil.ch\/labelettres\/robert-walser-feuilletons\/\">Robert Walser: Feuilletons<\/a><\/h2>\n\t\t\t<\/div>\n\n\t\t\t\t\t\n\t\t\t\n\t\t\t<div id=\"su-post-13132\" class=\"su-post \">\n\t\t\t\t\t\t\t\t\t<a class=\"su-post-thumbnail\" href=\"https:\/\/wp.unil.ch\/labelettres\/robert-walser-la-buveuse-de-larmes\/\"><img loading=\"lazy\" decoding=\"async\" width=\"500\" height=\"744\" src=\"https:\/\/wp.unil.ch\/labelettres\/files\/2024\/07\/UTZ_2024_Walser_cover.png\" class=\"attachment-post-thumbnail size-post-thumbnail wp-post-image\" alt=\"\" srcset=\"https:\/\/wp.unil.ch\/labelettres\/files\/2024\/07\/UTZ_2024_Walser_cover.png 500w, https:\/\/wp.unil.ch\/labelettres\/files\/2024\/07\/UTZ_2024_Walser_cover-435x647.png 435w\" sizes=\"auto, (max-width: 500px) 100vw, 500px\" \/><\/a>\n\t\t\t\t\t\t\t\t<h2 class=\"su-post-title\"><a href=\"https:\/\/wp.unil.ch\/labelettres\/robert-walser-la-buveuse-de-larmes\/\">Robert Walser : La buveuse de larmes<\/a><\/h2>\n\t\t\t<\/div>\n\n\t\t\t\t\t\n\t\t\t\n\t\t\t<div id=\"su-post-11845\" class=\"su-post \">\n\t\t\t\t\t\t\t\t\t<a class=\"su-post-thumbnail\" href=\"https:\/\/wp.unil.ch\/labelettres\/robert-walser-jakob-von-gunten\/\"><img loading=\"lazy\" decoding=\"async\" width=\"714\" height=\"1200\" src=\"https:\/\/wp.unil.ch\/labelettres\/files\/2022\/09\/UTZ_2022_Walser_cover.jpg\" class=\"attachment-post-thumbnail size-post-thumbnail wp-post-image\" alt=\"\" srcset=\"https:\/\/wp.unil.ch\/labelettres\/files\/2022\/09\/UTZ_2022_Walser_cover.jpg 714w, https:\/\/wp.unil.ch\/labelettres\/files\/2022\/09\/UTZ_2022_Walser_cover-435x731.jpg 435w\" sizes=\"auto, (max-width: 714px) 100vw, 714px\" \/><\/a>\n\t\t\t\t\t\t\t\t<h2 class=\"su-post-title\"><a href=\"https:\/\/wp.unil.ch\/labelettres\/robert-walser-jakob-von-gunten\/\">Robert Walser: Jakob von Gunten<\/a><\/h2>\n\t\t\t<\/div>\n\n\t\t\t\t\t\n\t\t\t\n\t\t\t<div id=\"su-post-10362\" class=\"su-post \">\n\t\t\t\t\t\t\t\t\t<a class=\"su-post-thumbnail\" href=\"https:\/\/wp.unil.ch\/labelettres\/carl-seelig-promenades-avec-robert-walser\/\"><img loading=\"lazy\" decoding=\"async\" width=\"500\" height=\"739\" src=\"https:\/\/wp.unil.ch\/labelettres\/files\/2021\/04\/UTZ_Seelig_Promenades_cover.jpg\" class=\"attachment-post-thumbnail size-post-thumbnail wp-post-image\" alt=\"\" srcset=\"https:\/\/wp.unil.ch\/labelettres\/files\/2021\/04\/UTZ_Seelig_Promenades_cover.jpg 500w, https:\/\/wp.unil.ch\/labelettres\/files\/2021\/04\/UTZ_Seelig_Promenades_cover-435x643.jpg 435w\" sizes=\"auto, (max-width: 500px) 100vw, 500px\" \/><\/a>\n\t\t\t\t\t\t\t\t<h2 class=\"su-post-title\"><a href=\"https:\/\/wp.unil.ch\/labelettres\/carl-seelig-promenades-avec-robert-walser\/\">Carl Seelig: Promenades avec Robert Walser<\/a><\/h2>\n\t\t\t<\/div>\n\n\t\t\t\t\t\n\t\t\t\n\t\t\t<div id=\"su-post-10360\" class=\"su-post \">\n\t\t\t\t\t\t\t\t\t<a class=\"su-post-thumbnail\" href=\"https:\/\/wp.unil.ch\/labelettres\/carl-seelig-wanderungen-mit-robert-walser\/\"><img loading=\"lazy\" decoding=\"async\" width=\"403\" height=\"640\" src=\"https:\/\/wp.unil.ch\/labelettres\/files\/2021\/04\/UTZ_Seelig_Wanderungen_cover.jpg\" class=\"attachment-post-thumbnail size-post-thumbnail wp-post-image\" alt=\"\" \/><\/a>\n\t\t\t\t\t\t\t\t<h2 class=\"su-post-title\"><a href=\"https:\/\/wp.unil.ch\/labelettres\/carl-seelig-wanderungen-mit-robert-walser\/\">Carl Seelig: Wanderungen mit Robert Walser<\/a><\/h2>\n\t\t\t<\/div>\n\n\t\t\t\t\t\n\t\t\t\n\t\t\t<div id=\"su-post-10366\" class=\"su-post \">\n\t\t\t\t\t\t\t\t\t<a class=\"su-post-thumbnail\" href=\"https:\/\/wp.unil.ch\/labelettres\/robert-walser-vie-de-poete\/\"><img loading=\"lazy\" decoding=\"async\" width=\"500\" height=\"785\" src=\"https:\/\/wp.unil.ch\/labelettres\/files\/2021\/04\/UTZ_Walser_Vie_cover.jpg\" class=\"attachment-post-thumbnail size-post-thumbnail wp-post-image\" alt=\"\" srcset=\"https:\/\/wp.unil.ch\/labelettres\/files\/2021\/04\/UTZ_Walser_Vie_cover.jpg 500w, https:\/\/wp.unil.ch\/labelettres\/files\/2021\/04\/UTZ_Walser_Vie_cover-435x683.jpg 435w\" sizes=\"auto, (max-width: 500px) 100vw, 500px\" \/><\/a>\n\t\t\t\t\t\t\t\t<h2 class=\"su-post-title\"><a href=\"https:\/\/wp.unil.ch\/labelettres\/robert-walser-vie-de-poete\/\">Robert Walser : Vie de po\u00e8te<\/a><\/h2>\n\t\t\t<\/div>\n\n\t\t\t\t\t\n\t\t\t\n\t\t\t<div id=\"su-post-10364\" class=\"su-post \">\n\t\t\t\t\t\t\t\t\t<a class=\"su-post-thumbnail\" href=\"https:\/\/wp.unil.ch\/labelettres\/robert-walser-poetenleben\/\"><img loading=\"lazy\" decoding=\"async\" width=\"381\" height=\"640\" src=\"https:\/\/wp.unil.ch\/labelettres\/files\/2021\/04\/UTZ_Poetenleben_cover.jpg\" class=\"attachment-post-thumbnail size-post-thumbnail wp-post-image\" alt=\"\" \/><\/a>\n\t\t\t\t\t\t\t\t<h2 class=\"su-post-title\"><a href=\"https:\/\/wp.unil.ch\/labelettres\/robert-walser-poetenleben\/\">Robert Walser: Poetenleben<\/a><\/h2>\n\t\t\t<\/div>\n\n\t\t\t\t\t\n\t\t\t\n\t\t\t<div id=\"su-post-9058\" class=\"su-post \">\n\t\t\t\t\t\t\t\t\t<a class=\"su-post-thumbnail\" href=\"https:\/\/wp.unil.ch\/labelettres\/robert-walser-fritz-kochers-aufsatze\/\"><img loading=\"lazy\" decoding=\"async\" width=\"381\" height=\"640\" src=\"https:\/\/wp.unil.ch\/labelettres\/files\/2020\/10\/Walser_FritzKochers-Aufsatze.jpg\" class=\"attachment-post-thumbnail size-post-thumbnail wp-post-image\" alt=\"\" \/><\/a>\n\t\t\t\t\t\t\t\t<h2 class=\"su-post-title\"><a href=\"https:\/\/wp.unil.ch\/labelettres\/robert-walser-fritz-kochers-aufsatze\/\">Robert Walser: Fritz Kocher&rsquo;s Aufs\u00e4tze<\/a><\/h2>\n\t\t\t<\/div>\n\n\t\t\t\t\t\n\t\t\t\n\t\t\t<div id=\"su-post-4629\" class=\"su-post \">\n\t\t\t\t\t\t\t\t\t<a class=\"su-post-thumbnail\" href=\"https:\/\/wp.unil.ch\/labelettres\/robert-walser-briefe\/\"><img loading=\"lazy\" decoding=\"async\" width=\"381\" height=\"640\" src=\"https:\/\/wp.unil.ch\/labelettres\/files\/2018\/11\/UTZ_Walser_Briefe_couv.jpg\" class=\"attachment-post-thumbnail size-post-thumbnail wp-post-image\" alt=\"\" \/><\/a>\n\t\t\t\t\t\t\t\t<h2 class=\"su-post-title\"><a href=\"https:\/\/wp.unil.ch\/labelettres\/robert-walser-briefe\/\">Robert Walser : Briefe<\/a><\/h2>\n\t\t\t<\/div>\n\n\t\t\t\t\t\n\t\t\t\n\t\t\t<div id=\"su-post-4604\" class=\"su-post \">\n\t\t\t\t\t\t\t\t\t<a class=\"su-post-thumbnail\" href=\"https:\/\/wp.unil.ch\/labelettres\/tanz-auf-den-randern-robert-walsers-jetztzeitstil\/\"><img loading=\"lazy\" decoding=\"async\" width=\"378\" height=\"640\" src=\"https:\/\/wp.unil.ch\/labelettres\/files\/2018\/11\/UTZ_Tanz_2018_couv.jpg\" class=\"attachment-post-thumbnail size-post-thumbnail wp-post-image\" alt=\"\" \/><\/a>\n\t\t\t\t\t\t\t\t<h2 class=\"su-post-title\"><a href=\"https:\/\/wp.unil.ch\/labelettres\/tanz-auf-den-randern-robert-walsers-jetztzeitstil\/\">Tanz auf den R\u00e4ndern. Robert Walsers \u00ab\u00a0Jetztzeitstil\u00a0\u00bb<\/a><\/h2>\n\t\t\t<\/div>\n\n\t\t\t\t\t\n\t\t\t\n\t\t\t<div id=\"su-post-518\" class=\"su-post \">\n\t\t\t\t\t\t\t\t\t<a class=\"su-post-thumbnail\" href=\"https:\/\/wp.unil.ch\/labelettres\/culture-de-la-catastrophe-les-litteratures-suisses-face-aux-cataclysmes\/\"><img loading=\"lazy\" decoding=\"async\" width=\"800\" height=\"1200\" src=\"https:\/\/wp.unil.ch\/labelettres\/files\/2017\/09\/Utz_Catastrophe_101.jpg\" class=\"attachment-post-thumbnail size-post-thumbnail wp-post-image\" alt=\"\" srcset=\"https:\/\/wp.unil.ch\/labelettres\/files\/2017\/09\/Utz_Catastrophe_101.jpg 800w, https:\/\/wp.unil.ch\/labelettres\/files\/2017\/09\/Utz_Catastrophe_101-435x653.jpg 435w, https:\/\/wp.unil.ch\/labelettres\/files\/2017\/09\/Utz_Catastrophe_101-200x300.jpg 200w, https:\/\/wp.unil.ch\/labelettres\/files\/2017\/09\/Utz_Catastrophe_101-768x1152.jpg 768w, https:\/\/wp.unil.ch\/labelettres\/files\/2017\/09\/Utz_Catastrophe_101-683x1024.jpg 683w\" sizes=\"auto, (max-width: 800px) 100vw, 800px\" \/><\/a>\n\t\t\t\t\t\t\t\t<h2 class=\"su-post-title\"><a href=\"https:\/\/wp.unil.ch\/labelettres\/culture-de-la-catastrophe-les-litteratures-suisses-face-aux-cataclysmes\/\">Culture de la catastrophe. Les litt\u00e9ratures suisses face aux cataclysmes<\/a><\/h2>\n\t\t\t<\/div>\n\n\t\t\t\t\t\n\t\t\t\n\t\t\t<div id=\"su-post-1459\" class=\"su-post \">\n\t\t\t\t\t\t\t\t\t<a class=\"su-post-thumbnail\" href=\"https:\/\/wp.unil.ch\/labelettres\/nachreife-des-fremden-wortes-holderlins-halfte-des-lebens-und-die-poetik-des-ubersetzens\/\"><img loading=\"lazy\" decoding=\"async\" width=\"773\" height=\"1200\" src=\"https:\/\/wp.unil.ch\/labelettres\/files\/2017\/11\/UTZ_Peter_Nachreife.jpg\" class=\"attachment-post-thumbnail size-post-thumbnail wp-post-image\" alt=\"\" srcset=\"https:\/\/wp.unil.ch\/labelettres\/files\/2017\/11\/UTZ_Peter_Nachreife.jpg 773w, https:\/\/wp.unil.ch\/labelettres\/files\/2017\/11\/UTZ_Peter_Nachreife-435x675.jpg 435w, https:\/\/wp.unil.ch\/labelettres\/files\/2017\/11\/UTZ_Peter_Nachreife-193x300.jpg 193w, https:\/\/wp.unil.ch\/labelettres\/files\/2017\/11\/UTZ_Peter_Nachreife-768x1192.jpg 768w, https:\/\/wp.unil.ch\/labelettres\/files\/2017\/11\/UTZ_Peter_Nachreife-660x1024.jpg 660w\" sizes=\"auto, (max-width: 773px) 100vw, 773px\" \/><\/a>\n\t\t\t\t\t\t\t\t<h2 class=\"su-post-title\"><a href=\"https:\/\/wp.unil.ch\/labelettres\/nachreife-des-fremden-wortes-holderlins-halfte-des-lebens-und-die-poetik-des-ubersetzens\/\">\u00ab\u00a0Nachreife des fremden Wortes\u00a0\u00bb\u00a0: H\u00f6lderlins \u00ab\u00a0H\u00e4lfte des Lebens\u00a0\u00bb und die Poetik des \u00dcbersetzens<\/a><\/h2>\n\t\t\t<\/div>\n\n\t\t\t\t\t\n\t\t\t\n\t\t\t<div id=\"su-post-4639\" class=\"su-post \">\n\t\t\t\t\t\t\t\t\t<a class=\"su-post-thumbnail\" href=\"https:\/\/wp.unil.ch\/labelettres\/robert-walser-lettres-de-1897-a-1949\/\"><img loading=\"lazy\" decoding=\"async\" width=\"500\" height=\"750\" src=\"https:\/\/wp.unil.ch\/labelettres\/files\/2018\/11\/WALSER_lettres_couv.png\" class=\"attachment-post-thumbnail size-post-thumbnail wp-post-image\" alt=\"\" srcset=\"https:\/\/wp.unil.ch\/labelettres\/files\/2018\/11\/WALSER_lettres_couv.png 500w, https:\/\/wp.unil.ch\/labelettres\/files\/2018\/11\/WALSER_lettres_couv-435x653.png 435w\" sizes=\"auto, (max-width: 500px) 100vw, 500px\" \/><\/a>\n\t\t\t\t\t\t\t\t<h2 class=\"su-post-title\"><a href=\"https:\/\/wp.unil.ch\/labelettres\/robert-walser-lettres-de-1897-a-1949\/\">Robert Walser : Lettres de 1897 \u00e0 1949<\/a><\/h2>\n\t\t\t<\/div>\n\n\t\t\t\t\t\n\t\t\t\n\t\t\t<div id=\"su-post-4610\" class=\"su-post \">\n\t\t\t\t\t\t\t\t\t<a class=\"su-post-thumbnail\" href=\"https:\/\/wp.unil.ch\/labelettres\/robert-walser-danser-dans-les-marges\/\"><img loading=\"lazy\" decoding=\"async\" width=\"500\" height=\"750\" src=\"https:\/\/wp.unil.ch\/labelettres\/files\/2018\/11\/UTZ_Wlser_danser_marges_Zoe_couv.jpg\" class=\"attachment-post-thumbnail size-post-thumbnail wp-post-image\" alt=\"\" srcset=\"https:\/\/wp.unil.ch\/labelettres\/files\/2018\/11\/UTZ_Wlser_danser_marges_Zoe_couv.jpg 500w, https:\/\/wp.unil.ch\/labelettres\/files\/2018\/11\/UTZ_Wlser_danser_marges_Zoe_couv-435x653.jpg 435w\" sizes=\"auto, (max-width: 500px) 100vw, 500px\" \/><\/a>\n\t\t\t\t\t\t\t\t<h2 class=\"su-post-title\"><a href=\"https:\/\/wp.unil.ch\/labelettres\/robert-walser-danser-dans-les-marges\/\">Robert Walser : danser dans les marges<\/a><\/h2>\n\t\t\t<\/div>\n\n\t\t\t\n<\/div>\n\n<div class=\"su-divider su-divider-style-default\" style=\"margin:15px 0;border-width:1px;border-color:#999999\"><\/div>\n","protected":false},"excerpt":{"rendered":"<p>Une vie en vingt-cinq mouvements litt\u00e9raires.<\/p>\n","protected":false},"author":719,"featured_media":10357,"comment_status":"closed","ping_status":"closed","sticky":false,"template":"","format":"standard","meta":{"_seopress_robots_primary_cat":"","_seopress_titles_title":"","_seopress_titles_desc":"","_seopress_robots_index":"","footnotes":""},"categories":[3],"tags":[3057,685,3037,3043,41,3038,1297,1207,293],"class_list":{"0":"post-10366","1":"post","2":"type-post","3":"status-publish","4":"format-standard","5":"has-post-thumbnail","7":"category-langues-litteratures","8":"tag-3057","9":"tag-litterature-suisse","10":"tag-marion-graf","11":"tag-newsletter-27","12":"tag-peter-utz","13":"tag-petite-prose","14":"tag-robert-walser","15":"tag-section-dallemand","16":"tag-traduction-litteraire"},"_links":{"self":[{"href":"https:\/\/wp.unil.ch\/labelettres\/wp-json\/wp\/v2\/posts\/10366","targetHints":{"allow":["GET"]}}],"collection":[{"href":"https:\/\/wp.unil.ch\/labelettres\/wp-json\/wp\/v2\/posts"}],"about":[{"href":"https:\/\/wp.unil.ch\/labelettres\/wp-json\/wp\/v2\/types\/post"}],"author":[{"embeddable":true,"href":"https:\/\/wp.unil.ch\/labelettres\/wp-json\/wp\/v2\/users\/719"}],"replies":[{"embeddable":true,"href":"https:\/\/wp.unil.ch\/labelettres\/wp-json\/wp\/v2\/comments?post=10366"}],"version-history":[{"count":0,"href":"https:\/\/wp.unil.ch\/labelettres\/wp-json\/wp\/v2\/posts\/10366\/revisions"}],"wp:featuredmedia":[{"embeddable":true,"href":"https:\/\/wp.unil.ch\/labelettres\/wp-json\/wp\/v2\/media\/10357"}],"wp:attachment":[{"href":"https:\/\/wp.unil.ch\/labelettres\/wp-json\/wp\/v2\/media?parent=10366"}],"wp:term":[{"taxonomy":"category","embeddable":true,"href":"https:\/\/wp.unil.ch\/labelettres\/wp-json\/wp\/v2\/categories?post=10366"},{"taxonomy":"post_tag","embeddable":true,"href":"https:\/\/wp.unil.ch\/labelettres\/wp-json\/wp\/v2\/tags?post=10366"}],"curies":[{"name":"wp","href":"https:\/\/api.w.org\/{rel}","templated":true}]}}