{"id":10299,"date":"2021-03-26T11:17:36","date_gmt":"2021-03-26T10:17:36","guid":{"rendered":"https:\/\/wp.unil.ch\/labelettres\/?p=10299"},"modified":"2021-05-25T09:40:27","modified_gmt":"2021-05-25T07:40:27","slug":"le-musee-cantonal-1818-2018-histoire-et-enjeux-des-musees-encyclopediques","status":"publish","type":"post","link":"https:\/\/wp.unil.ch\/labelettres\/le-musee-cantonal-1818-2018-histoire-et-enjeux-des-musees-encyclopediques\/","title":{"rendered":"Le Mus\u00e9e cantonal 1818-2018. Histoire et enjeux des mus\u00e9es encyclop\u00e9diques"},"content":{"rendered":"<div class=\"su-row\">\n<div class=\"su-column su-column-size-2-3\"><div class=\"su-column-inner su-u-clearfix su-u-trim\"><strong>200 ans d\u2019histoire mus\u00e9ale en terres vaudoises.<\/strong><\/p>\n<p><!--more--><\/p>\n<p>Le 27 juillet 1818, Daniel-Alexandre Chavannes (1765-1846) prononce un discours qui marque un tournant d\u00e9cisif dans la mani\u00e8re de pratiquer les disciplines scienti\ufb01ques en Pays de Vaud et constitue le germe des mus\u00e9es cantonaux actuels et de leurs collections de r\u00e9f\u00e9rence. Le Mus\u00e9e cantonal b\u00e9n\u00e9ficie d\u00e8s son origine de liens \u00e9troits avec l\u2019Acad\u00e9mie et l\u2019\u00e9lite intellectuelle locale, sur fond d\u2019enjeux politiques et scienti\ufb01ques \u00e9troitement li\u00e9s \u00e0 la R\u00e9volution vaudoise et \u00e0 l\u2019Ind\u00e9pendance qui a suivi.<\/p>\n<p>Au fil des pages de cet ouvrage collectif, fruit d&rsquo;un partenariat \u00e9troit entre le Mus\u00e9e cantonal d&rsquo;arch\u00e9ologie et d&rsquo;histoire et le <a href=\"https:\/\/www.unil.ch\/shc\/home.html\" target=\"_blank\" rel=\"noopener\">Centre des sciences historiques de la culture<\/a>, repr\u00e9sent\u00e9 par Philippe Kaenel (<a href=\"https:\/\/www.unil.ch\/hart\/home.html\" target=\"_blank\" rel=\"noopener\">Section d\u2019histoire de l\u2019art<\/a>) et Fran\u00e7ois Vallotton (<a href=\"https:\/\/www.unil.ch\/hist\/home.html\" target=\"_blank\" rel=\"noopener\">Section d\u2019histoire<\/a>), se dessine l\u2019histoire du Mus\u00e9e cantonal, indissociable du contexte politique et intellectuel vaudois.<\/p>\n<p>Issues du colloque international organis\u00e9 dans le cadre de l\u2019<a href=\"https:\/\/www.mcah.ch\/expositions\/expositions-passees\/cosmos\/\" target=\"_blank\" rel=\"noopener\">exposition COSMOS<\/a> qui c\u00e9l\u00e9brait le bicentenaire du Mus\u00e9e cantonal, une vingtaine de contributions in\u00e9dites \u00e9clairent l\u2019histoire des institutions mus\u00e9ales du Canton de Vaud, mais aussi de Neuch\u00e2tel et de Lyon. Ce volume s\u2019ach\u00e8ve par les discussions tenues lors de la table ronde consacr\u00e9e \u00e0 la notion de mus\u00e9e encyclop\u00e9dique et au r\u00f4le aujourd\u2019hui contest\u00e9 mais crucial de cette institution \u00e0 vocation universelle, dont l\u2019origine remonte au si\u00e8cle des Lumi\u00e8res.<\/p>\n<p>Julia Genechesi, Philippe Kaenel, Olivier Meuwly, Lionet Pernet, Fran\u00e7ois Vallotton (\u00e9ds), <a href=\"https:\/\/s-a-v.org\/Le-Musee-cantonal-1818-2018.html\" target=\"_blank\" rel=\"noopener\"><em>Le Mus\u00e9e cantonal 1818-2018 : histoires et enjeux des mus\u00e9es encyclop\u00e9diques<\/em><\/a>, Lausanne, Biblioth\u00e8que historique vaudoise, 2021.<\/p>\n<p>&nbsp;<\/p>\n<\/div><\/div>\n<div class=\"su-column su-column-size-1-3\"><div class=\"su-column-inner su-u-clearfix su-u-trim\"><img alt=\"\" loading=\"lazy\" decoding=\"async\" class=\"wp-image-10311 aligncenter\" src=\"https:\/\/wp.unil.ch\/labelettres\/files\/2021\/03\/KAENEL_Musee_cover-1.jpg\" alt=\"\" width=\"300\" height=\"430\" srcset=\"https:\/\/wp.unil.ch\/labelettres\/files\/2021\/03\/KAENEL_Musee_cover-1.jpg 838w, https:\/\/wp.unil.ch\/labelettres\/files\/2021\/03\/KAENEL_Musee_cover-1-435x623.jpg 435w, https:\/\/wp.unil.ch\/labelettres\/files\/2021\/03\/KAENEL_Musee_cover-1-768x1100.jpg 768w\" sizes=\"auto, (max-width: 300px) 100vw, 300px\" \/><\/div><\/div>\n<\/div>\n<div class=\"su-divider su-divider-style-default\" style=\"margin:15px 0;border-width:1px;border-color:#999999\"><\/div>\n<h6><strong>TOUTES LES NOTICES DE<\/strong><\/h6>\n<p><a href=\"https:\/\/applicationspub.unil.ch\/interpub\/noauth\/php\/Un\/UnPers.php?PerNum=780721&amp;LanCode=37&amp;menu=coord\" target=\"_blank\" rel=\"noopener noreferrer\"><strong>Philippe Kaenel<\/strong><\/a><\/p>\n\n\n<div class=\"su-posts su-posts-teaser-loop \">\n\n\t\t\t\t\t\t\n\t\t\t\n\t\t\t<div id=\"su-post-15759\" class=\"su-post \">\n\t\t\t\t\t\t\t\t\t<a class=\"su-post-thumbnail\" href=\"https:\/\/wp.unil.ch\/labelettres\/cultures-paysannes\/\"><img loading=\"lazy\" decoding=\"async\" width=\"638\" height=\"903\" src=\"https:\/\/wp.unil.ch\/labelettres\/files\/2025\/12\/2025-hart-hist-cultures-paysanes.jpg\" class=\"attachment-post-thumbnail size-post-thumbnail wp-post-image\" alt=\"2025 hart hist cultures paysannes\" srcset=\"https:\/\/wp.unil.ch\/labelettres\/files\/2025\/12\/2025-hart-hist-cultures-paysanes.jpg 638w, https:\/\/wp.unil.ch\/labelettres\/files\/2025\/12\/2025-hart-hist-cultures-paysanes-435x616.jpg 435w\" sizes=\"auto, (max-width: 638px) 100vw, 638px\" \/><\/a>\n\t\t\t\t\t\t\t\t<h2 class=\"su-post-title\"><a href=\"https:\/\/wp.unil.ch\/labelettres\/cultures-paysannes\/\">Cultures paysannes<\/a><\/h2>\n\t\t\t<\/div>\n\n\t\t\t\t\t\n\t\t\t\n\t\t\t<div id=\"su-post-12223\" class=\"su-post \">\n\t\t\t\t\t\t\t\t\t<a class=\"su-post-thumbnail\" href=\"https:\/\/wp.unil.ch\/labelettres\/les-livres-dartistes-dedwin-engelberts-un-editeur-dart-ses-peintres-et-ses-poetes\/\"><img loading=\"lazy\" decoding=\"async\" width=\"1200\" height=\"1200\" src=\"https:\/\/wp.unil.ch\/labelettres\/files\/2023\/05\/KAENEL_KUNZ_2022_Engelberts_cover.jpg\" class=\"attachment-post-thumbnail size-post-thumbnail wp-post-image\" alt=\"\" srcset=\"https:\/\/wp.unil.ch\/labelettres\/files\/2023\/05\/KAENEL_KUNZ_2022_Engelberts_cover.jpg 1200w, https:\/\/wp.unil.ch\/labelettres\/files\/2023\/05\/KAENEL_KUNZ_2022_Engelberts_cover-435x435.jpg 435w, https:\/\/wp.unil.ch\/labelettres\/files\/2023\/05\/KAENEL_KUNZ_2022_Engelberts_cover-768x768.jpg 768w, https:\/\/wp.unil.ch\/labelettres\/files\/2023\/05\/KAENEL_KUNZ_2022_Engelberts_cover-230x230.jpg 230w, https:\/\/wp.unil.ch\/labelettres\/files\/2023\/05\/KAENEL_KUNZ_2022_Engelberts_cover-365x365.jpg 365w\" sizes=\"auto, (max-width: 1200px) 100vw, 1200px\" \/><\/a>\n\t\t\t\t\t\t\t\t<h2 class=\"su-post-title\"><a href=\"https:\/\/wp.unil.ch\/labelettres\/les-livres-dartistes-dedwin-engelberts-un-editeur-dart-ses-peintres-et-ses-poetes\/\">Les livres d&rsquo;artistes d&rsquo;Edwin Engelberts. Un \u00e9diteur d&rsquo;art, ses peintres et ses po\u00e8tes<\/a><\/h2>\n\t\t\t<\/div>\n\n\t\t\t\t\t\n\t\t\t\n\t\t\t<div id=\"su-post-11774\" class=\"su-post \">\n\t\t\t\t\t\t\t\t\t<a class=\"su-post-thumbnail\" href=\"https:\/\/wp.unil.ch\/labelettres\/reproducing-images-and-texts-la-reproduction-des-images-et-des-textes\/\"><img loading=\"lazy\" decoding=\"async\" width=\"800\" height=\"1220\" src=\"https:\/\/wp.unil.ch\/labelettres\/files\/2022\/08\/KAENEL_2022_reproduction-images_cover.jpg\" class=\"attachment-post-thumbnail size-post-thumbnail wp-post-image\" alt=\"\" srcset=\"https:\/\/wp.unil.ch\/labelettres\/files\/2022\/08\/KAENEL_2022_reproduction-images_cover.jpg 800w, https:\/\/wp.unil.ch\/labelettres\/files\/2022\/08\/KAENEL_2022_reproduction-images_cover-435x663.jpg 435w, https:\/\/wp.unil.ch\/labelettres\/files\/2022\/08\/KAENEL_2022_reproduction-images_cover-768x1171.jpg 768w\" sizes=\"auto, (max-width: 800px) 100vw, 800px\" \/><\/a>\n\t\t\t\t\t\t\t\t<h2 class=\"su-post-title\"><a href=\"https:\/\/wp.unil.ch\/labelettres\/reproducing-images-and-texts-la-reproduction-des-images-et-des-textes\/\">Reproducing Images and Texts \/ La reproduction des images et des textes<\/a><\/h2>\n\t\t\t<\/div>\n\n\t\t\t\t\t\n\t\t\t\n\t\t\t<div id=\"su-post-11568\" class=\"su-post \">\n\t\t\t\t\t\t\t\t\t<a class=\"su-post-thumbnail\" href=\"https:\/\/wp.unil.ch\/labelettres\/la-critique-dart-des-poetes\/\"><img loading=\"lazy\" decoding=\"async\" width=\"669\" height=\"954\" src=\"https:\/\/wp.unil.ch\/labelettres\/files\/2022\/06\/KAENEL_2022_critique_cover.jpg\" class=\"attachment-post-thumbnail size-post-thumbnail wp-post-image\" alt=\"\" srcset=\"https:\/\/wp.unil.ch\/labelettres\/files\/2022\/06\/KAENEL_2022_critique_cover.jpg 669w, https:\/\/wp.unil.ch\/labelettres\/files\/2022\/06\/KAENEL_2022_critique_cover-435x620.jpg 435w\" sizes=\"auto, (max-width: 669px) 100vw, 669px\" \/><\/a>\n\t\t\t\t\t\t\t\t<h2 class=\"su-post-title\"><a href=\"https:\/\/wp.unil.ch\/labelettres\/la-critique-dart-des-poetes\/\">La critique d\u2019art des po\u00e8tes<\/a><\/h2>\n\t\t\t<\/div>\n\n\t\t\t\t\t\n\t\t\t\n\t\t\t<div id=\"su-post-11527\" class=\"su-post \">\n\t\t\t\t\t\t\t\t\t<a class=\"su-post-thumbnail\" href=\"https:\/\/wp.unil.ch\/labelettres\/le-long-voyage-de-lena-regards-croises-sur-une-bande-dessinee\/\"><img loading=\"lazy\" decoding=\"async\" width=\"1000\" height=\"1563\" src=\"https:\/\/wp.unil.ch\/labelettres\/files\/2022\/05\/BARONI_2022_Lena_cover.png\" class=\"attachment-post-thumbnail size-post-thumbnail wp-post-image\" alt=\"\" srcset=\"https:\/\/wp.unil.ch\/labelettres\/files\/2022\/05\/BARONI_2022_Lena_cover.png 1000w, https:\/\/wp.unil.ch\/labelettres\/files\/2022\/05\/BARONI_2022_Lena_cover-435x680.png 435w, https:\/\/wp.unil.ch\/labelettres\/files\/2022\/05\/BARONI_2022_Lena_cover-768x1200.png 768w, https:\/\/wp.unil.ch\/labelettres\/files\/2022\/05\/BARONI_2022_Lena_cover-983x1536.png 983w\" sizes=\"auto, (max-width: 1000px) 100vw, 1000px\" \/><\/a>\n\t\t\t\t\t\t\t\t<h2 class=\"su-post-title\"><a href=\"https:\/\/wp.unil.ch\/labelettres\/le-long-voyage-de-lena-regards-croises-sur-une-bande-dessinee\/\">\u00ab Le Long Voyage de L\u00e9na \u00bb : regards crois\u00e9s sur une bande dessin\u00e9e<\/a><\/h2>\n\t\t\t<\/div>\n\n\t\t\t\t\t\n\t\t\t\n\t\t\t<div id=\"su-post-11376\" class=\"su-post \">\n\t\t\t\t\t\t\t\t\t<a class=\"su-post-thumbnail\" href=\"https:\/\/wp.unil.ch\/labelettres\/redecouvertes-la-fondation-ateliers-dartiste\/\"><img loading=\"lazy\" decoding=\"async\" width=\"624\" height=\"765\" src=\"https:\/\/wp.unil.ch\/labelettres\/files\/2022\/03\/KAENEL_2022_redecouvertes-FAA_cover.jpg\" class=\"attachment-post-thumbnail size-post-thumbnail wp-post-image\" alt=\"\" srcset=\"https:\/\/wp.unil.ch\/labelettres\/files\/2022\/03\/KAENEL_2022_redecouvertes-FAA_cover.jpg 624w, https:\/\/wp.unil.ch\/labelettres\/files\/2022\/03\/KAENEL_2022_redecouvertes-FAA_cover-435x533.jpg 435w\" sizes=\"auto, (max-width: 624px) 100vw, 624px\" \/><\/a>\n\t\t\t\t\t\t\t\t<h2 class=\"su-post-title\"><a href=\"https:\/\/wp.unil.ch\/labelettres\/redecouvertes-la-fondation-ateliers-dartiste\/\">Red\u00e9couvertes \u2013 La Fondation Ateliers d\u2019Artiste<\/a><\/h2>\n\t\t\t<\/div>\n\n\t\t\t\t\t\n\t\t\t\n\t\t\t<div id=\"su-post-11188\" class=\"su-post \">\n\t\t\t\t\t\t\t\t\t<a class=\"su-post-thumbnail\" href=\"https:\/\/wp.unil.ch\/labelettres\/du-papier-aux-autres-medias-la-presse-vaudoise\/\"><img loading=\"lazy\" decoding=\"async\" width=\"847\" height=\"1200\" src=\"https:\/\/wp.unil.ch\/labelettres\/files\/2022\/01\/AUBERSON_2021_RHV_cover.jpg\" class=\"attachment-post-thumbnail size-post-thumbnail wp-post-image\" alt=\"\" srcset=\"https:\/\/wp.unil.ch\/labelettres\/files\/2022\/01\/AUBERSON_2021_RHV_cover.jpg 847w, https:\/\/wp.unil.ch\/labelettres\/files\/2022\/01\/AUBERSON_2021_RHV_cover-435x616.jpg 435w, https:\/\/wp.unil.ch\/labelettres\/files\/2022\/01\/AUBERSON_2021_RHV_cover-768x1088.jpg 768w\" sizes=\"auto, (max-width: 847px) 100vw, 847px\" \/><\/a>\n\t\t\t\t\t\t\t\t<h2 class=\"su-post-title\"><a href=\"https:\/\/wp.unil.ch\/labelettres\/du-papier-aux-autres-medias-la-presse-vaudoise\/\">Du papier aux autres m\u00e9dias : la presse vaudoise<\/a><\/h2>\n\t\t\t<\/div>\n\n\t\t\t\t\t\n\t\t\t\n\t\t\t<div id=\"su-post-10299\" class=\"su-post \">\n\t\t\t\t\t\t\t\t\t<a class=\"su-post-thumbnail\" href=\"https:\/\/wp.unil.ch\/labelettres\/le-musee-cantonal-1818-2018-histoire-et-enjeux-des-musees-encyclopediques\/\"><img loading=\"lazy\" decoding=\"async\" width=\"838\" height=\"1200\" src=\"https:\/\/wp.unil.ch\/labelettres\/files\/2021\/03\/KAENEL_Musee_cover-1.jpg\" class=\"attachment-post-thumbnail size-post-thumbnail wp-post-image\" alt=\"\" srcset=\"https:\/\/wp.unil.ch\/labelettres\/files\/2021\/03\/KAENEL_Musee_cover-1.jpg 838w, https:\/\/wp.unil.ch\/labelettres\/files\/2021\/03\/KAENEL_Musee_cover-1-435x623.jpg 435w, https:\/\/wp.unil.ch\/labelettres\/files\/2021\/03\/KAENEL_Musee_cover-1-768x1100.jpg 768w\" sizes=\"auto, (max-width: 838px) 100vw, 838px\" \/><\/a>\n\t\t\t\t\t\t\t\t<h2 class=\"su-post-title\"><a href=\"https:\/\/wp.unil.ch\/labelettres\/le-musee-cantonal-1818-2018-histoire-et-enjeux-des-musees-encyclopediques\/\">Le Mus\u00e9e cantonal 1818-2018. Histoire et enjeux des mus\u00e9es encyclop\u00e9diques<\/a><\/h2>\n\t\t\t<\/div>\n\n\t\t\t\t\t\n\t\t\t\n\t\t\t<div id=\"su-post-4537\" class=\"su-post \">\n\t\t\t\t\t\t\t\t\t<a class=\"su-post-thumbnail\" href=\"https:\/\/wp.unil.ch\/labelettres\/la-caricature-en-suisse\/\"><img loading=\"lazy\" decoding=\"async\" width=\"430\" height=\"645\" src=\"https:\/\/wp.unil.ch\/labelettres\/files\/2018\/11\/KAENEL_Caricature_CH_couv.jpg\" class=\"attachment-post-thumbnail size-post-thumbnail wp-post-image\" alt=\"\" \/><\/a>\n\t\t\t\t\t\t\t\t<h2 class=\"su-post-title\"><a href=\"https:\/\/wp.unil.ch\/labelettres\/la-caricature-en-suisse\/\">La caricature en Suisse<\/a><\/h2>\n\t\t\t<\/div>\n\n\t\t\t\t\t\n\t\t\t\n\t\t\t<div id=\"su-post-4403\" class=\"su-post \">\n\t\t\t\t\t\t\t\t\t<a class=\"su-post-thumbnail\" href=\"https:\/\/wp.unil.ch\/labelettres\/acteurs-de-la-vigne\/\"><img loading=\"lazy\" decoding=\"async\" width=\"797\" height=\"1078\" src=\"https:\/\/wp.unil.ch\/labelettres\/files\/2018\/10\/KAENEL_Acteurs_vigne_couv-1.jpg\" class=\"attachment-post-thumbnail size-post-thumbnail wp-post-image\" alt=\"\" srcset=\"https:\/\/wp.unil.ch\/labelettres\/files\/2018\/10\/KAENEL_Acteurs_vigne_couv-1.jpg 797w, https:\/\/wp.unil.ch\/labelettres\/files\/2018\/10\/KAENEL_Acteurs_vigne_couv-1-435x588.jpg 435w, https:\/\/wp.unil.ch\/labelettres\/files\/2018\/10\/KAENEL_Acteurs_vigne_couv-1-768x1039.jpg 768w\" sizes=\"auto, (max-width: 797px) 100vw, 797px\" \/><\/a>\n\t\t\t\t\t\t\t\t<h2 class=\"su-post-title\"><a href=\"https:\/\/wp.unil.ch\/labelettres\/acteurs-de-la-vigne\/\">Acteurs de la vigne<\/a><\/h2>\n\t\t\t<\/div>\n\n\t\t\t\t\t\n\t\t\t\n\t\t\t<div id=\"su-post-1680\" class=\"su-post \">\n\t\t\t\t\t\t\t\t\t<a class=\"su-post-thumbnail\" href=\"https:\/\/wp.unil.ch\/labelettres\/pleins-feux-la-collection-dart-de-la-ville-de-lausanne\/\"><img loading=\"lazy\" decoding=\"async\" width=\"657\" height=\"832\" src=\"https:\/\/wp.unil.ch\/labelettres\/files\/2017\/12\/couverture.jpg\" class=\"attachment-post-thumbnail size-post-thumbnail wp-post-image\" alt=\"\" srcset=\"https:\/\/wp.unil.ch\/labelettres\/files\/2017\/12\/couverture.jpg 657w, https:\/\/wp.unil.ch\/labelettres\/files\/2017\/12\/couverture-435x551.jpg 435w, https:\/\/wp.unil.ch\/labelettres\/files\/2017\/12\/couverture-237x300.jpg 237w\" sizes=\"auto, (max-width: 657px) 100vw, 657px\" \/><\/a>\n\t\t\t\t\t\t\t\t<h2 class=\"su-post-title\"><a href=\"https:\/\/wp.unil.ch\/labelettres\/pleins-feux-la-collection-dart-de-la-ville-de-lausanne\/\">Pleins feux\u00a0! La Collection d\u2019art de la Ville de Lausanne<\/a><\/h2>\n\t\t\t<\/div>\n\n\t\t\t\t\t\n\t\t\t\n\t\t\t<div id=\"su-post-1675\" class=\"su-post \">\n\t\t\t\t\t\t\t\t\t<a class=\"su-post-thumbnail\" href=\"https:\/\/wp.unil.ch\/labelettres\/eugene-burnand-la-passion-de-peindre\/\"><img loading=\"lazy\" decoding=\"async\" width=\"711\" height=\"1000\" src=\"https:\/\/wp.unil.ch\/labelettres\/files\/2017\/12\/eugene-burnand-un-peintre-engage-9782828916459_0.jpg\" class=\"attachment-post-thumbnail size-post-thumbnail wp-post-image\" alt=\"\" srcset=\"https:\/\/wp.unil.ch\/labelettres\/files\/2017\/12\/eugene-burnand-un-peintre-engage-9782828916459_0.jpg 711w, https:\/\/wp.unil.ch\/labelettres\/files\/2017\/12\/eugene-burnand-un-peintre-engage-9782828916459_0-435x612.jpg 435w, https:\/\/wp.unil.ch\/labelettres\/files\/2017\/12\/eugene-burnand-un-peintre-engage-9782828916459_0-213x300.jpg 213w\" sizes=\"auto, (max-width: 711px) 100vw, 711px\" \/><\/a>\n\t\t\t\t\t\t\t\t<h2 class=\"su-post-title\"><a href=\"https:\/\/wp.unil.ch\/labelettres\/eugene-burnand-la-passion-de-peindre\/\">Eug\u00e8ne Burnand. La passion de peindre<\/a><\/h2>\n\t\t\t<\/div>\n\n\t\t\t\t\t\n\t\t\t\n\t\t\t<div id=\"su-post-3761\" class=\"su-post \">\n\t\t\t\t\t\t\t\t\t<a class=\"su-post-thumbnail\" href=\"https:\/\/wp.unil.ch\/labelettres\/marius-borgeaud\/\"><img loading=\"lazy\" decoding=\"async\" width=\"458\" height=\"552\" src=\"https:\/\/wp.unil.ch\/labelettres\/files\/2018\/06\/catalogue-d-exposition-marius-borgeaud-fondation-de-lhermitage-1.jpg\" class=\"attachment-post-thumbnail size-post-thumbnail wp-post-image\" alt=\"\" srcset=\"https:\/\/wp.unil.ch\/labelettres\/files\/2018\/06\/catalogue-d-exposition-marius-borgeaud-fondation-de-lhermitage-1.jpg 458w, https:\/\/wp.unil.ch\/labelettres\/files\/2018\/06\/catalogue-d-exposition-marius-borgeaud-fondation-de-lhermitage-1-435x524.jpg 435w, https:\/\/wp.unil.ch\/labelettres\/files\/2018\/06\/catalogue-d-exposition-marius-borgeaud-fondation-de-lhermitage-1-249x300.jpg 249w\" sizes=\"auto, (max-width: 458px) 100vw, 458px\" \/><\/a>\n\t\t\t\t\t\t\t\t<h2 class=\"su-post-title\"><a href=\"https:\/\/wp.unil.ch\/labelettres\/marius-borgeaud\/\">Marius Borgeaud<\/a><\/h2>\n\t\t\t<\/div>\n\n\t\t\t\t\t\n\t\t\t\n\t\t\t<div id=\"su-post-511\" class=\"su-post \">\n\t\t\t\t\t\t\t\t\t<a class=\"su-post-thumbnail\" href=\"https:\/\/wp.unil.ch\/labelettres\/le-christ-reenvisage-variations-photographiques-contemporaines\/\"><img loading=\"lazy\" decoding=\"async\" width=\"500\" height=\"741\" src=\"https:\/\/wp.unil.ch\/labelettres\/files\/2017\/09\/le-Christ-reenvisage.jpg\" class=\"attachment-post-thumbnail size-post-thumbnail wp-post-image\" alt=\"\" srcset=\"https:\/\/wp.unil.ch\/labelettres\/files\/2017\/09\/le-Christ-reenvisage.jpg 500w, https:\/\/wp.unil.ch\/labelettres\/files\/2017\/09\/le-Christ-reenvisage-435x645.jpg 435w, https:\/\/wp.unil.ch\/labelettres\/files\/2017\/09\/le-Christ-reenvisage-202x300.jpg 202w\" sizes=\"auto, (max-width: 500px) 100vw, 500px\" \/><\/a>\n\t\t\t\t\t\t\t\t<h2 class=\"su-post-title\"><a href=\"https:\/\/wp.unil.ch\/labelettres\/le-christ-reenvisage-variations-photographiques-contemporaines\/\">Le Christ r\u00e9envisag\u00e9. Variations photographiques contemporaines<\/a><\/h2>\n\t\t\t<\/div>\n\n\t\t\t\t\t\n\t\t\t\n\t\t\t<div id=\"su-post-3749\" class=\"su-post \">\n\t\t\t\t\t\t\t\t\t<a class=\"su-post-thumbnail\" href=\"https:\/\/wp.unil.ch\/labelettres\/dore-limaginaire-au-pouvoir\/\"><img loading=\"lazy\" decoding=\"async\" width=\"585\" height=\"750\" src=\"https:\/\/wp.unil.ch\/labelettres\/files\/2018\/06\/KAENEL_Dore_imaginaire_couv-1.jpg\" class=\"attachment-post-thumbnail size-post-thumbnail wp-post-image\" alt=\"\" srcset=\"https:\/\/wp.unil.ch\/labelettres\/files\/2018\/06\/KAENEL_Dore_imaginaire_couv-1.jpg 585w, https:\/\/wp.unil.ch\/labelettres\/files\/2018\/06\/KAENEL_Dore_imaginaire_couv-1-435x558.jpg 435w, https:\/\/wp.unil.ch\/labelettres\/files\/2018\/06\/KAENEL_Dore_imaginaire_couv-1-234x300.jpg 234w\" sizes=\"auto, (max-width: 585px) 100vw, 585px\" \/><\/a>\n\t\t\t\t\t\t\t\t<h2 class=\"su-post-title\"><a href=\"https:\/\/wp.unil.ch\/labelettres\/dore-limaginaire-au-pouvoir\/\">Dor\u00e9 : l&rsquo;imaginaire au pouvoir<\/a><\/h2>\n\t\t\t<\/div>\n\n\t\t\t\t\t\n\t\t\t\n\t\t\t<div id=\"su-post-5567\" class=\"su-post \">\n\t\t\t\t\t\t\t\t\t<a class=\"su-post-thumbnail\" href=\"https:\/\/wp.unil.ch\/labelettres\/gustave-roud-la-plume-et-le-regard\/\"><img loading=\"lazy\" decoding=\"async\" width=\"500\" height=\"664\" src=\"https:\/\/wp.unil.ch\/labelettres\/files\/2019\/03\/gustave-roud-la-plume-et-le-regard.jpg\" class=\"attachment-post-thumbnail size-post-thumbnail wp-post-image\" alt=\"\" srcset=\"https:\/\/wp.unil.ch\/labelettres\/files\/2019\/03\/gustave-roud-la-plume-et-le-regard.jpg 500w, https:\/\/wp.unil.ch\/labelettres\/files\/2019\/03\/gustave-roud-la-plume-et-le-regard-435x578.jpg 435w\" sizes=\"auto, (max-width: 500px) 100vw, 500px\" \/><\/a>\n\t\t\t\t\t\t\t\t<h2 class=\"su-post-title\"><a href=\"https:\/\/wp.unil.ch\/labelettres\/gustave-roud-la-plume-et-le-regard\/\">Gustave Roud: La plume et le regard<\/a><\/h2>\n\t\t\t<\/div>\n\n\t\t\t\t\t\n\t\t\t\n\t\t\t<div id=\"su-post-3671\" class=\"su-post \">\n\t\t\t\t\t\t\t\t\t<a class=\"su-post-thumbnail\" href=\"https:\/\/wp.unil.ch\/labelettres\/narrations-visuelles-visions-narratives\/\"><img loading=\"lazy\" decoding=\"async\" width=\"824\" height=\"1200\" src=\"https:\/\/wp.unil.ch\/labelettres\/files\/2018\/06\/KAENEL_WESTERHOFF_narrations_couv.jpg\" class=\"attachment-post-thumbnail size-post-thumbnail wp-post-image\" alt=\"\" srcset=\"https:\/\/wp.unil.ch\/labelettres\/files\/2018\/06\/KAENEL_WESTERHOFF_narrations_couv.jpg 824w, https:\/\/wp.unil.ch\/labelettres\/files\/2018\/06\/KAENEL_WESTERHOFF_narrations_couv-435x633.jpg 435w, https:\/\/wp.unil.ch\/labelettres\/files\/2018\/06\/KAENEL_WESTERHOFF_narrations_couv-206x300.jpg 206w, https:\/\/wp.unil.ch\/labelettres\/files\/2018\/06\/KAENEL_WESTERHOFF_narrations_couv-768x1118.jpg 768w, https:\/\/wp.unil.ch\/labelettres\/files\/2018\/06\/KAENEL_WESTERHOFF_narrations_couv-703x1024.jpg 703w\" sizes=\"auto, (max-width: 824px) 100vw, 824px\" \/><\/a>\n\t\t\t\t\t\t\t\t<h2 class=\"su-post-title\"><a href=\"https:\/\/wp.unil.ch\/labelettres\/narrations-visuelles-visions-narratives\/\">Narrations visuelles, visions narratives<\/a><\/h2>\n\t\t\t<\/div>\n\n\t\t\t\t\t\n\t\t\t\n\t\t\t<div id=\"su-post-7822\" class=\"su-post \">\n\t\t\t\t\t\t\t\t\t<a class=\"su-post-thumbnail\" href=\"https:\/\/wp.unil.ch\/labelettres\/neige-blanc-papier-poesie-et-arts-visuels-a-lage-contemporain\/\"><img loading=\"lazy\" decoding=\"async\" width=\"1099\" height=\"1647\" src=\"https:\/\/wp.unil.ch\/labelettres\/files\/2020\/06\/Neige_cover.png\" class=\"attachment-post-thumbnail size-post-thumbnail wp-post-image\" alt=\"\" srcset=\"https:\/\/wp.unil.ch\/labelettres\/files\/2020\/06\/Neige_cover.png 1099w, https:\/\/wp.unil.ch\/labelettres\/files\/2020\/06\/Neige_cover-435x652.png 435w, https:\/\/wp.unil.ch\/labelettres\/files\/2020\/06\/Neige_cover-768x1151.png 768w, https:\/\/wp.unil.ch\/labelettres\/files\/2020\/06\/Neige_cover-1025x1536.png 1025w\" sizes=\"auto, (max-width: 1099px) 100vw, 1099px\" \/><\/a>\n\t\t\t\t\t\t\t\t<h2 class=\"su-post-title\"><a href=\"https:\/\/wp.unil.ch\/labelettres\/neige-blanc-papier-poesie-et-arts-visuels-a-lage-contemporain\/\">Neige, blanc, papier: po\u00e9sie et arts visuels \u00e0 l\u2019\u00e2ge contemporain<\/a><\/h2>\n\t\t\t<\/div>\n\n\t\t\t\t\t\n\t\t\t\n\t\t\t<div id=\"su-post-1979\" class=\"su-post \">\n\t\t\t\t\t\t\t\t\t<a class=\"su-post-thumbnail\" href=\"https:\/\/wp.unil.ch\/labelettres\/jesus-en-representations-de-la-belle-epoque-a-la-postmodernite\/\"><img loading=\"lazy\" decoding=\"async\" width=\"500\" height=\"760\" src=\"https:\/\/wp.unil.ch\/labelettres\/files\/2018\/01\/jesus-en-representations.jpg\" class=\"attachment-post-thumbnail size-post-thumbnail wp-post-image\" alt=\"\" srcset=\"https:\/\/wp.unil.ch\/labelettres\/files\/2018\/01\/jesus-en-representations.jpg 500w, https:\/\/wp.unil.ch\/labelettres\/files\/2018\/01\/jesus-en-representations-435x661.jpg 435w, https:\/\/wp.unil.ch\/labelettres\/files\/2018\/01\/jesus-en-representations-197x300.jpg 197w\" sizes=\"auto, (max-width: 500px) 100vw, 500px\" \/><\/a>\n\t\t\t\t\t\t\t\t<h2 class=\"su-post-title\"><a href=\"https:\/\/wp.unil.ch\/labelettres\/jesus-en-representations-de-la-belle-epoque-a-la-postmodernite\/\">J\u00e9sus en repr\u00e9sentations. De la Belle \u00c9poque \u00e0 la postmodernit\u00e9<\/a><\/h2>\n\t\t\t<\/div>\n\n\t\t\t\t\t\n\t\t\t\n\t\t\t<div id=\"su-post-7815\" class=\"su-post \">\n\t\t\t\t\t\t\t\t\t<a class=\"su-post-thumbnail\" href=\"https:\/\/wp.unil.ch\/labelettres\/les-periodiques-illustres-1890-1940-ecrivains-artistes-photographes\/\"><img loading=\"lazy\" decoding=\"async\" width=\"500\" height=\"724\" src=\"https:\/\/wp.unil.ch\/labelettres\/files\/2020\/04\/KAENEL_periodiques-illustres-1.jpg\" class=\"attachment-post-thumbnail size-post-thumbnail wp-post-image\" alt=\"\" srcset=\"https:\/\/wp.unil.ch\/labelettres\/files\/2020\/04\/KAENEL_periodiques-illustres-1.jpg 500w, https:\/\/wp.unil.ch\/labelettres\/files\/2020\/04\/KAENEL_periodiques-illustres-1-435x630.jpg 435w\" sizes=\"auto, (max-width: 500px) 100vw, 500px\" \/><\/a>\n\t\t\t\t\t\t\t\t<h2 class=\"su-post-title\"><a href=\"https:\/\/wp.unil.ch\/labelettres\/les-periodiques-illustres-1890-1940-ecrivains-artistes-photographes\/\">Les p\u00e9riodiques illustr\u00e9s (1890-1940): \u00e9crivains, artistes, photographes<\/a><\/h2>\n\t\t\t<\/div>\n\n\t\t\t\t\t\n\t\t\t\n\t\t\t<div id=\"su-post-8902\" class=\"su-post \">\n\t\t\t\t\t\t\t\t\t<a class=\"su-post-thumbnail\" href=\"https:\/\/wp.unil.ch\/labelettres\/points-de-vue-sur-jesus-au-xxe-siecle\/\"><img loading=\"lazy\" decoding=\"async\" width=\"325\" height=\"475\" src=\"https:\/\/wp.unil.ch\/labelettres\/files\/2020\/10\/002632035.jpg\" class=\"attachment-post-thumbnail size-post-thumbnail wp-post-image\" alt=\"\" \/><\/a>\n\t\t\t\t\t\t\t\t<h2 class=\"su-post-title\"><a href=\"https:\/\/wp.unil.ch\/labelettres\/points-de-vue-sur-jesus-au-xxe-siecle\/\">Points de vue sur J\u00e9sus au XXe si\u00e8cle<\/a><\/h2>\n\t\t\t<\/div>\n\n\t\t\t\t\t\n\t\t\t\n\t\t\t<div id=\"su-post-7824\" class=\"su-post \">\n\t\t\t\t\t\t\t\t\t<a class=\"su-post-thumbnail\" href=\"https:\/\/wp.unil.ch\/labelettres\/les-images-en-guerre-1914-1945-de-la-suisse-a-leurope\/\"><img loading=\"lazy\" decoding=\"async\" width=\"318\" height=\"475\" src=\"https:\/\/wp.unil.ch\/labelettres\/files\/2020\/04\/KAENEL_VALLOTTON_Images_guerre_cover.png\" class=\"attachment-post-thumbnail size-post-thumbnail wp-post-image\" alt=\"\" \/><\/a>\n\t\t\t\t\t\t\t\t<h2 class=\"su-post-title\"><a href=\"https:\/\/wp.unil.ch\/labelettres\/les-images-en-guerre-1914-1945-de-la-suisse-a-leurope\/\">Les images en guerre 1914-1945: De la Suisse \u00e0 l\u2019Europe<\/a><\/h2>\n\t\t\t<\/div>\n\n\t\t\t\t\t\n\t\t\t\n\t\t\t<div id=\"su-post-7663\" class=\"su-post \">\n\t\t\t\t\t\t\t\t\t<a class=\"su-post-thumbnail\" href=\"https:\/\/wp.unil.ch\/labelettres\/salvador-dali-a-la-croisee-des-savoirs\/\"><img loading=\"lazy\" decoding=\"async\" width=\"300\" height=\"475\" src=\"https:\/\/wp.unil.ch\/labelettres\/files\/2020\/03\/RUFFA_ETAL_Dali_cover.jpg\" class=\"attachment-post-thumbnail size-post-thumbnail wp-post-image\" alt=\"\" \/><\/a>\n\t\t\t\t\t\t\t\t<h2 class=\"su-post-title\"><a href=\"https:\/\/wp.unil.ch\/labelettres\/salvador-dali-a-la-croisee-des-savoirs\/\">Salvador Dali \u00e0 la crois\u00e9e des savoirs<\/a><\/h2>\n\t\t\t<\/div>\n\n\t\t\t\t\t\n\t\t\t\n\t\t\t<div id=\"su-post-7839\" class=\"su-post \">\n\t\t\t\t\t\t\t\t\t<a class=\"su-post-thumbnail\" href=\"https:\/\/wp.unil.ch\/labelettres\/visions-du-reve\/\"><img loading=\"lazy\" decoding=\"async\" width=\"338\" height=\"475\" src=\"https:\/\/wp.unil.ch\/labelettres\/files\/2020\/04\/KAENEL_visions_du_reve_cover.png\" class=\"attachment-post-thumbnail size-post-thumbnail wp-post-image\" alt=\"\" \/><\/a>\n\t\t\t\t\t\t\t\t<h2 class=\"su-post-title\"><a href=\"https:\/\/wp.unil.ch\/labelettres\/visions-du-reve\/\">Visions du r\u00eave<\/a><\/h2>\n\t\t\t<\/div>\n\n\t\t\t\n<\/div>\n\n<p><a href=\"https:\/\/applicationspub.unil.ch\/interpub\/noauth\/php\/Un\/UnPers.php?PerNum=821233&amp;LanCode=37\" target=\"_blank\" rel=\"noopener\"><strong>Fran\u00e7ois Vallotton<\/strong><\/a><\/p>\n\n\n<div class=\"su-posts su-posts-teaser-loop \">\n\n\t\t\t\t\t\t\n\t\t\t\n\t\t\t<div id=\"su-post-15896\" class=\"su-post \">\n\t\t\t\t\t\t\t\t\t<a class=\"su-post-thumbnail\" href=\"https:\/\/wp.unil.ch\/labelettres\/un-siecle-de-radio-television-le-service-public-audiovisuel-en-suisse-romande\/\"><img loading=\"lazy\" decoding=\"async\" width=\"800\" height=\"1200\" src=\"https:\/\/wp.unil.ch\/labelettres\/files\/2026\/01\/2026-hist-rts-couv.jpg\" class=\"attachment-post-thumbnail size-post-thumbnail wp-post-image\" alt=\"2026 hist rts couv\" srcset=\"https:\/\/wp.unil.ch\/labelettres\/files\/2026\/01\/2026-hist-rts-couv.jpg 800w, https:\/\/wp.unil.ch\/labelettres\/files\/2026\/01\/2026-hist-rts-couv-435x653.jpg 435w, https:\/\/wp.unil.ch\/labelettres\/files\/2026\/01\/2026-hist-rts-couv-768x1152.jpg 768w\" sizes=\"auto, (max-width: 800px) 100vw, 800px\" \/><\/a>\n\t\t\t\t\t\t\t\t<h2 class=\"su-post-title\"><a href=\"https:\/\/wp.unil.ch\/labelettres\/un-siecle-de-radio-television-le-service-public-audiovisuel-en-suisse-romande\/\">Un si\u00e8cle de radio-t\u00e9l\u00e9vision. Le service public audiovisuel en Suisse romande<\/a><\/h2>\n\t\t\t<\/div>\n\n\t\t\t\t\t\n\t\t\t\n\t\t\t<div id=\"su-post-13757\" class=\"su-post \">\n\t\t\t\t\t\t\t\t\t<a class=\"su-post-thumbnail\" href=\"https:\/\/wp.unil.ch\/labelettres\/transmedia-history-circulations-reconfigurations-and-new-methodologies\/\"><img loading=\"lazy\" decoding=\"async\" width=\"849\" height=\"1200\" src=\"https:\/\/wp.unil.ch\/labelettres\/files\/2025\/04\/2025-hist-transmedi-history-1.png\" class=\"attachment-post-thumbnail size-post-thumbnail wp-post-image\" alt=\"Couverture du livre Transmedia History\" srcset=\"https:\/\/wp.unil.ch\/labelettres\/files\/2025\/04\/2025-hist-transmedi-history-1.png 849w, https:\/\/wp.unil.ch\/labelettres\/files\/2025\/04\/2025-hist-transmedi-history-1-435x615.png 435w, https:\/\/wp.unil.ch\/labelettres\/files\/2025\/04\/2025-hist-transmedi-history-1-768x1086.png 768w\" sizes=\"auto, (max-width: 849px) 100vw, 849px\" \/><\/a>\n\t\t\t\t\t\t\t\t<h2 class=\"su-post-title\"><a href=\"https:\/\/wp.unil.ch\/labelettres\/transmedia-history-circulations-reconfigurations-and-new-methodologies\/\">Transmedia History: Circulations, Reconfigurations and New Methodologies<\/a><\/h2>\n\t\t\t<\/div>\n\n\t\t\t\t\t\n\t\t\t\n\t\t\t<div id=\"su-post-12569\" class=\"su-post \">\n\t\t\t\t\t\t\t\t\t<a class=\"su-post-thumbnail\" href=\"https:\/\/wp.unil.ch\/labelettres\/le-temps-des-medias-metiers-et-professions-des-medias\/\"><img loading=\"lazy\" decoding=\"async\" width=\"600\" height=\"903\" src=\"https:\/\/wp.unil.ch\/labelettres\/files\/2023\/11\/VALLOTTON_2023_-Temps-des-Medias-41_cover.jpeg\" class=\"attachment-post-thumbnail size-post-thumbnail wp-post-image\" alt=\"\" srcset=\"https:\/\/wp.unil.ch\/labelettres\/files\/2023\/11\/VALLOTTON_2023_-Temps-des-Medias-41_cover.jpeg 600w, https:\/\/wp.unil.ch\/labelettres\/files\/2023\/11\/VALLOTTON_2023_-Temps-des-Medias-41_cover-435x655.jpeg 435w\" sizes=\"auto, (max-width: 600px) 100vw, 600px\" \/><\/a>\n\t\t\t\t\t\t\t\t<h2 class=\"su-post-title\"><a href=\"https:\/\/wp.unil.ch\/labelettres\/le-temps-des-medias-metiers-et-professions-des-medias\/\">Le Temps des M\u00e9dias: M\u00e9tiers et professions des m\u00e9dias<\/a><\/h2>\n\t\t\t<\/div>\n\n\t\t\t\t\t\n\t\t\t\n\t\t\t<div id=\"su-post-11564\" class=\"su-post \">\n\t\t\t\t\t\t\t\t\t<a class=\"su-post-thumbnail\" href=\"https:\/\/wp.unil.ch\/labelettres\/youth-young-people-and-sport-from-the-19th-century-to-modern-day\/\"><img loading=\"lazy\" decoding=\"async\" width=\"983\" height=\"1200\" src=\"https:\/\/wp.unil.ch\/labelettres\/files\/2022\/06\/VALLOTTON_2022_Youth_cover.jpg\" class=\"attachment-post-thumbnail size-post-thumbnail wp-post-image\" alt=\"\" srcset=\"https:\/\/wp.unil.ch\/labelettres\/files\/2022\/06\/VALLOTTON_2022_Youth_cover.jpg 983w, https:\/\/wp.unil.ch\/labelettres\/files\/2022\/06\/VALLOTTON_2022_Youth_cover-435x531.jpg 435w, https:\/\/wp.unil.ch\/labelettres\/files\/2022\/06\/VALLOTTON_2022_Youth_cover-768x938.jpg 768w\" sizes=\"auto, (max-width: 983px) 100vw, 983px\" \/><\/a>\n\t\t\t\t\t\t\t\t<h2 class=\"su-post-title\"><a href=\"https:\/\/wp.unil.ch\/labelettres\/youth-young-people-and-sport-from-the-19th-century-to-modern-day\/\">Youth, Young People and Sport from the 19th Century to Modern Day<\/a><\/h2>\n\t\t\t<\/div>\n\n\t\t\t\t\t\n\t\t\t\n\t\t\t<div id=\"su-post-11348\" class=\"su-post \">\n\t\t\t\t\t\t\t\t\t<a class=\"su-post-thumbnail\" href=\"https:\/\/wp.unil.ch\/labelettres\/pour-une-histoire-elargie-de-la-television\/\"><img loading=\"lazy\" decoding=\"async\" width=\"943\" height=\"1078\" src=\"https:\/\/wp.unil.ch\/labelettres\/files\/2022\/03\/WEBER_2021_histoire-television_cover-1.png\" class=\"attachment-post-thumbnail size-post-thumbnail wp-post-image\" alt=\"\" srcset=\"https:\/\/wp.unil.ch\/labelettres\/files\/2022\/03\/WEBER_2021_histoire-television_cover-1.png 943w, https:\/\/wp.unil.ch\/labelettres\/files\/2022\/03\/WEBER_2021_histoire-television_cover-1-435x497.png 435w, https:\/\/wp.unil.ch\/labelettres\/files\/2022\/03\/WEBER_2021_histoire-television_cover-1-768x878.png 768w\" sizes=\"auto, (max-width: 943px) 100vw, 943px\" \/><\/a>\n\t\t\t\t\t\t\t\t<h2 class=\"su-post-title\"><a href=\"https:\/\/wp.unil.ch\/labelettres\/pour-une-histoire-elargie-de-la-television\/\">Pour une histoire \u00e9largie de la t\u00e9l\u00e9vision<\/a><\/h2>\n\t\t\t<\/div>\n\n\t\t\t\t\t\n\t\t\t\n\t\t\t<div id=\"su-post-11188\" class=\"su-post \">\n\t\t\t\t\t\t\t\t\t<a class=\"su-post-thumbnail\" href=\"https:\/\/wp.unil.ch\/labelettres\/du-papier-aux-autres-medias-la-presse-vaudoise\/\"><img loading=\"lazy\" decoding=\"async\" width=\"847\" height=\"1200\" src=\"https:\/\/wp.unil.ch\/labelettres\/files\/2022\/01\/AUBERSON_2021_RHV_cover.jpg\" class=\"attachment-post-thumbnail size-post-thumbnail wp-post-image\" alt=\"\" srcset=\"https:\/\/wp.unil.ch\/labelettres\/files\/2022\/01\/AUBERSON_2021_RHV_cover.jpg 847w, https:\/\/wp.unil.ch\/labelettres\/files\/2022\/01\/AUBERSON_2021_RHV_cover-435x616.jpg 435w, https:\/\/wp.unil.ch\/labelettres\/files\/2022\/01\/AUBERSON_2021_RHV_cover-768x1088.jpg 768w\" sizes=\"auto, (max-width: 847px) 100vw, 847px\" \/><\/a>\n\t\t\t\t\t\t\t\t<h2 class=\"su-post-title\"><a href=\"https:\/\/wp.unil.ch\/labelettres\/du-papier-aux-autres-medias-la-presse-vaudoise\/\">Du papier aux autres m\u00e9dias : la presse vaudoise<\/a><\/h2>\n\t\t\t<\/div>\n\n\t\t\t\t\t\n\t\t\t\n\t\t\t<div id=\"su-post-10989\" class=\"su-post \">\n\t\t\t\t\t\t\t\t\t<a class=\"su-post-thumbnail\" href=\"https:\/\/wp.unil.ch\/labelettres\/espaces-formes-et-metissages-de-la-collection-editoriale-europe-ameriques-xixe-xxie-siecle\/\"><img loading=\"lazy\" decoding=\"async\" width=\"500\" height=\"681\" src=\"https:\/\/wp.unil.ch\/labelettres\/files\/2021\/10\/VALLOTTON_2021_collection_cover.jpg\" class=\"attachment-post-thumbnail size-post-thumbnail wp-post-image\" alt=\"\" srcset=\"https:\/\/wp.unil.ch\/labelettres\/files\/2021\/10\/VALLOTTON_2021_collection_cover.jpg 500w, https:\/\/wp.unil.ch\/labelettres\/files\/2021\/10\/VALLOTTON_2021_collection_cover-435x592.jpg 435w\" sizes=\"auto, (max-width: 500px) 100vw, 500px\" \/><\/a>\n\t\t\t\t\t\t\t\t<h2 class=\"su-post-title\"><a href=\"https:\/\/wp.unil.ch\/labelettres\/espaces-formes-et-metissages-de-la-collection-editoriale-europe-ameriques-xixe-xxie-siecle\/\">Espaces, formes et m\u00e9tissages de la collection \u00e9ditoriale. Europe\/Am\u00e9riques XIXe-XXIe si\u00e8cle<\/a><\/h2>\n\t\t\t<\/div>\n\n\t\t\t\t\t\n\t\t\t\n\t\t\t<div id=\"su-post-10299\" class=\"su-post \">\n\t\t\t\t\t\t\t\t\t<a class=\"su-post-thumbnail\" href=\"https:\/\/wp.unil.ch\/labelettres\/le-musee-cantonal-1818-2018-histoire-et-enjeux-des-musees-encyclopediques\/\"><img loading=\"lazy\" decoding=\"async\" width=\"838\" height=\"1200\" src=\"https:\/\/wp.unil.ch\/labelettres\/files\/2021\/03\/KAENEL_Musee_cover-1.jpg\" class=\"attachment-post-thumbnail size-post-thumbnail wp-post-image\" alt=\"\" srcset=\"https:\/\/wp.unil.ch\/labelettres\/files\/2021\/03\/KAENEL_Musee_cover-1.jpg 838w, https:\/\/wp.unil.ch\/labelettres\/files\/2021\/03\/KAENEL_Musee_cover-1-435x623.jpg 435w, https:\/\/wp.unil.ch\/labelettres\/files\/2021\/03\/KAENEL_Musee_cover-1-768x1100.jpg 768w\" sizes=\"auto, (max-width: 838px) 100vw, 838px\" \/><\/a>\n\t\t\t\t\t\t\t\t<h2 class=\"su-post-title\"><a href=\"https:\/\/wp.unil.ch\/labelettres\/le-musee-cantonal-1818-2018-histoire-et-enjeux-des-musees-encyclopediques\/\">Le Mus\u00e9e cantonal 1818-2018. Histoire et enjeux des mus\u00e9es encyclop\u00e9diques<\/a><\/h2>\n\t\t\t<\/div>\n\n\t\t\t\t\t\n\t\t\t\n\t\t\t<div id=\"su-post-7404\" class=\"su-post \">\n\t\t\t\t\t\t\t\t\t<a class=\"su-post-thumbnail\" href=\"https:\/\/wp.unil.ch\/labelettres\/les-etats-unis-et-leurope-depuis-1945-reseaux-economiques-philanthropiques-et-scientifiques-i\/\"><img loading=\"lazy\" decoding=\"async\" width=\"775\" height=\"1200\" src=\"https:\/\/wp.unil.ch\/labelettres\/files\/2020\/02\/RI_180_cover_1.jpg\" class=\"attachment-post-thumbnail size-post-thumbnail wp-post-image\" alt=\"\" srcset=\"https:\/\/wp.unil.ch\/labelettres\/files\/2020\/02\/RI_180_cover_1.jpg 775w, https:\/\/wp.unil.ch\/labelettres\/files\/2020\/02\/RI_180_cover_1-435x674.jpg 435w, https:\/\/wp.unil.ch\/labelettres\/files\/2020\/02\/RI_180_cover_1-768x1189.jpg 768w\" sizes=\"auto, (max-width: 775px) 100vw, 775px\" \/><\/a>\n\t\t\t\t\t\t\t\t<h2 class=\"su-post-title\"><a href=\"https:\/\/wp.unil.ch\/labelettres\/les-etats-unis-et-leurope-depuis-1945-reseaux-economiques-philanthropiques-et-scientifiques-i\/\">Les \u00c9tats-Unis et l\u2019Europe depuis 1945. R\u00e9seaux \u00e9conomiques, philanthropiques et scientifiques (I)<\/a><\/h2>\n\t\t\t<\/div>\n\n\t\t\t\t\t\n\t\t\t\n\t\t\t<div id=\"su-post-4895\" class=\"su-post \">\n\t\t\t\t\t\t\t\t\t<a class=\"su-post-thumbnail\" href=\"https:\/\/wp.unil.ch\/labelettres\/la-greve-generale-de-1918-crises-conflits-controverses\/\"><img loading=\"lazy\" decoding=\"async\" width=\"856\" height=\"1200\" src=\"https:\/\/wp.unil.ch\/labelettres\/files\/2018\/12\/MAZBOURI_VALLOTTON_Greve_couv_final_compressed.jpg\" class=\"attachment-post-thumbnail size-post-thumbnail wp-post-image\" alt=\"\" srcset=\"https:\/\/wp.unil.ch\/labelettres\/files\/2018\/12\/MAZBOURI_VALLOTTON_Greve_couv_final_compressed.jpg 856w, https:\/\/wp.unil.ch\/labelettres\/files\/2018\/12\/MAZBOURI_VALLOTTON_Greve_couv_final_compressed-435x610.jpg 435w, https:\/\/wp.unil.ch\/labelettres\/files\/2018\/12\/MAZBOURI_VALLOTTON_Greve_couv_final_compressed-768x1077.jpg 768w\" sizes=\"auto, (max-width: 856px) 100vw, 856px\" \/><\/a>\n\t\t\t\t\t\t\t\t<h2 class=\"su-post-title\"><a href=\"https:\/\/wp.unil.ch\/labelettres\/la-greve-generale-de-1918-crises-conflits-controverses\/\">La Gr\u00e8ve g\u00e9n\u00e9rale de 1918. Crises, conflits, controverses<\/a><\/h2>\n\t\t\t<\/div>\n\n\t\t\t\t\t\n\t\t\t\n\t\t\t<div id=\"su-post-1925\" class=\"su-post \">\n\t\t\t\t\t\t\t\t\t<a class=\"su-post-thumbnail\" href=\"https:\/\/wp.unil.ch\/labelettres\/1936-les-jeux-olympiques-dans-la-presse-internationale-presse-mondialisation-et-imaginaires-mediatiques\/\"><img loading=\"lazy\" decoding=\"async\" width=\"596\" height=\"885\" src=\"https:\/\/wp.unil.ch\/labelettres\/files\/2018\/01\/belphegor_1936_couverture.jpg\" class=\"attachment-post-thumbnail size-post-thumbnail wp-post-image\" alt=\"\" srcset=\"https:\/\/wp.unil.ch\/labelettres\/files\/2018\/01\/belphegor_1936_couverture.jpg 596w, https:\/\/wp.unil.ch\/labelettres\/files\/2018\/01\/belphegor_1936_couverture-435x646.jpg 435w, https:\/\/wp.unil.ch\/labelettres\/files\/2018\/01\/belphegor_1936_couverture-202x300.jpg 202w\" sizes=\"auto, (max-width: 596px) 100vw, 596px\" \/><\/a>\n\t\t\t\t\t\t\t\t<h2 class=\"su-post-title\"><a href=\"https:\/\/wp.unil.ch\/labelettres\/1936-les-jeux-olympiques-dans-la-presse-internationale-presse-mondialisation-et-imaginaires-mediatiques\/\">1936\u00a0: les Jeux olympiques dans la presse internationale. Presse, mondialisation et imaginaires m\u00e9diatiques<\/a><\/h2>\n\t\t\t<\/div>\n\n\t\t\t\t\t\n\t\t\t\n\t\t\t<div id=\"su-post-469\" class=\"su-post \">\n\t\t\t\t\t\t\t\t\t<a class=\"su-post-thumbnail\" href=\"https:\/\/wp.unil.ch\/labelettres\/scandales-et-histoire\/\"><img loading=\"lazy\" decoding=\"async\" width=\"400\" height=\"607\" src=\"https:\/\/wp.unil.ch\/labelettres\/files\/2016\/01\/VALLOTTON_Scandale_histoire_v2.jpg\" class=\"attachment-post-thumbnail size-post-thumbnail wp-post-image\" alt=\"\" srcset=\"https:\/\/wp.unil.ch\/labelettres\/files\/2016\/01\/VALLOTTON_Scandale_histoire_v2.jpg 400w, https:\/\/wp.unil.ch\/labelettres\/files\/2016\/01\/VALLOTTON_Scandale_histoire_v2-198x300.jpg 198w\" sizes=\"auto, (max-width: 400px) 100vw, 400px\" \/><\/a>\n\t\t\t\t\t\t\t\t<h2 class=\"su-post-title\"><a href=\"https:\/\/wp.unil.ch\/labelettres\/scandales-et-histoire\/\">Scandale et histoire<\/a><\/h2>\n\t\t\t<\/div>\n\n\t\t\t\t\t\n\t\t\t\n\t\t\t<div id=\"su-post-3201\" class=\"su-post \">\n\t\t\t\t\t\t\t\t\t<a class=\"su-post-thumbnail\" href=\"https:\/\/wp.unil.ch\/labelettres\/revisiter-lexpo-64-acteurs-discours-controverses\/\"><img loading=\"lazy\" decoding=\"async\" width=\"430\" height=\"673\" src=\"https:\/\/wp.unil.ch\/labelettres\/files\/2018\/04\/LUGON_VALLOTTON_Expo64_cover.jpg\" class=\"attachment-post-thumbnail size-post-thumbnail wp-post-image\" alt=\"\" srcset=\"https:\/\/wp.unil.ch\/labelettres\/files\/2018\/04\/LUGON_VALLOTTON_Expo64_cover.jpg 430w, https:\/\/wp.unil.ch\/labelettres\/files\/2018\/04\/LUGON_VALLOTTON_Expo64_cover-192x300.jpg 192w\" sizes=\"auto, (max-width: 430px) 100vw, 430px\" \/><\/a>\n\t\t\t\t\t\t\t\t<h2 class=\"su-post-title\"><a href=\"https:\/\/wp.unil.ch\/labelettres\/revisiter-lexpo-64-acteurs-discours-controverses\/\">Revisiter l&rsquo;Expo 64 : acteurs, discours, controverses<\/a><\/h2>\n\t\t\t<\/div>\n\n\t\t\t\t\t\n\t\t\t\n\t\t\t<div id=\"su-post-1931\" class=\"su-post \">\n\t\t\t\t\t\t\t\t\t<a class=\"su-post-thumbnail\" href=\"https:\/\/wp.unil.ch\/labelettres\/scandale-skandal\/\"><img loading=\"lazy\" decoding=\"async\" width=\"400\" height=\"572\" src=\"https:\/\/wp.unil.ch\/labelettres\/files\/2015\/01\/vallotton_Traverse.jpeg\" class=\"attachment-post-thumbnail size-post-thumbnail wp-post-image\" alt=\"\" srcset=\"https:\/\/wp.unil.ch\/labelettres\/files\/2015\/01\/vallotton_Traverse.jpeg 400w, https:\/\/wp.unil.ch\/labelettres\/files\/2015\/01\/vallotton_Traverse-210x300.jpeg 210w\" sizes=\"auto, (max-width: 400px) 100vw, 400px\" \/><\/a>\n\t\t\t\t\t\t\t\t<h2 class=\"su-post-title\"><a href=\"https:\/\/wp.unil.ch\/labelettres\/scandale-skandal\/\">Scandale\u00a0! &#8211; Skandal\u00a0!<\/a><\/h2>\n\t\t\t<\/div>\n\n\t\t\t\t\t\n\t\t\t\n\t\t\t<div id=\"su-post-7824\" class=\"su-post \">\n\t\t\t\t\t\t\t\t\t<a class=\"su-post-thumbnail\" href=\"https:\/\/wp.unil.ch\/labelettres\/les-images-en-guerre-1914-1945-de-la-suisse-a-leurope\/\"><img loading=\"lazy\" decoding=\"async\" width=\"318\" height=\"475\" src=\"https:\/\/wp.unil.ch\/labelettres\/files\/2020\/04\/KAENEL_VALLOTTON_Images_guerre_cover.png\" class=\"attachment-post-thumbnail size-post-thumbnail wp-post-image\" alt=\"\" \/><\/a>\n\t\t\t\t\t\t\t\t<h2 class=\"su-post-title\"><a href=\"https:\/\/wp.unil.ch\/labelettres\/les-images-en-guerre-1914-1945-de-la-suisse-a-leurope\/\">Les images en guerre 1914-1945: De la Suisse \u00e0 l\u2019Europe<\/a><\/h2>\n\t\t\t<\/div>\n\n\t\t\t\t\t\n\t\t\t\n\t\t\t<div id=\"su-post-9549\" class=\"su-post \">\n\t\t\t\t\t\t\t\t\t<a class=\"su-post-thumbnail\" href=\"https:\/\/wp.unil.ch\/labelettres\/livre-et-militantisme-la-cite-editeur-1958-1967\/\"><img loading=\"lazy\" decoding=\"async\" width=\"300\" height=\"420\" src=\"https:\/\/wp.unil.ch\/labelettres\/files\/2020\/11\/unnamed.jpg\" class=\"attachment-post-thumbnail size-post-thumbnail wp-post-image\" alt=\"\" \/><\/a>\n\t\t\t\t\t\t\t\t<h2 class=\"su-post-title\"><a href=\"https:\/\/wp.unil.ch\/labelettres\/livre-et-militantisme-la-cite-editeur-1958-1967\/\">Livre et militantisme. La Cit\u00e9 \u00c9diteur 1958-1967<\/a><\/h2>\n\t\t\t<\/div>\n\n\t\t\t\n<\/div>\n\n<div class=\"su-divider su-divider-style-default\" style=\"margin:15px 0;border-width:1px;border-color:#999999\"><\/div>\n","protected":false},"excerpt":{"rendered":"<p>200 ans d\u2019histoire mus\u00e9ale en terres vaudoises.<\/p>\n","protected":false},"author":719,"featured_media":10311,"comment_status":"closed","ping_status":"closed","sticky":false,"template":"","format":"standard","meta":{"_seopress_robots_primary_cat":"","_seopress_titles_title":"","_seopress_titles_desc":"","_seopress_robots_index":"","footnotes":""},"categories":[4],"tags":[3057,1250,77,3025,3032,51,1217,1214],"class_list":{"0":"post-10299","1":"post","2":"type-post","3":"status-publish","4":"format-standard","5":"has-post-thumbnail","7":"category-sciences-historiques","8":"tag-3057","9":"tag-centre-des-sciences-historiques-de-la-culture","10":"tag-francois-vallotton","11":"tag-musee-cantonal","12":"tag-newsletter-26","13":"tag-philippe-kaenel","14":"tag-section-dhistoire","15":"tag-section-dhistoire-de-lart"},"_links":{"self":[{"href":"https:\/\/wp.unil.ch\/labelettres\/wp-json\/wp\/v2\/posts\/10299","targetHints":{"allow":["GET"]}}],"collection":[{"href":"https:\/\/wp.unil.ch\/labelettres\/wp-json\/wp\/v2\/posts"}],"about":[{"href":"https:\/\/wp.unil.ch\/labelettres\/wp-json\/wp\/v2\/types\/post"}],"author":[{"embeddable":true,"href":"https:\/\/wp.unil.ch\/labelettres\/wp-json\/wp\/v2\/users\/719"}],"replies":[{"embeddable":true,"href":"https:\/\/wp.unil.ch\/labelettres\/wp-json\/wp\/v2\/comments?post=10299"}],"version-history":[{"count":0,"href":"https:\/\/wp.unil.ch\/labelettres\/wp-json\/wp\/v2\/posts\/10299\/revisions"}],"wp:featuredmedia":[{"embeddable":true,"href":"https:\/\/wp.unil.ch\/labelettres\/wp-json\/wp\/v2\/media\/10311"}],"wp:attachment":[{"href":"https:\/\/wp.unil.ch\/labelettres\/wp-json\/wp\/v2\/media?parent=10299"}],"wp:term":[{"taxonomy":"category","embeddable":true,"href":"https:\/\/wp.unil.ch\/labelettres\/wp-json\/wp\/v2\/categories?post=10299"},{"taxonomy":"post_tag","embeddable":true,"href":"https:\/\/wp.unil.ch\/labelettres\/wp-json\/wp\/v2\/tags?post=10299"}],"curies":[{"name":"wp","href":"https:\/\/api.w.org\/{rel}","templated":true}]}}