{"id":10207,"date":"2013-02-18T13:12:09","date_gmt":"2013-02-18T12:12:09","guid":{"rendered":"https:\/\/wp.unil.ch\/labelettres\/?p=10207"},"modified":"2021-02-18T13:38:26","modified_gmt":"2021-02-18T12:38:26","slug":"histoire-politique-en-suisse-une-esquisse-historiographique","status":"publish","type":"post","link":"https:\/\/wp.unil.ch\/labelettres\/histoire-politique-en-suisse-une-esquisse-historiographique\/","title":{"rendered":"Histoire politique en Suisse &#8211; une esquisse historiographique"},"content":{"rendered":"<div class=\"su-row\">\n<div class=\"su-column su-column-size-2-3\"><div class=\"su-column-inner su-u-clearfix su-u-trim\"><strong>Un domaine de recherche d\u00e9pass\u00e9 ?<\/strong><!--more--><\/p>\n<p>Durant les derni\u00e8res d\u00e9cennies, l&rsquo;histoire politique a sembl\u00e9 en perte de vitesse. C&rsquo;est pourquoi, au d\u00e9but du XXIe si\u00e8cle, un renouvellement des approches a \u00e9t\u00e9 n\u00e9cessaire, un processus qui appara\u00eet clairement au travers de la pr\u00e9sente publication.<\/p>\n<p>Ce num\u00e9ro de la revue <em>traverse<\/em> t\u00e9moigne de la vitalit\u00e9 de ce domaine de recherche en Suisse, nourri par des croisements avec l&rsquo;histoire sociale, \u00e9conomique et culturelle. Cherchant \u00e0 d\u00e9passer le carcan d&rsquo;une histoire politique fig\u00e9e, les contributions abordent notamment les chevauchements entre la politique ext\u00e9rieure et la politique \u00e9conomique helv\u00e9tique.<\/p>\n<p>Co\u00e9dit\u00e9 par Sandra Bott et Karine Crousaz (toutes deux de la <a href=\"https:\/\/www.unil.ch\/hist\/fr\/home.html\">Section d&rsquo;histoire<\/a>), ce volume collectif est disponible en Open Access depuis le site de <a href=\"https:\/\/www.revue-traverse.ch\/ausgabe\/2013\/1\/histoire-politique-en-suisse-une-esquisse-historiographique\" target=\"_blank\" rel=\"noopener\"><em>traverse<\/em><\/a> et sur la plateforme\u00a0<a href=\"https:\/\/www.e-periodica.ch\/digbib\/volumes?UID=tra-001\" target=\"_blank\" rel=\"noopener\"><em>e-periodica<\/em><\/a>.<\/p>\n<p>Sandra Bott, Karine Crousaz, Janick Marina Schaufelbuehl, Yan Schubert, Daniel Kr\u00e4mer, Matthieu Leimgruber (\u00e9ds.),<em>\u00a0<a href=\"https:\/\/www.revue-traverse.ch\/ausgabe\/2013\/1\/histoire-politique-en-suisse-une-esquisse-historiographique\" target=\"_blank\" rel=\"noopener\">Histoire politique en Suisse &#8211; une esquisse historiographique<\/a><\/em>, Z\u00fcrich, Chronos, 2013.<\/p>\n<\/div><\/div>\n<div class=\"su-column su-column-size-1-3\"><div class=\"su-column-inner su-u-clearfix su-u-trim\"><img alt=\"\" loading=\"lazy\" decoding=\"async\" class=\"aligncenter wp-image-10208\" src=\"https:\/\/wp.unil.ch\/labelettres\/files\/2021\/02\/0001.jpg\" alt=\"\" width=\"300\" height=\"427\" srcset=\"https:\/\/wp.unil.ch\/labelettres\/files\/2021\/02\/0001.jpg 844w, https:\/\/wp.unil.ch\/labelettres\/files\/2021\/02\/0001-435x618.jpg 435w, https:\/\/wp.unil.ch\/labelettres\/files\/2021\/02\/0001-768x1092.jpg 768w\" sizes=\"auto, (max-width: 300px) 100vw, 300px\" \/><\/div><\/div>\n<\/div>\n<div class=\"su-divider su-divider-style-default\" style=\"margin:15px 0;border-width:1px;border-color:#999999\"><\/div>\n<h6><strong>TOUTES LES NOTICES DE<\/strong><\/h6>\n<p><a href=\"https:\/\/applicationspub.unil.ch\/interpub\/noauth\/php\/Un\/UnPers.php?PerNum=25497&amp;LanCode=37&amp;menu=coord\" target=\"_blank\" rel=\"noopener\"><strong>Karine Crousaz<\/strong><\/a><\/p>\n\n\n<div class=\"su-posts su-posts-teaser-loop \">\n\n\t\t\t\t\t\t\n\t\t\t\n\t\t\t<div id=\"su-post-13392\" class=\"su-post \">\n\t\t\t\t\t\t\t\t\t<a class=\"su-post-thumbnail\" href=\"https:\/\/wp.unil.ch\/labelettres\/le-sommeil-theories-representations-et-pratiques-moyen-age-et-epoque-moderne\/\"><img loading=\"lazy\" decoding=\"async\" width=\"794\" height=\"1123\" src=\"https:\/\/wp.unil.ch\/labelettres\/files\/2025\/01\/2024-HIST-Sommeil-LbL.png\" class=\"attachment-post-thumbnail size-post-thumbnail wp-post-image\" alt=\"\" srcset=\"https:\/\/wp.unil.ch\/labelettres\/files\/2025\/01\/2024-HIST-Sommeil-LbL.png 794w, https:\/\/wp.unil.ch\/labelettres\/files\/2025\/01\/2024-HIST-Sommeil-LbL-435x615.png 435w, https:\/\/wp.unil.ch\/labelettres\/files\/2025\/01\/2024-HIST-Sommeil-LbL-768x1086.png 768w\" sizes=\"auto, (max-width: 794px) 100vw, 794px\" \/><\/a>\n\t\t\t\t\t\t\t\t<h2 class=\"su-post-title\"><a href=\"https:\/\/wp.unil.ch\/labelettres\/le-sommeil-theories-representations-et-pratiques-moyen-age-et-epoque-moderne\/\">Le sommeil. Th\u00e9ories, repr\u00e9sentations et pratiques (Moyen \u00c2ge et \u00e9poque moderne)<\/a><\/h2>\n\t\t\t<\/div>\n\n\t\t\t\t\t\n\t\t\t\n\t\t\t<div id=\"su-post-10213\" class=\"su-post \">\n\t\t\t\t\t\t\t\t\t<a class=\"su-post-thumbnail\" href=\"https:\/\/wp.unil.ch\/labelettres\/constitution-citoyennete-et-ecole\/\"><img loading=\"lazy\" decoding=\"async\" width=\"844\" height=\"1200\" src=\"https:\/\/wp.unil.ch\/labelettres\/files\/2021\/02\/978-3-905315-70-7_page-0001.jpg\" class=\"attachment-post-thumbnail size-post-thumbnail wp-post-image\" alt=\"\" srcset=\"https:\/\/wp.unil.ch\/labelettres\/files\/2021\/02\/978-3-905315-70-7_page-0001.jpg 844w, https:\/\/wp.unil.ch\/labelettres\/files\/2021\/02\/978-3-905315-70-7_page-0001-435x618.jpg 435w, https:\/\/wp.unil.ch\/labelettres\/files\/2021\/02\/978-3-905315-70-7_page-0001-768x1092.jpg 768w\" sizes=\"auto, (max-width: 844px) 100vw, 844px\" \/><\/a>\n\t\t\t\t\t\t\t\t<h2 class=\"su-post-title\"><a href=\"https:\/\/wp.unil.ch\/labelettres\/constitution-citoyennete-et-ecole\/\">Constitution, citoyennet\u00e9 et \u00e9cole<\/a><\/h2>\n\t\t\t<\/div>\n\n\t\t\t\t\t\n\t\t\t\n\t\t\t<div id=\"su-post-10203\" class=\"su-post \">\n\t\t\t\t\t\t\t\t\t<a class=\"su-post-thumbnail\" href=\"https:\/\/wp.unil.ch\/labelettres\/pierre-viret-et-la-diffusion-de-la-reforme\/\"><img loading=\"lazy\" decoding=\"async\" width=\"313\" height=\"475\" src=\"https:\/\/wp.unil.ch\/labelettres\/files\/2021\/02\/products-29402100187440L.jpg\" class=\"attachment-post-thumbnail size-post-thumbnail wp-post-image\" alt=\"\" \/><\/a>\n\t\t\t\t\t\t\t\t<h2 class=\"su-post-title\"><a href=\"https:\/\/wp.unil.ch\/labelettres\/pierre-viret-et-la-diffusion-de-la-reforme\/\">Pierre Viret et la diffusion de la R\u00e9forme<\/a><\/h2>\n\t\t\t<\/div>\n\n\t\t\t\t\t\n\t\t\t\n\t\t\t<div id=\"su-post-10207\" class=\"su-post \">\n\t\t\t\t\t\t\t\t\t<a class=\"su-post-thumbnail\" href=\"https:\/\/wp.unil.ch\/labelettres\/histoire-politique-en-suisse-une-esquisse-historiographique\/\"><img loading=\"lazy\" decoding=\"async\" width=\"844\" height=\"1200\" src=\"https:\/\/wp.unil.ch\/labelettres\/files\/2021\/02\/0001.jpg\" class=\"attachment-post-thumbnail size-post-thumbnail wp-post-image\" alt=\"\" srcset=\"https:\/\/wp.unil.ch\/labelettres\/files\/2021\/02\/0001.jpg 844w, https:\/\/wp.unil.ch\/labelettres\/files\/2021\/02\/0001-435x618.jpg 435w, https:\/\/wp.unil.ch\/labelettres\/files\/2021\/02\/0001-768x1092.jpg 768w\" sizes=\"auto, (max-width: 844px) 100vw, 844px\" \/><\/a>\n\t\t\t\t\t\t\t\t<h2 class=\"su-post-title\"><a href=\"https:\/\/wp.unil.ch\/labelettres\/histoire-politique-en-suisse-une-esquisse-historiographique\/\">Histoire politique en Suisse &#8211; une esquisse historiographique<\/a><\/h2>\n\t\t\t<\/div>\n\n\t\t\t\n<\/div>\n\n<p><a href=\"https:\/\/applicationspub.unil.ch\/interpub\/noauth\/php\/Un\/UnPers.php?PerNum=19447&amp;LanCode=37\" target=\"_blank\" rel=\"noopener noreferrer\"><strong>Sandra Bott<\/strong><\/a><\/p>\n\n\n<div class=\"su-posts su-posts-teaser-loop \">\n\n\t\t\t\t\t\t\n\t\t\t\n\t\t\t<div id=\"su-post-9032\" class=\"su-post \">\n\t\t\t\t\t\t\t\t\t<a class=\"su-post-thumbnail\" href=\"https:\/\/wp.unil.ch\/labelettres\/the-global-gold-market-and-the-international-monetary-system-from-the-late-19th-century-to-the-present-actors-networks-power\/\"><img loading=\"lazy\" decoding=\"async\" width=\"827\" height=\"1294\" src=\"https:\/\/wp.unil.ch\/labelettres\/files\/2020\/10\/9781137306708.png\" class=\"attachment-post-thumbnail size-post-thumbnail wp-post-image\" alt=\"\" srcset=\"https:\/\/wp.unil.ch\/labelettres\/files\/2020\/10\/9781137306708.png 827w, https:\/\/wp.unil.ch\/labelettres\/files\/2020\/10\/9781137306708-435x681.png 435w, https:\/\/wp.unil.ch\/labelettres\/files\/2020\/10\/9781137306708-768x1202.png 768w\" sizes=\"auto, (max-width: 827px) 100vw, 827px\" \/><\/a>\n\t\t\t\t\t\t\t\t<h2 class=\"su-post-title\"><a href=\"https:\/\/wp.unil.ch\/labelettres\/the-global-gold-market-and-the-international-monetary-system-from-the-late-19th-century-to-the-present-actors-networks-power\/\">The Global Gold Market and the International Monetary System from the late 19th Century to the Present: Actors, Networks, Power<\/a><\/h2>\n\t\t\t<\/div>\n\n\t\t\t\t\t\n\t\t\t\n\t\t\t<div id=\"su-post-10207\" class=\"su-post \">\n\t\t\t\t\t\t\t\t\t<a class=\"su-post-thumbnail\" href=\"https:\/\/wp.unil.ch\/labelettres\/histoire-politique-en-suisse-une-esquisse-historiographique\/\"><img loading=\"lazy\" decoding=\"async\" width=\"844\" height=\"1200\" src=\"https:\/\/wp.unil.ch\/labelettres\/files\/2021\/02\/0001.jpg\" class=\"attachment-post-thumbnail size-post-thumbnail wp-post-image\" alt=\"\" srcset=\"https:\/\/wp.unil.ch\/labelettres\/files\/2021\/02\/0001.jpg 844w, https:\/\/wp.unil.ch\/labelettres\/files\/2021\/02\/0001-435x618.jpg 435w, https:\/\/wp.unil.ch\/labelettres\/files\/2021\/02\/0001-768x1092.jpg 768w\" sizes=\"auto, (max-width: 844px) 100vw, 844px\" \/><\/a>\n\t\t\t\t\t\t\t\t<h2 class=\"su-post-title\"><a href=\"https:\/\/wp.unil.ch\/labelettres\/histoire-politique-en-suisse-une-esquisse-historiographique\/\">Histoire politique en Suisse &#8211; une esquisse historiographique<\/a><\/h2>\n\t\t\t<\/div>\n\n\t\t\t\t\t\n\t\t\t\n\t\t\t<div id=\"su-post-9246\" class=\"su-post \">\n\t\t\t\t\t\t\t\t\t<a class=\"su-post-thumbnail\" href=\"https:\/\/wp.unil.ch\/labelettres\/die-internationale-schweiz-in-der-zeit-des-kalten-krieges-relations-internationales-de-la-suisse-durant-la-guerre-froide\/\"><img loading=\"lazy\" decoding=\"async\" width=\"445\" height=\"645\" src=\"https:\/\/wp.unil.ch\/labelettres\/files\/2020\/10\/wc_3837InuVtuLp1RAaw_305x445@2x.jpg\" class=\"attachment-post-thumbnail size-post-thumbnail wp-post-image\" alt=\"\" srcset=\"https:\/\/wp.unil.ch\/labelettres\/files\/2020\/10\/wc_3837InuVtuLp1RAaw_305x445@2x.jpg 445w, https:\/\/wp.unil.ch\/labelettres\/files\/2020\/10\/wc_3837InuVtuLp1RAaw_305x445@2x-435x631.jpg 435w\" sizes=\"auto, (max-width: 445px) 100vw, 445px\" \/><\/a>\n\t\t\t\t\t\t\t\t<h2 class=\"su-post-title\"><a href=\"https:\/\/wp.unil.ch\/labelettres\/die-internationale-schweiz-in-der-zeit-des-kalten-krieges-relations-internationales-de-la-suisse-durant-la-guerre-froide\/\">Die internationale Schweiz in der Zeit des Kalten Krieges \/ Relations internationales de la Suisse durant la Guerre froide<\/a><\/h2>\n\t\t\t<\/div>\n\n\t\t\t\t\t\n\t\t\t\n\t\t\t<div id=\"su-post-9048\" class=\"su-post \">\n\t\t\t\t\t\t\t\t\t<a class=\"su-post-thumbnail\" href=\"https:\/\/wp.unil.ch\/labelettres\/les-relations-economiques-entre-la-suisse-et-lafrique-du-sud-durant-lapartheid-1945-1990\/\"><img loading=\"lazy\" decoding=\"async\" width=\"325\" height=\"475\" src=\"https:\/\/wp.unil.ch\/labelettres\/files\/2020\/10\/29401100324560L.gif\" class=\"attachment-post-thumbnail size-post-thumbnail wp-post-image\" alt=\"\" \/><\/a>\n\t\t\t\t\t\t\t\t<h2 class=\"su-post-title\"><a href=\"https:\/\/wp.unil.ch\/labelettres\/les-relations-economiques-entre-la-suisse-et-lafrique-du-sud-durant-lapartheid-1945-1990\/\">Les relations \u00e9conomiques entre la Suisse et l&rsquo;Afrique du Sud durant l&rsquo;apartheid (1945-1990)<\/a><\/h2>\n\t\t\t<\/div>\n\n\t\t\t\n<\/div>\n\n<div class=\"su-divider su-divider-style-default\" style=\"margin:15px 0;border-width:1px;border-color:#999999\"><\/div>\n","protected":false},"excerpt":{"rendered":"<p>Un domaine de recherche d\u00e9pass\u00e9 ?<\/p>\n","protected":false},"author":1002146,"featured_media":10208,"comment_status":"closed","ping_status":"closed","sticky":false,"template":"","format":"standard","meta":{"_seopress_robots_primary_cat":"","_seopress_titles_title":"","_seopress_titles_desc":"","_seopress_robots_index":"","footnotes":""},"categories":[4],"tags":[469,468,467,1536,3003,3005,2656,1217,1307],"class_list":{"0":"post-10207","1":"post","2":"type-post","3":"status-publish","4":"format-standard","5":"has-post-thumbnail","7":"category-sciences-historiques","8":"tag-histoire-culturelle","9":"tag-histoire-economique","10":"tag-histoire-politique","11":"tag-histoire-sociale","12":"tag-karine-crousaz","13":"tag-politique-exterieure","14":"tag-sandra-bott","15":"tag-section-dhistoire","16":"tag-xxie-siecle"},"_links":{"self":[{"href":"https:\/\/wp.unil.ch\/labelettres\/wp-json\/wp\/v2\/posts\/10207","targetHints":{"allow":["GET"]}}],"collection":[{"href":"https:\/\/wp.unil.ch\/labelettres\/wp-json\/wp\/v2\/posts"}],"about":[{"href":"https:\/\/wp.unil.ch\/labelettres\/wp-json\/wp\/v2\/types\/post"}],"author":[{"embeddable":true,"href":"https:\/\/wp.unil.ch\/labelettres\/wp-json\/wp\/v2\/users\/1002146"}],"replies":[{"embeddable":true,"href":"https:\/\/wp.unil.ch\/labelettres\/wp-json\/wp\/v2\/comments?post=10207"}],"version-history":[{"count":0,"href":"https:\/\/wp.unil.ch\/labelettres\/wp-json\/wp\/v2\/posts\/10207\/revisions"}],"wp:featuredmedia":[{"embeddable":true,"href":"https:\/\/wp.unil.ch\/labelettres\/wp-json\/wp\/v2\/media\/10208"}],"wp:attachment":[{"href":"https:\/\/wp.unil.ch\/labelettres\/wp-json\/wp\/v2\/media?parent=10207"}],"wp:term":[{"taxonomy":"category","embeddable":true,"href":"https:\/\/wp.unil.ch\/labelettres\/wp-json\/wp\/v2\/categories?post=10207"},{"taxonomy":"post_tag","embeddable":true,"href":"https:\/\/wp.unil.ch\/labelettres\/wp-json\/wp\/v2\/tags?post=10207"}],"curies":[{"name":"wp","href":"https:\/\/api.w.org\/{rel}","templated":true}]}}