{"id":5991,"date":"2022-02-17T11:54:41","date_gmt":"2022-02-17T10:54:41","guid":{"rendered":"https:\/\/wp.unil.ch\/infolettres\/?p=5991"},"modified":"2022-02-18T10:09:45","modified_gmt":"2022-02-18T09:09:45","slug":"revue-de-presse-decembre-2021-fevrier-2022","status":"publish","type":"post","link":"https:\/\/wp.unil.ch\/infolettres\/revue-de-presse-decembre-2021-fevrier-2022\/","title":{"rendered":"Revue de presse: d\u00e9cembre 2021-f\u00e9vrier 2022"},"content":{"rendered":"\n<div class=\"wp-block-columns is-layout-flex wp-container-core-columns-is-layout-9d6595d7 wp-block-columns-is-layout-flex\">\n<div class=\"wp-block-column is-layout-flow wp-block-column-is-layout-flow\" style=\"flex-basis:33.33%\">\n<figure class=\"wp-block-image size-full\"><img alt=\"\" loading=\"lazy\" decoding=\"async\" width=\"696\" height=\"696\" src=\"https:\/\/wp.unil.ch\/infolettres\/files\/2018\/11\/Bernard_Andenmatten.jpg\" alt=\"\" class=\"wp-image-4706\" srcset=\"https:\/\/wp.unil.ch\/infolettres\/files\/2018\/11\/Bernard_Andenmatten.jpg 696w, https:\/\/wp.unil.ch\/infolettres\/files\/2018\/11\/Bernard_Andenmatten-100x100.jpg 100w, https:\/\/wp.unil.ch\/infolettres\/files\/2018\/11\/Bernard_Andenmatten-230x230.jpg 230w, https:\/\/wp.unil.ch\/infolettres\/files\/2018\/11\/Bernard_Andenmatten-365x365.jpg 365w\" sizes=\"auto, (max-width: 696px) 100vw, 696px\" \/><\/figure>\n<\/div>\n\n\n\n<div class=\"wp-block-column is-layout-flow wp-block-column-is-layout-flow\" style=\"flex-basis:66.66%\">\n<h6 class=\"wp-block-heading\" id=\"bernard-andenmatten-section-d-histoire\">Bernard Andenmatten, Section d\u2019histoire<\/h6>\n\n\n\n<ul class=\"wp-block-list\"><li><a href=\"https:\/\/www.24heures.ch\/saint-francois-un-couvent-de-freres-mendiants-a-lausanne-134155649964\">Saint-Fran\u00e7ois, un couvent de fr\u00e8res mendiants \u00e0 Lausanne<\/a>, 24 Heures, 16.01.2022<\/li><\/ul>\n<\/div>\n<\/div>\n\n\n\n<div class=\"wp-block-columns is-layout-flex wp-container-core-columns-is-layout-9d6595d7 wp-block-columns-is-layout-flex\">\n<div class=\"wp-block-column is-layout-flow wp-block-column-is-layout-flow\" style=\"flex-basis:33.33%\">\n<figure class=\"wp-block-image size-full\"><img alt=\"\" loading=\"lazy\" decoding=\"async\" width=\"500\" height=\"500\" src=\"https:\/\/wp.unil.ch\/infolettres\/files\/2021\/09\/Marc-Atallah-2019.jpg\" alt=\"\" class=\"wp-image-5784\" srcset=\"https:\/\/wp.unil.ch\/infolettres\/files\/2021\/09\/Marc-Atallah-2019.jpg 500w, https:\/\/wp.unil.ch\/infolettres\/files\/2021\/09\/Marc-Atallah-2019-150x150.jpg 150w\" sizes=\"auto, (max-width: 500px) 100vw, 500px\" \/><\/figure>\n<\/div>\n\n\n\n<div class=\"wp-block-column is-layout-flow wp-block-column-is-layout-flow\" style=\"flex-basis:66.66%\">\n<h6 class=\"wp-block-heading\" id=\"marc-atallah-section-de-francais\">Marc Atallah, Section de fran\u00e7ais<\/h6>\n\n\n\n<ul class=\"wp-block-list\"><li><a href=\"https:\/\/www.bilan.ch\/story\/comment-la-science-fiction-nourrit-linnovation-technologique-542804337995\">Comment la science-fiction nourrit l\u2019innovation technologique<\/a>, Bilan, 07.01.2022<\/li><li><a href=\"https:\/\/www.heidi.news\/innovation-solutions\/marc-atallah-prendre-la-science-fiction-au-premier-degre-n-est-jamais-une-bonne-chose\">Prendre la science-fiction au premier degr\u00e9 n&rsquo;est jamais une bonne chose<\/a>, Heidi.news, 12.01.2022<\/li><li><a href=\"https:\/\/avisdexperts.ch\/videos\/view\/14118\">Le cosmisme, un courant de pens\u00e9e en avance sur son temps<\/a><strong>, <\/strong>RTS La Premi\u00e8re, CQFD,&nbsp;20.01.2022<\/li><\/ul>\n<\/div>\n<\/div>\n\n\n\n<div class=\"wp-block-columns is-layout-flex wp-container-core-columns-is-layout-9d6595d7 wp-block-columns-is-layout-flex\">\n<div class=\"wp-block-column is-layout-flow wp-block-column-is-layout-flow\" style=\"flex-basis:33.33%\">\n<figure class=\"wp-block-image size-full\"><img alt=\"\" loading=\"lazy\" decoding=\"async\" width=\"290\" height=\"290\" src=\"https:\/\/wp.unil.ch\/infolettres\/files\/2014\/03\/Anne_Bielman.jpg\" alt=\"\" class=\"wp-image-4131\" srcset=\"https:\/\/wp.unil.ch\/infolettres\/files\/2014\/03\/Anne_Bielman.jpg 290w, https:\/\/wp.unil.ch\/infolettres\/files\/2014\/03\/Anne_Bielman-100x100.jpg 100w, https:\/\/wp.unil.ch\/infolettres\/files\/2014\/03\/Anne_Bielman-230x230.jpg 230w\" sizes=\"auto, (max-width: 290px) 100vw, 290px\" \/><\/figure>\n<\/div>\n\n\n\n<div class=\"wp-block-column is-layout-flow wp-block-column-is-layout-flow\" style=\"flex-basis:66.66%\">\n<p><strong>Anne Bielmann, Institut d\u2019arch\u00e9ologie et des sciences de l&rsquo;Antiquit\u00e9<\/strong><\/p>\n\n\n\n<ul class=\"wp-block-list\"><li><a href=\"https:\/\/avisdexperts.ch\/videos\/view\/14170\">La Gr\u00e8ce antique et l&rsquo;origine des Jeux olympiques<\/a>, RTS La Premi\u00e8re, Histoire vivante, 31.01.2022<\/li><\/ul>\n<\/div>\n<\/div>\n\n\n\n<div class=\"wp-block-columns is-layout-flex wp-container-core-columns-is-layout-9d6595d7 wp-block-columns-is-layout-flex\">\n<div class=\"wp-block-column is-layout-flow wp-block-column-is-layout-flow\" style=\"flex-basis:33.33%\">\n<figure class=\"wp-block-image size-full\"><img alt=\"\" loading=\"lazy\" decoding=\"async\" width=\"349\" height=\"349\" src=\"https:\/\/wp.unil.ch\/infolettres\/files\/2019\/05\/Alice-Bottarelli.jpg\" alt=\"\" class=\"wp-image-4871\" srcset=\"https:\/\/wp.unil.ch\/infolettres\/files\/2019\/05\/Alice-Bottarelli.jpg 349w, https:\/\/wp.unil.ch\/infolettres\/files\/2019\/05\/Alice-Bottarelli-100x100.jpg 100w, https:\/\/wp.unil.ch\/infolettres\/files\/2019\/05\/Alice-Bottarelli-230x230.jpg 230w\" sizes=\"auto, (max-width: 349px) 100vw, 349px\" \/><\/figure>\n<\/div>\n\n\n\n<div class=\"wp-block-column is-layout-flow wp-block-column-is-layout-flow\" style=\"flex-basis:66.66%\">\n<p><strong>Alice Bottarelli, Section de fran\u00e7ais<\/strong><\/p>\n\n\n\n<ul class=\"wp-block-list\"><li><a href=\"https:\/\/avisdexperts.ch\/videos\/view\/14101\">M\u00eame adouci, Michel Houellebecq continue de diviser avec \u00ab\u00a0an\u00e9antir\u00a0\u00bb<\/a>, RTS Un, Le 19h30, 14.01.2022<\/li><\/ul>\n<\/div>\n<\/div>\n\n\n\n<div class=\"wp-block-columns is-layout-flex wp-container-core-columns-is-layout-9d6595d7 wp-block-columns-is-layout-flex\">\n<div class=\"wp-block-column is-layout-flow wp-block-column-is-layout-flow\" style=\"flex-basis:33.33%\">\n<figure class=\"wp-block-image size-full\"><img alt=\"\" loading=\"lazy\" decoding=\"async\" width=\"410\" height=\"410\" src=\"https:\/\/wp.unil.ch\/infolettres\/files\/2018\/09\/Marta_Caraion.jpeg\" alt=\"\" class=\"wp-image-4544\" srcset=\"https:\/\/wp.unil.ch\/infolettres\/files\/2018\/09\/Marta_Caraion.jpeg 410w, https:\/\/wp.unil.ch\/infolettres\/files\/2018\/09\/Marta_Caraion-100x100.jpeg 100w, https:\/\/wp.unil.ch\/infolettres\/files\/2018\/09\/Marta_Caraion-200x200.jpeg 200w, https:\/\/wp.unil.ch\/infolettres\/files\/2018\/09\/Marta_Caraion-230x230.jpeg 230w, https:\/\/wp.unil.ch\/infolettres\/files\/2018\/09\/Marta_Caraion-365x365.jpeg 365w\" sizes=\"auto, (max-width: 410px) 100vw, 410px\" \/><\/figure>\n<\/div>\n\n\n\n<div class=\"wp-block-column is-layout-flow wp-block-column-is-layout-flow\" style=\"flex-basis:66.66%\">\n<p><strong>Marta Caraion, Section de fran\u00e7ais<\/strong><\/p>\n\n\n\n<ul class=\"wp-block-list\"><li><a href=\"https:\/\/wp.unil.ch\/uniscope\/ce-que-les-objets-font-a-la-litterature-et-reciproquement\/\">Ce que les objets font \u00e0 la litt\u00e9rature\u2026 et r\u00e9ciproquement<\/a>, L\u2019uniscope, 27.01.2022<\/li><\/ul>\n<\/div>\n<\/div>\n\n\n\n<div class=\"wp-block-columns is-layout-flex wp-container-core-columns-is-layout-9d6595d7 wp-block-columns-is-layout-flex\">\n<div class=\"wp-block-column is-layout-flow wp-block-column-is-layout-flow\" style=\"flex-basis:33.33%\">\n<figure class=\"wp-block-image size-full\"><img alt=\"\" loading=\"lazy\" decoding=\"async\" width=\"1084\" height=\"1084\" src=\"https:\/\/wp.unil.ch\/infolettres\/files\/2020\/02\/Danielle-Chaperon-2020.jpg\" alt=\"\" class=\"wp-image-5153\" srcset=\"https:\/\/wp.unil.ch\/infolettres\/files\/2020\/02\/Danielle-Chaperon-2020.jpg 1084w, https:\/\/wp.unil.ch\/infolettres\/files\/2020\/02\/Danielle-Chaperon-2020-150x150.jpg 150w, https:\/\/wp.unil.ch\/infolettres\/files\/2020\/02\/Danielle-Chaperon-2020-768x768.jpg 768w, https:\/\/wp.unil.ch\/infolettres\/files\/2020\/02\/Danielle-Chaperon-2020-230x230.jpg 230w, https:\/\/wp.unil.ch\/infolettres\/files\/2020\/02\/Danielle-Chaperon-2020-365x365.jpg 365w\" sizes=\"auto, (max-width: 1084px) 100vw, 1084px\" \/><\/figure>\n<\/div>\n\n\n\n<div class=\"wp-block-column is-layout-flow wp-block-column-is-layout-flow\" style=\"flex-basis:66.66%\">\n<h6 class=\"wp-block-heading\" id=\"danielle-chaperon-section-de-francais\">Danielle Chaperon, Section de fran\u00e7ais<\/h6>\n\n\n\n<ul class=\"wp-block-list\"><li><a href=\"https:\/\/lecourrier.ch\/2021\/11\/17\/le-theatre-romand-possede-enfin-son-centre-de-recherche\/\">Le th\u00e9\u00e2tre romand poss\u00e8de enfin son centre de recherche<\/a>, Le Courrier, 18.11.2021<\/li><li><a href=\"https:\/\/avisdexperts.ch\/videos\/view\/14050\">Bande d\u00e9ssin\u00e9e, la folie des biographies<\/a>, RTS Un, Le 19h30,&nbsp;03.01.2022<\/li><li><a href=\"https:\/\/www.letemps.ch\/culture\/rire-moliere-gril-suisse-romande\">Le rire de Moli\u00e8re sur le gril en Suisse romande<\/a>, Le Temps, 14.01.2022<\/li><li><a href=\"https:\/\/avisdexperts.ch\/videos\/view\/14093\">Moli\u00e8re est-il encore d\u2019actualit\u00e9\u0301 400 ans apr\u00e8s sa naissance ?<\/a>, RTS La Premi\u00e8re, Forum, Soir, 15.01.2022<\/li><\/ul>\n\n\n\n<p><\/p>\n<\/div>\n<\/div>\n\n\n\n<div class=\"wp-block-columns is-layout-flex wp-container-core-columns-is-layout-9d6595d7 wp-block-columns-is-layout-flex\">\n<div class=\"wp-block-column is-layout-flow wp-block-column-is-layout-flow\" style=\"flex-basis:33.33%\">\n<figure class=\"wp-block-image size-full\"><img alt=\"\" loading=\"lazy\" decoding=\"async\" width=\"500\" height=\"500\" src=\"https:\/\/wp.unil.ch\/infolettres\/files\/2021\/09\/Alain-Corbellari.jpg\" alt=\"\" class=\"wp-image-5785\" srcset=\"https:\/\/wp.unil.ch\/infolettres\/files\/2021\/09\/Alain-Corbellari.jpg 500w, https:\/\/wp.unil.ch\/infolettres\/files\/2021\/09\/Alain-Corbellari-150x150.jpg 150w\" sizes=\"auto, (max-width: 500px) 100vw, 500px\" \/><\/figure>\n<\/div>\n\n\n\n<div class=\"wp-block-column is-layout-flow wp-block-column-is-layout-flow\" style=\"flex-basis:66.66%\">\n<h6 class=\"wp-block-heading\" id=\"alain-corbellari-section-de-francais\">Alain Corbellari, Section de fran\u00e7ais<\/h6>\n\n\n\n<ul class=\"wp-block-list\"><li><a href=\"https:\/\/www.letemps.ch\/culture\/litterature-medievale-une-matiere-rire-etonnant-non\">La litt\u00e9rature m\u00e9di\u00e9vale est une mati\u00e8re \u00e0 rire. \u00c9tonnant, non ?<\/a>, Le Temps, 18.12.2021<\/li><\/ul>\n<\/div>\n<\/div>\n\n\n\n<div class=\"wp-block-columns is-layout-flex wp-container-core-columns-is-layout-9d6595d7 wp-block-columns-is-layout-flex\">\n<div class=\"wp-block-column is-layout-flow wp-block-column-is-layout-flow\" style=\"flex-basis:33.33%\">\n<figure class=\"wp-block-image size-full\"><img alt=\"\" loading=\"lazy\" decoding=\"async\" width=\"281\" height=\"281\" src=\"https:\/\/wp.unil.ch\/infolettres\/files\/2014\/03\/Marc_Escola.jpg\" alt=\"\" class=\"wp-image-3926\" srcset=\"https:\/\/wp.unil.ch\/infolettres\/files\/2014\/03\/Marc_Escola.jpg 281w, https:\/\/wp.unil.ch\/infolettres\/files\/2014\/03\/Marc_Escola-100x100.jpg 100w, https:\/\/wp.unil.ch\/infolettres\/files\/2014\/03\/Marc_Escola-230x230.jpg 230w\" sizes=\"auto, (max-width: 281px) 100vw, 281px\" \/><\/figure>\n<\/div>\n\n\n\n<div class=\"wp-block-column is-layout-flow wp-block-column-is-layout-flow\" style=\"flex-basis:66.66%\">\n<p><strong>Marc Escola, Section de fran\u00e7ais<\/strong><\/p>\n\n\n\n<ul class=\"wp-block-list\"><li><a href=\"https:\/\/www.rts.ch\/audio-podcast\/2022\/audio\/a-vous-de-jouer-25793508.html\">Entretien avec Matthias Urban<\/a>, RTS Espace 2, \u00c0 vous de jouer, 15.01.2022<\/li><li><a href=\"https:\/\/www.rts.ch\/audio-podcast\/2022\/audio\/a-vous-de-jouer-25797172.html\">Entretien avec Cyril Kaiser<\/a>,RTS Espace 2, \u00c0 vous de jouer, 19.01.2022<\/li><li><a href=\"https:\/\/www.rts.ch\/audio-podcast\/2022\/audio\/a-vous-de-jouer-25795359.html\">Entretien avec Vincent Bonillo<\/a>, RTS Espace 2, \u00c0 vous de jouer, 22.01.2022<\/li><li><a href=\"https:\/\/www.rts.ch\/audio-podcast\/2022\/audio\/a-vous-de-jouer-25798949.html\">Entretien avec Vincent Kucholl<\/a>, RTS Espace 2, \u00c0 vous de jouer, 05.02.2022<\/li><li>\u00ab Moli\u00e8re aurait repris la phrase d&rsquo;Alain Berset \u00bb, Lausanne Cit\u00e9, 16.02.2022<\/li><\/ul>\n<\/div>\n<\/div>\n\n\n\n<div class=\"wp-block-columns is-layout-flex wp-container-core-columns-is-layout-9d6595d7 wp-block-columns-is-layout-flex\">\n<div class=\"wp-block-column is-layout-flow wp-block-column-is-layout-flow\" style=\"flex-basis:33.33%\">\n<figure class=\"wp-block-image size-full\"><img alt=\"\" loading=\"lazy\" decoding=\"async\" width=\"1200\" height=\"1200\" src=\"https:\/\/wp.unil.ch\/infolettres\/files\/2018\/09\/Cedric_Humair.jpg\" alt=\"\" class=\"wp-image-4600\" srcset=\"https:\/\/wp.unil.ch\/infolettres\/files\/2018\/09\/Cedric_Humair.jpg 1200w, https:\/\/wp.unil.ch\/infolettres\/files\/2018\/09\/Cedric_Humair-100x100.jpg 100w, https:\/\/wp.unil.ch\/infolettres\/files\/2018\/09\/Cedric_Humair-768x768.jpg 768w, https:\/\/wp.unil.ch\/infolettres\/files\/2018\/09\/Cedric_Humair-230x230.jpg 230w, https:\/\/wp.unil.ch\/infolettres\/files\/2018\/09\/Cedric_Humair-365x365.jpg 365w\" sizes=\"auto, (max-width: 1200px) 100vw, 1200px\" \/><\/figure>\n<\/div>\n\n\n\n<div class=\"wp-block-column is-layout-flow wp-block-column-is-layout-flow\" style=\"flex-basis:66.66%\">\n<p><strong>C\u00e9dric Humair, Section d\u2019histoire<\/strong><\/p>\n\n\n\n<ul class=\"wp-block-list\"><li><a href=\"https:\/\/www.laliberte.ch\/news\/quand-l-automobile-faisait-peur-632301\">Quand l\u2019automobile faisait peur<\/a>, La Libert\u00e9, 14.01.2022<\/li><\/ul>\n<\/div>\n<\/div>\n\n\n\n<div class=\"wp-block-columns is-layout-flex wp-container-core-columns-is-layout-9d6595d7 wp-block-columns-is-layout-flex\">\n<div class=\"wp-block-column is-layout-flow wp-block-column-is-layout-flow\" style=\"flex-basis:33.33%\">\n<figure class=\"wp-block-image size-full\"><img alt=\"\" loading=\"lazy\" decoding=\"async\" width=\"213\" height=\"213\" src=\"https:\/\/wp.unil.ch\/infolettres\/files\/2020\/09\/Ute-Heidmann.jpeg\" alt=\"\" class=\"wp-image-5472\" srcset=\"https:\/\/wp.unil.ch\/infolettres\/files\/2020\/09\/Ute-Heidmann.jpeg 213w, https:\/\/wp.unil.ch\/infolettres\/files\/2020\/09\/Ute-Heidmann-150x150.jpeg 150w\" sizes=\"auto, (max-width: 213px) 100vw, 213px\" \/><\/figure>\n<\/div>\n\n\n\n<div class=\"wp-block-column is-layout-flow wp-block-column-is-layout-flow\" style=\"flex-basis:66.66%\">\n<h6 class=\"wp-block-heading\" id=\"ute-heidmann-section-de-francais\"><strong>Ute Heidmann Section de fran\u00e7ais<\/strong><\/h6>\n\n\n\n<ul class=\"wp-block-list\"><li>Les pouvoirs du conte, Le Quotidien Jurassien, 08.01.2022<\/li><\/ul>\n<\/div>\n<\/div>\n\n\n\n<div class=\"wp-block-columns is-layout-flex wp-container-core-columns-is-layout-9d6595d7 wp-block-columns-is-layout-flex\">\n<div class=\"wp-block-column is-layout-flow wp-block-column-is-layout-flow\" style=\"flex-basis:33.33%\">\n<figure class=\"wp-block-image size-full\"><img alt=\"\" loading=\"lazy\" decoding=\"async\" width=\"198\" height=\"198\" src=\"https:\/\/wp.unil.ch\/infolettres\/files\/2014\/03\/Pierre-Emmanuel_Jaques.jpg\" alt=\"\" class=\"wp-image-4134\" srcset=\"https:\/\/wp.unil.ch\/infolettres\/files\/2014\/03\/Pierre-Emmanuel_Jaques.jpg 198w, https:\/\/wp.unil.ch\/infolettres\/files\/2014\/03\/Pierre-Emmanuel_Jaques-100x100.jpg 100w\" sizes=\"auto, (max-width: 198px) 100vw, 198px\" \/><\/figure>\n<\/div>\n\n\n\n<div class=\"wp-block-column is-layout-flow wp-block-column-is-layout-flow\" style=\"flex-basis:66.66%\">\n<p><strong>Pierre-Emmanuel Jacques, Section d&rsquo;histoire et esth\u00e9tique du cin\u00e9ma<\/strong><\/p>\n\n\n\n<ul class=\"wp-block-list\"><li><a href=\"https:\/\/lecourrier.ch\/2021\/12\/16\/a-la-lisiere-des-mondes-2\/\">\u00c0 la lisi\u00e8re des mondes<\/a>, Le Courrier, 17.12.2021<\/li><li><a href=\"https:\/\/www.letemps.ch\/culture\/regard-retrouve-documentariste-romand-henry-brandt\">Le regard retrouv\u00e9 du documentariste romand Henry Brandt<\/a>, Le Temps, 22.01.2022<\/li><\/ul>\n<\/div>\n<\/div>\n\n\n\n<div class=\"wp-block-columns is-layout-flex wp-container-core-columns-is-layout-9d6595d7 wp-block-columns-is-layout-flex\">\n<div class=\"wp-block-column is-layout-flow wp-block-column-is-layout-flow\" style=\"flex-basis:33.33%\">\n<figure class=\"wp-block-image size-full\"><img alt=\"\" loading=\"lazy\" decoding=\"async\" width=\"591\" height=\"591\" src=\"https:\/\/wp.unil.ch\/infolettres\/files\/2014\/03\/Jerome_Jacquin.jpeg\" alt=\"\" class=\"wp-image-3913\" srcset=\"https:\/\/wp.unil.ch\/infolettres\/files\/2014\/03\/Jerome_Jacquin.jpeg 591w, https:\/\/wp.unil.ch\/infolettres\/files\/2014\/03\/Jerome_Jacquin-100x100.jpeg 100w, https:\/\/wp.unil.ch\/infolettres\/files\/2014\/03\/Jerome_Jacquin-300x300.jpeg 300w, https:\/\/wp.unil.ch\/infolettres\/files\/2014\/03\/Jerome_Jacquin-230x230.jpeg 230w, https:\/\/wp.unil.ch\/infolettres\/files\/2014\/03\/Jerome_Jacquin-365x365.jpeg 365w\" sizes=\"auto, (max-width: 591px) 100vw, 591px\" \/><\/figure>\n<\/div>\n\n\n\n<div class=\"wp-block-column is-layout-flow wp-block-column-is-layout-flow\" style=\"flex-basis:66.66%\">\n<p><strong>J\u00e9r\u00f4me Jacquin, Section des sciences du langage et de l&rsquo;information<\/strong><\/p>\n\n\n\n<ul class=\"wp-block-list\"><li><a href=\"https:\/\/www.rts.ch\/play\/tv\/dans-la-tete-de\/video\/dans-la-tete----dun-beau-parleur?urn=urn:rts:video:12693522\">Dans la t\u00eate\u2026 d\u2019un beau parleur<\/a>, RTS Un, Dans la t\u00eate de\u2026, 08.12.2021<\/li><\/ul>\n<\/div>\n<\/div>\n\n\n\n<div class=\"wp-block-columns is-layout-flex wp-container-core-columns-is-layout-9d6595d7 wp-block-columns-is-layout-flex\">\n<div class=\"wp-block-column is-layout-flow wp-block-column-is-layout-flow\" style=\"flex-basis:33.33%\">\n<figure class=\"wp-block-image size-full\"><img alt=\"\" loading=\"lazy\" decoding=\"async\" width=\"400\" height=\"400\" src=\"https:\/\/wp.unil.ch\/infolettres\/files\/2019\/09\/David-Javet.png\" alt=\"\" class=\"wp-image-4992\" srcset=\"https:\/\/wp.unil.ch\/infolettres\/files\/2019\/09\/David-Javet.png 400w, https:\/\/wp.unil.ch\/infolettres\/files\/2019\/09\/David-Javet-100x100.png 100w, https:\/\/wp.unil.ch\/infolettres\/files\/2019\/09\/David-Javet-230x230.png 230w, https:\/\/wp.unil.ch\/infolettres\/files\/2019\/09\/David-Javet-365x365.png 365w\" sizes=\"auto, (max-width: 400px) 100vw, 400px\" \/><\/figure>\n<\/div>\n\n\n\n<div class=\"wp-block-column is-layout-flow wp-block-column-is-layout-flow\" style=\"flex-basis:66.66%\">\n<h6 class=\"wp-block-heading\" id=\"david-javet-section-d-histoire-et-esthetique-du-cinema\">David Javet, Section d&rsquo;histoire et esth\u00e9tique du cin\u00e9ma<\/h6>\n\n\n\n<ul class=\"wp-block-list\"><li><a href=\"https:\/\/www.20min.ch\/fr\/video\/en-panne-d-idees-voici-dix-jeux-suisses-a-offrir-943654983942\">En panne d\u2019id\u00e9es ? Voici dix jeux suisses \u00e0 offrir<\/a>, 20 minutes, 17.12.2021<\/li><li><a href=\"https:\/\/www.lfm.ch\/actualite\/culture\/plongee-dans-le-jeu-video-vaudois\/\">Plong\u00e9e dans le jeu vid\u00e9o vaudois<\/a>, Lausanne FM, 21.12.2021<\/li><\/ul>\n<\/div>\n<\/div>\n\n\n\n<div class=\"wp-block-columns is-layout-flex wp-container-core-columns-is-layout-9d6595d7 wp-block-columns-is-layout-flex\">\n<div class=\"wp-block-column is-layout-flow wp-block-column-is-layout-flow\" style=\"flex-basis:33.33%\">\n<figure class=\"wp-block-image size-full\"><img alt=\"\" loading=\"lazy\" decoding=\"async\" width=\"864\" height=\"864\" src=\"https:\/\/wp.unil.ch\/infolettres\/files\/2014\/03\/Philippe_Kaenel.jpg\" alt=\"\" class=\"wp-image-3915\" srcset=\"https:\/\/wp.unil.ch\/infolettres\/files\/2014\/03\/Philippe_Kaenel.jpg 864w, https:\/\/wp.unil.ch\/infolettres\/files\/2014\/03\/Philippe_Kaenel-100x100.jpg 100w, https:\/\/wp.unil.ch\/infolettres\/files\/2014\/03\/Philippe_Kaenel-300x300.jpg 300w, https:\/\/wp.unil.ch\/infolettres\/files\/2014\/03\/Philippe_Kaenel-768x768.jpg 768w, https:\/\/wp.unil.ch\/infolettres\/files\/2014\/03\/Philippe_Kaenel-600x600.jpg 600w, https:\/\/wp.unil.ch\/infolettres\/files\/2014\/03\/Philippe_Kaenel-230x230.jpg 230w, https:\/\/wp.unil.ch\/infolettres\/files\/2014\/03\/Philippe_Kaenel-365x365.jpg 365w\" sizes=\"auto, (max-width: 864px) 100vw, 864px\" \/><\/figure>\n<\/div>\n\n\n\n<div class=\"wp-block-column is-layout-flow wp-block-column-is-layout-flow\" style=\"flex-basis:66.66%\">\n<h6 class=\"wp-block-heading\" id=\"philippe-kaenel-section-d-histoire-de-l-art\">Philippe Kaenel, Section d&rsquo;histoire de l&rsquo;art<\/h6>\n\n\n\n<ul class=\"wp-block-list\"><li><a href=\"https:\/\/www.24heures.ch\/lexpo-qui-trompe-loubli-le-rejet-et-la-benne-729607194462\">La post\u00e9rit\u00e9 est une affaire d\u00e9licate pour les artistes<\/a>, 24 Heures, 05.01.2022<\/li><li><a href=\"https:\/\/avisdexperts.ch\/videos\/view\/14097\">Du papier aux autres m\u00e9dias: panorama historique de la presse vaudoise<\/a>, RTS La Premi\u00e8re, M\u00e9dialogues, 14.01.2022<\/li><li><a href=\"https:\/\/lecourrier.ch\/2022\/02\/01\/dessin-de-presse-et-numerique-mariage-impossible\/\">Dessin de presse et num\u00e9rique, mariage impossible ?<\/a>, Le Courrier, 02.02.2022<\/li><li><a href=\"https:\/\/avisdexperts.ch\/videos\/view\/14185\">La caricature (1\/5)<\/a>, RTS La Premi\u00e8re, Dis, pourquoi&nbsp;?, 31.01.2022<\/li><li><a href=\"https:\/\/avisdexperts.ch\/videos\/view\/14186\">La caricature (2\/5)<\/a>, RTS La Premi\u00e8re, Dis, pourquoi&nbsp;?, 01.02.2022<\/li><li><a href=\"https:\/\/avisdexperts.ch\/videos\/view\/14187\">La caricature (3\/5)<\/a>, RTS La Premi\u00e8re, Dis, pourquoi ? 02.02.2022<\/li><li><a href=\"https:\/\/avisdexperts.ch\/videos\/view\/14188\">La caricature (4\/5)<\/a>, RTS La Premi\u00e8re, Dis, pourquoi ? 03.02.2022<\/li><li><a href=\"https:\/\/avisdexperts.ch\/videos\/view\/14189\">La caricature (5\/5)<\/a>, RTS La Premi\u00e8re, Dis, pourquoi, 04.02.2022<\/li><\/ul>\n\n\n\n<p><\/p>\n<\/div>\n<\/div>\n\n\n\n<div class=\"wp-block-columns is-layout-flex wp-container-core-columns-is-layout-9d6595d7 wp-block-columns-is-layout-flex\">\n<div class=\"wp-block-column is-layout-flow wp-block-column-is-layout-flow\" style=\"flex-basis:33.33%\">\n<figure class=\"wp-block-image size-full\"><img alt=\"\" loading=\"lazy\" decoding=\"async\" width=\"500\" height=\"500\" src=\"https:\/\/wp.unil.ch\/infolettres\/files\/2022\/02\/Gaelle-Kovaliv.jpg\" alt=\"\" class=\"wp-image-5973\" srcset=\"https:\/\/wp.unil.ch\/infolettres\/files\/2022\/02\/Gaelle-Kovaliv.jpg 500w, https:\/\/wp.unil.ch\/infolettres\/files\/2022\/02\/Gaelle-Kovaliv-150x150.jpg 150w\" sizes=\"auto, (max-width: 500px) 100vw, 500px\" \/><\/figure>\n<\/div>\n\n\n\n<div class=\"wp-block-column is-layout-flow wp-block-column-is-layout-flow\" style=\"flex-basis:66.66%\">\n<p><strong>Ga\u00eblle Kovaliv, \u00c9cole de fran\u00e7ais langue \u00e9trang\u00e8re<\/strong><\/p>\n\n\n\n<ul class=\"wp-block-list\"><li><a href=\"https:\/\/avisdexperts.ch\/videos\/view\/14200\">Originaire de Cor\u00e9e du Sud, le webtoon se fait une place en Suisse romande<\/a>, RTS Un, Le 19h30, 04.02.2022<\/li><\/ul>\n<\/div>\n<\/div>\n\n\n\n<div class=\"wp-block-columns is-layout-flex wp-container-core-columns-is-layout-9d6595d7 wp-block-columns-is-layout-flex\">\n<div class=\"wp-block-column is-layout-flow wp-block-column-is-layout-flow\" style=\"flex-basis:33.33%\">\n<figure class=\"wp-block-image size-full\"><img alt=\"\" loading=\"lazy\" decoding=\"async\" width=\"200\" height=\"200\" src=\"https:\/\/wp.unil.ch\/infolettres\/files\/2019\/05\/Selim-Krichane.jpg\" alt=\"\" class=\"wp-image-4874\" srcset=\"https:\/\/wp.unil.ch\/infolettres\/files\/2019\/05\/Selim-Krichane.jpg 200w, https:\/\/wp.unil.ch\/infolettres\/files\/2019\/05\/Selim-Krichane-100x100.jpg 100w\" sizes=\"auto, (max-width: 200px) 100vw, 200px\" \/><\/figure>\n<\/div>\n\n\n\n<div class=\"wp-block-column is-layout-flow wp-block-column-is-layout-flow\" style=\"flex-basis:66.66%\">\n<h6 class=\"wp-block-heading\" id=\"selim-krichane-section-d-histoire-et-esthetique-du-cinema\">Selim Krichane, Section d&rsquo;histoire et esth\u00e9tique du cin\u00e9ma<\/h6>\n\n\n\n<ul class=\"wp-block-list\"><li><a href=\"https:\/\/www.rts.ch\/info\/culture\/series\/12732813-arcane-la-revanche-des-series-adaptees-dun-jeu-video.html\">\u00abArcane\u00bb, la revanche des s\u00e9ries adapt\u00e9es d\u2019un jeu vid\u00e9o<\/a>, RTS Un, Le 19h30, 27.12.2021<\/li><li><a href=\"https:\/\/www.rts.ch\/info\/economie\/12797579-microsoft-va-racheter-activisionblizzard-pour-69-milliards-de-dollars-un-record.html\">Microsoft va racheter Activision-Blizzard pour 69 milliards de dollars, un record<\/a>, RTS La Premi\u00e8re, La Matinale, 19.01.2022<\/li><\/ul>\n<\/div>\n<\/div>\n\n\n\n<div class=\"wp-block-columns is-layout-flex wp-container-core-columns-is-layout-9d6595d7 wp-block-columns-is-layout-flex\">\n<div class=\"wp-block-column is-layout-flow wp-block-column-is-layout-flow\" style=\"flex-basis:33.33%\">\n<figure class=\"wp-block-image size-full\"><img alt=\"\" loading=\"lazy\" decoding=\"async\" width=\"800\" height=\"800\" src=\"https:\/\/wp.unil.ch\/infolettres\/files\/2014\/03\/Olivier_Lugon.jpeg\" alt=\"\" class=\"wp-image-3762\" srcset=\"https:\/\/wp.unil.ch\/infolettres\/files\/2014\/03\/Olivier_Lugon.jpeg 800w, https:\/\/wp.unil.ch\/infolettres\/files\/2014\/03\/Olivier_Lugon-100x100.jpeg 100w, https:\/\/wp.unil.ch\/infolettres\/files\/2014\/03\/Olivier_Lugon-300x300.jpeg 300w, https:\/\/wp.unil.ch\/infolettres\/files\/2014\/03\/Olivier_Lugon-768x768.jpeg 768w, https:\/\/wp.unil.ch\/infolettres\/files\/2014\/03\/Olivier_Lugon-600x600.jpeg 600w\" sizes=\"auto, (max-width: 800px) 100vw, 800px\" \/><\/figure>\n<\/div>\n\n\n\n<div class=\"wp-block-column is-layout-flow wp-block-column-is-layout-flow\" style=\"flex-basis:66.66%\">\n<p><strong>Olivier Lugon, Section d&rsquo;histoire et esth\u00e9tique du cin\u00e9ma<\/strong><\/p>\n\n\n\n<ul class=\"wp-block-list\"><li><a href=\"https:\/\/www.canalalpha.ch\/play\/le-journal\/topic\/24687\/sur-les-traces-dhenry-brandt-au-mahn\">Sur les traces d\u2019Henry Brandt au MahN<\/a>, Canal Alpha, Journal Canal&nbsp;12.11.2021<\/li><li><a href=\"https:\/\/www.rts.ch\/audio-podcast\/2021\/audio\/expo-henry-brandt-itw-d-olivier-lugon-1-2-25787091.html\">Expo Henry Brandt: interview d&rsquo;Olivier Lugon (1\/2)<\/a>, RTS Couleur 3, Des plans sur la plan\u00e8te, 17.12.2021<\/li><li><a href=\"https:\/\/www.rts.ch\/audio-podcast\/2021\/audio\/expo-henry-brandt-itw-d-olivier-lugon-2-2-25787093.html\">Expo Henry Brandt: interview d&rsquo;Olivier Lugon (2\/2)<\/a>, RTS Couleur 3, Des plans sur la plan\u00e8te, 17.12.2021<\/li><\/ul>\n<\/div>\n<\/div>\n\n\n\n<div class=\"wp-block-columns is-layout-flex wp-container-core-columns-is-layout-9d6595d7 wp-block-columns-is-layout-flex\">\n<div class=\"wp-block-column is-layout-flow wp-block-column-is-layout-flow\" style=\"flex-basis:33.33%\">\n<figure class=\"wp-block-image size-full is-resized\"><img alt=\"\" loading=\"lazy\" decoding=\"async\" src=\"https:\/\/wp.unil.ch\/infolettres\/files\/2018\/09\/Gilles_Merminod.jpg\" alt=\"\" class=\"wp-image-4598\" width=\"234\" height=\"234\" srcset=\"https:\/\/wp.unil.ch\/infolettres\/files\/2018\/09\/Gilles_Merminod.jpg 200w, https:\/\/wp.unil.ch\/infolettres\/files\/2018\/09\/Gilles_Merminod-100x100.jpg 100w\" sizes=\"auto, (max-width: 234px) 100vw, 234px\" \/><\/figure>\n<\/div>\n\n\n\n<div class=\"wp-block-column is-layout-flow wp-block-column-is-layout-flow\" style=\"flex-basis:66.66%\">\n<p><strong>Gilles Merminod, Section de fran\u00e7ais<\/strong><\/p>\n\n\n\n<ul class=\"wp-block-list\"><li><a href=\"https:\/\/www.croix-bleue.ch\/alcool-dependance\/exister-857.html\">Les mots, ni neutres, ni innocents<\/a>,&nbsp;Exister, Journal de la Croix-Bleue romande, 28.12.2021<\/li><\/ul>\n<\/div>\n<\/div>\n\n\n\n<div class=\"wp-block-columns is-layout-flex wp-container-core-columns-is-layout-9d6595d7 wp-block-columns-is-layout-flex\">\n<div class=\"wp-block-column is-layout-flow wp-block-column-is-layout-flow\" style=\"flex-basis:33.33%\">\n<figure class=\"wp-block-image size-full is-resized\"><img alt=\"\" loading=\"lazy\" decoding=\"async\" src=\"https:\/\/wp.unil.ch\/infolettres\/files\/2019\/11\/J\u00e9r\u00f4me-Meizoz-2019.jpeg\" alt=\"\" class=\"wp-image-5053\" width=\"249\" height=\"249\" srcset=\"https:\/\/wp.unil.ch\/infolettres\/files\/2019\/11\/J\u00e9r\u00f4me-Meizoz-2019.jpeg 1200w, https:\/\/wp.unil.ch\/infolettres\/files\/2019\/11\/J\u00e9r\u00f4me-Meizoz-2019-150x150.jpeg 150w, https:\/\/wp.unil.ch\/infolettres\/files\/2019\/11\/J\u00e9r\u00f4me-Meizoz-2019-768x768.jpeg 768w, https:\/\/wp.unil.ch\/infolettres\/files\/2019\/11\/J\u00e9r\u00f4me-Meizoz-2019-230x230.jpeg 230w, https:\/\/wp.unil.ch\/infolettres\/files\/2019\/11\/J\u00e9r\u00f4me-Meizoz-2019-365x365.jpeg 365w\" sizes=\"auto, (max-width: 249px) 100vw, 249px\" \/><\/figure>\n<\/div>\n\n\n\n<div class=\"wp-block-column is-layout-flow wp-block-column-is-layout-flow\" style=\"flex-basis:66.66%\">\n<p><strong>J\u00e9r\u00f4me Meizoz, Section de fran\u00e7ais<\/strong><\/p>\n\n\n\n<ul class=\"wp-block-list\"><li><a href=\"https:\/\/wp.unil.ch\/uniscope\/l-f-celine-quand-style-et-ideologie-raciste-sentremelent\/\">L-F. C\u00e9line : quand style et id\u00e9ologie raciste s\u2019entrem\u00ealent<\/a>, L\u2019uniscope, 27.01.2022<\/li><li>J\u00e9r\u00f4me Meizoz face \u00e0 la \u00abposture\u00bb de C\u00e9line, Le Matin Dimanche, 06.02.2022<\/li><li><a href=\"https:\/\/www.rts.ch\/audio-podcast\/2022\/audio\/les-savoirs-locaux-25800528.html\">Les savoirs locaux<\/a>, RTS La Premi\u00e8re, Tribu, 11.02.2022<\/li><\/ul>\n<\/div>\n<\/div>\n\n\n\n<div class=\"wp-block-columns is-layout-flex wp-container-core-columns-is-layout-9d6595d7 wp-block-columns-is-layout-flex\">\n<div class=\"wp-block-column is-layout-flow wp-block-column-is-layout-flow\" style=\"flex-basis:33.33%\">\n<figure class=\"wp-block-image size-full\"><img alt=\"\" loading=\"lazy\" decoding=\"async\" width=\"480\" height=\"480\" src=\"https:\/\/wp.unil.ch\/infolettres\/files\/2021\/12\/Lise-Michel.jpg\" alt=\"\" class=\"wp-image-5928\" srcset=\"https:\/\/wp.unil.ch\/infolettres\/files\/2021\/12\/Lise-Michel.jpg 480w, https:\/\/wp.unil.ch\/infolettres\/files\/2021\/12\/Lise-Michel-150x150.jpg 150w\" sizes=\"auto, (max-width: 480px) 100vw, 480px\" \/><\/figure>\n<\/div>\n\n\n\n<div class=\"wp-block-column is-layout-flow wp-block-column-is-layout-flow\" style=\"flex-basis:66.66%\">\n<p><strong>Lise Michel, Section de fran\u00e7ais<\/strong><\/p>\n\n\n\n<ul class=\"wp-block-list\"><li><a href=\"https:\/\/www.franceinter.fr\/emissions\/moliere-le-chien-et-le-loup\/episode-3-madeleine-l-audace-en-bandouliere\">Moli\u00e8re, le chien et le loup. \u00c9pisode 3: Madeleine, l\u2019audace en bandouli\u00e8re<\/a>, France Inter, 10.12.2021<\/li><li><a href=\"https:\/\/www.franceinter.fr\/emissions\/moliere-le-chien-et-le-loup\/episode-4-la-guerre-des-theatres\">Moli\u00e8re, le chien et le loup. \u00c9pisode 3: la guerre des th\u00e9\u00e2tres<\/a>, France Inter, 10.12.2021<\/li><li><a href=\"https:\/\/www.franceinter.fr\/emissions\/moliere-le-chien-et-le-loup\/episode-5-au-pays-des-mondains\">Moli\u00e8re, le chien et le loup. \u00c9pisode 5: au pays des mondains<\/a>, France Inter, 10.12.2021<\/li><li><a href=\"https:\/\/documentcloud.adobe.com\/link\/review?uri=urn:aaid:scds:US:6c2013c5-b0a7-4521-bd3e-50f0a39969df\">Quella modernit\u00e0 senza tempo di Moli\u00e8re&nbsp;: salottiero felice tra le donne galanti<\/a>, La Stampa, 27.12.2021<\/li><li><a href=\"https:\/\/www.24heures.ch\/moliere-un-humoriste-a-la-cour-du-roi-soleil-216268091443\">Moli\u00e8re, un humoriste \u00e0 la cour du Roi-Soleil<\/a>, 24 Heures et La Tribune de Gen\u00e8ve, 15.01.2022<\/li><li><a href=\"https:\/\/lecourrier.ch\/2022\/02\/03\/moliere-feministe\/\">Moli\u00e8re, f\u00e9ministe ?<\/a>, Le Courrier, 04.02.2022<\/li><\/ul>\n<\/div>\n<\/div>\n\n\n\n<div class=\"wp-block-columns is-layout-flex wp-container-core-columns-is-layout-9d6595d7 wp-block-columns-is-layout-flex\">\n<div class=\"wp-block-column is-layout-flow wp-block-column-is-layout-flow\" style=\"flex-basis:33.33%\">\n<figure class=\"wp-block-image size-full\"><img alt=\"\" loading=\"lazy\" decoding=\"async\" width=\"1200\" height=\"1200\" src=\"https:\/\/wp.unil.ch\/infolettres\/files\/2020\/02\/Patrick-Michel-2019.jpeg\" alt=\"\" class=\"wp-image-5178\" srcset=\"https:\/\/wp.unil.ch\/infolettres\/files\/2020\/02\/Patrick-Michel-2019.jpeg 1200w, https:\/\/wp.unil.ch\/infolettres\/files\/2020\/02\/Patrick-Michel-2019-150x150.jpeg 150w, https:\/\/wp.unil.ch\/infolettres\/files\/2020\/02\/Patrick-Michel-2019-768x768.jpeg 768w, https:\/\/wp.unil.ch\/infolettres\/files\/2020\/02\/Patrick-Michel-2019-230x230.jpeg 230w, https:\/\/wp.unil.ch\/infolettres\/files\/2020\/02\/Patrick-Michel-2019-365x365.jpeg 365w\" sizes=\"auto, (max-width: 1200px) 100vw, 1200px\" \/><\/figure>\n<\/div>\n\n\n\n<div class=\"wp-block-column is-layout-flow wp-block-column-is-layout-flow\" style=\"flex-basis:66.66%\">\n<h6 class=\"wp-block-heading\" id=\"patrick-michel-institut-d-archeologie-et-des-sciences-de-l-antiquite\">Patrick Michel, Institut d&rsquo;arch\u00e9ologie et des sciences de l&rsquo;Antiquit\u00e9<\/h6>\n\n\n\n<p><strong>Patrick Michel, Institut d&rsquo;arch\u00e9ologie et des sciences de l&rsquo;Antiquit<\/strong><\/p>\n\n\n\n<ul class=\"wp-block-list\"><li><a href=\"https:\/\/avisdexperts.ch\/videos\/view\/14098\">Le Temple de Baalsham\u00een et le projet Collart-Palmyre<\/a>, RTS La Premi\u00e8re, Monumental,&nbsp;16.01.2022<\/li><\/ul>\n<\/div>\n<\/div>\n\n\n\n<div class=\"wp-block-columns is-layout-flex wp-container-core-columns-is-layout-9d6595d7 wp-block-columns-is-layout-flex\">\n<div class=\"wp-block-column is-layout-flow wp-block-column-is-layout-flow\" style=\"flex-basis:33.33%\">\n<figure class=\"wp-block-image size-full\"><img alt=\"\" loading=\"lazy\" decoding=\"async\" width=\"480\" height=\"480\" src=\"https:\/\/wp.unil.ch\/infolettres\/files\/2022\/02\/Martine-Ostorero.jpg\" alt=\"\" class=\"wp-image-5974\" srcset=\"https:\/\/wp.unil.ch\/infolettres\/files\/2022\/02\/Martine-Ostorero.jpg 480w, https:\/\/wp.unil.ch\/infolettres\/files\/2022\/02\/Martine-Ostorero-150x150.jpg 150w\" sizes=\"auto, (max-width: 480px) 100vw, 480px\" \/><\/figure>\n<\/div>\n\n\n\n<div class=\"wp-block-column is-layout-flow wp-block-column-is-layout-flow\" style=\"flex-basis:66.66%\">\n<p><strong>Martine Ostorero, Section d&rsquo;histoire<\/strong><\/p>\n\n\n\n<ul class=\"wp-block-list\"><li><a href=\"https:\/\/www.cath.ch\/newsf\/la-chasse-aux-sorcieres-sest-developpee-comme-une-fake-news\/\">La chasse aux sorci\u00e8res s\u2019est d\u00e9velopp\u00e9e comme une Fake News<\/a>, Cat.ch, 18.01.2022<\/li><li><a href=\"https:\/\/www.laliberte.ch\/dossiers\/religions\/articles\/les-sorcieres-victimes-des-fake-news-633196\">Les sorci\u00e8res victimes des fake news<\/a>, La Libert\u00e9, 22.01.2022<\/li><\/ul>\n\n\n\n<ul class=\"wp-block-list\"><li><a href=\"https:\/\/avisdexperts.ch\/videos\/view\/14153\">Des milliers des \u00ab\u00a0sorci\u00e8res\u00a0\u00bb innocent\u00e9es en Ecosse et en Catalogne<\/a>, RTS La Premi\u00e8re, Forum,&nbsp;29.01.2022<\/li><li><a href=\"https:\/\/avisdexperts.ch\/videos\/view\/14194\">Rencontre avec Maria Nicollier<\/a>, RTS La Premi\u00e8re, Le Grand Soir, 03.02.2022<\/li><\/ul>\n<\/div>\n<\/div>\n\n\n\n<div class=\"wp-block-columns is-layout-flex wp-container-core-columns-is-layout-9d6595d7 wp-block-columns-is-layout-flex\">\n<div class=\"wp-block-column is-layout-flow wp-block-column-is-layout-flow\" style=\"flex-basis:33.33%\">\n<figure class=\"wp-block-image size-full\"><img alt=\"\" loading=\"lazy\" decoding=\"async\" width=\"475\" height=\"475\" src=\"https:\/\/wp.unil.ch\/infolettres\/files\/2014\/03\/Stephanie_Pahud.jpg\" alt=\"\" class=\"wp-image-4129\" srcset=\"https:\/\/wp.unil.ch\/infolettres\/files\/2014\/03\/Stephanie_Pahud.jpg 475w, https:\/\/wp.unil.ch\/infolettres\/files\/2014\/03\/Stephanie_Pahud-100x100.jpg 100w, https:\/\/wp.unil.ch\/infolettres\/files\/2014\/03\/Stephanie_Pahud-300x300.jpg 300w, https:\/\/wp.unil.ch\/infolettres\/files\/2014\/03\/Stephanie_Pahud-230x230.jpg 230w, https:\/\/wp.unil.ch\/infolettres\/files\/2014\/03\/Stephanie_Pahud-365x365.jpg 365w\" sizes=\"auto, (max-width: 475px) 100vw, 475px\" \/><\/figure>\n<\/div>\n\n\n\n<div class=\"wp-block-column is-layout-flow wp-block-column-is-layout-flow\" style=\"flex-basis:66.66%\">\n<h6 class=\"wp-block-heading\" id=\"stephanie-pahud-ecole-de-francais-langue-etrangere\">St\u00e9phanie Pahud, \u00c9cole de fran\u00e7ais langue \u00e9trang\u00e8re<\/h6>\n\n\n\n<ul class=\"wp-block-list\"><li><a href=\"https:\/\/avisdexperts.ch\/videos\/view\/14195\">Le tattoo dans la peau<\/a>, RTS La Premi\u00e8re, Vacarme,&nbsp;06.02.02022<\/li><\/ul>\n<\/div>\n<\/div>\n\n\n\n<div class=\"wp-block-columns is-layout-flex wp-container-core-columns-is-layout-9d6595d7 wp-block-columns-is-layout-flex\">\n<div class=\"wp-block-column is-layout-flow wp-block-column-is-layout-flow\" style=\"flex-basis:33.33%\">\n<figure class=\"wp-block-image size-full\"><img alt=\"\" loading=\"lazy\" decoding=\"async\" width=\"500\" height=\"500\" src=\"https:\/\/wp.unil.ch\/infolettres\/files\/2021\/09\/Yannick-Rochat-2021.jpg\" alt=\"\" class=\"wp-image-5794\" srcset=\"https:\/\/wp.unil.ch\/infolettres\/files\/2021\/09\/Yannick-Rochat-2021.jpg 500w, https:\/\/wp.unil.ch\/infolettres\/files\/2021\/09\/Yannick-Rochat-2021-150x150.jpg 150w\" sizes=\"auto, (max-width: 500px) 100vw, 500px\" \/><\/figure>\n<\/div>\n\n\n\n<div class=\"wp-block-column is-layout-flow wp-block-column-is-layout-flow\" style=\"flex-basis:66.66%\">\n<p><strong>Yannick Rochat, Section des sciences du langage et de l&rsquo;information<\/strong><\/p>\n\n\n\n<ul class=\"wp-block-list\"><li><a href=\"https:\/\/www.letemps.ch\/economie\/gta-trilogy-malentendu-definitif\">\u00abGTA Trilogy\u00bb, le malentendu d\u00e9finitif<\/a>, Le Temps, 21.11.2021<\/li><li><a href=\"https:\/\/www.heidi.news\/explorations\/reinventer-l-ecole\/a-new-york-l-ecole-qui-fait-tout-apprendre-par-le-jeu-1?utm_source=twitter\">A New York, l\u2019\u00e9cole qui fait tout apprendre par le jeu<\/a>, Heidi News, 13.01.2022<\/li><li><a href=\"https:\/\/www.letemps.ch\/economie\/achetant-activisionblizzard-69-milliards-dollars-microsoft-realise-un-coup-historique\">En achetant Activision-Blizzard pour 69 milliards de dollars, Microsoft r\u00e9alise un coup historique<\/a>, Le Temps, 18.01.2022<\/li><li><a href=\"https:\/\/www.liberation.fr\/lifestyle\/hightech\/roblox-les-dangers-dun-jeu-denfant-20220129_N7L3AMVSN5CM7JJ7DKIGXHG4ZM\/\">Roblox, les dangers d\u2019un jeu d\u2019enfant<\/a>, Lib\u00e9ration, 29.01.2022<\/li><li><a href=\"https:\/\/www.letemps.ch\/societe\/roblox-jeux-denfant-dargent\">Roblox, jeux d\u2019enfant et d\u2019argent<\/a>, Le Temps, 05.02.2022<\/li><li><a href=\"https:\/\/www.letemps.ch\/culture\/wordle-limprobable-conquete-web-un-jeu-lettres\">\u00abWordle\u00bb, ou l\u2019improbable conqu\u00eate du web par un jeu de lettres<\/a>, Le Temps, 06.02.2022<\/li><\/ul>\n<\/div>\n<\/div>\n\n\n\n<div class=\"wp-block-columns is-layout-flex wp-container-core-columns-is-layout-9d6595d7 wp-block-columns-is-layout-flex\">\n<div class=\"wp-block-column is-layout-flow wp-block-column-is-layout-flow\" style=\"flex-basis:33.33%\">\n<figure class=\"wp-block-image size-full\"><img alt=\"\" loading=\"lazy\" decoding=\"async\" width=\"1574\" height=\"1574\" src=\"https:\/\/wp.unil.ch\/infolettres\/files\/2019\/11\/Pascal-Singy.jpeg\" alt=\"\" class=\"wp-image-5047\" srcset=\"https:\/\/wp.unil.ch\/infolettres\/files\/2019\/11\/Pascal-Singy.jpeg 1574w, https:\/\/wp.unil.ch\/infolettres\/files\/2019\/11\/Pascal-Singy-150x150.jpeg 150w, https:\/\/wp.unil.ch\/infolettres\/files\/2019\/11\/Pascal-Singy-768x768.jpeg 768w, https:\/\/wp.unil.ch\/infolettres\/files\/2019\/11\/Pascal-Singy-1536x1536.jpeg 1536w, https:\/\/wp.unil.ch\/infolettres\/files\/2019\/11\/Pascal-Singy-230x230.jpeg 230w, https:\/\/wp.unil.ch\/infolettres\/files\/2019\/11\/Pascal-Singy-365x365.jpeg 365w, https:\/\/wp.unil.ch\/infolettres\/files\/2019\/11\/Pascal-Singy-1320x1320.jpeg 1320w\" sizes=\"auto, (max-width: 1574px) 100vw, 1574px\" \/><\/figure>\n<\/div>\n\n\n\n<div class=\"wp-block-column is-layout-flow wp-block-column-is-layout-flow\" style=\"flex-basis:66.66%\">\n<h6 class=\"wp-block-heading\" id=\"pascal-singy-section-des-sciences-du-langage-et-de-l-information\">Pascal Singy, Section des sciences du langage et de l&rsquo;information<\/h6>\n\n\n\n<ul class=\"wp-block-list\"><li><a href=\"https:\/\/avisdexperts.ch\/videos\/view\/14066\">Le \u00ab\u00a0languishing\u00a0\u00bb, quel ph\u00e9nom\u00e8ne derri\u00e8re ce mot ?<\/a>, RTS La Premi\u00e8re, La Matinale, 10.01.2022<\/li><\/ul>\n<\/div>\n<\/div>\n\n\n\n<div class=\"wp-block-columns is-layout-flex wp-container-core-columns-is-layout-9d6595d7 wp-block-columns-is-layout-flex\">\n<div class=\"wp-block-column is-layout-flow wp-block-column-is-layout-flow\" style=\"flex-basis:33.33%\">\n<figure class=\"wp-block-image size-full\"><img alt=\"\" loading=\"lazy\" decoding=\"async\" width=\"427\" height=\"427\" src=\"https:\/\/wp.unil.ch\/infolettres\/files\/2022\/02\/Josefa-Terribilini.jpg\" alt=\"\" class=\"wp-image-5990\" srcset=\"https:\/\/wp.unil.ch\/infolettres\/files\/2022\/02\/Josefa-Terribilini.jpg 427w, https:\/\/wp.unil.ch\/infolettres\/files\/2022\/02\/Josefa-Terribilini-150x150.jpg 150w\" sizes=\"auto, (max-width: 427px) 100vw, 427px\" \/><\/figure>\n<\/div>\n\n\n\n<div class=\"wp-block-column is-layout-flow wp-block-column-is-layout-flow\" style=\"flex-basis:66.66%\">\n<p><strong>Josefa Terribilini, Section de fran\u00e7ais<\/strong><\/p>\n\n\n\n<ul class=\"wp-block-list\"><li><a href=\"https:\/\/www.rts.ch\/audio-podcast\/2022\/audio\/a-vous-de-jouer-25793508.html\">Entretien avec Matthias Urban<\/a>, RTS Espace 2, \u00c0 vous de jouer, 15.01.2022<\/li><li><a href=\"https:\/\/www.rts.ch\/audio-podcast\/2022\/audio\/a-vous-de-jouer-25797172.html\">Entretien avec Cyril Kaiser<\/a>,RTS Espace 2, \u00c0 vous de jouer, 19.01.2022<\/li><li><a href=\"https:\/\/www.rts.ch\/audio-podcast\/2022\/audio\/a-vous-de-jouer-25798949.html\">Entretien avec Vincent Kucholl<\/a>, RTS Espace 2, \u00c0 vous de jouer, 05.02.2022<\/li><\/ul>\n<\/div>\n<\/div>\n\n\n\n<div class=\"wp-block-columns is-layout-flex wp-container-core-columns-is-layout-9d6595d7 wp-block-columns-is-layout-flex\">\n<div class=\"wp-block-column is-layout-flow wp-block-column-is-layout-flow\" style=\"flex-basis:33.33%\">\n<figure class=\"wp-block-image size-full\"><img alt=\"\" loading=\"lazy\" decoding=\"async\" width=\"1000\" height=\"964\" src=\"https:\/\/wp.unil.ch\/infolettres\/files\/2014\/03\/Lorenzo_Tomasin-3.jpg\" alt=\"\" class=\"wp-image-4118\" srcset=\"https:\/\/wp.unil.ch\/infolettres\/files\/2014\/03\/Lorenzo_Tomasin-3.jpg 1000w, https:\/\/wp.unil.ch\/infolettres\/files\/2014\/03\/Lorenzo_Tomasin-3-100x96.jpg 100w, https:\/\/wp.unil.ch\/infolettres\/files\/2014\/03\/Lorenzo_Tomasin-3-300x289.jpg 300w, https:\/\/wp.unil.ch\/infolettres\/files\/2014\/03\/Lorenzo_Tomasin-3-768x740.jpg 768w, https:\/\/wp.unil.ch\/infolettres\/files\/2014\/03\/Lorenzo_Tomasin-3-600x578.jpg 600w\" sizes=\"auto, (max-width: 1000px) 100vw, 1000px\" \/><\/figure>\n<\/div>\n\n\n\n<div class=\"wp-block-column is-layout-flow wp-block-column-is-layout-flow\" style=\"flex-basis:66.66%\">\n<p><strong>Lorenzo Tomasin, Section d&rsquo;italien\u00a0<\/strong><\/p>\n\n\n\n<ul class=\"wp-block-list\"><li><a href=\"https:\/\/www.academia.edu\/69230762\/Pieralvise_Zorzi_sul_Vocabolario_storico_etimologico_del_veneziano\">Vocabolario storico-etimologico del veneziano<\/a>, Gazzettino, 23.01.2022<\/li><\/ul>\n<\/div>\n<\/div>\n\n\n\n<div class=\"wp-block-columns is-layout-flex wp-container-core-columns-is-layout-9d6595d7 wp-block-columns-is-layout-flex\">\n<div class=\"wp-block-column is-layout-flow wp-block-column-is-layout-flow\" style=\"flex-basis:33.33%\">\n<figure class=\"wp-block-image size-full\"><img alt=\"\" loading=\"lazy\" decoding=\"async\" width=\"1200\" height=\"1200\" src=\"https:\/\/wp.unil.ch\/infolettres\/files\/2020\/09\/Francois-Vallotton-2020.jpeg\" alt=\"\" class=\"wp-image-5488\" srcset=\"https:\/\/wp.unil.ch\/infolettres\/files\/2020\/09\/Francois-Vallotton-2020.jpeg 1200w, https:\/\/wp.unil.ch\/infolettres\/files\/2020\/09\/Francois-Vallotton-2020-150x150.jpeg 150w, https:\/\/wp.unil.ch\/infolettres\/files\/2020\/09\/Francois-Vallotton-2020-768x768.jpeg 768w\" sizes=\"auto, (max-width: 1200px) 100vw, 1200px\" \/><\/figure>\n<\/div>\n\n\n\n<div class=\"wp-block-column is-layout-flow wp-block-column-is-layout-flow\" style=\"flex-basis:66.66%\">\n<p><strong>Fran\u00e7ois Vallotton, Section d\u2019histoire<\/strong><\/p>\n\n\n\n<ul class=\"wp-block-list\"><li><a href=\"https:\/\/avisdexperts.ch\/videos\/view\/14097\">Du papier aux autres m\u00e9dias: panorama historique de la presse vaudoise<\/a>, RTS La Premi\u00e8re, M\u00e9dialogues, 14.01.2022<\/li><\/ul>\n<\/div>\n<\/div>\n\n\n\n<div class=\"wp-block-columns is-layout-flex wp-container-core-columns-is-layout-9d6595d7 wp-block-columns-is-layout-flex\">\n<div class=\"wp-block-column is-layout-flow wp-block-column-is-layout-flow\" style=\"flex-basis:33.33%\">\n<figure class=\"wp-block-image size-full\"><img alt=\"\" loading=\"lazy\" decoding=\"async\" width=\"640\" height=\"640\" src=\"https:\/\/wp.unil.ch\/infolettres\/files\/2022\/02\/Antoine-Viredaz.jpg\" alt=\"\" class=\"wp-image-5975\" srcset=\"https:\/\/wp.unil.ch\/infolettres\/files\/2022\/02\/Antoine-Viredaz.jpg 640w, https:\/\/wp.unil.ch\/infolettres\/files\/2022\/02\/Antoine-Viredaz-150x150.jpg 150w\" sizes=\"auto, (max-width: 640px) 100vw, 640px\" \/><\/figure>\n<\/div>\n\n\n\n<div class=\"wp-block-column is-layout-flow wp-block-column-is-layout-flow\" style=\"flex-basis:66.66%\">\n<p><strong>Antoine Viredaz, Institut d&rsquo;arch\u00e9ologie et des sciences de l&rsquo;Antiquit\u00e9<\/strong><\/p>\n\n\n\n<ul class=\"wp-block-list\"><li><a href=\"https:\/\/www.24heures.ch\/omicron-ce-petit-o-qui-fait-grand-peur-103048855959\">Omicron, ce \u00abpetit o\u00bb qui fait grand peur<\/a>, 24 Heures, 06.01.2022<\/li><\/ul>\n<\/div>\n<\/div>\n\n\n\n<div class=\"wp-block-columns is-layout-flex wp-container-core-columns-is-layout-9d6595d7 wp-block-columns-is-layout-flex\">\n<div class=\"wp-block-column is-layout-flow wp-block-column-is-layout-flow\" style=\"flex-basis:33.33%\">\n<figure class=\"wp-block-image size-full\"><img alt=\"\" loading=\"lazy\" decoding=\"async\" width=\"500\" height=\"500\" src=\"https:\/\/wp.unil.ch\/infolettres\/files\/2022\/02\/Simone-Zurbuchen.jpg\" alt=\"\" class=\"wp-image-5976\" srcset=\"https:\/\/wp.unil.ch\/infolettres\/files\/2022\/02\/Simone-Zurbuchen.jpg 500w, https:\/\/wp.unil.ch\/infolettres\/files\/2022\/02\/Simone-Zurbuchen-150x150.jpg 150w\" sizes=\"auto, (max-width: 500px) 100vw, 500px\" \/><\/figure>\n<\/div>\n\n\n\n<div class=\"wp-block-column is-layout-flow wp-block-column-is-layout-flow\" style=\"flex-basis:66.66%\">\n<p><strong>Simone Zurbruchen, Section de philosophie<\/strong><\/p>\n\n\n\n<ul class=\"wp-block-list\"><li><a href=\"https:\/\/www.24heures.ch\/souvent-on-fait-appel-a-la-liberte-quand-on-pense-a-ses-interets-propres-260275681568\">Souvent, on confond libert\u00e9 et int\u00e9r\u00eats propres<\/a>, 24 Heures, 16.12.2021<\/li><\/ul>\n<\/div>\n<\/div>\n","protected":false},"excerpt":{"rendered":"<p>Bernard Andenmatten, Section d\u2019histoire Saint-Fran\u00e7ois, un couvent de fr\u00e8res mendiants \u00e0 Lausanne, 24 Heures, 16.01.2022 Marc Atallah, Section de fran\u00e7ais Comment la science-fiction nourrit l\u2019innovation technologique, Bilan, 07.01.2022 Prendre la &hellip; <\/p>\n","protected":false},"author":1001334,"featured_media":5997,"comment_status":"closed","ping_status":"closed","sticky":false,"template":"","format":"standard","meta":{"_seopress_robots_primary_cat":"","_seopress_titles_title":"","_seopress_titles_desc":"","_seopress_robots_index":"","footnotes":""},"categories":[121],"tags":[],"class_list":{"0":"post-5991","1":"post","2":"type-post","3":"status-publish","4":"format-standard","5":"has-post-thumbnail","7":"category-dans-les-medias"},"_links":{"self":[{"href":"https:\/\/wp.unil.ch\/infolettres\/wp-json\/wp\/v2\/posts\/5991","targetHints":{"allow":["GET"]}}],"collection":[{"href":"https:\/\/wp.unil.ch\/infolettres\/wp-json\/wp\/v2\/posts"}],"about":[{"href":"https:\/\/wp.unil.ch\/infolettres\/wp-json\/wp\/v2\/types\/post"}],"author":[{"embeddable":true,"href":"https:\/\/wp.unil.ch\/infolettres\/wp-json\/wp\/v2\/users\/1001334"}],"replies":[{"embeddable":true,"href":"https:\/\/wp.unil.ch\/infolettres\/wp-json\/wp\/v2\/comments?post=5991"}],"version-history":[{"count":0,"href":"https:\/\/wp.unil.ch\/infolettres\/wp-json\/wp\/v2\/posts\/5991\/revisions"}],"wp:featuredmedia":[{"embeddable":true,"href":"https:\/\/wp.unil.ch\/infolettres\/wp-json\/wp\/v2\/media\/5997"}],"wp:attachment":[{"href":"https:\/\/wp.unil.ch\/infolettres\/wp-json\/wp\/v2\/media?parent=5991"}],"wp:term":[{"taxonomy":"category","embeddable":true,"href":"https:\/\/wp.unil.ch\/infolettres\/wp-json\/wp\/v2\/categories?post=5991"},{"taxonomy":"post_tag","embeddable":true,"href":"https:\/\/wp.unil.ch\/infolettres\/wp-json\/wp\/v2\/tags?post=5991"}],"curies":[{"name":"wp","href":"https:\/\/api.w.org\/{rel}","templated":true}]}}