{"id":5720,"date":"2021-06-10T11:21:37","date_gmt":"2021-06-10T09:21:37","guid":{"rendered":"https:\/\/wp.unil.ch\/infolettres\/?p=5720"},"modified":"2021-10-04T12:13:05","modified_gmt":"2021-10-04T10:13:05","slug":"revue-de-de-presse-fevrier-mai-2021","status":"publish","type":"post","link":"https:\/\/wp.unil.ch\/infolettres\/revue-de-de-presse-fevrier-mai-2021\/","title":{"rendered":"Revue de presse: f\u00e9vrier-mai 2021"},"content":{"rendered":"\n<div class=\"wp-block-columns is-layout-flex wp-container-core-columns-is-layout-9d6595d7 wp-block-columns-is-layout-flex\">\n<div class=\"wp-block-column is-layout-flow wp-block-column-is-layout-flow\" style=\"flex-basis:33.33%\">\n<figure class=\"wp-block-image size-large\"><img alt=\"\" loading=\"lazy\" decoding=\"async\" width=\"1404\" height=\"1404\" src=\"https:\/\/wp.unil.ch\/infolettres\/files\/2019\/05\/Simone-Albonico.jpg\" alt=\"\" class=\"wp-image-4865\" srcset=\"https:\/\/wp.unil.ch\/infolettres\/files\/2019\/05\/Simone-Albonico.jpg 1404w, https:\/\/wp.unil.ch\/infolettres\/files\/2019\/05\/Simone-Albonico-100x100.jpg 100w, https:\/\/wp.unil.ch\/infolettres\/files\/2019\/05\/Simone-Albonico-768x768.jpg 768w, https:\/\/wp.unil.ch\/infolettres\/files\/2019\/05\/Simone-Albonico-230x230.jpg 230w, https:\/\/wp.unil.ch\/infolettres\/files\/2019\/05\/Simone-Albonico-365x365.jpg 365w, https:\/\/wp.unil.ch\/infolettres\/files\/2019\/05\/Simone-Albonico-1320x1320.jpg 1320w\" sizes=\"auto, (max-width: 1404px) 100vw, 1404px\" \/><\/figure>\n<\/div>\n\n\n\n<div class=\"wp-block-column is-layout-flow wp-block-column-is-layout-flow\" style=\"flex-basis:66.66%\">\n<h6 class=\"wp-block-heading\"><strong>Simone Albonico, Section d\u2019italien&nbsp;<\/strong><\/h6>\n\n\n\n<ul class=\"wp-block-list\"><li><a href=\"https:\/\/www.rts.ch\/play\/radio\/le-grand-soir\/audio\/la-rencontre?id=12160160\">Rencontre avec Alja Del Ponte, sprinteuse<\/a>, RTS La Premi\u00e8re, Le grand soir, 13.05.2021<\/li><\/ul>\n<\/div>\n<\/div>\n\n\n\n<div class=\"wp-block-columns is-layout-flex wp-container-core-columns-is-layout-9d6595d7 wp-block-columns-is-layout-flex\">\n<div class=\"wp-block-column is-layout-flow wp-block-column-is-layout-flow\" style=\"flex-basis:33.33%\">\n<figure class=\"wp-block-image size-large\"><img alt=\"\" loading=\"lazy\" decoding=\"async\" width=\"871\" height=\"871\" src=\"https:\/\/wp.unil.ch\/infolettres\/files\/2020\/02\/J\u00e9r\u00f4me-Andr\u00e9.jpg\" alt=\"\" class=\"wp-image-5151\" srcset=\"https:\/\/wp.unil.ch\/infolettres\/files\/2020\/02\/J\u00e9r\u00f4me-Andr\u00e9.jpg 871w, https:\/\/wp.unil.ch\/infolettres\/files\/2020\/02\/J\u00e9r\u00f4me-Andr\u00e9-150x150.jpg 150w, https:\/\/wp.unil.ch\/infolettres\/files\/2020\/02\/J\u00e9r\u00f4me-Andr\u00e9-768x768.jpg 768w, https:\/\/wp.unil.ch\/infolettres\/files\/2020\/02\/J\u00e9r\u00f4me-Andr\u00e9-230x230.jpg 230w, https:\/\/wp.unil.ch\/infolettres\/files\/2020\/02\/J\u00e9r\u00f4me-Andr\u00e9-365x365.jpg 365w\" sizes=\"auto, (max-width: 871px) 100vw, 871px\" \/><\/figure>\n<\/div>\n\n\n\n<div class=\"wp-block-column is-layout-flow wp-block-column-is-layout-flow\" style=\"flex-basis:66.66%\">\n<h6 class=\"wp-block-heading\"><strong>J\u00e9r\u00f4me Andr\u00e9, Institut d\u2019arch\u00e9ologie et des sciences de l&rsquo;Antiquit\u00e9&nbsp;<\/strong><\/h6>\n\n\n\n<ul class=\"wp-block-list\"><li><a href=\"https:\/\/wp.unil.ch\/uniscope\/immersion-dans-les-vestiges-dun-goulag\/?utm_source=mailpoet&amp;utm_medium=email&amp;utm_campaign=la-lettre-des-lettres-n39\">Immersion dans les vestiges d\u2019un goulag<\/a>, L\u2019uniscope, 22.04.2021<\/li><\/ul>\n<\/div>\n<\/div>\n\n\n\n<div class=\"wp-block-columns is-layout-flex wp-container-core-columns-is-layout-9d6595d7 wp-block-columns-is-layout-flex\">\n<div class=\"wp-block-column is-layout-flow wp-block-column-is-layout-flow\" style=\"flex-basis:33.33%\">\n<figure class=\"wp-block-image size-large\"><img alt=\"\" loading=\"lazy\" decoding=\"async\" width=\"231\" height=\"231\" src=\"https:\/\/wp.unil.ch\/infolettres\/files\/2014\/03\/Marc_Atallah.jpg\" alt=\"\" class=\"wp-image-4025\" srcset=\"https:\/\/wp.unil.ch\/infolettres\/files\/2014\/03\/Marc_Atallah.jpg 231w, https:\/\/wp.unil.ch\/infolettres\/files\/2014\/03\/Marc_Atallah-100x100.jpg 100w, https:\/\/wp.unil.ch\/infolettres\/files\/2014\/03\/Marc_Atallah-230x230.jpg 230w\" sizes=\"auto, (max-width: 231px) 100vw, 231px\" \/><\/figure>\n<\/div>\n\n\n\n<div class=\"wp-block-column is-layout-flow wp-block-column-is-layout-flow\" style=\"flex-basis:66.66%\">\n<h6 class=\"wp-block-heading\"><strong>Marc Atallah, Section de fran\u00e7ais<\/strong><\/h6>\n\n\n\n<ul class=\"wp-block-list\"><li>Une maison d&rsquo;ailleurs inventive, La R\u00e9gion, 11.02.2021<\/li><li><a href=\"https:\/\/www.rts.ch\/play\/radio\/hautes-frequences\/audio\/les-messies-de-la-pop-culture-batman-25?id=11973225\">Les messies de la Pop culture: Batman<\/a>, RTS La Premi\u00e8re, Hautes fr\u00e9quences, 28.02.2021<\/li><li><a href=\"https:\/\/avisdexperts.ch\/videos\/view\/12825\">Les nostalgeeks<\/a>, RTS La Premi\u00e8re, Le journal du samedi, 06.03.2021<\/li><li><a href=\"https:\/\/avisdexperts.ch\/videos\/view\/12839\">Mars, la plan\u00e8te B ?<\/a>, RTS La Premi\u00e8re, Forum, 09.03.2021<\/li><li><a href=\"https:\/\/avisdexperts.ch\/videos\/view\/12860\">Les messies de la Pop culture: Dark Vador<\/a>, RTS La Premi\u00e8re, Hautes fr\u00e9quences, 14.03.2021<\/li><li><a href=\"https:\/\/avisdexperts.ch\/videos\/view\/12901\">Les messies de la Pop culture: Neo, h\u00e9ros de Matrix<\/a>, RTS La Premi\u00e8re, Hautes fr\u00e9quences, 21.03.2021<\/li><li><a href=\"https:\/\/www.lfm.ch\/emissions\/morax-dans-la-radio\/tous-a-yverdon-pour-les-numerik-games\/\">Tous \u00e0 Yverdon pour les Numerik Games<\/a>, LFM, 23.03.2021<\/li><li><a href=\"https:\/\/www.bilan.ch\/opinions\/etienne-dumont\/les-numerik-games-dyverdon-se-declinent-sous-forme-virtuelle-avec-du-presentiel\">Les Numerik Games d&rsquo;Yverdon se d\u00e9clinent sous forme virtuelle&#8230; avec du pr\u00e9sentiel<\/a>, Bilan, 24.03.2021<\/li><li><a href=\"https:\/\/www.24heures.ch\/beeple-lartiste-que-personne-na-vu-venir-831594183709\">Beeple, l\u2019artiste que personne n\u2019a vu venir<\/a>, 24 Heures, 25.03.2021<\/li><li><a href=\"https:\/\/www.bilan.ch\/opinions\/caroline-widmer\/aux-frontieres-de-la-science-fiction-quand-limaginaire-rattrape-la-realite-decryptage-et-decodage\">Aux fronti\u00e8res de la science-fiction, quand l&rsquo;imaginaire rattrape la r\u00e9alit\u00e9 &#8211; d\u00e9cryptage et d\u00e9codage par Marc Atallah<\/a>, Bilan, 25.03.2021<\/li><li><a href=\"https:\/\/avisdexperts.ch\/videos\/view\/12938\">Les messies de la Pop culture: Wonder Woman<\/a>, RTS La Premi\u00e8re, Hautes fr\u00e9quences, 28.03.2021<\/li><li><a href=\"https:\/\/avisdexperts.ch\/videos\/view\/13023\">Les soldates et soldats du futur<\/a>, RTS La Premi\u00e8re, CQFD, 13.04.2021<\/li><li><a href=\"https:\/\/avisdexperts.ch\/videos\/view\/13188\">Num\u00e9rik Games, les enfants aux commandes<\/a>, RTS Un, Le 19h30, 15.05.2021<\/li><\/ul>\n<\/div>\n<\/div>\n\n\n\n<div class=\"wp-block-columns is-layout-flex wp-container-core-columns-is-layout-9d6595d7 wp-block-columns-is-layout-flex\">\n<div class=\"wp-block-column is-layout-flow wp-block-column-is-layout-flow\" style=\"flex-basis:33.33%\">\n<figure class=\"wp-block-image size-large\"><img alt=\"\" loading=\"lazy\" decoding=\"async\" width=\"1200\" height=\"1200\" src=\"https:\/\/wp.unil.ch\/infolettres\/files\/2019\/05\/Mireille-Berton.jpg\" alt=\"\" class=\"wp-image-4864\" srcset=\"https:\/\/wp.unil.ch\/infolettres\/files\/2019\/05\/Mireille-Berton.jpg 1200w, https:\/\/wp.unil.ch\/infolettres\/files\/2019\/05\/Mireille-Berton-100x100.jpg 100w, https:\/\/wp.unil.ch\/infolettres\/files\/2019\/05\/Mireille-Berton-768x768.jpg 768w, https:\/\/wp.unil.ch\/infolettres\/files\/2019\/05\/Mireille-Berton-230x230.jpg 230w, https:\/\/wp.unil.ch\/infolettres\/files\/2019\/05\/Mireille-Berton-365x365.jpg 365w\" sizes=\"auto, (max-width: 1200px) 100vw, 1200px\" \/><\/figure>\n<\/div>\n\n\n\n<div class=\"wp-block-column is-layout-flow wp-block-column-is-layout-flow\" style=\"flex-basis:66.66%\">\n<h6 class=\"has-normal-font-size wp-block-heading\"><strong>Mireille Berton, Section d&rsquo;histoire et esth\u00e9tique du cin\u00e9ma&nbsp;<\/strong><\/h6>\n\n\n\n<ul class=\"wp-block-list\"><li><a href=\"https:\/\/www.letemps.ch\/culture\/psys-scenaristes-amisennemis\">Psys et sc\u00e9naristes, ces amis-ennemis<\/a>, Le Temps, 21.02.2021<\/li><li><a href=\"https:\/\/www.cooperation.ch\/temps-libre\/2021\/les-series-tv-reines-du-divertissement-308607\/\">Les s\u00e9ries TV, reines du divertissement<\/a>, Coop\u00e9ration Magazine, 05.03.2021<\/li><\/ul>\n<\/div>\n<\/div>\n\n\n\n<div class=\"wp-block-columns is-layout-flex wp-container-core-columns-is-layout-9d6595d7 wp-block-columns-is-layout-flex\">\n<div class=\"wp-block-column is-layout-flow wp-block-column-is-layout-flow\" style=\"flex-basis:33.33%\">\n<figure class=\"wp-block-image size-large\"><img alt=\"\" loading=\"lazy\" decoding=\"async\" width=\"752\" height=\"752\" src=\"https:\/\/wp.unil.ch\/infolettres\/files\/2021\/05\/Alain-Boillat-2021.jpg\" alt=\"\" class=\"wp-image-5687\" srcset=\"https:\/\/wp.unil.ch\/infolettres\/files\/2021\/05\/Alain-Boillat-2021.jpg 752w, https:\/\/wp.unil.ch\/infolettres\/files\/2021\/05\/Alain-Boillat-2021-150x150.jpg 150w\" sizes=\"auto, (max-width: 752px) 100vw, 752px\" \/><\/figure>\n<\/div>\n\n\n\n<div class=\"wp-block-column is-layout-flow wp-block-column-is-layout-flow\" style=\"flex-basis:66.66%\">\n<h6 class=\"wp-block-heading\"><strong>Alain Boillat, Section d&rsquo;histoire et esth\u00e9tique du cin\u00e9ma&nbsp;<\/strong><\/h6>\n\n\n\n<ul class=\"wp-block-list\"><li><a href=\"https:\/\/reidyo.ch\/replay.html\">Science-fiction et dystopie<\/a>, Re\u00efdyo, 22.04.2021<\/li><\/ul>\n<\/div>\n<\/div>\n\n\n\n<div class=\"wp-block-columns is-layout-flex wp-container-core-columns-is-layout-9d6595d7 wp-block-columns-is-layout-flex\">\n<div class=\"wp-block-column is-layout-flow wp-block-column-is-layout-flow\" style=\"flex-basis:33.33%\">\n<figure class=\"wp-block-image size-large\"><img alt=\"\" loading=\"lazy\" decoding=\"async\" width=\"349\" height=\"349\" src=\"https:\/\/wp.unil.ch\/infolettres\/files\/2019\/05\/Alice-Bottarelli.jpg\" alt=\"\" class=\"wp-image-4871\" srcset=\"https:\/\/wp.unil.ch\/infolettres\/files\/2019\/05\/Alice-Bottarelli.jpg 349w, https:\/\/wp.unil.ch\/infolettres\/files\/2019\/05\/Alice-Bottarelli-100x100.jpg 100w, https:\/\/wp.unil.ch\/infolettres\/files\/2019\/05\/Alice-Bottarelli-230x230.jpg 230w\" sizes=\"auto, (max-width: 349px) 100vw, 349px\" \/><\/figure>\n<\/div>\n\n\n\n<div class=\"wp-block-column is-layout-flow wp-block-column-is-layout-flow\" style=\"flex-basis:66.66%\">\n<h6 class=\"wp-block-heading\"><strong>Alice Bottarelli, Section de fran\u00e7ais&nbsp;<\/strong><\/h6>\n\n\n\n<ul class=\"wp-block-list\"><li>L\u2019importance de rire en temps de crise, L\u2019Illustr\u00e9, 24.02.2021<\/li><\/ul>\n<\/div>\n<\/div>\n\n\n\n<div class=\"wp-block-columns is-layout-flex wp-container-core-columns-is-layout-9d6595d7 wp-block-columns-is-layout-flex\">\n<div class=\"wp-block-column is-layout-flow wp-block-column-is-layout-flow\" style=\"flex-basis:33.33%\">\n<figure class=\"wp-block-image size-large\"><img alt=\"\" loading=\"lazy\" decoding=\"async\" width=\"507\" height=\"507\" src=\"https:\/\/wp.unil.ch\/infolettres\/files\/2019\/09\/Simona-Boscani-Leoni.jpg\" alt=\"\" class=\"wp-image-4986\" srcset=\"https:\/\/wp.unil.ch\/infolettres\/files\/2019\/09\/Simona-Boscani-Leoni.jpg 507w, https:\/\/wp.unil.ch\/infolettres\/files\/2019\/09\/Simona-Boscani-Leoni-100x100.jpg 100w, https:\/\/wp.unil.ch\/infolettres\/files\/2019\/09\/Simona-Boscani-Leoni-230x230.jpg 230w, https:\/\/wp.unil.ch\/infolettres\/files\/2019\/09\/Simona-Boscani-Leoni-365x365.jpg 365w\" sizes=\"auto, (max-width: 507px) 100vw, 507px\" \/><\/figure>\n<\/div>\n\n\n\n<div class=\"wp-block-column is-layout-flow wp-block-column-is-layout-flow\" style=\"flex-basis:66.66%\">\n<h6 class=\"wp-block-heading\"><strong>Simona Boscani Leoni, Section d&rsquo;histoire<\/strong><\/h6>\n\n\n\n<ul class=\"wp-block-list\"><li><a href=\"https:\/\/www.cooperazione.ch\/sguardi\/2021\/le-croci-delle-nostre-montagne-311516\/\">Le croci delle nostre montagne<\/a>, Cooperazione, 29.03.2021<\/li><li><a href=\"https:\/\/looseantenna.fm\/shows\/exotic-n7-discussion-autour-des-alpes-comme-exotisme-avec-simona-boscani-leoni-05-02-2021\">Discussion autour des Alpes comme exotisme avec Simona Boscani Leoni<\/a>, Loose Antenna, Exotic, 05.02.21<\/li><\/ul>\n<\/div>\n<\/div>\n\n\n\n<div class=\"wp-block-columns is-layout-flex wp-container-core-columns-is-layout-9d6595d7 wp-block-columns-is-layout-flex\">\n<div class=\"wp-block-column is-layout-flow wp-block-column-is-layout-flow\" style=\"flex-basis:33.33%\">\n<figure class=\"wp-block-image size-large\"><img alt=\"\" loading=\"lazy\" decoding=\"async\" width=\"351\" height=\"351\" src=\"https:\/\/wp.unil.ch\/infolettres\/files\/2021\/05\/David-Bouvier-2021.jpg\" alt=\"\" class=\"wp-image-5695\" srcset=\"https:\/\/wp.unil.ch\/infolettres\/files\/2021\/05\/David-Bouvier-2021.jpg 351w, https:\/\/wp.unil.ch\/infolettres\/files\/2021\/05\/David-Bouvier-2021-150x150.jpg 150w\" sizes=\"auto, (max-width: 351px) 100vw, 351px\" \/><\/figure>\n<\/div>\n\n\n\n<div class=\"wp-block-column is-layout-flow wp-block-column-is-layout-flow\" style=\"flex-basis:66.66%\">\n<h6 class=\"wp-block-heading\"><strong>David Bouvier, Institut d&rsquo;arch\u00e9ologie et des sciences de l&rsquo;Antiquit\u00e9&nbsp;<\/strong><\/h6>\n\n\n\n<ul class=\"wp-block-list\"><li><a href=\"https:\/\/avisdexperts.ch\/videos\/view\/12769\">D\u00e9cortiquer un manuscrit de l&rsquo;Iliade<\/a>, RTS La Premi\u00e8re, Forum, 22.02.2021<\/li><\/ul>\n<\/div>\n<\/div>\n\n\n\n<div class=\"wp-block-columns is-layout-flex wp-container-core-columns-is-layout-9d6595d7 wp-block-columns-is-layout-flex\">\n<div class=\"wp-block-column is-layout-flow wp-block-column-is-layout-flow\" style=\"flex-basis:33.33%\">\n<figure class=\"wp-block-image size-large\"><img alt=\"\" loading=\"lazy\" decoding=\"async\" width=\"360\" height=\"360\" src=\"https:\/\/wp.unil.ch\/infolettres\/files\/2014\/03\/Alain_Corbellari.jpg\" alt=\"\" class=\"wp-image-3997\" srcset=\"https:\/\/wp.unil.ch\/infolettres\/files\/2014\/03\/Alain_Corbellari.jpg 360w, https:\/\/wp.unil.ch\/infolettres\/files\/2014\/03\/Alain_Corbellari-100x100.jpg 100w, https:\/\/wp.unil.ch\/infolettres\/files\/2014\/03\/Alain_Corbellari-300x300.jpg 300w, https:\/\/wp.unil.ch\/infolettres\/files\/2014\/03\/Alain_Corbellari-230x230.jpg 230w\" sizes=\"auto, (max-width: 360px) 100vw, 360px\" \/><\/figure>\n<\/div>\n\n\n\n<div class=\"wp-block-column is-layout-flow wp-block-column-is-layout-flow\" style=\"flex-basis:66.66%\">\n<h6 class=\"wp-block-heading\"><strong>Alain Corbellari, Section de fran\u00e7ais<\/strong><\/h6>\n\n\n\n<ul class=\"wp-block-list\"><li><a href=\"https:\/\/avisdexperts.ch\/videos\/view\/13071\">Rencontre avec John Howe, dessinateur des personnages du Seigneur des anneaux et des Hobbits<\/a>, RTS La Premi\u00e8re, Le grand soir, 19.04.2021<\/li><\/ul>\n<\/div>\n<\/div>\n\n\n\n<div class=\"wp-block-columns is-layout-flex wp-container-core-columns-is-layout-9d6595d7 wp-block-columns-is-layout-flex\">\n<div class=\"wp-block-column is-layout-flow wp-block-column-is-layout-flow\" style=\"flex-basis:33.33%\">\n<figure class=\"wp-block-image size-large\"><img alt=\"\" loading=\"lazy\" decoding=\"async\" width=\"1079\" height=\"1079\" src=\"https:\/\/wp.unil.ch\/infolettres\/files\/2020\/05\/Charles-Antoine-Courcoux-2020.jpg\" alt=\"\" class=\"wp-image-5262\" srcset=\"https:\/\/wp.unil.ch\/infolettres\/files\/2020\/05\/Charles-Antoine-Courcoux-2020.jpg 1079w, https:\/\/wp.unil.ch\/infolettres\/files\/2020\/05\/Charles-Antoine-Courcoux-2020-150x150.jpg 150w, https:\/\/wp.unil.ch\/infolettres\/files\/2020\/05\/Charles-Antoine-Courcoux-2020-768x768.jpg 768w, https:\/\/wp.unil.ch\/infolettres\/files\/2020\/05\/Charles-Antoine-Courcoux-2020-230x230.jpg 230w, https:\/\/wp.unil.ch\/infolettres\/files\/2020\/05\/Charles-Antoine-Courcoux-2020-365x365.jpg 365w\" sizes=\"auto, (max-width: 1079px) 100vw, 1079px\" \/><\/figure>\n<\/div>\n\n\n\n<div class=\"wp-block-column is-layout-flow wp-block-column-is-layout-flow\" style=\"flex-basis:66.66%\">\n<p><strong>Charles-Antoine Courcoux, Section d&rsquo;histoire et esth\u00e9tique du cin\u00e9ma<\/strong><\/p>\n\n\n\n<ul class=\"wp-block-list\"><li><a href=\"https:\/\/madame.lefigaro.fr\/cinema\/-cinema-quand-les-heros-masculins-nous-fatiguent-150321-195733\">H\u00e9ros et cin\u00e9ma : comment donner plus de place aux femmes?<\/a>, Madame Figaro, 23.03.2021<\/li><li><a href=\"https:\/\/www.watson.ch\/fr\/!179640786\">Vous avez faim de cin\u00e9ma? Spoiler: vous n&rsquo;allez pas risquer l&rsquo;indigestion<\/a>, Watson, 19.04.2021<\/li><\/ul>\n<\/div>\n<\/div>\n\n\n\n<div class=\"wp-block-columns is-layout-flex wp-container-core-columns-is-layout-9d6595d7 wp-block-columns-is-layout-flex\">\n<div class=\"wp-block-column is-layout-flow wp-block-column-is-layout-flow\" style=\"flex-basis:33.33%\">\n<figure class=\"wp-block-image size-large\"><img alt=\"\" loading=\"lazy\" decoding=\"async\" width=\"399\" height=\"399\" src=\"https:\/\/wp.unil.ch\/infolettres\/files\/2021\/05\/Kevin-Curran-2021.jpg\" alt=\"\" class=\"wp-image-5688\" srcset=\"https:\/\/wp.unil.ch\/infolettres\/files\/2021\/05\/Kevin-Curran-2021.jpg 399w, https:\/\/wp.unil.ch\/infolettres\/files\/2021\/05\/Kevin-Curran-2021-150x150.jpg 150w\" sizes=\"auto, (max-width: 399px) 100vw, 399px\" \/><\/figure>\n<\/div>\n\n\n\n<div class=\"wp-block-column is-layout-flow wp-block-column-is-layout-flow\" style=\"flex-basis:66.66%\">\n<p><strong>Kevin Curran, Section d\u2019anglais<\/strong><\/p>\n\n\n\n<ul class=\"wp-block-list\"><li><a href=\"https:\/\/www.rts.ch\/play\/radio\/le-grand-soir\/audio\/la-rencontre?id=12082229\">Rencontre avec Bertrand Reich, avocat, pr\u00e9sident du parti lib\u00e9ral-radical section genevoise<\/a>, RTS La Premi\u00e8re, Le grand soir, 12.04.2021<\/li><li><a href=\"https:\/\/www.rts.ch\/play\/radio\/le-grand-soir\/audio\/prof--kevin-curran-section-danglais-unil?id=12151073\">L&rsquo;invit\u00e9 du grand soir<\/a>, RTS La Premi\u00e8re, Le grand soir, 10.05.2021<\/li><\/ul>\n<\/div>\n<\/div>\n\n\n\n<div class=\"wp-block-columns is-layout-flex wp-container-core-columns-is-layout-9d6595d7 wp-block-columns-is-layout-flex\">\n<div class=\"wp-block-column is-layout-flow wp-block-column-is-layout-flow\" style=\"flex-basis:33.33%\">\n<figure class=\"wp-block-image size-large\"><img alt=\"\" loading=\"lazy\" decoding=\"async\" width=\"1200\" height=\"1200\" src=\"https:\/\/wp.unil.ch\/infolettres\/files\/2019\/09\/Thierry-Delessert.jpg\" alt=\"\" class=\"wp-image-4991\" srcset=\"https:\/\/wp.unil.ch\/infolettres\/files\/2019\/09\/Thierry-Delessert.jpg 1200w, https:\/\/wp.unil.ch\/infolettres\/files\/2019\/09\/Thierry-Delessert-100x100.jpg 100w, https:\/\/wp.unil.ch\/infolettres\/files\/2019\/09\/Thierry-Delessert-768x768.jpg 768w, https:\/\/wp.unil.ch\/infolettres\/files\/2019\/09\/Thierry-Delessert-230x230.jpg 230w, https:\/\/wp.unil.ch\/infolettres\/files\/2019\/09\/Thierry-Delessert-365x365.jpg 365w\" sizes=\"auto, (max-width: 1200px) 100vw, 1200px\" \/><\/figure>\n<\/div>\n\n\n\n<div class=\"wp-block-column is-layout-flow wp-block-column-is-layout-flow\" style=\"flex-basis:66.66%\">\n<p><strong>Thierry Delessert, Section d\u2019histoire<\/strong><\/p>\n\n\n\n<ul class=\"wp-block-list\"><li><a href=\"https:\/\/avisdexperts.ch\/videos\/view\/12846\">Faut-il interdire les th\u00e9rapies de conversion ?<\/a>, RTS La Premi\u00e8re, Forum, 10.03.2021<\/li><\/ul>\n<\/div>\n<\/div>\n\n\n\n<div class=\"wp-block-columns is-layout-flex wp-container-core-columns-is-layout-9d6595d7 wp-block-columns-is-layout-flex\">\n<div class=\"wp-block-column is-layout-flow wp-block-column-is-layout-flow\" style=\"flex-basis:33.33%\">\n<figure class=\"wp-block-image size-large\"><img alt=\"\" loading=\"lazy\" decoding=\"async\" width=\"825\" height=\"825\" src=\"https:\/\/wp.unil.ch\/infolettres\/files\/2020\/09\/Nathalie-Dietschy.jpeg\" alt=\"\" class=\"wp-image-5464\" srcset=\"https:\/\/wp.unil.ch\/infolettres\/files\/2020\/09\/Nathalie-Dietschy.jpeg 825w, https:\/\/wp.unil.ch\/infolettres\/files\/2020\/09\/Nathalie-Dietschy-150x150.jpeg 150w, https:\/\/wp.unil.ch\/infolettres\/files\/2020\/09\/Nathalie-Dietschy-768x768.jpeg 768w\" sizes=\"auto, (max-width: 825px) 100vw, 825px\" \/><\/figure>\n<\/div>\n\n\n\n<div class=\"wp-block-column is-layout-flow wp-block-column-is-layout-flow\" style=\"flex-basis:66.66%\">\n<p><strong>Nathalie Dietschy, Section d\u2019histoire de l\u2019art<\/strong><\/p>\n\n\n\n<ul class=\"wp-block-list\"><li><a href=\"https:\/\/www.formation-continue-unil-epfl.ch\/un-jour-pour-demystifier-et-sessayer-a-lart-generatif\/\">Un jour pour d\u00e9mystifier et s\u2019essayer \u00e0 l\u2019art g\u00e9n\u00e9ratif<\/a>, 24 heures et Tribune de Gen\u00e8ve, 26.02.2021<\/li><li><a href=\"https:\/\/www.reformes.ch\/culture\/2021\/04\/une-critique-de-leglise-rarement-du-christ-reformes-mai-2021-art-cinema-cene-sainte\">Une critique de l\u2019Eglise, rarement du Christ<\/a>, R\u00e9form\u00e9s, n\u00b046, mai 2021<\/li><\/ul>\n<\/div>\n<\/div>\n\n\n\n<div class=\"wp-block-columns is-layout-flex wp-container-core-columns-is-layout-9d6595d7 wp-block-columns-is-layout-flex\">\n<div class=\"wp-block-column is-layout-flow wp-block-column-is-layout-flow\" style=\"flex-basis:33.33%\">\n<figure class=\"wp-block-image size-large\"><img alt=\"\" loading=\"lazy\" decoding=\"async\" width=\"1116\" height=\"1116\" src=\"https:\/\/wp.unil.ch\/infolettres\/files\/2021\/05\/Estelle-Doudet-2021.jpg\" alt=\"\" class=\"wp-image-5693\" srcset=\"https:\/\/wp.unil.ch\/infolettres\/files\/2021\/05\/Estelle-Doudet-2021.jpg 1116w, https:\/\/wp.unil.ch\/infolettres\/files\/2021\/05\/Estelle-Doudet-2021-150x150.jpg 150w, https:\/\/wp.unil.ch\/infolettres\/files\/2021\/05\/Estelle-Doudet-2021-768x768.jpg 768w\" sizes=\"auto, (max-width: 1116px) 100vw, 1116px\" \/><\/figure>\n<\/div>\n\n\n\n<div class=\"wp-block-column is-layout-flow wp-block-column-is-layout-flow\" style=\"flex-basis:66.66%\">\n<h6 class=\"wp-block-heading\"><strong>Estelle Doudet, Section de fran\u00e7ais<\/strong><\/h6>\n\n\n\n<ul class=\"wp-block-list\"><li><a href=\"https:\/\/www.france.tv\/france-3\/secrets-d-histoire\/2398837-marie-de-bourgogne-seule-contre-tous.html\">Marie de Bourgogne: seule contre tous<\/a>, France 3, Secrets d\u2019histoire, 26.04.2021<\/li><\/ul>\n<\/div>\n<\/div>\n\n\n\n<div class=\"wp-block-columns is-layout-flex wp-container-core-columns-is-layout-9d6595d7 wp-block-columns-is-layout-flex\">\n<div class=\"wp-block-column is-layout-flow wp-block-column-is-layout-flow\" style=\"flex-basis:33.33%\">\n<figure class=\"wp-block-image size-large\"><img alt=\"\" loading=\"lazy\" decoding=\"async\" width=\"625\" height=\"624\" src=\"https:\/\/wp.unil.ch\/infolettres\/files\/2014\/03\/Michel_Fuchs.jpg\" alt=\"\" class=\"wp-image-4250\" srcset=\"https:\/\/wp.unil.ch\/infolettres\/files\/2014\/03\/Michel_Fuchs.jpg 625w, https:\/\/wp.unil.ch\/infolettres\/files\/2014\/03\/Michel_Fuchs-100x100.jpg 100w, https:\/\/wp.unil.ch\/infolettres\/files\/2014\/03\/Michel_Fuchs-300x300.jpg 300w, https:\/\/wp.unil.ch\/infolettres\/files\/2014\/03\/Michel_Fuchs-600x599.jpg 600w, https:\/\/wp.unil.ch\/infolettres\/files\/2014\/03\/Michel_Fuchs-230x230.jpg 230w, https:\/\/wp.unil.ch\/infolettres\/files\/2014\/03\/Michel_Fuchs-365x365.jpg 365w\" sizes=\"auto, (max-width: 625px) 100vw, 625px\" \/><\/figure>\n<\/div>\n\n\n\n<div class=\"wp-block-column is-layout-flow wp-block-column-is-layout-flow\" style=\"flex-basis:66.66%\">\n<h6 class=\"wp-block-heading\"><strong>Michel Fuchs, Institut d&rsquo;arch\u00e9ologie et des sciences de l&rsquo;Antiquit\u00e9<\/strong><\/h6>\n\n\n\n<ul class=\"wp-block-list\"><li><a href=\"https:\/\/avisdexperts.ch\/videos\/view\/12913\">Et si tout s&rsquo;effondrait, effondrement ou transition<\/a>, RTS La Premi\u00e8re, On va vers le beau, 23.02.21<\/li><\/ul>\n<\/div>\n<\/div>\n\n\n\n<div class=\"wp-block-columns is-layout-flex wp-container-core-columns-is-layout-9d6595d7 wp-block-columns-is-layout-flex\">\n<div class=\"wp-block-column is-layout-flow wp-block-column-is-layout-flow\" style=\"flex-basis:33.33%\">\n<figure class=\"wp-block-image size-large\"><img alt=\"\" loading=\"lazy\" decoding=\"async\" width=\"621\" height=\"621\" src=\"https:\/\/wp.unil.ch\/infolettres\/files\/2021\/05\/Marina-Galli.jpg\" alt=\"\" class=\"wp-image-5689\" srcset=\"https:\/\/wp.unil.ch\/infolettres\/files\/2021\/05\/Marina-Galli.jpg 621w, https:\/\/wp.unil.ch\/infolettres\/files\/2021\/05\/Marina-Galli-150x150.jpg 150w\" sizes=\"auto, (max-width: 621px) 100vw, 621px\" \/><\/figure>\n<\/div>\n\n\n\n<div class=\"wp-block-column is-layout-flow wp-block-column-is-layout-flow\" style=\"flex-basis:66.66%\">\n<h6 class=\"wp-block-heading\"><strong>Marina Galli, Section d\u2019histoire&nbsp;<\/strong><\/h6>\n\n\n\n<ul class=\"wp-block-list\"><li><a href=\"https:\/\/wp.unil.ch\/uniscope\/immersion-dans-les-vestiges-dun-goulag\/?utm_source=mailpoet&amp;utm_medium=email&amp;utm_campaign=la-lettre-des-lettres-n39\">Immersion dans les vestiges d\u2019un goulag<\/a>, L\u2019uniscope, 22.04.2021<\/li><\/ul>\n<\/div>\n<\/div>\n\n\n\n<div class=\"wp-block-columns is-layout-flex wp-container-core-columns-is-layout-9d6595d7 wp-block-columns-is-layout-flex\">\n<div class=\"wp-block-column is-layout-flow wp-block-column-is-layout-flow\" style=\"flex-basis:33.33%\">\n<figure class=\"wp-block-image size-large\"><img alt=\"\" loading=\"lazy\" decoding=\"async\" width=\"696\" height=\"696\" src=\"https:\/\/wp.unil.ch\/infolettres\/files\/2021\/05\/Miao-Hua.jpg\" alt=\"\" class=\"wp-image-5690\" srcset=\"https:\/\/wp.unil.ch\/infolettres\/files\/2021\/05\/Miao-Hua.jpg 696w, https:\/\/wp.unil.ch\/infolettres\/files\/2021\/05\/Miao-Hua-150x150.jpg 150w\" sizes=\"auto, (max-width: 696px) 100vw, 696px\" \/><\/figure>\n<\/div>\n\n\n\n<div class=\"wp-block-column is-layout-flow wp-block-column-is-layout-flow\" style=\"flex-basis:66.66%\">\n<h6 class=\"wp-block-heading\"><strong>Miao Hua, Section de fran\u00e7ais&nbsp;<\/strong><\/h6>\n\n\n\n<ul class=\"wp-block-list\"><li><a href=\"https:\/\/wp.unil.ch\/uniscope\/il-etait-une-fois-yexian-la-cendrillon-des-contes-chinois\/?utm_source=mailpoet&amp;utm_medium=email&amp;utm_campaign=la-lettre-des-lettres-n39\">Yexian, la Cendrillon des contes chinois<\/a>, L\u2019uniscope, 22.04.2021<\/li><\/ul>\n<\/div>\n<\/div>\n\n\n\n<div class=\"wp-block-columns is-layout-flex wp-container-core-columns-is-layout-9d6595d7 wp-block-columns-is-layout-flex\">\n<div class=\"wp-block-column is-layout-flow wp-block-column-is-layout-flow\" style=\"flex-basis:33.33%\">\n<figure class=\"wp-block-image size-large\"><img alt=\"\" loading=\"lazy\" decoding=\"async\" width=\"400\" height=\"400\" src=\"https:\/\/wp.unil.ch\/infolettres\/files\/2019\/09\/David-Javet.png\" alt=\"\" class=\"wp-image-4992\" srcset=\"https:\/\/wp.unil.ch\/infolettres\/files\/2019\/09\/David-Javet.png 400w, https:\/\/wp.unil.ch\/infolettres\/files\/2019\/09\/David-Javet-100x100.png 100w, https:\/\/wp.unil.ch\/infolettres\/files\/2019\/09\/David-Javet-230x230.png 230w, https:\/\/wp.unil.ch\/infolettres\/files\/2019\/09\/David-Javet-365x365.png 365w\" sizes=\"auto, (max-width: 400px) 100vw, 400px\" \/><\/figure>\n<\/div>\n\n\n\n<div class=\"wp-block-column is-layout-flow wp-block-column-is-layout-flow\" style=\"flex-basis:66.66%\">\n<h6 class=\"wp-block-heading\"><strong>David Javet, Section d&rsquo;histoire et esth\u00e9tique du cin\u00e9ma&nbsp;<\/strong><\/h6>\n\n\n\n<ul class=\"wp-block-list\"><li><a href=\"https:\/\/wp.unil.ch\/infolettres?mailpoet_router&amp;endpoint=track&amp;action=click&amp;data=WyIxNTY1OSIsImEwYjlhOSIsMjIyLCJhNzY1ZGY4MGI0NmMiLGZhbHNlXQ\">Les cr\u00e9ateurs romands de jeu vid\u00e9o, du mode survie au monde ouvert<\/a>, 24 Heures, 06.03.2021<\/li><\/ul>\n<\/div>\n<\/div>\n\n\n\n<div class=\"wp-block-columns is-layout-flex wp-container-core-columns-is-layout-9d6595d7 wp-block-columns-is-layout-flex\">\n<div class=\"wp-block-column is-layout-flow wp-block-column-is-layout-flow\" style=\"flex-basis:33.33%\">\n<figure class=\"wp-block-image size-large\"><img alt=\"\" loading=\"lazy\" decoding=\"async\" width=\"1147\" height=\"1147\" src=\"https:\/\/wp.unil.ch\/infolettres\/files\/2020\/06\/Camille-Luscher-2020.jpeg\" alt=\"\" class=\"wp-image-5281\" srcset=\"https:\/\/wp.unil.ch\/infolettres\/files\/2020\/06\/Camille-Luscher-2020.jpeg 1147w, https:\/\/wp.unil.ch\/infolettres\/files\/2020\/06\/Camille-Luscher-2020-150x150.jpeg 150w, https:\/\/wp.unil.ch\/infolettres\/files\/2020\/06\/Camille-Luscher-2020-768x768.jpeg 768w, https:\/\/wp.unil.ch\/infolettres\/files\/2020\/06\/Camille-Luscher-2020-230x230.jpeg 230w, https:\/\/wp.unil.ch\/infolettres\/files\/2020\/06\/Camille-Luscher-2020-365x365.jpeg 365w\" sizes=\"auto, (max-width: 1147px) 100vw, 1147px\" \/><\/figure>\n<\/div>\n\n\n\n<div class=\"wp-block-column is-layout-flow wp-block-column-is-layout-flow\" style=\"flex-basis:66.66%\">\n<h6 class=\"wp-block-heading\"><strong>Camille Luscher, Centre de traduction litt\u00e9raire<\/strong><\/h6>\n\n\n\n<ul class=\"wp-block-list\"><li><a href=\"https:\/\/wp.unil.ch\/infolettres?mailpoet_router&amp;endpoint=track&amp;action=click&amp;data=WyIxNTY1OSIsImEwYjlhOSIsMjIyLCI5ODA4NTZiNDRkNmUiLGZhbHNlXQ\">La question raciale divise le monde de la traduction<\/a>, RTS La Premi\u00e8re, Forum, 14.03.2021<\/li><\/ul>\n<\/div>\n<\/div>\n\n\n\n<div class=\"wp-block-columns is-layout-flex wp-container-core-columns-is-layout-9d6595d7 wp-block-columns-is-layout-flex\">\n<div class=\"wp-block-column is-layout-flow wp-block-column-is-layout-flow\" style=\"flex-basis:33.33%\">\n<figure class=\"wp-block-image size-large\"><img alt=\"\" loading=\"lazy\" decoding=\"async\" width=\"1200\" height=\"1200\" src=\"https:\/\/wp.unil.ch\/infolettres\/files\/2019\/05\/Dave-Luthi.jpg\" alt=\"\" class=\"wp-image-4876\" srcset=\"https:\/\/wp.unil.ch\/infolettres\/files\/2019\/05\/Dave-Luthi.jpg 1200w, https:\/\/wp.unil.ch\/infolettres\/files\/2019\/05\/Dave-Luthi-100x100.jpg 100w, https:\/\/wp.unil.ch\/infolettres\/files\/2019\/05\/Dave-Luthi-768x768.jpg 768w, https:\/\/wp.unil.ch\/infolettres\/files\/2019\/05\/Dave-Luthi-230x230.jpg 230w, https:\/\/wp.unil.ch\/infolettres\/files\/2019\/05\/Dave-Luthi-365x365.jpg 365w\" sizes=\"auto, (max-width: 1200px) 100vw, 1200px\" \/><\/figure>\n<\/div>\n\n\n\n<div class=\"wp-block-column is-layout-flow wp-block-column-is-layout-flow\" style=\"flex-basis:66.66%\">\n<h6 class=\"wp-block-heading\"><strong>Dave L\u00fcthi, Section d\u2019histoire de l\u2019art<\/strong><\/h6>\n\n\n\n<ul class=\"wp-block-list\"><li><a href=\"https:\/\/wp.unil.ch\/infolettres?mailpoet_router&amp;endpoint=track&amp;action=click&amp;data=WyIxNTY1OSIsImEwYjlhOSIsMjIyLCJkZDFiM2Q0MWVjMmEiLGZhbHNlXQ\">Rencontre avec Vincent Jaton, mus\u00e9ographe<\/a>, RTS La Premi\u00e8re, Le grand soir, 14.04.2021<\/li><\/ul>\n<\/div>\n<\/div>\n\n\n\n<div class=\"wp-block-columns is-layout-flex wp-container-core-columns-is-layout-9d6595d7 wp-block-columns-is-layout-flex\">\n<div class=\"wp-block-column is-layout-flow wp-block-column-is-layout-flow\" style=\"flex-basis:33.33%\">\n<figure class=\"wp-block-image size-large\"><img alt=\"\" loading=\"lazy\" decoding=\"async\" width=\"391\" height=\"391\" src=\"https:\/\/wp.unil.ch\/infolettres\/files\/2014\/03\/Daniel_Maggetti.jpg\" alt=\"\" class=\"wp-image-4149\" srcset=\"https:\/\/wp.unil.ch\/infolettres\/files\/2014\/03\/Daniel_Maggetti.jpg 391w, https:\/\/wp.unil.ch\/infolettres\/files\/2014\/03\/Daniel_Maggetti-100x100.jpg 100w, https:\/\/wp.unil.ch\/infolettres\/files\/2014\/03\/Daniel_Maggetti-300x300.jpg 300w, https:\/\/wp.unil.ch\/infolettres\/files\/2014\/03\/Daniel_Maggetti-230x230.jpg 230w, https:\/\/wp.unil.ch\/infolettres\/files\/2014\/03\/Daniel_Maggetti-365x365.jpg 365w\" sizes=\"auto, (max-width: 391px) 100vw, 391px\" \/><\/figure>\n<\/div>\n\n\n\n<div class=\"wp-block-column is-layout-flow wp-block-column-is-layout-flow\" style=\"flex-basis:66.66%\">\n<h6 class=\"wp-block-heading\"><strong>Daniel Maggetti, Section de fran\u00e7ais<\/strong><\/h6>\n\n\n\n<ul class=\"wp-block-list\"><li><a href=\"https:\/\/wp.unil.ch\/infolettres?mailpoet_router&amp;endpoint=track&amp;action=click&amp;data=WyIxNTY1OSIsImEwYjlhOSIsMjIyLCJhOTZiYThkMTY2NDQiLGZhbHNlXQ\">Quand la randonn\u00e9e en montagne rencontre la litt\u00e9rature<\/a>, RTS La Premi\u00e8re, Forum, 07.05.2021<\/li><\/ul>\n<\/div>\n<\/div>\n\n\n\n<div class=\"wp-block-columns is-layout-flex wp-container-core-columns-is-layout-9d6595d7 wp-block-columns-is-layout-flex\">\n<div class=\"wp-block-column is-layout-flow wp-block-column-is-layout-flow\" style=\"flex-basis:33.33%\">\n<figure class=\"wp-block-image size-large\"><img alt=\"\" loading=\"lazy\" decoding=\"async\" width=\"1200\" height=\"1200\" src=\"https:\/\/wp.unil.ch\/infolettres\/files\/2019\/11\/J\u00e9r\u00f4me-Meizoz-2019.jpeg\" alt=\"\" class=\"wp-image-5053\" srcset=\"https:\/\/wp.unil.ch\/infolettres\/files\/2019\/11\/J\u00e9r\u00f4me-Meizoz-2019.jpeg 1200w, https:\/\/wp.unil.ch\/infolettres\/files\/2019\/11\/J\u00e9r\u00f4me-Meizoz-2019-150x150.jpeg 150w, https:\/\/wp.unil.ch\/infolettres\/files\/2019\/11\/J\u00e9r\u00f4me-Meizoz-2019-768x768.jpeg 768w, https:\/\/wp.unil.ch\/infolettres\/files\/2019\/11\/J\u00e9r\u00f4me-Meizoz-2019-230x230.jpeg 230w, https:\/\/wp.unil.ch\/infolettres\/files\/2019\/11\/J\u00e9r\u00f4me-Meizoz-2019-365x365.jpeg 365w\" sizes=\"auto, (max-width: 1200px) 100vw, 1200px\" \/><\/figure>\n<\/div>\n\n\n\n<div class=\"wp-block-column is-layout-flow wp-block-column-is-layout-flow\" style=\"flex-basis:66.66%\">\n<h6 class=\"wp-block-heading\"><strong>J\u00e9r\u00f4me Meizoz, Section de fran\u00e7ais&nbsp;<\/strong><\/h6>\n\n\n\n<ul class=\"wp-block-list\"><li><a href=\"https:\/\/wp.unil.ch\/infolettres?mailpoet_router&amp;endpoint=track&amp;action=click&amp;data=WyIxNTY1OSIsImEwYjlhOSIsMjIyLCIxNmEyMzc5MzljZWYiLGZhbHNlXQ\">Rencontre avec Arianne Chemin, journaliste et essayiste<\/a>, RTS La Premi\u00e8re, Le grand soir, 05.05.2021<\/li><\/ul>\n<\/div>\n<\/div>\n\n\n\n<div class=\"wp-block-columns is-layout-flex wp-container-core-columns-is-layout-9d6595d7 wp-block-columns-is-layout-flex\">\n<div class=\"wp-block-column is-layout-flow wp-block-column-is-layout-flow\" style=\"flex-basis:33.33%\">\n<figure class=\"wp-block-image size-large\"><img alt=\"\" loading=\"lazy\" decoding=\"async\" width=\"1200\" height=\"1200\" src=\"https:\/\/wp.unil.ch\/infolettres\/files\/2020\/02\/Patrick-Michel-2019.jpeg\" alt=\"\" class=\"wp-image-5178\" srcset=\"https:\/\/wp.unil.ch\/infolettres\/files\/2020\/02\/Patrick-Michel-2019.jpeg 1200w, https:\/\/wp.unil.ch\/infolettres\/files\/2020\/02\/Patrick-Michel-2019-150x150.jpeg 150w, https:\/\/wp.unil.ch\/infolettres\/files\/2020\/02\/Patrick-Michel-2019-768x768.jpeg 768w, https:\/\/wp.unil.ch\/infolettres\/files\/2020\/02\/Patrick-Michel-2019-230x230.jpeg 230w, https:\/\/wp.unil.ch\/infolettres\/files\/2020\/02\/Patrick-Michel-2019-365x365.jpeg 365w\" sizes=\"auto, (max-width: 1200px) 100vw, 1200px\" \/><\/figure>\n<\/div>\n\n\n\n<div class=\"wp-block-column is-layout-flow wp-block-column-is-layout-flow\" style=\"flex-basis:66.66%\">\n<h6 class=\"wp-block-heading\"><strong>Patrick Michel, Institut d\u2019arch\u00e9ologie et des sciences de l&rsquo;Antiquit\u00e9&nbsp;<\/strong><\/h6>\n\n\n\n<ul class=\"wp-block-list\"><li><a href=\"https:\/\/wp.unil.ch\/infolettres?mailpoet_router&amp;endpoint=track&amp;action=click&amp;data=WyIxNTY1OSIsImEwYjlhOSIsMjIyLCI2NTU5OGFmYjk5YTkiLGZhbHNlXQ\">Syrie: 10 ans de guerre et un patrimoine en p\u00e9ril<\/a>, Le Temps, 16.03.2021<\/li><\/ul>\n<\/div>\n<\/div>\n\n\n\n<div class=\"wp-block-columns is-layout-flex wp-container-core-columns-is-layout-9d6595d7 wp-block-columns-is-layout-flex\">\n<div class=\"wp-block-column is-layout-flow wp-block-column-is-layout-flow\" style=\"flex-basis:33.33%\">\n<figure class=\"wp-block-image size-large\"><img alt=\"\" loading=\"lazy\" decoding=\"async\" width=\"475\" height=\"475\" src=\"https:\/\/wp.unil.ch\/infolettres\/files\/2014\/03\/Stephanie_Pahud.jpg\" alt=\"\" class=\"wp-image-4129\" srcset=\"https:\/\/wp.unil.ch\/infolettres\/files\/2014\/03\/Stephanie_Pahud.jpg 475w, https:\/\/wp.unil.ch\/infolettres\/files\/2014\/03\/Stephanie_Pahud-100x100.jpg 100w, https:\/\/wp.unil.ch\/infolettres\/files\/2014\/03\/Stephanie_Pahud-300x300.jpg 300w, https:\/\/wp.unil.ch\/infolettres\/files\/2014\/03\/Stephanie_Pahud-230x230.jpg 230w, https:\/\/wp.unil.ch\/infolettres\/files\/2014\/03\/Stephanie_Pahud-365x365.jpg 365w\" sizes=\"auto, (max-width: 475px) 100vw, 475px\" \/><\/figure>\n<\/div>\n\n\n\n<div class=\"wp-block-column is-layout-flow wp-block-column-is-layout-flow\" style=\"flex-basis:66.66%\">\n<h6 class=\"wp-block-heading\"><strong>St\u00e9phanie Pahud, \u00c9cole de fran\u00e7ais langue \u00e9trang\u00e8re<\/strong><\/h6>\n\n\n\n<ul class=\"wp-block-list\"><li><a href=\"https:\/\/wp.unil.ch\/infolettres?mailpoet_router&amp;endpoint=track&amp;action=click&amp;data=WyIxNTY1OSIsImEwYjlhOSIsMjIyLCJiOGJlZmQ4OTM5MzQiLGZhbHNlXQ\">Moli\u00e8re a-t- il perdu sa langue?<\/a>, RTS La Premi\u00e8re, Vacarme, 11.04.2021<\/li><\/ul>\n<\/div>\n<\/div>\n\n\n\n<div class=\"wp-block-columns is-layout-flex wp-container-core-columns-is-layout-9d6595d7 wp-block-columns-is-layout-flex\">\n<div class=\"wp-block-column is-layout-flow wp-block-column-is-layout-flow\" style=\"flex-basis:33.33%\">\n<figure class=\"wp-block-image size-large\"><img alt=\"\" loading=\"lazy\" decoding=\"async\" width=\"1199\" height=\"1200\" src=\"https:\/\/wp.unil.ch\/infolettres\/files\/2018\/09\/Isaac_Pante.jpg\" alt=\"\" class=\"wp-image-4588\" srcset=\"https:\/\/wp.unil.ch\/infolettres\/files\/2018\/09\/Isaac_Pante.jpg 1199w, https:\/\/wp.unil.ch\/infolettres\/files\/2018\/09\/Isaac_Pante-100x100.jpg 100w, https:\/\/wp.unil.ch\/infolettres\/files\/2018\/09\/Isaac_Pante-768x769.jpg 768w, https:\/\/wp.unil.ch\/infolettres\/files\/2018\/09\/Isaac_Pante-230x230.jpg 230w, https:\/\/wp.unil.ch\/infolettres\/files\/2018\/09\/Isaac_Pante-365x365.jpg 365w\" sizes=\"auto, (max-width: 1199px) 100vw, 1199px\" \/><\/figure>\n<\/div>\n\n\n\n<div class=\"wp-block-column is-layout-flow wp-block-column-is-layout-flow\" style=\"flex-basis:66.66%\">\n<h6 class=\"wp-block-heading\"><strong>Isaac Pante, Section des sciences du langage et de l&rsquo;information&nbsp;<\/strong><\/h6>\n\n\n\n<ul class=\"wp-block-list\"><li><a href=\"https:\/\/wp.unil.ch\/infolettres?mailpoet_router&amp;endpoint=track&amp;action=click&amp;data=WyIxNTY1OSIsImEwYjlhOSIsMjIyLCJlNWY5OWE0MzY0MGUiLGZhbHNlXQ\">Un jour pour d\u00e9mystifier et s\u2019essayer \u00e0 l\u2019art g\u00e9n\u00e9ratif<\/a>, 24 heures et Tribune de Gen\u00e8ve, 26.02.2021<\/li><li><a href=\"https:\/\/wp.unil.ch\/infolettres?mailpoet_router&amp;endpoint=track&amp;action=click&amp;data=WyIxNTY1OSIsImEwYjlhOSIsMjIyLCIzZDkwYmM3YTYxMWMiLGZhbHNlXQ\">Naissance d\u2019une discipline universitaire<\/a>, L\u2019uniscope, 22.04.2021<\/li><\/ul>\n<\/div>\n<\/div>\n\n\n\n<div class=\"wp-block-columns is-layout-flex wp-container-core-columns-is-layout-9d6595d7 wp-block-columns-is-layout-flex\">\n<div class=\"wp-block-column is-layout-flow wp-block-column-is-layout-flow\" style=\"flex-basis:33.33%\">\n<figure class=\"wp-block-image size-large\"><img alt=\"\" loading=\"lazy\" decoding=\"async\" width=\"545\" height=\"545\" src=\"https:\/\/wp.unil.ch\/infolettres\/files\/2014\/03\/Gilles_Philippe.jpg\" alt=\"\" class=\"wp-image-4127\" srcset=\"https:\/\/wp.unil.ch\/infolettres\/files\/2014\/03\/Gilles_Philippe.jpg 545w, https:\/\/wp.unil.ch\/infolettres\/files\/2014\/03\/Gilles_Philippe-100x100.jpg 100w, https:\/\/wp.unil.ch\/infolettres\/files\/2014\/03\/Gilles_Philippe-300x300.jpg 300w, https:\/\/wp.unil.ch\/infolettres\/files\/2014\/03\/Gilles_Philippe-230x230.jpg 230w, https:\/\/wp.unil.ch\/infolettres\/files\/2014\/03\/Gilles_Philippe-365x365.jpg 365w\" sizes=\"auto, (max-width: 545px) 100vw, 545px\" \/><\/figure>\n<\/div>\n\n\n\n<div class=\"wp-block-column is-layout-flow wp-block-column-is-layout-flow\" style=\"flex-basis:66.66%\">\n<h6 class=\"wp-block-heading\"><strong>Gilles Philippe, Section de fran\u00e7ais<\/strong><\/h6>\n\n\n\n<ul class=\"wp-block-list\"><li><a href=\"https:\/\/wp.unil.ch\/infolettres?mailpoet_router&amp;endpoint=track&amp;action=click&amp;data=WyIxNTY1OSIsImEwYjlhOSIsMjIyLCI0ZTVhZjY3NDlmMzkiLGZhbHNlXQ\">\u00ab L&rsquo;ambigu\u00eft\u00e9 est la clef de l&rsquo;oeuvre de Genet \u00bb<\/a>, France Culture, Affaire en cours, 29.04.2021<\/li><li><a href=\"https:\/\/wp.unil.ch\/infolettres?mailpoet_router&amp;endpoint=track&amp;action=click&amp;data=WyIxNTY1OSIsImEwYjlhOSIsMjIyLCI0MWY4MzE1Mjc5M2UiLGZhbHNlXQ\">\u00ab Genet a cherch\u00e9 son salut dans la litt\u00e9rature \u00bb<\/a>, Marianne, 30.04.2021<\/li><\/ul>\n<\/div>\n<\/div>\n\n\n\n<div class=\"wp-block-columns is-layout-flex wp-container-core-columns-is-layout-9d6595d7 wp-block-columns-is-layout-flex\">\n<div class=\"wp-block-column is-layout-flow wp-block-column-is-layout-flow\" style=\"flex-basis:33.33%\">\n<figure class=\"wp-block-image size-large\"><img alt=\"\" loading=\"lazy\" decoding=\"async\" width=\"1200\" height=\"1200\" src=\"https:\/\/wp.unil.ch\/infolettres\/files\/2020\/09\/Valentine-Robert.jpeg\" alt=\"\" class=\"wp-image-5470\" srcset=\"https:\/\/wp.unil.ch\/infolettres\/files\/2020\/09\/Valentine-Robert.jpeg 1200w, https:\/\/wp.unil.ch\/infolettres\/files\/2020\/09\/Valentine-Robert-150x150.jpeg 150w, https:\/\/wp.unil.ch\/infolettres\/files\/2020\/09\/Valentine-Robert-768x768.jpeg 768w\" sizes=\"auto, (max-width: 1200px) 100vw, 1200px\" \/><\/figure>\n<\/div>\n\n\n\n<div class=\"wp-block-column is-layout-flow wp-block-column-is-layout-flow\" style=\"flex-basis:66.66%\">\n<h6 class=\"wp-block-heading\"><strong>Valentine Robert, Section d&rsquo;histoire et esth\u00e9tique du cin\u00e9ma&nbsp;<\/strong><\/h6>\n\n\n\n<ul class=\"wp-block-list\"><li><a href=\"https:\/\/wp.unil.ch\/infolettres?mailpoet_router&amp;endpoint=track&amp;action=click&amp;data=WyIxNTY1OSIsImEwYjlhOSIsMjIyLCIwYWViOTFhZWZkZTUiLGZhbHNlXQ\">Une critique de l\u2019Eglise, rarement du Christ<\/a>, R\u00e9form\u00e9s, n\u00b046, mai 2021<\/li><\/ul>\n<\/div>\n<\/div>\n\n\n\n<div class=\"wp-block-columns is-layout-flex wp-container-core-columns-is-layout-9d6595d7 wp-block-columns-is-layout-flex\">\n<div class=\"wp-block-column is-layout-flow wp-block-column-is-layout-flow\" style=\"flex-basis:33.33%\">\n<figure class=\"wp-block-image size-large\"><img alt=\"\" loading=\"lazy\" decoding=\"async\" width=\"400\" height=\"400\" src=\"https:\/\/wp.unil.ch\/infolettres\/files\/2019\/02\/Yannick_Rochat.jpg\" alt=\"\" class=\"wp-image-4763\" srcset=\"https:\/\/wp.unil.ch\/infolettres\/files\/2019\/02\/Yannick_Rochat.jpg 400w, https:\/\/wp.unil.ch\/infolettres\/files\/2019\/02\/Yannick_Rochat-100x100.jpg 100w, https:\/\/wp.unil.ch\/infolettres\/files\/2019\/02\/Yannick_Rochat-230x230.jpg 230w, https:\/\/wp.unil.ch\/infolettres\/files\/2019\/02\/Yannick_Rochat-365x365.jpg 365w\" sizes=\"auto, (max-width: 400px) 100vw, 400px\" \/><\/figure>\n<\/div>\n\n\n\n<div class=\"wp-block-column is-layout-flow wp-block-column-is-layout-flow\" style=\"flex-basis:66.66%\">\n<h6 class=\"wp-block-heading\"><strong>Yannick Rochat, UNIL Gamelab<\/strong><\/h6>\n\n\n\n<ul class=\"wp-block-list\"><li><a href=\"https:\/\/wp.unil.ch\/infolettres?mailpoet_router&amp;endpoint=track&amp;action=click&amp;data=WyIxNTY1OSIsImEwYjlhOSIsMjIyLCI3MWY4NDIyNDJiYzkiLGZhbHNlXQ\">Le jeu GeoGuessr utilise Google Street View pour nous fait parcourir les rues du monde<\/a>, RTS La Premi\u00e8re, Tout un monde, 30.04.2021<\/li><\/ul>\n<\/div>\n<\/div>\n\n\n\n<div class=\"wp-block-columns is-layout-flex wp-container-core-columns-is-layout-9d6595d7 wp-block-columns-is-layout-flex\">\n<div class=\"wp-block-column is-layout-flow wp-block-column-is-layout-flow\" style=\"flex-basis:33.33%\">\n<figure class=\"wp-block-image size-large\"><img alt=\"\" loading=\"lazy\" decoding=\"async\" width=\"422\" height=\"422\" src=\"https:\/\/wp.unil.ch\/infolettres\/files\/2014\/03\/Antonio_Rodriguez.jpg\" alt=\"\" class=\"wp-image-3579\" srcset=\"https:\/\/wp.unil.ch\/infolettres\/files\/2014\/03\/Antonio_Rodriguez.jpg 422w, https:\/\/wp.unil.ch\/infolettres\/files\/2014\/03\/Antonio_Rodriguez-100x100.jpg 100w, https:\/\/wp.unil.ch\/infolettres\/files\/2014\/03\/Antonio_Rodriguez-300x300.jpg 300w\" sizes=\"auto, (max-width: 422px) 100vw, 422px\" \/><\/figure>\n<\/div>\n\n\n\n<div class=\"wp-block-column is-layout-flow wp-block-column-is-layout-flow\" style=\"flex-basis:66.66%\">\n<h6 class=\"wp-block-heading\"><strong>Antonio Rodriguez, Section de fran\u00e7ais<\/strong><\/h6>\n\n\n\n<ul class=\"wp-block-list\"><li><a href=\"https:\/\/wp.unil.ch\/infolettres?mailpoet_router&amp;endpoint=track&amp;action=click&amp;data=WyIxNTY1OSIsImEwYjlhOSIsMjIyLCI1MTg1NzJiZDIzMDMiLGZhbHNlXQ\">La litt\u00e9rature romande a aussi ses \u00abbooktubeurs\u00bb<\/a>&nbsp;, 24 Heures, 05.03.2021<\/li><li><a href=\"https:\/\/wp.unil.ch\/infolettres?mailpoet_router&amp;endpoint=track&amp;action=click&amp;data=WyIxNTY1OSIsImEwYjlhOSIsMjIyLCJkNTJkMGIzOThmOWIiLGZhbHNlXQ\">Culture \u2013 Gen\u00e8ve en sc\u00e8ne \u2013 Printemps de la po\u00e9sie<\/a>,&nbsp;<em>Radio Cit\u00e9 Gen\u00e8ve<\/em>, 10.03.2021<\/li><li><a href=\"https:\/\/wp.unil.ch\/infolettres?mailpoet_router&amp;endpoint=track&amp;action=click&amp;data=WyIxNTY1OSIsImEwYjlhOSIsMjIyLCJlZTc4ZjFlNDc5MGEiLGZhbHNlXQ\">Porter les mots des po\u00e8tes au chevet des malades<\/a>, 24 Heures, 16.03.2021<\/li><li><a href=\"https:\/\/wp.unil.ch\/infolettres?mailpoet_router&amp;endpoint=track&amp;action=click&amp;data=WyIxNTY1OSIsImEwYjlhOSIsMjIyLCI5ZTQ5ZGY1ZTI1MDAiLGZhbHNlXQ\">Une 6e \u00e9dition covido-compatible du Printemps de la po\u00e9sie<\/a>, RTS Espace 2,&nbsp;<em>QWERTZ<\/em>, 19.03.2021<\/li><li><a href=\"https:\/\/wp.unil.ch\/infolettres?mailpoet_router&amp;endpoint=track&amp;action=click&amp;data=WyIxNTY1OSIsImEwYjlhOSIsMjIyLCJhODYxMDU4ZDE0OGIiLGZhbHNlXQ\">Par-del\u00e0 les mots, une po\u00e9sie qui devient audiovisuelle<\/a>,&nbsp;<em>news<\/em>, 19.03.2021<\/li><li><a href=\"https:\/\/wp.unil.ch\/infolettres?mailpoet_router&amp;endpoint=track&amp;action=click&amp;data=WyIxNTY1OSIsImEwYjlhOSIsMjIyLCIxMzJlMTczNmEzM2QiLGZhbHNlXQ\">Le Printemps de la po\u00e9sie se tient en privil\u00e9giant la vid\u00e9o<\/a>,&nbsp;<em>Radio Chablais<\/em>, 24.03.2021<\/li><li><a href=\"https:\/\/wp.unil.ch\/infolettres?mailpoet_router&amp;endpoint=track&amp;action=click&amp;data=WyIxNTY1OSIsImEwYjlhOSIsMjIyLCJhODgyZjQzN2IxNDciLGZhbHNlXQ\">\u00ab Les gens parlent de Marcel Proust sans le lire \u00bb<\/a>, 24 Heures, 25.03.2021<\/li><\/ul>\n<\/div>\n<\/div>\n\n\n\n<div class=\"wp-block-columns is-layout-flex wp-container-core-columns-is-layout-9d6595d7 wp-block-columns-is-layout-flex\">\n<div class=\"wp-block-column is-layout-flow wp-block-column-is-layout-flow\" style=\"flex-basis:33.33%\">\n<figure class=\"wp-block-image size-large\"><img alt=\"\" loading=\"lazy\" decoding=\"async\" width=\"1574\" height=\"1574\" src=\"https:\/\/wp.unil.ch\/infolettres\/files\/2019\/11\/Pascal-Singy.jpeg\" alt=\"\" class=\"wp-image-5047\" srcset=\"https:\/\/wp.unil.ch\/infolettres\/files\/2019\/11\/Pascal-Singy.jpeg 1574w, https:\/\/wp.unil.ch\/infolettres\/files\/2019\/11\/Pascal-Singy-150x150.jpeg 150w, https:\/\/wp.unil.ch\/infolettres\/files\/2019\/11\/Pascal-Singy-768x768.jpeg 768w, https:\/\/wp.unil.ch\/infolettres\/files\/2019\/11\/Pascal-Singy-1536x1536.jpeg 1536w, https:\/\/wp.unil.ch\/infolettres\/files\/2019\/11\/Pascal-Singy-230x230.jpeg 230w, https:\/\/wp.unil.ch\/infolettres\/files\/2019\/11\/Pascal-Singy-365x365.jpeg 365w, https:\/\/wp.unil.ch\/infolettres\/files\/2019\/11\/Pascal-Singy-1320x1320.jpeg 1320w\" sizes=\"auto, (max-width: 1574px) 100vw, 1574px\" \/><\/figure>\n<\/div>\n\n\n\n<div class=\"wp-block-column is-layout-flow wp-block-column-is-layout-flow\" style=\"flex-basis:66.66%\">\n<h6 class=\"wp-block-heading\"><strong>Pascal Singy, Section des sciences du langage et de l&rsquo;information<\/strong><\/h6>\n\n\n\n<ul class=\"wp-block-list\"><li><a href=\"https:\/\/wp.unil.ch\/infolettres?mailpoet_router&amp;endpoint=track&amp;action=click&amp;data=WyIxNTY1OSIsImEwYjlhOSIsMjIyLCJiOGJlZmQ4OTM5MzQiLGZhbHNlXQ\">Moli\u00e8re a-t-il perdu sa langue?<\/a>, RTS La Premi\u00e8re, Vacarme, 11.04.2021<\/li><\/ul>\n<\/div>\n<\/div>\n\n\n\n<div class=\"wp-block-columns is-layout-flex wp-container-core-columns-is-layout-9d6595d7 wp-block-columns-is-layout-flex\">\n<div class=\"wp-block-column is-layout-flow wp-block-column-is-layout-flow\" style=\"flex-basis:33.33%\">\n<figure class=\"wp-block-image size-large\"><img alt=\"\" loading=\"lazy\" decoding=\"async\" width=\"266\" height=\"267\" src=\"https:\/\/wp.unil.ch\/infolettres\/files\/2014\/03\/Alexandrine_Schniewind.jpg\" alt=\"\" class=\"wp-image-3578\" srcset=\"https:\/\/wp.unil.ch\/infolettres\/files\/2014\/03\/Alexandrine_Schniewind.jpg 266w, https:\/\/wp.unil.ch\/infolettres\/files\/2014\/03\/Alexandrine_Schniewind-100x100.jpg 100w\" sizes=\"auto, (max-width: 266px) 100vw, 266px\" \/><\/figure>\n<\/div>\n\n\n\n<div class=\"wp-block-column is-layout-flow wp-block-column-is-layout-flow\" style=\"flex-basis:66.66%\">\n<h6 class=\"wp-block-heading\"><strong>Alexandrine Schniewind, Section de philosophie<\/strong><\/h6>\n\n\n\n<ul class=\"wp-block-list\"><li><a href=\"https:\/\/wp.unil.ch\/infolettres?mailpoet_router&amp;endpoint=track&amp;action=click&amp;data=WyIxNTY1OSIsImEwYjlhOSIsMjIyLCI5MDZmNGUxMGJmZDIiLGZhbHNlXQ\">Dans la t\u00eate\u2026 d\u2019un paresseux<\/a>, RTS Un, 03.03.2021<\/li><li><a href=\"https:\/\/wp.unil.ch\/infolettres?mailpoet_router&amp;endpoint=track&amp;action=click&amp;data=WyIxNTY1OSIsImEwYjlhOSIsMjIyLCI4ZDBkMTYzOTZhNGYiLGZhbHNlXQ\">Le bonheur<\/a>, RTS La Premi\u00e8re, Brouhaha. Le bonheur, 24.03.2021<\/li><li><a href=\"https:\/\/wp.unil.ch\/infolettres?mailpoet_router&amp;endpoint=track&amp;action=click&amp;data=WyIxNTY1OSIsImEwYjlhOSIsMjIyLCJmNWQ4NWVmNjUxNTAiLGZhbHNlXQ\">Le pouvoir de l\u2019imaginaire<\/a>, RTS Deux, Faut pas croire, 01.05.2021<\/li><\/ul>\n<\/div>\n<\/div>\n\n\n\n<div class=\"wp-block-columns is-layout-flex wp-container-core-columns-is-layout-9d6595d7 wp-block-columns-is-layout-flex\">\n<div class=\"wp-block-column is-layout-flow wp-block-column-is-layout-flow\" style=\"flex-basis:33.33%\">\n<figure class=\"wp-block-image size-large\"><img alt=\"\" loading=\"lazy\" decoding=\"async\" width=\"348\" height=\"348\" src=\"https:\/\/wp.unil.ch\/infolettres\/files\/2021\/05\/Benjamin-Storme.jpg\" alt=\"\" class=\"wp-image-5692\" srcset=\"https:\/\/wp.unil.ch\/infolettres\/files\/2021\/05\/Benjamin-Storme.jpg 348w, https:\/\/wp.unil.ch\/infolettres\/files\/2021\/05\/Benjamin-Storme-150x150.jpg 150w\" sizes=\"auto, (max-width: 348px) 100vw, 348px\" \/><\/figure>\n<\/div>\n\n\n\n<div class=\"wp-block-column is-layout-flow wp-block-column-is-layout-flow\" style=\"flex-basis:66.66%\">\n<h6 class=\"wp-block-heading\"><strong>Benjamin Storme, Section des sciences du langage et de l&rsquo;information<\/strong><\/h6>\n\n\n\n<ul class=\"wp-block-list\"><li><a href=\"https:\/\/wp.unil.ch\/infolettres?mailpoet_router&amp;endpoint=track&amp;action=click&amp;data=WyIxNTY1OSIsImEwYjlhOSIsMjIyLCI5MTI3MzM0ZWZmOWMiLGZhbHNlXQ\">Il vulgarise plus vite que son ombre<\/a>, L\u2019uniscope, 22.04.2021<\/li><\/ul>\n<\/div>\n<\/div>\n\n\n\n<div class=\"wp-block-columns is-layout-flex wp-container-core-columns-is-layout-9d6595d7 wp-block-columns-is-layout-flex\">\n<div class=\"wp-block-column is-layout-flow wp-block-column-is-layout-flow\" style=\"flex-basis:33.33%\">\n<figure class=\"wp-block-image size-large\"><img alt=\"\" loading=\"lazy\" decoding=\"async\" width=\"1200\" height=\"1200\" src=\"https:\/\/wp.unil.ch\/infolettres\/files\/2020\/09\/Francois-Vallotton-2020.jpeg\" alt=\"\" class=\"wp-image-5488\" srcset=\"https:\/\/wp.unil.ch\/infolettres\/files\/2020\/09\/Francois-Vallotton-2020.jpeg 1200w, https:\/\/wp.unil.ch\/infolettres\/files\/2020\/09\/Francois-Vallotton-2020-150x150.jpeg 150w, https:\/\/wp.unil.ch\/infolettres\/files\/2020\/09\/Francois-Vallotton-2020-768x768.jpeg 768w\" sizes=\"auto, (max-width: 1200px) 100vw, 1200px\" \/><\/figure>\n<\/div>\n\n\n\n<div class=\"wp-block-column is-layout-flow wp-block-column-is-layout-flow\" style=\"flex-basis:66.66%\">\n<h6 class=\"wp-block-heading\"><strong>Fran\u00e7ois Vallotton, Section d\u2019histoire&nbsp;<\/strong><\/h6>\n\n\n\n<ul class=\"wp-block-list\"><li><a href=\"https:\/\/wp.unil.ch\/infolettres?mailpoet_router&amp;endpoint=track&amp;action=click&amp;data=WyIxNTY1OSIsImEwYjlhOSIsMjIyLCJkMjcwNGNhMGY4YWUiLGZhbHNlXQ\">Rencontre avec Pascal Vandenberghe, Pr\u00e9sident-Directeur de Payot SA<\/a>, RTS La Premi\u00e8re, Le grand soir, 10.03.2021<\/li><\/ul>\n<\/div>\n<\/div>\n","protected":false},"excerpt":{"rendered":"<p>Simone Albonico, Section d\u2019italien&nbsp; Rencontre avec Alja Del Ponte, sprinteuse, RTS La Premi\u00e8re, Le grand soir, 13.05.2021 J\u00e9r\u00f4me Andr\u00e9, Institut d\u2019arch\u00e9ologie et des sciences de l&rsquo;Antiquit\u00e9&nbsp; Immersion dans les vestiges &hellip; <\/p>\n","protected":false},"author":1001334,"featured_media":5748,"comment_status":"closed","ping_status":"closed","sticky":false,"template":"template-full-width.php","format":"standard","meta":{"_seopress_robots_primary_cat":"","_seopress_titles_title":"","_seopress_titles_desc":"","_seopress_robots_index":"","footnotes":""},"categories":[121],"tags":[],"class_list":{"0":"post-5720","1":"post","2":"type-post","3":"status-publish","4":"format-standard","5":"has-post-thumbnail","7":"category-dans-les-medias"},"_links":{"self":[{"href":"https:\/\/wp.unil.ch\/infolettres\/wp-json\/wp\/v2\/posts\/5720","targetHints":{"allow":["GET"]}}],"collection":[{"href":"https:\/\/wp.unil.ch\/infolettres\/wp-json\/wp\/v2\/posts"}],"about":[{"href":"https:\/\/wp.unil.ch\/infolettres\/wp-json\/wp\/v2\/types\/post"}],"author":[{"embeddable":true,"href":"https:\/\/wp.unil.ch\/infolettres\/wp-json\/wp\/v2\/users\/1001334"}],"replies":[{"embeddable":true,"href":"https:\/\/wp.unil.ch\/infolettres\/wp-json\/wp\/v2\/comments?post=5720"}],"version-history":[{"count":0,"href":"https:\/\/wp.unil.ch\/infolettres\/wp-json\/wp\/v2\/posts\/5720\/revisions"}],"wp:featuredmedia":[{"embeddable":true,"href":"https:\/\/wp.unil.ch\/infolettres\/wp-json\/wp\/v2\/media\/5748"}],"wp:attachment":[{"href":"https:\/\/wp.unil.ch\/infolettres\/wp-json\/wp\/v2\/media?parent=5720"}],"wp:term":[{"taxonomy":"category","embeddable":true,"href":"https:\/\/wp.unil.ch\/infolettres\/wp-json\/wp\/v2\/categories?post=5720"},{"taxonomy":"post_tag","embeddable":true,"href":"https:\/\/wp.unil.ch\/infolettres\/wp-json\/wp\/v2\/tags?post=5720"}],"curies":[{"name":"wp","href":"https:\/\/api.w.org\/{rel}","templated":true}]}}