{"id":730,"date":"2021-06-15T16:30:25","date_gmt":"2021-06-15T14:30:25","guid":{"rendered":"https:\/\/wp.unil.ch\/infoecoledemedecine\/?p=730"},"modified":"2021-06-23T07:24:13","modified_gmt":"2021-06-23T05:24:13","slug":"le-temoignage-dalexandre-waldmeyer","status":"publish","type":"post","link":"https:\/\/wp.unil.ch\/infoecoledemedecine\/2021\/06\/le-temoignage-dalexandre-waldmeyer\/","title":{"rendered":"Le t\u00e9moignage d\u2019Alexandre Waldmeyer"},"content":{"rendered":"\n<p><em>Alexandre Waldmeyer est parti en s\u00e9jour de mobilit\u00e9 \u00e0 l\u2019Universit\u00e9 Humboldt de Berlin en 2019-2020. Il t\u00e9moigne avec enthousiasme de son exp\u00e9rience.&nbsp;<\/em><\/p>\n\n\n\n<blockquote class=\"wp-block-quote is-layout-flow wp-block-quote-is-layout-flow\"><p><strong>D\u2019o\u00f9 vient cette id\u00e9e de partir&nbsp;en mobilit\u00e9 durant vos \u00e9tudes de m\u00e9decine\u2009?<\/strong>  <\/p><\/blockquote>\n\n\n\n<div class=\"wp-block-image\"><figure class=\"alignleft size-large is-resized\"><img alt=\"\" loading=\"lazy\" decoding=\"async\" src=\"https:\/\/wp.unil.ch\/infoecoledemedecine\/files\/2021\/06\/Walmeyer_800.jpg\" alt=\"\" class=\"wp-image-700\" width=\"188\" height=\"141\" srcset=\"https:\/\/wp.unil.ch\/infoecoledemedecine\/files\/2021\/06\/Walmeyer_800.jpg 800w, https:\/\/wp.unil.ch\/infoecoledemedecine\/files\/2021\/06\/Walmeyer_800-300x225.jpg 300w, https:\/\/wp.unil.ch\/infoecoledemedecine\/files\/2021\/06\/Walmeyer_800-768x576.jpg 768w\" sizes=\"auto, (max-width: 188px) 100vw, 188px\" \/><figcaption>Alexandre Waldmeyer \u00a9 droits r\u00e9serv\u00e9s<\/figcaption><\/figure><\/div>\n\n\n\n<p class=\"has-normal-font-size\">La mobilit\u00e9 est assez connue \u00e0 l\u2019\u00c9cole de m\u00e9decine. C\u2019est clairement une id\u00e9e qui circulait en 1<sup>re <\/sup>&#8211; 2<sup>e<\/sup> ann\u00e9e. Mais personnellement, je n\u2019\u00e9tais pas encore \u00e0 l\u2019UNIL quand j\u2019en ai entendu parler par un ami, qui est maintenant m\u00e9decin. Il m\u2019a parl\u00e9 d\u2019\u00e9tudier la m\u00e9decine ailleurs en Europe via l\u2019UNIL. Avec des opportunit\u00e9s incroyables, la possibilit\u00e9 de d\u00e9couvrir des villes comme Berlin o\u00f9 je suis all\u00e9, Manchester, Grenade, \u2026 plein d\u2019endroits diff\u00e9rents en Europe\u2009!<br><br><\/p>\n\n\n\n<p> <\/p>\n\n\n\n<blockquote class=\"wp-block-quote is-layout-flow wp-block-quote-is-layout-flow\"><p><strong>Quelles sont les raisons qui vous ont pouss\u00e9 \u00e0 partir\u2009?<\/strong><\/p><\/blockquote>\n\n\n\n<p>Pas mal de raisons\u2009! La premi\u00e8re, c\u2019est l\u2019opportunit\u00e9 qui s\u2019ouvrait \u00e0 moi\u2009; profiter d\u2019une exp\u00e9rience nouvelle avec la possibilit\u00e9 de me d\u00e9couvrir, hors du monde prot\u00e9g\u00e9 de ma famille et de mon cercle d\u2019amis. Il y a aussi le c\u00f4t\u00e9 social de cette exp\u00e9rience\u2009: on est forc\u00e9 de s\u2019ouvrir aux autres, d\u2019interagir pour ne pas se retrouver seul.<\/p>\n\n\n\n<p>Pour l\u2019aspect professionnel, cela permet de d\u00e9couvrir une autre vision de la m\u00e9decine que celle de Lausanne. Les techniques sont un peu diff\u00e9rentes, la formation aussi. Chaque \u00e9cole a ses sp\u00e9cificit\u00e9s et la mobilit\u00e9 permet de prendre conscience qu\u2019il existe d\u2019autres perspectives, d\u2019autres fa\u00e7ons de penser. La derni\u00e8re raison, c\u2019est la chance de pouvoir apprendre une langue, ce n\u2019est pas n\u00e9gligeable.<\/p>\n\n\n\n<blockquote class=\"wp-block-quote is-layout-flow wp-block-quote-is-layout-flow\"><p><strong>Pourquoi Berlin\u2009?<\/strong> <\/p><\/blockquote>\n\n\n\n<div class=\"wp-block-image\"><figure class=\"alignright size-large is-resized\"><img alt=\"\" loading=\"lazy\" decoding=\"async\" src=\"https:\/\/wp.unil.ch\/infoecoledemedecine\/files\/2021\/06\/dreamstime_xxl_57412507-1024x683.jpg\" alt=\"\" class=\"wp-image-722\" width=\"379\" height=\"252\" srcset=\"https:\/\/wp.unil.ch\/infoecoledemedecine\/files\/2021\/06\/dreamstime_xxl_57412507-1024x683.jpg 1024w, https:\/\/wp.unil.ch\/infoecoledemedecine\/files\/2021\/06\/dreamstime_xxl_57412507-300x200.jpg 300w, https:\/\/wp.unil.ch\/infoecoledemedecine\/files\/2021\/06\/dreamstime_xxl_57412507-768x513.jpg 768w, https:\/\/wp.unil.ch\/infoecoledemedecine\/files\/2021\/06\/dreamstime_xxl_57412507-1536x1025.jpg 1536w, https:\/\/wp.unil.ch\/infoecoledemedecine\/files\/2021\/06\/dreamstime_xxl_57412507-1320x881.jpg 1320w, https:\/\/wp.unil.ch\/infoecoledemedecine\/files\/2021\/06\/dreamstime_xxl_57412507.jpg 1798w\" sizes=\"auto, (max-width: 379px) 100vw, 379px\" \/><figcaption>L&rsquo;Universit\u00e9 Humboldt de Berlin \u00a9 Jose Julio Millan Gutierrez | Dreamstime.com<\/figcaption><\/figure><\/div>\n\n\n\n<p>C\u2019est une ville riche, en histoire, en interactions sociales. C\u2019est une ville cosmopolite, gigantesque. Pour \u00abvivre l\u2019exp\u00e9rience Berlin\u00bb\u2009!&nbsp;<\/p>\n\n\n\n<p>Le choix de l\u2019Allemagne tient aussi \u00e0 la langue. Dans la profession, c\u2019est toujours utile de pouvoir communiquer avec un patient ou une patiente qui parle allemand ou m\u00eame suisse allemand. C\u2019est appr\u00e9ciable en Suisse.<\/p>\n\n\n\n<p>La r\u00e9putation de l\u2019h\u00f4pital de la Charit\u00e9 de Berlin joue aussi un r\u00f4le. Sur place, ils adoraient nous r\u00e9p\u00e9ter que c\u2019\u00e9tait le premier h\u00f4pital d\u2019Europe. C\u2019est vrai que c\u2019est une belle opportunit\u00e9 de pouvoir faire des stages dans un h\u00f4pital aussi prestigieux.<\/p>\n\n\n\n<p>Toutes ces raisons font de Berlin une ville tr\u00e8s attractive. Elle r\u00e9pondait \u00e0 tous mes crit\u00e8res et c\u2019\u00e9tait mon 1<sup>er<\/sup> choix. Mais si j\u2019avais eu mon 3<sup>e<\/sup> choix \u2014 en l\u2019occurrence Munich \u2014 j\u2019aurais certainement eu \u00e9norm\u00e9ment de plaisir aussi. Franchement, tous mes camarades avec qui j\u2019ai pu discuter sortent tr\u00e8s enthousiastes de l\u2019exp\u00e9rience, quelle que soit la ville. C\u2019est un point phare de leur vie.<\/p>\n\n\n\n<blockquote class=\"wp-block-quote is-layout-flow wp-block-quote-is-layout-flow\"><p><strong>Racontez-nous votre s\u00e9jour<\/strong><\/p><\/blockquote>\n\n\n\n<p>L\u2019ann\u00e9e a d\u00e9but\u00e9 avec quatre semaines de cours de langue intensifs organis\u00e9s par l\u2019Universit\u00e9 Humboldt de Berlin. Cela m\u2019a permis de commencer l\u2019ann\u00e9e assez sereinement avec l\u2019allemand que je n\u2019avais pas \u00e9tudi\u00e9 depuis le gymnase. Mais c\u2019est \u00e9galement un m\u00e9ga-bain social o\u00f9 l\u2019on rencontre plein de gens d\u2019autres facult\u00e9s, d\u2019autres langues, d\u2019autres cultures \u2026 Au final, ces cours intensifs d\u2019allemand ont \u00e9t\u00e9 un moment crucial dans mon ann\u00e9e, parce que c\u2019est l\u00e0 que j\u2019ai cr\u00e9\u00e9 mon noyau social de base ; des amiti\u00e9s, de belles amiti\u00e9s qui se poursuivent encore maintenant.<\/p>\n\n\n\n<p>Ensuite, quand les cours de m\u00e9decine ont d\u00e9but\u00e9, nous avons \u00e9t\u00e9 accueillis par le secr\u00e9tariat de l\u2019\u00c9cole de m\u00e9decine de Berlin et mis en contact avec l\u2019\u00e9quivalent de l\u2019AEML. L\u00e0 encore, ce sont des moments assez importants du s\u00e9jour. Nous \u00e9tions 62 \u00e9tudiants en mobilit\u00e9, une dizaine pour chaque ann\u00e9e du cursus. Les soir\u00e9es \u00e0 th\u00e8me \u2014 vraiment cool \u2014 nous ont permis rencontrer d\u2019autres \u00e9tudiants pour mieux collaborer et \u00e9tudier.<\/p>\n\n\n\n<p>Au final, ce d\u00e9but d\u2019ann\u00e9e a pos\u00e9 les bases sociales essentielles pour que l\u2019on soit bien entour\u00e9 et que la suite du voyage se passe bien.<\/p>\n\n\n\n<blockquote class=\"wp-block-quote is-layout-flow wp-block-quote-is-layout-flow\"><p><strong>Quel est votre regard sur le cursus de Berlin\u2009?<\/strong><\/p><\/blockquote>\n\n\n\n<p>Le cursus suit le m\u00eame sch\u00e9ma qu\u2019\u00e0 Lausanne avec un 1<sup>er<\/sup> semestre plut\u00f4t th\u00e9orique et un 2<sup>e<\/sup> semestre avec des stages. C\u2019\u00e9tait assez rassurant de ce point de vue, car la 4<sup>e<\/sup> ann\u00e9e \u00e0 Lausanne correspond \u00e0 une premi\u00e8re introduction \u00e0 la clinique, un premier bain dans le monde professionnel. Partir en mobilit\u00e9 \u00e0 ce moment-l\u00e0, c\u2019est prendre le risque de manquer de pratique \u00e0 son retour, mais ce n\u2019est pas le cas avec Berlin.<\/p>\n\n\n\n<p>Le seul b\u00e9mol que je signalerai pour Berlin, c\u2019est que l\u2019\u00c9cole fonctionne avec des semestres bien d\u00e9finis et qu\u2019il n\u2019est pas possible de choisir ses cours \u00e0 la carte, comme c\u2019est souvent le cas ailleurs. L\u2019orthop\u00e9die, l\u2019ophtalmologie, l\u2019ORL ou la dermatologie ont manqu\u00e9 \u00e0 mon programme en comparaison avec l\u2019UNIL. Il faut dire que de mani\u00e8re g\u00e9n\u00e9rale, un s\u00e9jour mobilit\u00e9 est souvent li\u00e9 \u00e0 un \u00ab&nbsp;d\u00e9ficit&nbsp;\u00bb de mati\u00e8re par rapport \u00e0 ce qui est enseign\u00e9 \u00e0 Lausanne. Mais c\u2019est rattrapable\u2009! Soit on a l\u2019opportunit\u00e9 de r\u00e9aliser un stage dans ces disciplines, soit on se motive pour r\u00e9viser de son c\u00f4t\u00e9.<\/p>\n\n\n\n<blockquote class=\"wp-block-quote is-layout-flow wp-block-quote-is-layout-flow\"><p><strong>Y a-t-il des diff\u00e9rences notables dans la formation par rapport \u00e0 Lausanne\u2009?<\/strong><\/p><\/blockquote>\n\n\n\n<p>\u00c0 Lausanne, on va bien plus en profondeur dans les modules d\u2019enseignement. J\u2019ai pu le voir avec la gyn\u00e9cologie que j\u2019ai suivi \u00e0 Berlin et \u00e0 Lausanne. Du coup, il faut approfondir les mati\u00e8res par des stages ou par les cours donn\u00e9s en 2<sup>e<\/sup> ann\u00e9e de Master. Je travaille aussi de mon c\u00f4t\u00e9 \u00e0 partir des guidelines de PROFILES.<\/p>\n\n\n\n<p>En ce qui concerne la clinique, les m\u00e9decins en Allemagne font des t\u00e2ches qui, en Suisse, sont faites par des infirmiers, comme les prises de sang, la pose de voies veineuses, etc. Quand on \u00e9tudie en Allemagne, c\u2019est nous, les stagiaires, qui r\u00e9alisons ces petits gestes tous les matins, tandis que les apr\u00e8s-midi sont r\u00e9serv\u00e9s \u00e0 suivre un m\u00e9decin ou assister \u00e0 une op\u00e9ration, etc. C\u2019est tr\u00e8s positif et cela nous permet d\u2019apprendre ces petits gestes essentiels dans la pratique.<\/p>\n\n\n\n<blockquote class=\"wp-block-quote is-layout-flow wp-block-quote-is-layout-flow\"><p><strong>Avez-vous rencontr\u00e9 des probl\u00e8mes administratifs\u2009?<\/strong><\/p><\/blockquote>\n\n\n\n<p>Un peu au premier semestre parce que le d\u00e9but de l\u2019ann\u00e9e \u00e0 Berlin est marqu\u00e9 par un petit challenge, celui d\u2019organiser nous-m\u00eames nos stages du 2<sup>e<\/sup> semestre. Pour respecter le nombre de cr\u00e9dits, il faut en r\u00e9aliser 6 ou 7. Il s\u2019agit d\u2019\u00eatre proactif&nbsp;pour \u00ab\u2009se vendre\u2009\u00bb et c\u2019est encore moins \u00e9vident en allemand, dans une ville qui compte une quarantaine d\u2019h\u00f4pitaux. Pour obtenir des r\u00e9ponses, certains de mes camarades sont m\u00eame all\u00e9s jusqu\u2019\u00e0 frapper aux portes de certains services. Au final, on se sent un peu ma\u00eetre de son destin et c\u2019est cool parce que tout le monde y arrive.<\/p>\n\n\n\n<p>Au second semestre, les \u00e9tudiants Erasmus (ou SEMP pour les Suisses) ont rencontr\u00e9 pas mal de probl\u00e8mes administratifs \u00e0 cause de la pand\u00e9mie.<\/p>\n\n\n\n<blockquote class=\"wp-block-quote is-layout-flow wp-block-quote-is-layout-flow\"><p><strong>\u00c0 ce propos, comment avez-vous v\u00e9cu l\u2019arriv\u00e9e de la pand\u00e9mie\u2009?<\/strong><\/p><\/blockquote>\n\n\n\n<p>La premi\u00e8re r\u00e9action a \u00e9t\u00e9 un gros stress \u00e0 l\u2019id\u00e9e d\u2019\u00eatre oblig\u00e9 de rentrer \u00e0 Lausanne\u2009! Heureusement, l\u2019UNIL nous a laiss\u00e9 le choix de rester ou pas, contrairement \u00e0 d\u2019autres universit\u00e9s. Globalement, j\u2019ai \u00e9t\u00e9 peu impact\u00e9 puisque mon 2<sup>e<\/sup> semestre consistait en stages. Bien entendu, il y a eu des annulations de derni\u00e8re minute qui m\u2019ont oblig\u00e9 \u00e0 me replier sur des stages dans d\u2019autres disciplines que celles de mon <em>learning agreement<\/em>. Ce n\u2019\u00e9tait heureusement pas irr\u00e9m\u00e9diable pour l\u2019\u00c9cole de m\u00e9decine, vu la situation exceptionnelle de la pand\u00e9mie.<\/p>\n\n\n\n<p>Et en ce qui concerne les cours, le COVID a g\u00e9n\u00e9r\u00e9 pas mal de soucis administratifs avec les secr\u00e9tariats. Pour ma part, cela n\u2019a concern\u00e9 heureusement qu\u2019un seul cours obligatoire que je devais rattraper en juin. Il a fallu une quarantaine d\u2019emails pour r\u00e9soudre la situation avec l\u2019\u00c9cole parce que l\u2019\u00e9tudiant SEMP que j\u2019\u00e9tais avait \u00e9t\u00e9 \u00ab\u2009oubli\u00e9\u2009\u00bb. Comme tous les Erasmus d\u2019ailleurs\u2009! Mais bon, c\u2019\u00e9tait la pand\u00e9mie.<\/p>\n\n\n\n<blockquote class=\"wp-block-quote is-layout-flow wp-block-quote-is-layout-flow\"><p><strong>Quels conseils donneriez-vous aux futur\u00b7e\u00b7s \u00e9tudiant\u00b7e\u00b7s en \u00e9change\u2009?<\/strong><\/p><\/blockquote>\n\n\n\n<p>Le truc essentiel, c\u2019est de faire les cours de langue au d\u00e9but du s\u00e9jour. C\u2019est l\u00e0 que l\u2019on se construit son r\u00e9seau social.<\/p>\n\n\n\n<p>Le 2<sup>e<\/sup> point, c\u2019est de ne pas c\u00e9der \u00e0 la facilit\u00e9 quant au logement. Cela peut prendre du temps, mais cela vaut la peine de chercher une colocation en ville avec des gens de l\u00e0-bas, pour pouvoir s\u2019immerger dans la culture.<\/p>\n\n\n\n<p>Dernier conseil\u2009: allez-y\u2009! C\u2019est tellement b\u00e9n\u00e9fique que cela vaut la peine de saisir cette opportunit\u00e9. Il y a forc\u00e9ment des moments de blues au d\u00e9but, on doit se stimuler et d\u00e9velopper des activit\u00e9s qu\u2019on a pas l\u2019habitude de faire quand on est entour\u00e9 de sa famille et de ses amis. Mais avec le recul, on n\u2019en ressort que du positif. Je suis devenu plus ouvert, plus amical, plus \u00e0 l\u2019aise, moins retenu. Je me suis d\u00e9couvert, c\u2019est vraiment une ann\u00e9e qui nous permet de nous d\u00e9passer. Cela m\u2019a fait penser au film des Ch\u2019tis \u00ab\u2009on braie deux fois\u2009: quand on arrive et quand on repart\u2009\u00bb. Au final, on en sort grandi.<\/p>\n\n\n\n<pre class=\"wp-block-preformatted\">Suite \u00e0 la votation de 2014 \u00ab&nbsp;contre l\u2019immigration de masse&nbsp;\u00bb, la Suisse ne fait plus partie du programme europ\u00e9en Erasmus+. Pour participer \u00e0 ces \u00e9changes internationaux, la Suisse a mis sur pied le programme SEMP (Swiss-European Mobility Programme) qui remplace en partie le programme Erasmus&nbsp;+.<\/pre>\n\n\n\n<p><em>Propos recueillis par Francine Billotte<\/em><\/p>\n","protected":false},"excerpt":{"rendered":"<p>Alexandre Waldmeyer est parti en s\u00e9jour de mobilit\u00e9 \u00e0 l\u2019Universit\u00e9 Humboldt de Berlin en 2019-2020. Il t\u00e9moigne avec enthousiasme de son exp\u00e9rience.&nbsp; D\u2019o\u00f9 vient cette id\u00e9e de partir&nbsp;en mobilit\u00e9 durant &hellip; <\/p>\n","protected":false},"author":248,"featured_media":0,"comment_status":"open","ping_status":"closed","sticky":false,"template":"","format":"standard","meta":{"_seopress_robots_primary_cat":"","_seopress_titles_title":"","_seopress_titles_desc":"","_seopress_robots_index":"","footnotes":""},"categories":[15,1],"tags":[17,16],"class_list":{"0":"post-730","1":"post","2":"type-post","3":"status-publish","4":"format-standard","6":"category-master","7":"category-uncategorized","8":"tag-mmed1","9":"tag-mobilite"},"_links":{"self":[{"href":"https:\/\/wp.unil.ch\/infoecoledemedecine\/wp-json\/wp\/v2\/posts\/730","targetHints":{"allow":["GET"]}}],"collection":[{"href":"https:\/\/wp.unil.ch\/infoecoledemedecine\/wp-json\/wp\/v2\/posts"}],"about":[{"href":"https:\/\/wp.unil.ch\/infoecoledemedecine\/wp-json\/wp\/v2\/types\/post"}],"author":[{"embeddable":true,"href":"https:\/\/wp.unil.ch\/infoecoledemedecine\/wp-json\/wp\/v2\/users\/248"}],"replies":[{"embeddable":true,"href":"https:\/\/wp.unil.ch\/infoecoledemedecine\/wp-json\/wp\/v2\/comments?post=730"}],"version-history":[{"count":0,"href":"https:\/\/wp.unil.ch\/infoecoledemedecine\/wp-json\/wp\/v2\/posts\/730\/revisions"}],"wp:attachment":[{"href":"https:\/\/wp.unil.ch\/infoecoledemedecine\/wp-json\/wp\/v2\/media?parent=730"}],"wp:term":[{"taxonomy":"category","embeddable":true,"href":"https:\/\/wp.unil.ch\/infoecoledemedecine\/wp-json\/wp\/v2\/categories?post=730"},{"taxonomy":"post_tag","embeddable":true,"href":"https:\/\/wp.unil.ch\/infoecoledemedecine\/wp-json\/wp\/v2\/tags?post=730"}],"curies":[{"name":"wp","href":"https:\/\/api.w.org\/{rel}","templated":true}]}}