{"id":727,"date":"2021-06-15T16:08:48","date_gmt":"2021-06-15T14:08:48","guid":{"rendered":"https:\/\/wp.unil.ch\/infoecoledemedecine\/?p=727"},"modified":"2021-06-21T21:06:13","modified_gmt":"2021-06-21T19:06:13","slug":"une-mobilite-qui-se-merite","status":"publish","type":"post","link":"https:\/\/wp.unil.ch\/infoecoledemedecine\/2021\/06\/une-mobilite-qui-se-merite\/","title":{"rendered":"Une mobilit\u00e9 qui se m\u00e9rite"},"content":{"rendered":"\n<p><strong>Si l\u2019ann\u00e9e de mobilit\u00e9 est une ann\u00e9e d\u2019enrichissement personnel, elle repr\u00e9sente un effort et une difficult\u00e9 suppl\u00e9mentaires. \u00ab\u2009Ce programme est tr\u00e8s populaire aupr\u00e8s de nos \u00e9tudiant\u00b7e\u00b7s et notre r\u00f4le est d\u2019\u00e9valuer que le rapport risque-b\u00e9n\u00e9fice pour l\u2019\u00e9tudiant\u00b7e penche du bon c\u00f4t\u00e9 pour ne pas risquer un \u00e9chec\u2009\u00bb, explique le Pr Mauro Oddo qui poursuit \u00ab\u2009C\u2019est rare, mais il faut parfois dire non. Ce n\u2019est pas parce que l\u2019\u00c9cole de m\u00e9decine offre cette possibilit\u00e9 que tout le monde peut partir\u2009!\u2009\u00bb<\/strong><\/p>\n\n\n\n<div class=\"wp-block-image\"><figure class=\"alignright size-large is-resized\"><img alt=\"\" loading=\"lazy\" decoding=\"async\" src=\"https:\/\/wp.unil.ch\/infoecoledemedecine\/files\/2021\/06\/dreamstime_xxl_199441425-1024x683.jpg\" alt=\"\" class=\"wp-image-725\" width=\"365\" height=\"243\" srcset=\"https:\/\/wp.unil.ch\/infoecoledemedecine\/files\/2021\/06\/dreamstime_xxl_199441425-1024x683.jpg 1024w, https:\/\/wp.unil.ch\/infoecoledemedecine\/files\/2021\/06\/dreamstime_xxl_199441425-300x200.jpg 300w, https:\/\/wp.unil.ch\/infoecoledemedecine\/files\/2021\/06\/dreamstime_xxl_199441425-768x513.jpg 768w, https:\/\/wp.unil.ch\/infoecoledemedecine\/files\/2021\/06\/dreamstime_xxl_199441425-1536x1025.jpg 1536w, https:\/\/wp.unil.ch\/infoecoledemedecine\/files\/2021\/06\/dreamstime_xxl_199441425-1320x881.jpg 1320w, https:\/\/wp.unil.ch\/infoecoledemedecine\/files\/2021\/06\/dreamstime_xxl_199441425.jpg 1798w\" sizes=\"auto, (max-width: 365px) 100vw, 365px\" \/><figcaption><em>Une philosophie empreinte d\u2019ouverture, mais n\u00e9anmoins s\u00e9lective\u2009: le Pr Oddo a mis sur pied une grille de classement des dossiers qui prend en compte non seulement les r\u00e9sultats acad\u00e9miques de la candidate ou du candidat, mais \u00e9galement son parcours personnel. <\/em><br>\u00a9 Nuthawut Somsuk | Dreamstime.com<\/figcaption><\/figure><\/div>\n\n\n\n<p>Pour candidater, les \u00e9tudiant\u00b7e\u00b7s motiv\u00e9\u00b7e\u00b7s \u00e0 partir doivent r\u00e9diger une lettre de motivation et monter un dossier complet, ce qui est d\u00e9j\u00e0 formateur en soi. Le Pr Oddo est particuli\u00e8rement sensible au parcours de la personne \u00ab\u2009Pour le parcours de m\u00e9decin, l\u2019esprit d\u2019ouverture est important \u00bb, explique-t-il. Le professeur a lui-m\u00eame r\u00e9alis\u00e9 ses \u00e9tudes loin du cocon familial de Lugano et a poursuivi sa d\u00e9couverte du monde, notamment comme \u00e9tudiant stagiaire en Afrique durant 8 mois au total. \u00ab\u2009Si les notes sont importantes et repr\u00e9sentent un bon indicateur de succ\u00e8s, nous consid\u00e9rons \u00e9galement le parcours individuel et les activit\u00e9s effectu\u00e9es en parall\u00e8le aux \u00e9tudes, telles que du sport ou de la musique \u00e0 haut niveau\u2009\u00bb, poursuit le Pr Oddo. Le processus de s\u00e9lection fait ainsi valoir un subtil m\u00e9lange entre les notes, les comp\u00e9tences linguistiques et une dimension plus personnelle. \u00ab\u2009Un processus et des enjeux qui sont bien compris par les \u00e9tudiant\u00b7e\u00b7s, puisque tous les dossiers pour la mobilit\u00e9 2021-2022 ont \u00e9t\u00e9 accept\u00e9s\u2009\u00bb, se r\u00e9jouit Lucia Palazzo, gestionnaire du programme de mobilit\u00e9 OUT \u00e0 l\u2019\u00c9cole de m\u00e9decine.<\/p>\n\n\n\n<p>Parmi ces dossiers, la moiti\u00e9 recevront leur premier choix. \u00ab\u2009En d\u2019autres termes, vous pouvez avoir un excellent dossier et ne pas recevoir votre premier choix, car la concurrence est tr\u00e8s forte sur certaines destinations. Les postulant\u00b7e\u00b7s doivent faire preuve d\u2019une bonne capacit\u00e9 d\u2019adaptation, d\u00e9j\u00e0 au moment de l\u2019attribution des places\u2009\u00bb commente le Pr Oddo. Il arrive qu\u2019un second tour soit organis\u00e9 pour celles et ceux auxquels il n\u2019a pas \u00e9t\u00e9 possible de proposer l\u2019un de leurs 5 premiers choix. \u00ab\u2009Les plus flexibles postulent \u00e0 nouveau sur les places vacantes encore disponibles et peuvent ainsi partir\u2009\u00bb, pr\u00e9cise Lucia Palazzo. Au final, l\u2019immense majorit\u00e9 des postulant\u00b7e\u00b7s voient leur r\u00eave de mobilit\u00e9 se concr\u00e9tiser.<\/p>\n","protected":false},"excerpt":{"rendered":"<p>Si l\u2019ann\u00e9e de mobilit\u00e9 est une ann\u00e9e d\u2019enrichissement personnel, elle repr\u00e9sente un effort et une difficult\u00e9 suppl\u00e9mentaires. \u00ab\u2009Ce programme est tr\u00e8s populaire aupr\u00e8s de nos \u00e9tudiant\u00b7e\u00b7s et notre r\u00f4le est &hellip; <\/p>\n","protected":false},"author":248,"featured_media":0,"comment_status":"open","ping_status":"closed","sticky":false,"template":"","format":"standard","meta":{"_seopress_robots_primary_cat":"","_seopress_titles_title":"","_seopress_titles_desc":"","_seopress_robots_index":"","footnotes":""},"categories":[15,1],"tags":[17,16],"class_list":{"0":"post-727","1":"post","2":"type-post","3":"status-publish","4":"format-standard","6":"category-master","7":"category-uncategorized","8":"tag-mmed1","9":"tag-mobilite"},"_links":{"self":[{"href":"https:\/\/wp.unil.ch\/infoecoledemedecine\/wp-json\/wp\/v2\/posts\/727","targetHints":{"allow":["GET"]}}],"collection":[{"href":"https:\/\/wp.unil.ch\/infoecoledemedecine\/wp-json\/wp\/v2\/posts"}],"about":[{"href":"https:\/\/wp.unil.ch\/infoecoledemedecine\/wp-json\/wp\/v2\/types\/post"}],"author":[{"embeddable":true,"href":"https:\/\/wp.unil.ch\/infoecoledemedecine\/wp-json\/wp\/v2\/users\/248"}],"replies":[{"embeddable":true,"href":"https:\/\/wp.unil.ch\/infoecoledemedecine\/wp-json\/wp\/v2\/comments?post=727"}],"version-history":[{"count":0,"href":"https:\/\/wp.unil.ch\/infoecoledemedecine\/wp-json\/wp\/v2\/posts\/727\/revisions"}],"wp:attachment":[{"href":"https:\/\/wp.unil.ch\/infoecoledemedecine\/wp-json\/wp\/v2\/media?parent=727"}],"wp:term":[{"taxonomy":"category","embeddable":true,"href":"https:\/\/wp.unil.ch\/infoecoledemedecine\/wp-json\/wp\/v2\/categories?post=727"},{"taxonomy":"post_tag","embeddable":true,"href":"https:\/\/wp.unil.ch\/infoecoledemedecine\/wp-json\/wp\/v2\/tags?post=727"}],"curies":[{"name":"wp","href":"https:\/\/api.w.org\/{rel}","templated":true}]}}