{"id":1396,"date":"2023-03-21T09:52:27","date_gmt":"2023-03-21T08:52:27","guid":{"rendered":"https:\/\/wp.unil.ch\/infoecoledemedecine\/?p=1396"},"modified":"2023-03-30T08:23:10","modified_gmt":"2023-03-30T06:23:10","slug":"evaluation-du-cursus-2022-constat-n2","status":"publish","type":"post","link":"https:\/\/wp.unil.ch\/infoecoledemedecine\/2023\/03\/evaluation-du-cursus-2022-constat-n2\/","title":{"rendered":"\u00c9valuation du cursus 2022 \u2013 constat n\u00b02"},"content":{"rendered":"\n<h4 class=\"has-text-color wp-block-heading\" style=\"color:#ca054d\">\u00c9valuation des enseignements par les \u00e9tudiant\u00b7e\u00b7s (EEE)<\/h4>\n\n\n\n<p><em>30% des r\u00e9pondant\u00b7e\u00b7s estiment que la proc\u00e9dure d\u2019\u00e9valuation des enseignements (modules et enseignant\u00b7e\u00b7s) par les \u00e9tudiant\u00b7e\u00b7s n\u2019est pas (ou plut\u00f4t pas) utile pour s\u2019exprimer sur la qualit\u00e9 de l\u2019enseignement et que le fait d\u2019\u00e9valuer les modules n\u2019est pas (ou plut\u00f4t pas) utile pour am\u00e9liorer la qualit\u00e9 de l\u2019enseignement.<\/em><\/p>\n\n\n\n<p><em>Ils\/elles ont l\u2019impression d\u2019\u00eatre <strong>entendu\u00b7e\u00b7s mais pas \u00e9cout\u00e9\u00b7e\u00b7s<\/strong>, dans le sens o\u00f9 ils\/elles ont le sentiment qu\u2019ils\/elles ont des occasions de donner leur avis, mais qu\u2019il n\u2019est pas ou peu pris en compte (30 commentaires).<\/em><\/p>\n\n\n\n<p><em>Concernant les <strong>EEE<\/strong>, des \u00e9tudiant\u00b7e\u00b7s \u00e9mettent des doutes sur leur impact et la prise en compte des remarques faites ; ils\/elles souhaiteraient avoir un retour sur les r\u00e9sultats et les \u00e9ventuelles adaptations apport\u00e9es \u00e0 la suite des EEE (22 commentaires).<\/em><\/p>\n\n\n\n<p><em>Par rapport aux <strong>questionnaires d\u2019\u00e9valuation des modules<\/strong>, des \u00e9tudiant\u00b7e\u00b7s souhaiteraient voir plus syst\u00e9matiquement des zones de commentaires et des questions sur chaque enseignant\u00b7e, consid\u00e9rant le questionnaire standard trop \u00ab global \u00bb. Cela leur semble d\u2019autant plus important qu\u2019ils\/elles ont parfois l\u2019impression qu\u2019il n\u2019y a que les \u00ab&nbsp;bon\u00b7ne\u00b7s \u00bb intervenant\u00b7e\u00b7s qui soumettent un questionnaire pour l\u2019\u00e9valuation de leur enseignement (24 commentaires).<\/em><\/p>\n\n\n\n<figure class=\"wp-block-image size-full\"><img alt=\"\" loading=\"lazy\" decoding=\"async\" width=\"793\" height=\"322\" src=\"https:\/\/wp.unil.ch\/infoecoledemedecine\/files\/2023\/03\/evaluation_enseignement_bandeau.png\" alt=\"\" class=\"wp-image-1397\" srcset=\"https:\/\/wp.unil.ch\/infoecoledemedecine\/files\/2023\/03\/evaluation_enseignement_bandeau.png 793w, https:\/\/wp.unil.ch\/infoecoledemedecine\/files\/2023\/03\/evaluation_enseignement_bandeau-300x122.png 300w, https:\/\/wp.unil.ch\/infoecoledemedecine\/files\/2023\/03\/evaluation_enseignement_bandeau-768x312.png 768w\" sizes=\"auto, (max-width: 793px) 100vw, 793px\" \/><figcaption class=\"wp-element-caption\">\u00a9 Andrii Yalanskyi | Dreamstime.com<\/figcaption><\/figure>\n\n\n\n<p class=\"has-cyan-bluish-gray-color has-text-color has-small-font-size\"><\/p>\n\n\n\n<p><strong>La r\u00e9ponse de l&rsquo;EM<\/strong><br>L&rsquo;impact des EEE peut en effet vous para\u00eetre peu visible. N\u00e9anmoins, la r\u00e9alit\u00e9 est toute autre: soyez convaincu\u00b7e\u00b7s que votre avis compte et qu&rsquo;il est pris tr\u00e8s au s\u00e9rieux par l&rsquo;EM. Il sert d&rsquo;<strong>outil de pilotage pour l&rsquo;am\u00e9lioration continue du cursus<\/strong>.<\/p>\n\n\n\n<p><em>Au niveau du cursus<\/em><br>Les r\u00e9sultats des \u00e9valuations de cursus dans son entier (men\u00e9es depuis 2021) sont discut\u00e9s au sein de l\u2019EM et permettent de d\u00e9terminer les points sur lesquels agir en priorit\u00e9. Une s\u00e9lection de ces points, et les actions d\u2019am\u00e9lioration y relatives, sont ensuite publi\u00e9s dans la pr\u00e9sente <a href=\"https:\/\/wp.unil.ch\/infoecoledemedecine?mailpoet_router&amp;endpoint=view_in_browser&amp;action=view&amp;data=WzE4MCwiNWM3YmU2OWRkMmYxIiwzMjYsImZmZDllMSIsMTM2LDBd\">newsletter Feedback<\/a>.<\/p>\n\n\n\n<p><em>Au niveau des modules<\/em><br>Les \u00e9valuations de module sont \u00e9galement syst\u00e9matiquement discut\u00e9es avec la Direction de l\u2019EM et des actions sont planifi\u00e9es chaque ann\u00e9e pour am\u00e9liorer les modules.<\/p>\n\n\n\n<hr class=\"wp-block-separator has-alpha-channel-opacity is-style-wide\" \/>\n\n\n\n<div class=\"wp-block-columns is-layout-flex wp-container-core-columns-is-layout-9d6595d7 wp-block-columns-is-layout-flex\">\n<div class=\"wp-block-column is-vertically-aligned-center is-layout-flow wp-block-column-is-layout-flow\" style=\"flex-basis:33.33%\"><div class=\"wp-block-image\">\n<figure class=\"aligncenter size-large is-resized\"><img alt=\"\" loading=\"lazy\" decoding=\"async\" src=\"https:\/\/wp.unil.ch\/infoecoledemedecine\/files\/2023\/03\/concretement-448x1024.jpg\" alt=\"\" class=\"wp-image-1439\" width=\"166\" height=\"377\" \/><\/figure>\n<\/div><\/div>\n\n\n\n<div class=\"wp-block-column is-layout-flow wp-block-column-is-layout-flow\" style=\"flex-basis:66.66%\">\n<p class=\"has-text-color\" style=\"color:#ca054d\"><strong>Exemples de changements \u00e0 la suite des \u00e9valuations de modules et de vos remarques <\/strong>:<\/p>\n\n\n\n<p class=\"has-text-color\" style=\"color:#ca054d\"><strong>1\/<\/strong> Les enseignements de physique dans le module B1.1 ont \u00e9t\u00e9 int\u00e9gralement revus et restructur\u00e9s \u00e0 la suite de plusieurs \u00e9valuations n\u00e9gatives.<\/p>\n\n\n\n<p class=\"has-text-color\" style=\"color:#ca054d\"><strong>2\/<\/strong> Idem en ce qui concerne l\u2019enseignement de chimie du module B1.1 : il a \u00e9t\u00e9 r\u00e9duit sur la base d\u2019une analyse des besoins&nbsp;et une enseignante&nbsp;sera remplac\u00e9e&nbsp;\u00e0 partir de la rentr\u00e9e d\u2019automne 2023.<\/p>\n\n\n\n<p class=\"has-text-color\" style=\"color:#ca054d\"><strong>3\/ <\/strong>Suite \u00e0 votre constat de redondances entre les enseignements de pathologie des modules B2.1 et B2.2, des cours ont \u00e9t\u00e9 d\u00e9plac\u00e9s du module B2.2 au module B2.1 et la coordination entre les intervenant\u00b7e\u00b7s a \u00e9t\u00e9 accrue afin d\u2019am\u00e9liorer la coh\u00e9rence de l\u2019enseignement de la discipline.<\/p>\n\n\n\n<p class=\"has-text-color\" style=\"color:#ca054d\"><strong>4\/<\/strong> Le s\u00e9minaire de d\u00e9lib\u00e9ration \u00e9thique dans le module M2.2 sera adapt\u00e9 d\u00e8s la rentr\u00e9e acad\u00e9mique 2023-2024 au profit de davantage d\u2019interaction et d&rsquo;un recentrage sur des th\u00e9matiques d\u2019\u00e9thique.<\/p>\n<\/div>\n<\/div>\n\n\n\n<hr class=\"wp-block-separator has-alpha-channel-opacity is-style-wide\" \/>\n\n\n\n<p>La version standard d&rsquo;un questionnaire d\u2019\u00e9valuation de module consiste en onze questions ferm\u00e9es. \u00c0 c\u00f4t\u00e9 de ces \u00e9valuations de base, l\u2019EM conduit <strong>chaque ann\u00e9e 4-5 \u00e9valuations d\u00e9taill\u00e9es de module<\/strong> qui vous permettent de donner une appr\u00e9ciation globale et un commentaire sur chaque enseignant\u00b7e du module. Il faut noter que depuis 2022 et dans certains cas particuliers, l&rsquo;EM offre la possibilit\u00e9 aux responsables de modules de rajouter des zones de commentaires dans l&rsquo;\u00e9valuation standard de leur module. <\/p>\n\n\n\n<p>Pourquoi l&rsquo;EM a-t-elle choisi cette fa\u00e7on de proc\u00e9der ? Notre objectif n&rsquo;est pas de r\u00e9colter un grand nombre de donn\u00e9es qui ne seront pas utilis\u00e9es, faute de moyens. L\u2019EM souhaite mettre en place un syst\u00e8me d\u2019\u00e9valuation utile, raison pour laquelle nous concentrons nos ressources sur un nombre restreint d\u2019\u00e9valuations d\u00e9taill\u00e9es. Nous pouvons ainsi assurer un suivi efficace dans le but d&rsquo;apporter des am\u00e9liorations au cursus. <\/p>\n\n\n\n<p><em>Au niveau des enseignements<\/em><br>Pour ce qui concerne les&nbsp;\u00e9valuations d&rsquo;enseignements&nbsp;qui vous sont soumises directement par les enseignant\u00b7e\u00b7s, elles se font sur leur initiative. L\u2019EM contacte n\u00e9anmoins syst\u00e9matiquement les enseignant\u00b7e\u00b7s mal \u00e9valu\u00e9\u00b7e\u00b7s afin de leur proposer une rencontre de conseil p\u00e9dagogique.&nbsp;Dans le cas de mauvaises \u00e9valuations r\u00e9p\u00e9t\u00e9es, des mesures peuvent \u00eatre prises par les responsables de module ou de discipline, voire par la direction de l\u2019EM.<\/p>\n\n\n\n<hr class=\"wp-block-separator has-alpha-channel-opacity is-style-wide\" \/>\n\n\n\n<p class=\"has-text-color\" style=\"color:#ca054d\"><strong>Pour mieux comprendre<\/strong><\/p>\n\n\n\n<div class=\"wp-block-columns is-layout-flex wp-container-core-columns-is-layout-9d6595d7 wp-block-columns-is-layout-flex\">\n<div class=\"wp-block-column is-layout-flow wp-block-column-is-layout-flow\" style=\"flex-basis:66.66%\">\n<p class=\"has-white-background-color has-text-color has-background\" style=\"color:#ca054d\">Il existe des EEE<br>\u2022 au niveau du <strong>cursus<\/strong><br>\u2022 au niveau des <strong>modules<\/strong><br>\u2022 au niveau des <strong>enseignements <\/strong><\/p>\n\n\n\n<p class=\"has-text-color\" style=\"color:#ca054d\">Ces \u00e9valuations sont r\u00e9alis\u00e9es et pilot\u00e9es par l&rsquo;<strong><a href=\"https:\/\/www.unil.ch\/upmed\/fr\/home.html\">Unit\u00e9 de p\u00e9dagogie m\u00e9dicale<\/a><\/strong> (UPMed) de l&rsquo;EM. <\/p>\n\n\n\n<p class=\"has-text-color\" style=\"color:#ca054d\">Toutes les infos dans la fiche sur les EEE (<a href=\"https:\/\/unil.ch\/files\/live\/sites\/upmed\/files\/shared\/220505_Fiche_ped_EEE.pdf\">\u00e0 t\u00e9l\u00e9charger<\/a>).<\/p>\n<\/div>\n\n\n\n<div class=\"wp-block-column is-layout-flow wp-block-column-is-layout-flow\" style=\"flex-basis:33.33%\"><div class=\"wp-block-image\">\n<figure class=\"aligncenter size-large is-resized\"><a href=\"https:\/\/unil.ch\/files\/live\/sites\/upmed\/files\/shared\/220505_Fiche_ped_EEE.pdf\"><img alt=\"\" loading=\"lazy\" decoding=\"async\" src=\"https:\/\/wp.unil.ch\/infoecoledemedecine\/files\/2023\/03\/fiche_EEE-724x1024.png\" alt=\"\" class=\"wp-image-1404\" width=\"145\" height=\"203\" \/><\/a><figcaption class=\"wp-element-caption\"><a href=\"https:\/\/unil.ch\/files\/live\/sites\/upmed\/files\/shared\/220505_Fiche_ped_EEE.pdf\">Fiche \u00e0 t\u00e9l\u00e9charger<\/a><\/figcaption><\/figure>\n<\/div><\/div>\n<\/div>\n\n\n\n<hr class=\"wp-block-separator has-alpha-channel-opacity is-style-wide\" \/>\n\n\n\n<div class=\"wp-block-columns is-layout-flex wp-container-core-columns-is-layout-9d6595d7 wp-block-columns-is-layout-flex\">\n<div class=\"wp-block-column is-layout-flow wp-block-column-is-layout-flow\" style=\"flex-basis:33.33%\">\n<figure class=\"wp-block-image size-large\"><img alt=\"\" loading=\"lazy\" decoding=\"async\" width=\"1024\" height=\"683\" src=\"https:\/\/wp.unil.ch\/infoecoledemedecine\/files\/2023\/03\/Illustration_sans_titre-1-1024x683.png\" alt=\"\" class=\"wp-image-1386\" srcset=\"https:\/\/wp.unil.ch\/infoecoledemedecine\/files\/2023\/03\/Illustration_sans_titre-1-1024x683.png 1024w, https:\/\/wp.unil.ch\/infoecoledemedecine\/files\/2023\/03\/Illustration_sans_titre-1-300x200.png 300w, https:\/\/wp.unil.ch\/infoecoledemedecine\/files\/2023\/03\/Illustration_sans_titre-1-768x512.png 768w, https:\/\/wp.unil.ch\/infoecoledemedecine\/files\/2023\/03\/Illustration_sans_titre-1-1536x1024.png 1536w, https:\/\/wp.unil.ch\/infoecoledemedecine\/files\/2023\/03\/Illustration_sans_titre-1-1320x880.png 1320w, https:\/\/wp.unil.ch\/infoecoledemedecine\/files\/2023\/03\/Illustration_sans_titre-1.png 1800w\" sizes=\"auto, (max-width: 1024px) 100vw, 1024px\" \/><\/figure>\n<\/div>\n\n\n\n<div class=\"wp-block-column is-layout-flow wp-block-column-is-layout-flow\" style=\"flex-basis:66.66%\">\n<p>L\u2019EM est consciente que le travail de suivi et d\u2019am\u00e9lioration des modules et des enseignements suite aux \u00e9valuations n\u2019est <strong>pas suffisamment visible <\/strong>pour les \u00e9tudiant\u00b7e\u00b7s&nbsp;; notamment parce que les adaptations sont mises en place pour les vol\u00e9es suivantes.<\/p>\n\n\n\n<p>Afin de centraliser les informations pertinentes, l\u2019EM a cr\u00e9\u00e9 une <strong><a href=\"https:\/\/www.unil.ch\/ecoledemedecine\/home\/menuguid\/etudiante\/evaluation-de-l-enseignement.html\">page web sur les EEE<\/a><\/strong> qui vous est destin\u00e9e. Vous y retrouverez la fiche p\u00e9dagogique, le fonctionnement des EEE, les r\u00e9sultats de l\u2019\u00e9valuation de cursus, ainsi que les newsletters Feedback.<\/p>\n<\/div>\n<\/div>\n\n\n\n<hr class=\"wp-block-separator has-alpha-channel-opacity is-style-wide\" \/>\n\n\n\n<div class=\"wp-block-columns is-layout-flex wp-container-core-columns-is-layout-9d6595d7 wp-block-columns-is-layout-flex\">\n<div class=\"wp-block-column is-layout-flow wp-block-column-is-layout-flow\" style=\"flex-basis:66.66%\">\n<p>L\u2019EM a travaill\u00e9 en \u00e9troite collaboration avec l\u2019AEML et les d\u00e9l\u00e9gu\u00e9\u00b7e\u00b7s de vol\u00e9e pour mettre en place un nouveau processus d\u2019\u00e9valuation impliquant les d\u00e9l\u00e9gu\u00e9\u00b7e\u00b7s de vol\u00e9e, les responsables de module, ainsi que l\u2019EM. D\u00e9sormais, <strong>les d\u00e9l\u00e9gu\u00e9\u00b7e\u00b7s de vol\u00e9e rencontreront syst\u00e9matiquement les responsables de module <\/strong>pour leur donner un retour et identifier ensemble des pistes d\u2019am\u00e9lioration concr\u00e8tes. Apr\u00e8s ces rencontres, les d\u00e9l\u00e9gu\u00e9\u00b7e\u00b7s contacteront l\u2019EM pour faire un bilan semestriel et discuter des suites \u00e0 donner.<\/p>\n<\/div>\n\n\n\n<div class=\"wp-block-column is-layout-flow wp-block-column-is-layout-flow\" style=\"flex-basis:33.33%\">\n<figure class=\"wp-block-image size-large\"><img alt=\"\" loading=\"lazy\" decoding=\"async\" width=\"1024\" height=\"683\" src=\"https:\/\/wp.unil.ch\/infoecoledemedecine\/files\/2023\/03\/fleche_retour-1024x683.png\" alt=\"\" class=\"wp-image-1400\" srcset=\"https:\/\/wp.unil.ch\/infoecoledemedecine\/files\/2023\/03\/fleche_retour-1024x683.png 1024w, https:\/\/wp.unil.ch\/infoecoledemedecine\/files\/2023\/03\/fleche_retour-300x200.png 300w, https:\/\/wp.unil.ch\/infoecoledemedecine\/files\/2023\/03\/fleche_retour-768x512.png 768w, https:\/\/wp.unil.ch\/infoecoledemedecine\/files\/2023\/03\/fleche_retour-1536x1024.png 1536w, https:\/\/wp.unil.ch\/infoecoledemedecine\/files\/2023\/03\/fleche_retour-1320x880.png 1320w, https:\/\/wp.unil.ch\/infoecoledemedecine\/files\/2023\/03\/fleche_retour.png 1800w\" sizes=\"auto, (max-width: 1024px) 100vw, 1024px\" \/><\/figure>\n<\/div>\n<\/div>\n\n\n\n<p class=\"has-text-color\" style=\"color:#ca054d\"><strong>Nous vous invitons donc \u00e0 faire remonter vos \u00e9ventuelles remarques et suggestions sur l\u2019enseignement aupr\u00e8s de vos d\u00e9l\u00e9gu\u00e9\u00b7e\u00b7s de vol\u00e9e.<\/strong><\/p>\n\n\n\n<hr class=\"wp-block-separator has-alpha-channel-opacity is-style-wide\" \/>\n\n\n\n<div class=\"wp-block-columns is-layout-flex wp-container-core-columns-is-layout-9d6595d7 wp-block-columns-is-layout-flex\">\n<div class=\"wp-block-column is-layout-flow wp-block-column-is-layout-flow\" style=\"flex-basis:33.33%\">\n<figure class=\"wp-block-image size-large\"><img alt=\"\" loading=\"lazy\" decoding=\"async\" width=\"1024\" height=\"683\" src=\"https:\/\/wp.unil.ch\/infoecoledemedecine\/files\/2023\/03\/Illustration_sans_titre-1-1024x683.png\" alt=\"\" class=\"wp-image-1386\" srcset=\"https:\/\/wp.unil.ch\/infoecoledemedecine\/files\/2023\/03\/Illustration_sans_titre-1-1024x683.png 1024w, https:\/\/wp.unil.ch\/infoecoledemedecine\/files\/2023\/03\/Illustration_sans_titre-1-300x200.png 300w, https:\/\/wp.unil.ch\/infoecoledemedecine\/files\/2023\/03\/Illustration_sans_titre-1-768x512.png 768w, https:\/\/wp.unil.ch\/infoecoledemedecine\/files\/2023\/03\/Illustration_sans_titre-1-1536x1024.png 1536w, https:\/\/wp.unil.ch\/infoecoledemedecine\/files\/2023\/03\/Illustration_sans_titre-1-1320x880.png 1320w, https:\/\/wp.unil.ch\/infoecoledemedecine\/files\/2023\/03\/Illustration_sans_titre-1.png 1800w\" sizes=\"auto, (max-width: 1024px) 100vw, 1024px\" \/><\/figure>\n<\/div>\n\n\n\n<div class=\"wp-block-column is-layout-flow wp-block-column-is-layout-flow\" style=\"flex-basis:66.66%\">\n<p>En parall\u00e8le, l\u2019EM a rencontr\u00e9 le responsable formation (RF) de l\u2019AEML dans le but de mettre en place des<strong> actions de visibilisation des EEE et de leur utilit\u00e9<\/strong>. \u00c0 la suite de cette rencontre, plusieurs mesures ont \u00e9t\u00e9 prises&nbsp;:<\/p>\n\n\n\n<ul class=\"wp-block-list\">\n<li>L\u2019envoi d\u2019un email \u00e0 tous les \u00e9tudiant\u00b7e\u00b7s \u00e0 la fin du semestre d\u2019automne 2022 par le RF de l&rsquo;AEML pour expliquer l\u2019utilit\u00e9 des \u00e9valuations de module. Il est pr\u00e9vu de r\u00e9it\u00e9rer cet envoi chaque ann\u00e9e.<\/li>\n\n\n\n<li>Les emails provenant de l&rsquo;EM ne semblant pas \u00eatre un canal optimal pour contacter les \u00e9tudiant\u00b7e\u00b7s, les d\u00e9l\u00e9gu\u00e9\u00b7e\u00b7s ont relay\u00e9 les liens des questionnaires d&rsquo;EEE sur le <em>groupe WhatsApp des vol\u00e9es<\/em>.<\/li>\n<\/ul>\n<\/div>\n<\/div>\n\n\n\n<p class=\"has-text-color\" style=\"color:#ca054d\"><strong>Ces actions ont d\u00e9j\u00e0 pu montrer leur efficacit\u00e9, avec une am\u00e9lioration des taux de r\u00e9ponse aux \u00e9valuations de module. Nous vous en remercions !<\/strong><\/p>\n\n\n\n<div class=\"wp-block-columns is-layout-flex wp-container-core-columns-is-layout-9d6595d7 wp-block-columns-is-layout-flex\">\n<div class=\"wp-block-column is-layout-flow wp-block-column-is-layout-flow\">\n<div class=\"wp-block-buttons is-content-justification-right is-layout-flex wp-container-core-buttons-is-layout-765c4724 wp-block-buttons-is-layout-flex\">\n<div class=\"wp-block-button has-custom-width wp-block-button__width-50 has-custom-font-size has-small-font-size\"><a class=\"wp-block-button__link has-background wp-element-button\" href=\"https:\/\/wp.unil.ch\/infoecoledemedecine?mailpoet_router&amp;endpoint=view_in_browser&amp;action=view&amp;data=WzE4MCwiNWM3YmU2OWRkMmYxIiwzMjYsImZmZDllMSIsMTM2LDBd\" style=\"border-radius:0px;background-color:#061a40\">Retour \u00e0 Feedback n\u00b02<\/a><\/div>\n<\/div>\n<\/div>\n\n\n\n<div class=\"wp-block-column is-layout-flow wp-block-column-is-layout-flow\">\n<div class=\"wp-block-buttons is-layout-flex wp-block-buttons-is-layout-flex\">\n<div class=\"wp-block-button has-custom-width wp-block-button__width-50 has-custom-font-size has-small-font-size\"><a class=\"wp-block-button__link has-background wp-element-button\" href=\"https:\/\/wp.unil.ch\/infoecoledemedecine\/2023\/03\/evaluation-du-cursus-2022-constat-n1\/\" style=\"border-radius:0px;background-color:#ca054d\">Lire le constat n\u00b01<\/a><\/div>\n<\/div>\n<\/div>\n<\/div>\n","protected":false},"excerpt":{"rendered":"<p>\u00c9valuation des enseignements par les \u00e9tudiant\u00b7e\u00b7s (EEE) 30% des r\u00e9pondant\u00b7e\u00b7s estiment que la proc\u00e9dure d\u2019\u00e9valuation des enseignements (modules et enseignant\u00b7e\u00b7s) par les \u00e9tudiant\u00b7e\u00b7s n\u2019est pas (ou plut\u00f4t pas) utile pour &hellip; <\/p>\n","protected":false},"author":248,"featured_media":0,"comment_status":"closed","ping_status":"closed","sticky":false,"template":"","format":"standard","meta":{"_seopress_robots_primary_cat":"","_seopress_titles_title":"","_seopress_titles_desc":"","_seopress_robots_index":"","footnotes":""},"categories":[12,1],"tags":[24],"class_list":{"0":"post-1396","1":"post","2":"type-post","3":"status-publish","4":"format-standard","6":"category-evaluation-de-lenseignement","7":"category-uncategorized","8":"tag-tous-les-constats-2022"},"_links":{"self":[{"href":"https:\/\/wp.unil.ch\/infoecoledemedecine\/wp-json\/wp\/v2\/posts\/1396","targetHints":{"allow":["GET"]}}],"collection":[{"href":"https:\/\/wp.unil.ch\/infoecoledemedecine\/wp-json\/wp\/v2\/posts"}],"about":[{"href":"https:\/\/wp.unil.ch\/infoecoledemedecine\/wp-json\/wp\/v2\/types\/post"}],"author":[{"embeddable":true,"href":"https:\/\/wp.unil.ch\/infoecoledemedecine\/wp-json\/wp\/v2\/users\/248"}],"replies":[{"embeddable":true,"href":"https:\/\/wp.unil.ch\/infoecoledemedecine\/wp-json\/wp\/v2\/comments?post=1396"}],"version-history":[{"count":1,"href":"https:\/\/wp.unil.ch\/infoecoledemedecine\/wp-json\/wp\/v2\/posts\/1396\/revisions"}],"predecessor-version":[{"id":1637,"href":"https:\/\/wp.unil.ch\/infoecoledemedecine\/wp-json\/wp\/v2\/posts\/1396\/revisions\/1637"}],"wp:attachment":[{"href":"https:\/\/wp.unil.ch\/infoecoledemedecine\/wp-json\/wp\/v2\/media?parent=1396"}],"wp:term":[{"taxonomy":"category","embeddable":true,"href":"https:\/\/wp.unil.ch\/infoecoledemedecine\/wp-json\/wp\/v2\/categories?post=1396"},{"taxonomy":"post_tag","embeddable":true,"href":"https:\/\/wp.unil.ch\/infoecoledemedecine\/wp-json\/wp\/v2\/tags?post=1396"}],"curies":[{"name":"wp","href":"https:\/\/api.w.org\/{rel}","templated":true}]}}