{"id":1390,"date":"2023-03-21T09:34:06","date_gmt":"2023-03-21T08:34:06","guid":{"rendered":"https:\/\/wp.unil.ch\/infoecoledemedecine\/?p=1390"},"modified":"2023-03-30T08:23:55","modified_gmt":"2023-03-30T06:23:55","slug":"evaluation-du-cursus-2022-constat-n1","status":"publish","type":"post","link":"https:\/\/wp.unil.ch\/infoecoledemedecine\/2023\/03\/evaluation-du-cursus-2022-constat-n1\/","title":{"rendered":"\u00c9valuation du cursus 2022 \u2013 constat n\u00b01"},"content":{"rendered":"\n<h4 class=\"has-text-color wp-block-heading\" style=\"color:#ca054d\">Le manque d&rsquo;informations sur la formation postgrade<\/h4>\n\n\n\n<p><em>Comme en 2021, <a> <\/a>plusieurs \u00e9tudiant\u00b7e\u00b7s rel\u00e8vent la difficult\u00e9 de trouver des informations pertinentes sur la formation <strong>postgrade<\/strong> (assistanat, formations FMH, doctorat, postulations, possibilit\u00e9s de partir \u00e0 l\u2019\u00e9tranger, etc.). Ce constat est corrobor\u00e9 par la question sur les outils disponibles pour s\u2019orienter dans leur futur parcours professionnel&nbsp;: 35% disent ne pas (ou peu) les poss\u00e9der.<\/em><\/p>\n\n\n\n<figure class=\"wp-block-image size-large\"><img alt=\"\" loading=\"lazy\" decoding=\"async\" width=\"1024\" height=\"289\" src=\"https:\/\/wp.unil.ch\/infoecoledemedecine\/files\/2023\/03\/postgrade_bandeau-1024x289.png\" alt=\"\" class=\"wp-image-1393\" srcset=\"https:\/\/wp.unil.ch\/infoecoledemedecine\/files\/2023\/03\/postgrade_bandeau-1024x289.png 1024w, https:\/\/wp.unil.ch\/infoecoledemedecine\/files\/2023\/03\/postgrade_bandeau-300x85.png 300w, https:\/\/wp.unil.ch\/infoecoledemedecine\/files\/2023\/03\/postgrade_bandeau-768x216.png 768w, https:\/\/wp.unil.ch\/infoecoledemedecine\/files\/2023\/03\/postgrade_bandeau-1536x433.png 1536w, https:\/\/wp.unil.ch\/infoecoledemedecine\/files\/2023\/03\/postgrade_bandeau-1320x372.png 1320w, https:\/\/wp.unil.ch\/infoecoledemedecine\/files\/2023\/03\/postgrade_bandeau.png 1920w\" sizes=\"auto, (max-width: 1024px) 100vw, 1024px\" \/><figcaption class=\"wp-element-caption\">\u00a9&nbsp;<a href=\"https:\/\/fr.dreamstime.com\/arne9001_info\">Arne9001<\/a>&nbsp;|&nbsp;<a href=\"https:\/\/fr.dreamstime.com\/stock-photos\">Dreamstime.com<\/a><\/figcaption><\/figure>\n\n\n\n<p><strong>La r\u00e9ponse de l\u2019EM<br><\/strong>Pour mieux comprendre les raisons de ce constat ainsi que les attentes et les besoins des \u00e9tudiant\u00b7e\u00b7s, un <em>focus group<\/em> avec les d\u00e9l\u00e9gu\u00e9\u00b7e\u00b7s des trois vol\u00e9es de Master a \u00e9t\u00e9 organis\u00e9 d\u00e9but d\u00e9cembre 2022. L\u2019EM a ensuite rencontr\u00e9 l\u2019\u00c9cole de formation postgradu\u00e9e FBM \u2013 UNIL \/ CHUV qui a pour mission  de structurer la formation postgrade des m\u00e9decins tout en veillant \u00e0 assurer une coh\u00e9rence avec la formation pr\u00e9gradu\u00e9e.  Il en est ressorti diff\u00e9rentes pistes d\u2019am\u00e9lioration, dont la r\u00e9forme du Forum Carri\u00e8res M\u00e9dicales<em> <\/em>(FCM) pour la rentr\u00e9e 2023-2024.<\/p>\n\n\n\n<p class=\"has-text-color\" style=\"color:#ca054d\"><strong>R\u00e9forme du Forum Carri\u00e8res M\u00e9dicales&nbsp;<\/strong>(FCM)<\/p>\n\n\n\n<p>Le FCM est actuellement compos\u00e9 d\u2019une <strong>s\u00e9ance pl\u00e9ni\u00e8re<\/strong> et d\u2019<strong>ateliers<\/strong> adress\u00e9s aux \u00e9tudiant\u00b7e\u00b7s en MMed1. Ce format est appel\u00e9 \u00e0 \u00e9voluer de la fa\u00e7on suivante:<\/p>\n\n\n\n<div class=\"wp-block-columns is-layout-flex wp-container-core-columns-is-layout-9d6595d7 wp-block-columns-is-layout-flex\">\n<div class=\"wp-block-column is-layout-flow wp-block-column-is-layout-flow\" style=\"flex-basis:33.33%\">\n<figure class=\"wp-block-image size-large\"><img alt=\"\" loading=\"lazy\" decoding=\"async\" width=\"1024\" height=\"448\" src=\"https:\/\/wp.unil.ch\/infoecoledemedecine\/files\/2023\/03\/FCM_pleniere_2-1024x448.jpg\" alt=\"\" class=\"wp-image-1436\" srcset=\"https:\/\/wp.unil.ch\/infoecoledemedecine\/files\/2023\/03\/FCM_pleniere_2-1024x448.jpg 1024w, https:\/\/wp.unil.ch\/infoecoledemedecine\/files\/2023\/03\/FCM_pleniere_2-300x131.jpg 300w, https:\/\/wp.unil.ch\/infoecoledemedecine\/files\/2023\/03\/FCM_pleniere_2-768x336.jpg 768w, https:\/\/wp.unil.ch\/infoecoledemedecine\/files\/2023\/03\/FCM_pleniere_2-1536x672.jpg 1536w, https:\/\/wp.unil.ch\/infoecoledemedecine\/files\/2023\/03\/FCM_pleniere_2-1320x578.jpg 1320w, https:\/\/wp.unil.ch\/infoecoledemedecine\/files\/2023\/03\/FCM_pleniere_2.jpg 1920w\" sizes=\"auto, (max-width: 1024px) 100vw, 1024px\" \/><\/figure>\n<\/div>\n\n\n\n<div class=\"wp-block-column is-layout-flow wp-block-column-is-layout-flow\" style=\"flex-basis:66.66%\">\n<p>\u27bd <strong>S\u00e9ance pl\u00e9ni\u00e8re&nbsp;<\/strong>\u2013 le programme de cet apr\u00e8s-midi en auditoire est revu en faveur d\u2019une s\u00e9ance d\u2019information g\u00e9n\u00e9rale sur les d\u00e9bouch\u00e9s apr\u00e8s le Master. Elle permettra de faire le tour de l&rsquo;<strong>offre de formation postgrade<\/strong> et son fonctionnement.  <\/p>\n<\/div>\n<\/div>\n\n\n\n<p>Le nouveau programme int\u00e9grera des informations tr\u00e8s pratiques telles que <strong>\u00abcomment postuler?\u00bb<\/strong>, une pr\u00e9sentation sur les <strong>doctorats<\/strong> <strong>MD et MD-PhD<\/strong>, ainsi qu&rsquo;une discussion sur la <strong>conciliation vie professionnelle-vie priv\u00e9e<\/strong>.<\/p>\n\n\n\n<p>La s\u00e9ance sera enregistr\u00e9e et mise \u00e0 disposition sur le site de l\u2019EM, afin que tou\u00b7te\u00b7s les \u00e9tudiant\u00b7e\u00b7s (en particulier celles et ceux en mobilit\u00e9 out) puissent y avoir acc\u00e8s.<\/p>\n\n\n\n<hr class=\"wp-block-separator has-alpha-channel-opacity\" \/>\n\n\n\n<div class=\"wp-block-columns is-layout-flex wp-container-core-columns-is-layout-9d6595d7 wp-block-columns-is-layout-flex\">\n<div class=\"wp-block-column is-layout-flow wp-block-column-is-layout-flow\" style=\"flex-basis:33.33%\">\n<figure class=\"wp-block-image size-large\"><img alt=\"\" loading=\"lazy\" decoding=\"async\" width=\"1024\" height=\"448\" src=\"https:\/\/wp.unil.ch\/infoecoledemedecine\/files\/2023\/03\/FCM_ateliers_2-1024x448.jpg\" alt=\"\" class=\"wp-image-1437\" srcset=\"https:\/\/wp.unil.ch\/infoecoledemedecine\/files\/2023\/03\/FCM_ateliers_2-1024x448.jpg 1024w, https:\/\/wp.unil.ch\/infoecoledemedecine\/files\/2023\/03\/FCM_ateliers_2-300x131.jpg 300w, https:\/\/wp.unil.ch\/infoecoledemedecine\/files\/2023\/03\/FCM_ateliers_2-768x336.jpg 768w, https:\/\/wp.unil.ch\/infoecoledemedecine\/files\/2023\/03\/FCM_ateliers_2-1536x672.jpg 1536w, https:\/\/wp.unil.ch\/infoecoledemedecine\/files\/2023\/03\/FCM_ateliers_2-1320x578.jpg 1320w, https:\/\/wp.unil.ch\/infoecoledemedecine\/files\/2023\/03\/FCM_ateliers_2.jpg 1920w\" sizes=\"auto, (max-width: 1024px) 100vw, 1024px\" \/><\/figure>\n<\/div>\n\n\n\n<div class=\"wp-block-column is-layout-flow wp-block-column-is-layout-flow\" style=\"flex-basis:66.66%\">\n<p>\u27bd <strong>Ateliers<\/strong>&nbsp;\u2013 toujours tr\u00e8s appr\u00e9ci\u00e9s, ces ateliers offrent l&rsquo;opportunit\u00e9 de discuter et de poser directement des questions aux repr\u00e9sentant\u00b7e\u00b7s des disciplines. Seul b\u00e9mol \u00e0 ce tableau, le format utilis\u00e9 jusqu&rsquo;ici ne permet d\u2019explorer qu&rsquo;un nombre limit\u00e9 de disciplines. <\/p>\n<\/div>\n<\/div>\n\n\n\n<p>L&rsquo;EM propose de transformer ces ateliers en r\u00e9el <strong>\u00ab&nbsp;Forum&nbsp;\u00bb<\/strong> : chaque discipline disposera d&rsquo;un <strong>stand anim\u00e9 par un\u00b7e intervenant\u00b7e<\/strong>, avec une pr\u00e9sentation sous la forme d&rsquo;un <strong>poster<\/strong> <strong>pr\u00e9cisant toutes les<\/strong> <strong>informations pertinentes pour le processus de postulation<\/strong>.  En parall\u00e8le, des pr\u00e9sentations en auditoire des disciplines \u00ab&nbsp;majeures&nbsp;\u00bb (p.e. m\u00e9decine interne, p\u00e9diatrie, chirurgie) seront organis\u00e9es;  davantage d&rsquo;\u00e9tudiant\u00b7e\u00b7s pourront ainsi acc\u00e9der aux informations sp\u00e9cifiques de ces disciplines. Ces ressources seront par la suite disponibles sur le site de l\u2019EM.<\/p>\n\n\n\n<hr class=\"wp-block-separator has-alpha-channel-opacity is-style-wide\" \/>\n\n\n\n<p><strong>Par ailleurs&nbsp;:<\/strong><\/p>\n\n\n\n<ul class=\"wp-block-list\">\n<li>L&rsquo;\u00c9cole de formation postgradu\u00e9e FBM-UNIL \/ CHUV va proposer activement aux \u00e9tudiant\u00b7e\u00b7s en Master de participer \u00e0 <a href=\"https:\/\/medifuture.ch\/fr\/home-fr\/\">Medifuture<\/a> qui a lieu chaque ann\u00e9e d\u00e9but novembre \u00e0 Berne.<\/li>\n\n\n\n<li>La page internet de l\u2019EM contenant les informations sur la formation postgrade a \u00e9t\u00e9 renomm\u00e9e \u00ab&nbsp;<a href=\"https:\/\/www.unil.ch\/ecoledemedecine\/que_faire_apres_le_master\">Apr\u00e8s le Master<\/a>&nbsp;\u00bb. Elle subira de profondes am\u00e9liorations dans les mois \u00e0 venir, dans le sillage de la r\u00e9forme du FCM.<\/li>\n\n\n\n<li><strong>Nous vous rappelons de ne pas h\u00e9siter \u00e0 contacter les responsables de discipline pour avoir des r\u00e9ponses \u00e0 vos questions sur la formation postgrade&nbsp;!<\/strong><a id=\"_msocom_1\"><\/a><\/li>\n<\/ul>\n\n\n\n<div class=\"wp-block-columns is-layout-flex wp-container-core-columns-is-layout-9d6595d7 wp-block-columns-is-layout-flex\">\n<div class=\"wp-block-column is-layout-flow wp-block-column-is-layout-flow\">\n<div class=\"wp-block-buttons is-content-justification-right is-layout-flex wp-container-core-buttons-is-layout-765c4724 wp-block-buttons-is-layout-flex\">\n<div class=\"wp-block-button has-custom-width wp-block-button__width-50 has-custom-font-size has-small-font-size\"><a class=\"wp-block-button__link has-background wp-element-button\" href=\"https:\/\/wp.unil.ch\/infoecoledemedecine?mailpoet_router&amp;endpoint=view_in_browser&amp;action=view&amp;data=WzE4MCwiNWM3YmU2OWRkMmYxIiwzMjYsImZmZDllMSIsMTM2LDBd\" style=\"border-radius:0px;background-color:#061a40\">Retour \u00e0 la newsletter<\/a><\/div>\n<\/div>\n<\/div>\n\n\n\n<div class=\"wp-block-column is-layout-flow wp-block-column-is-layout-flow\">\n<div class=\"wp-block-buttons is-layout-flex wp-container-core-buttons-is-layout-a74382ec wp-block-buttons-is-layout-flex\">\n<div class=\"wp-block-button has-custom-width wp-block-button__width-50 has-custom-font-size has-small-font-size\"><a class=\"wp-block-button__link has-background wp-element-button\" href=\"https:\/\/wp.unil.ch\/infoecoledemedecine\/2023\/03\/evaluation-du-cursus-2022-constat-n2\/\" style=\"border-radius:0px;background-color:#ca054d\">Lire le constat n\u00b02<\/a><\/div>\n<\/div>\n<\/div>\n<\/div>\n","protected":false},"excerpt":{"rendered":"<p>Le manque d&rsquo;informations sur la formation postgrade Comme en 2021, plusieurs \u00e9tudiant\u00b7e\u00b7s rel\u00e8vent la difficult\u00e9 de trouver des informations pertinentes sur la formation postgrade (assistanat, formations FMH, doctorat, postulations, possibilit\u00e9s &hellip; <\/p>\n","protected":false},"author":248,"featured_media":0,"comment_status":"closed","ping_status":"closed","sticky":false,"template":"","format":"standard","meta":{"_seopress_robots_primary_cat":"","_seopress_titles_title":"","_seopress_titles_desc":"","_seopress_robots_index":"","footnotes":""},"categories":[12,1],"tags":[24],"class_list":{"0":"post-1390","1":"post","2":"type-post","3":"status-publish","4":"format-standard","6":"category-evaluation-de-lenseignement","7":"category-uncategorized","8":"tag-tous-les-constats-2022"},"_links":{"self":[{"href":"https:\/\/wp.unil.ch\/infoecoledemedecine\/wp-json\/wp\/v2\/posts\/1390","targetHints":{"allow":["GET"]}}],"collection":[{"href":"https:\/\/wp.unil.ch\/infoecoledemedecine\/wp-json\/wp\/v2\/posts"}],"about":[{"href":"https:\/\/wp.unil.ch\/infoecoledemedecine\/wp-json\/wp\/v2\/types\/post"}],"author":[{"embeddable":true,"href":"https:\/\/wp.unil.ch\/infoecoledemedecine\/wp-json\/wp\/v2\/users\/248"}],"replies":[{"embeddable":true,"href":"https:\/\/wp.unil.ch\/infoecoledemedecine\/wp-json\/wp\/v2\/comments?post=1390"}],"version-history":[{"count":0,"href":"https:\/\/wp.unil.ch\/infoecoledemedecine\/wp-json\/wp\/v2\/posts\/1390\/revisions"}],"wp:attachment":[{"href":"https:\/\/wp.unil.ch\/infoecoledemedecine\/wp-json\/wp\/v2\/media?parent=1390"}],"wp:term":[{"taxonomy":"category","embeddable":true,"href":"https:\/\/wp.unil.ch\/infoecoledemedecine\/wp-json\/wp\/v2\/categories?post=1390"},{"taxonomy":"post_tag","embeddable":true,"href":"https:\/\/wp.unil.ch\/infoecoledemedecine\/wp-json\/wp\/v2\/tags?post=1390"}],"curies":[{"name":"wp","href":"https:\/\/api.w.org\/{rel}","templated":true}]}}