{"id":708,"date":"2025-01-28T07:26:36","date_gmt":"2025-01-28T06:26:36","guid":{"rendered":"https:\/\/wp.unil.ch\/iaunil2\/?p=708"},"modified":"2026-04-19T12:57:24","modified_gmt":"2026-04-19T10:57:24","slug":"modeliser-la-physique-atmospherique-prevoir-la-formation-de-cyclones-tropicaux-et-predire-le-climat-futur","status":"publish","type":"post","link":"https:\/\/wp.unil.ch\/iaunil\/modeliser-la-physique-atmospherique-prevoir-la-formation-de-cyclones-tropicaux-et-predire-le-climat-futur\/","title":{"rendered":"Climat et cyclones : l\u2019IA au service de la physique pour mieux pr\u00e9voir les extr\u00eames m\u00e9t\u00e9orologiques"},"content":{"rendered":"\n<p><em>Texte original publi\u00e9 sur : <a href=\"https:\/\/wp.unil.ch\/geoblog\/2024\/03\/modeliser-la-physique-atmospherique-prevoir-la-formation-de-cyclones-tropicaux-et-predire-le-climat-futur\/\">https:\/\/wp.unil.ch\/geoblog\/2024\/03\/modeliser-la-physique-atmospherique-prevoir-la-formation-de-cyclones-tropicaux-et-predire-le-climat-futur\/<\/a><\/em><\/p>\n\n\n\n<div class=\"wp-block-group has-global-padding is-layout-constrained wp-container-core-group-is-layout-8a759831 wp-block-group-is-layout-constrained\">\n<div class=\"wp-block-group has-background has-ubuntu-font-family has-global-padding is-layout-constrained wp-container-core-group-is-layout-86f7a7ce wp-block-group-is-layout-constrained\" style=\"background-color:#d5e4e7;margin-bottom:var(--wp--preset--spacing--30);padding-top:var(--wp--preset--spacing--30);padding-right:var(--wp--preset--spacing--30);padding-bottom:var(--wp--preset--spacing--30);padding-left:var(--wp--preset--spacing--30);font-style:italic;font-weight:500\">\n<p>Les mod\u00e8les climatiques doivent jongler avec une immense quantit\u00e9 de donn\u00e9es et des processus atmosph\u00e9riques complexes. Physicien du climat \u00e0 l\u2019UNIL, Tom Beucler int\u00e8gre des r\u00e9seaux de neurones \u00e0 ses simulations pour en r\u00e9duire le co\u00fbt de calcul, tout en augmentant leur finesse. Guid\u00e9s par les lois de la physique, ses mod\u00e8les hybrides, \u00e0 la crois\u00e9e de l\u2019IA et de la m\u00e9t\u00e9orologie, permettent une meilleure pr\u00e9vision des ph\u00e9nom\u00e8nes extr\u00eames comme les cyclones tropicaux. En combinant rigueur scientifique, puissance de calcul et r\u00e9flexions \u00e9thiques, cette approche ouvre une nouvelle \u00e8re pour la recherche climatique.<\/p>\n<\/div>\n\n\n\n<h3 class=\"wp-block-heading\">Am\u00e9liorer les mod\u00e8les gr\u00e2ce aux r\u00e9seaux de neurones tout en respectant les lois de la physique<\/h3>\n\n\n\n<p>L&rsquo;atmosph\u00e8re suit des lois physiques qui peuvent \u00eatre traduites en \u00e9quations. La complexit\u00e9 atmosph\u00e9rique provient de la multitude de variables et d&rsquo;\u00e9chelles impliqu\u00e9es, qui peuvent interagir entre elles. Lorsqu\u2019il d\u00e9sire mod\u00e9liser cette complexit\u00e9, Tom Beucler se retrouve vite face aux limites de la capacit\u00e9 de calcul des ordinateurs. Il int\u00e8gre les r\u00e9seaux de neurones pour r\u00e9duire le co\u00fbt de calcul, avec la possibilit\u00e9 de combiner des variables de natures multiples (mod\u00e8les haute-r\u00e9solution, radars m\u00e9t\u00e9orologiques, images satellites, etc). Ceci lui permet d\u2019am\u00e9liorer et simplifier la repr\u00e9sentation des processus complexes et rendre les mod\u00e8les atmosph\u00e9riques plus accessibles car moins co\u00fbteux.&nbsp;&nbsp;<\/p>\n\n\n\n<p>Tom Beucler pr\u00e9cise qu\u2019il arrive que les calculs bas\u00e9s uniquement sur des donn\u00e9es et des algorithmes conduisent \u00e0 des r\u00e9sultats incompatibles avec les lois physiques (par exemple, il a obtenu des r\u00e9sultats ne satisfaisant pas la loi de conservation de la masse et de l&rsquo;\u00e9nergie). Afin d\u2019\u00e9viter cela, il int\u00e8gre dans ses mod\u00e8les d\u2019IA la connaissance physique (apprentissage machine \u00ab&nbsp;guid\u00e9 par la physique&nbsp;\u00bb, o\u00f9 les mod\u00e8les IA op\u00e8rent sur les donn\u00e9es dans un cadre contraint par des connaissances physiques, \u00e9vitant ainsi les r\u00e9sultats incoh\u00e9rents).<\/p>\n\n\n\n<figure class=\"wp-block-image size-large\"><img loading=\"lazy\" decoding=\"async\" width=\"1024\" height=\"323\" src=\"https:\/\/wp.unil.ch\/iaunil\/files\/2025\/01\/beucler-schema-4-1024x323.png\" alt=\"beucler schema\" class=\"wp-image-2057\" srcset=\"https:\/\/wp.unil.ch\/iaunil\/files\/2025\/01\/beucler-schema-4-1024x323.png 1024w, https:\/\/wp.unil.ch\/iaunil\/files\/2025\/01\/beucler-schema-4-300x95.png 300w, https:\/\/wp.unil.ch\/iaunil\/files\/2025\/01\/beucler-schema-4-768x242.png 768w, https:\/\/wp.unil.ch\/iaunil\/files\/2025\/01\/beucler-schema-4.png 1060w\" sizes=\"auto, (max-width: 1024px) 100vw, 1024px\" \/><\/figure>\n\n\n\n<p>Gr\u00e2ce aux outils de la mod\u00e9lisation statistique, Tom Beucler et son \u00e9quipe ont d\u00e9j\u00e0 pu obtenir des am\u00e9liorations dans la mod\u00e9lisation de la formation et de l\u2019\u00e9volution des cyclones tropicaux : l\u00e0 o\u00f9 les mod\u00e8les classiques donnent de nombreux \u00ab faux positifs \u00bb (le mod\u00e8le pr\u00e9dit un cyclone l\u00e0 o\u00f9 il n&rsquo;y en a pas), les mod\u00e8les plus coh\u00e9rents avec les donn\u00e9es observationnelles permet de conserver les pr\u00e9dictions correctes, tout en r\u00e9duisant consid\u00e9rablement les \u00ab faux positifs \u00bb.<\/p>\n\n\n\n<figure class=\"wp-block-embed is-type-video is-provider-youtube wp-block-embed-youtube wp-embed-aspect-16-9 wp-has-aspect-ratio\"><div class=\"wp-block-embed__wrapper\">\n<iframe loading=\"lazy\" title=\"AI for tropical meteorology: Challenges and opportunities\" width=\"500\" height=\"281\" src=\"https:\/\/www.youtube.com\/embed\/NsSfi_84qyM?feature=oembed\" frameborder=\"0\" allow=\"accelerometer; autoplay; clipboard-write; encrypted-media; gyroscope; picture-in-picture; web-share\" referrerpolicy=\"strict-origin-when-cross-origin\" allowfullscreen><\/iframe>\n<\/div><\/figure>\n\n\n\n<h3 class=\"wp-block-heading\">Il est essentiel de respecter des r\u00e8gles \u00e9thiques et scientifiques dans l\u2019application de l\u2019IA<\/h3>\n\n\n\n<p>Selon Tom Beucler&nbsp;: \u00ab&nbsp;<em>L&rsquo;utilisation de l&rsquo;IA peut conduire \u00e0 un renversement du processus scientifique<\/em>&nbsp;\u00bb (voir encadr\u00e9). Cependant, il met en garde contre une utilisation potentiellement biais\u00e9e de l\u2019apprentissage machine lorsque celui-ci n&rsquo;est pas encadr\u00e9 <a href=\"https:\/\/wp.unil.ch\/blogdurecteur\/intelligence-artificielle-quels-enjeux-pour-luniversite\/\">par des lois scientifiques ou \u00e9thiques<\/a>. On peut relever des biais m\u00eame dans le contexte de l&rsquo;\u00e9tude de la m\u00e9t\u00e9orologie&nbsp;: les r\u00e9gions \u00ab&nbsp;riches&nbsp;\u00bb ont une densit\u00e9 de capteurs de donn\u00e9es beaucoup plus \u00e9lev\u00e9e que les r\u00e9gions moins favoris\u00e9es. Dans le cas de la pr\u00e9vision de formation des cyclones, ceci se traduit par des pr\u00e9dictions beaucoup plus fiables au large des c\u00f4tes am\u00e9ricaines que dans le nord de l&rsquo;oc\u00e9an Indien par exemple.<\/p>\n\n\n\n<div class=\"wp-block-group bordure has-background has-global-padding is-layout-constrained wp-container-core-group-is-layout-ea8482c2 wp-block-group-is-layout-constrained\" style=\"background-color:#d5e4e7;padding-top:var(--wp--preset--spacing--30);padding-right:0;padding-bottom:var(--wp--preset--spacing--30);padding-left:0\">\n<h4 class=\"wp-block-heading\">L\u2019IA&nbsp;: une (r)\u00e9volution&nbsp;dans la recherche ?<\/h4>\n\n\n\n<p>Tom Beucler parle d&rsquo;un passage d&rsquo;une approche scientifique ascendante (<em>bottom-up<\/em>) \u00e0 une approche scientifique descendante (<em>top-down<\/em>) : traditionnellement, la recherche se d\u00e9veloppe \u00e0 partir d&rsquo;une th\u00e9orie, dont les hypoth\u00e8ses sont test\u00e9es en collectant des donn\u00e9es sur le terrain. Le type de donn\u00e9es collect\u00e9es est d\u00e9termin\u00e9 par l&rsquo;objectif poursuivi (approche&nbsp;<em>bottom-up<\/em>&nbsp;des hypoth\u00e8ses aux donn\u00e9es). Avec l&rsquo;IA, toutes les donn\u00e9es pertinentes sont trait\u00e9es et utilis\u00e9es pour mettre en \u00e9vidence des mod\u00e8les ou des interactions entre diff\u00e9rents param\u00e8tres (approche&nbsp;<em>top-down<\/em>&nbsp;des donn\u00e9es aux hypoth\u00e8ses). Tom Beucler d\u00e9clare que&nbsp;: \u00ab&nbsp;<em>Cela laisse ouverte la possibilit\u00e9 de d\u00e9couvrir de nouvelles interactions ou \u00e9quations, \u00e0 condition que les donn\u00e9es utilis\u00e9es soient contr\u00f4l\u00e9es (pertinentes, non biais\u00e9es) et que les r\u00e9sultats puissent \u00eatre contraints dans un cadre th\u00e9orique coh\u00e9rent<\/em>&nbsp;\u00bb.<\/p>\n<\/div>\n\n\n\n<div class=\"wp-block-group has-global-padding is-content-justification-left is-layout-constrained wp-container-core-group-is-layout-e0d2116b wp-block-group-is-layout-constrained\" style=\"padding-top:var(--wp--preset--spacing--40)\">\n<hr class=\"wp-block-separator alignfull has-alpha-channel-opacity is-style-wide\" \/>\n\n\n\n<div class=\"wp-block-group alignwide has-background has-global-padding is-content-justification-center is-layout-constrained wp-container-core-group-is-layout-f57fe8c9 wp-block-group-is-layout-constrained\" style=\"background-color:#d5e4e7;padding-top:var(--wp--preset--spacing--30);padding-right:var(--wp--preset--spacing--30);padding-bottom:var(--wp--preset--spacing--30);padding-left:var(--wp--preset--spacing--30)\">\n<div class=\"wp-block-columns are-vertically-aligned-center is-layout-flex wp-container-core-columns-is-layout-28f84493 wp-block-columns-is-layout-flex\">\n<div class=\"wp-block-column is-vertically-aligned-center is-layout-flow wp-block-column-is-layout-flow\" style=\"flex-basis:75%\">\n<p><strong>Le professeur Tom Beucler est physicien du climat. Il int\u00e8gre l\u2019intelligence artificielle \u00e0 ses recherches pour am\u00e9liorer la mod\u00e9lisation atmosph\u00e9rique, les pr\u00e9visions m\u00e9t\u00e9o et climatiques, notamment face aux \u00e9v\u00e9nements extr\u00eames.<\/strong><\/p>\n\n\n\n<p><strong>Facult\u00e9 des g\u00e9osciences et de l\u2019environnement<\/strong><\/p>\n\n\n\n<div class=\"wp-block-buttons is-layout-flex wp-block-buttons-is-layout-flex\">\n<div class=\"wp-block-button\"><a class=\"wp-block-button__link wp-element-button\" href=\"https:\/\/applicationspub.unil.ch\/interpub\/noauth\/php\/Un\/UnPers.php?PerNum=1238890&amp;LanCode=37\">Profil<\/a><\/div>\n\n\n\n<div class=\"wp-block-button is-style-fill\"><a class=\"wp-block-button__link wp-element-button\" href=\"https:\/\/iris.unil.ch\/entities\/person\/tombeucler\">Publications<\/a><\/div>\n<\/div>\n<\/div>\n\n\n\n<div class=\"wp-block-column is-vertically-aligned-center is-layout-flow wp-block-column-is-layout-flow\" style=\"flex-basis:50%\">\n<figure class=\"wp-block-image aligncenter size-full is-resized has-custom-border\"><img loading=\"lazy\" decoding=\"async\" width=\"346\" height=\"346\" src=\"https:\/\/wp.unil.ch\/iaunil\/files\/2025\/01\/beucler-cropped.jpg\" alt=\"beucler cropped\" class=\"wp-image-2044\" style=\"border-radius:128px;object-fit:cover;width:250px;height:250px\" srcset=\"https:\/\/wp.unil.ch\/iaunil\/files\/2025\/01\/beucler-cropped.jpg 346w, https:\/\/wp.unil.ch\/iaunil\/files\/2025\/01\/beucler-cropped-300x300.jpg 300w, https:\/\/wp.unil.ch\/iaunil\/files\/2025\/01\/beucler-cropped-150x150.jpg 150w\" sizes=\"auto, (max-width: 346px) 100vw, 346px\" \/><\/figure>\n<\/div>\n<\/div>\n<\/div>\n<\/div>\n<\/div>\n","protected":false},"excerpt":{"rendered":"<p>Tom Beucler int\u00e8gre l\u2019IA \u00e0 la mod\u00e9lisation climatique pour mieux anticiper les cyclones, tout en respectant les lois de la physique afin d\u2019assurer rigueur et pr\u00e9cision.<\/p>\n","protected":false},"author":108,"featured_media":3245,"comment_status":"closed","ping_status":"closed","sticky":false,"template":"","format":"standard","meta":{"_seopress_robots_primary_cat":"","_seopress_titles_title":"","_seopress_titles_desc":"","_seopress_robots_index":"","footnotes":""},"categories":[7],"tags":[],"class_list":{"0":"post-708","1":"post","2":"type-post","3":"status-publish","4":"format-standard","5":"has-post-thumbnail","7":"category-recherche"},"_links":{"self":[{"href":"https:\/\/wp.unil.ch\/iaunil\/wp-json\/wp\/v2\/posts\/708","targetHints":{"allow":["GET"]}}],"collection":[{"href":"https:\/\/wp.unil.ch\/iaunil\/wp-json\/wp\/v2\/posts"}],"about":[{"href":"https:\/\/wp.unil.ch\/iaunil\/wp-json\/wp\/v2\/types\/post"}],"author":[{"embeddable":true,"href":"https:\/\/wp.unil.ch\/iaunil\/wp-json\/wp\/v2\/users\/108"}],"replies":[{"embeddable":true,"href":"https:\/\/wp.unil.ch\/iaunil\/wp-json\/wp\/v2\/comments?post=708"}],"version-history":[{"count":5,"href":"https:\/\/wp.unil.ch\/iaunil\/wp-json\/wp\/v2\/posts\/708\/revisions"}],"predecessor-version":[{"id":3907,"href":"https:\/\/wp.unil.ch\/iaunil\/wp-json\/wp\/v2\/posts\/708\/revisions\/3907"}],"wp:featuredmedia":[{"embeddable":true,"href":"https:\/\/wp.unil.ch\/iaunil\/wp-json\/wp\/v2\/media\/3245"}],"wp:attachment":[{"href":"https:\/\/wp.unil.ch\/iaunil\/wp-json\/wp\/v2\/media?parent=708"}],"wp:term":[{"taxonomy":"category","embeddable":true,"href":"https:\/\/wp.unil.ch\/iaunil\/wp-json\/wp\/v2\/categories?post=708"},{"taxonomy":"post_tag","embeddable":true,"href":"https:\/\/wp.unil.ch\/iaunil\/wp-json\/wp\/v2\/tags?post=708"}],"curies":[{"name":"wp","href":"https:\/\/api.w.org\/{rel}","templated":true}]}}