{"id":3395,"date":"2026-01-19T11:44:02","date_gmt":"2026-01-19T10:44:02","guid":{"rendered":"https:\/\/wp.unil.ch\/iaunil\/?p=3395"},"modified":"2026-01-19T11:44:05","modified_gmt":"2026-01-19T10:44:05","slug":"aux-commandes-de-la-strategie-ia-de-lunil-nicolas-salamin-veut-une-revolution-maitrisee","status":"publish","type":"post","link":"https:\/\/wp.unil.ch\/iaunil\/aux-commandes-de-la-strategie-ia-de-lunil-nicolas-salamin-veut-une-revolution-maitrisee\/","title":{"rendered":"Aux commandes de la strat\u00e9gie IA de l\u2019Unil, Nicolas Salamin veut une r\u00e9volution ma\u00eetris\u00e9e"},"content":{"rendered":"\n<p>Lien vers l&rsquo;article : <a href=\"https:\/\/wp.unil.ch\/uniscope\/a-lunil-une-intelligence-artificielle-a-visage-humain\/\">https:\/\/wp.unil.ch\/uniscope\/a-lunil-une-intelligence-artificielle-a-visage-humain\/<\/a><\/p>\n\n\n\n<p>Bioinformaticien de formation, Nicolas Salamin pilote la Cellule strat\u00e9gique IA de l\u2019Universit\u00e9 de Lausanne avec l\u2019ambition de transformer la r\u00e9volution de l\u2019intelligence artificielle en un projet collectif, \u00e9thique et humaniste. Issu de la recherche en bioinformatique et confront\u00e9 tr\u00e8s t\u00f4t aux enjeux des big data, il d\u00e9fend une IA pens\u00e9e comme un outil au service de la science, de l\u2019enseignement et de la soci\u00e9t\u00e9, plut\u00f4t qu\u2019une fin en soi. Mise en place fin 2024, la strat\u00e9gie IA de l\u2019Unil repose sur une structure ex\u00e9cutive originale charg\u00e9e de coordonner les actions, former l\u2019ensemble de la communaut\u00e9 universitaire, d\u00e9finir des lignes directrices claires et encadrer les usages, notamment dans l\u2019enseignement et la recherche. Articul\u00e9e autour des axes \u00ab IA et environnement \u00bb, \u00ab IA et soci\u00e9t\u00e9 \u00bb et \u00ab IA et individu \u00bb, cette strat\u00e9gie mise sur les forces propres de l\u2019Unil qualit\u00e9 des donn\u00e9es, interdisciplinarit\u00e9 et approche critique pour se distinguer des \u00e9coles polytechniques et affirmer le r\u00f4le de l\u2019Universit\u00e9 comme acteur central du d\u00e9bat sur une IA responsable et au service du bien commun.<\/p>\n","protected":false},"excerpt":{"rendered":"<p>Lien vers l&rsquo;article : https:\/\/wp.unil.ch\/uniscope\/a-lunil-une-intelligence-artificielle-a-visage-humain\/ Bioinformaticien de formation, Nicolas Salamin pilote la Cellule strat\u00e9gique IA de l\u2019Universit\u00e9 de Lausanne avec l\u2019ambition de transformer la r\u00e9volution de l\u2019intelligence artificielle en un projet collectif, \u00e9thique et humaniste. Issu de la recherche en bioinformatique et confront\u00e9 tr\u00e8s t\u00f4t aux enjeux des big data, il d\u00e9fend une IA pens\u00e9e [&hellip;]<\/p>\n","protected":false},"author":1002648,"featured_media":0,"comment_status":"closed","ping_status":"closed","sticky":false,"template":"","format":"standard","meta":{"_seopress_robots_primary_cat":"","_seopress_titles_title":"","_seopress_titles_desc":"","_seopress_robots_index":"","footnotes":""},"categories":[24],"tags":[],"class_list":{"0":"post-3395","1":"post","2":"type-post","3":"status-publish","4":"format-standard","6":"category-actualites"},"_links":{"self":[{"href":"https:\/\/wp.unil.ch\/iaunil\/wp-json\/wp\/v2\/posts\/3395","targetHints":{"allow":["GET"]}}],"collection":[{"href":"https:\/\/wp.unil.ch\/iaunil\/wp-json\/wp\/v2\/posts"}],"about":[{"href":"https:\/\/wp.unil.ch\/iaunil\/wp-json\/wp\/v2\/types\/post"}],"author":[{"embeddable":true,"href":"https:\/\/wp.unil.ch\/iaunil\/wp-json\/wp\/v2\/users\/1002648"}],"replies":[{"embeddable":true,"href":"https:\/\/wp.unil.ch\/iaunil\/wp-json\/wp\/v2\/comments?post=3395"}],"version-history":[{"count":1,"href":"https:\/\/wp.unil.ch\/iaunil\/wp-json\/wp\/v2\/posts\/3395\/revisions"}],"predecessor-version":[{"id":3396,"href":"https:\/\/wp.unil.ch\/iaunil\/wp-json\/wp\/v2\/posts\/3395\/revisions\/3396"}],"wp:attachment":[{"href":"https:\/\/wp.unil.ch\/iaunil\/wp-json\/wp\/v2\/media?parent=3395"}],"wp:term":[{"taxonomy":"category","embeddable":true,"href":"https:\/\/wp.unil.ch\/iaunil\/wp-json\/wp\/v2\/categories?post=3395"},{"taxonomy":"post_tag","embeddable":true,"href":"https:\/\/wp.unil.ch\/iaunil\/wp-json\/wp\/v2\/tags?post=3395"}],"curies":[{"name":"wp","href":"https:\/\/api.w.org\/{rel}","templated":true}]}}