{"id":2888,"date":"2025-10-13T12:35:06","date_gmt":"2025-10-13T10:35:06","guid":{"rendered":"https:\/\/wp.unil.ch\/iaunil\/?p=2888"},"modified":"2025-10-14T13:20:57","modified_gmt":"2025-10-14T11:20:57","slug":"optimiser-les-diagnostics-medicaux-grace-a-lia-le-combat-de-noemie-boillat-blanco-contre-la-surprescription-dantibiotiques","status":"publish","type":"post","link":"https:\/\/wp.unil.ch\/iaunil\/optimiser-les-diagnostics-medicaux-grace-a-lia-le-combat-de-noemie-boillat-blanco-contre-la-surprescription-dantibiotiques\/","title":{"rendered":"Optimiser les diagnostics m\u00e9dicaux gr\u00e2ce \u00e0 l\u2019IA : le combat de No\u00e9mie Boillat Blanco contre la surprescription d\u2019antibiotiques"},"content":{"rendered":"\n<p><a href=\"https:\/\/www.unil.ch\/news\/fr\/1759135392054\" target=\"_blank\" rel=\"noreferrer noopener\">https:\/\/www.unil.ch\/news\/fr\/1759135392054<\/a><\/p>\n\n\n\n<p>Sp\u00e9cialiste des maladies infectieuses, <strong>No\u00e9mie Boillat Blanco<\/strong>, professeure associ\u00e9e \u00e0 la Facult\u00e9 de biologie et de m\u00e9decine de l\u2019UNIL, d\u00e9veloppe des outils d\u2019aide \u00e0 la d\u00e9cision bas\u00e9s sur l\u2019<strong>intelligence artificielle<\/strong> pour am\u00e9liorer les diagnostics et r\u00e9duire la prescription excessive d\u2019antibiotiques. Ses travaux, men\u00e9s entre le CHUV, l\u2019EPFL et des partenaires internationaux, incluent un <strong>dispositif d\u2019ultrason portable combin\u00e9 \u00e0 l\u2019IA<\/strong> pour d\u00e9tecter les infections respiratoires comme la tuberculose.<br>Elle d\u00e9fend une approche pragmatique et interdisciplinaire, visant \u00e0 rendre l\u2019IA accessible dans les contextes \u00e0 ressources limit\u00e9es, tout en respectant les enjeux \u00e9nerg\u00e9tiques. Boillat Blanco plaide \u00e9galement pour des essais cliniques adaptatifs et une meilleure utilisation des ressources en sant\u00e9, rappelant que l\u2019IA doit rester un <strong>outil au service des soignant\u00b7es<\/strong>, et non un substitut.<\/p>\n\n\n\n<p><\/p>\n","protected":false},"excerpt":{"rendered":"<p>https:\/\/www.unil.ch\/news\/fr\/1759135392054 Sp\u00e9cialiste des maladies infectieuses, No\u00e9mie Boillat Blanco, professeure associ\u00e9e \u00e0 la Facult\u00e9 de biologie et de m\u00e9decine de l\u2019UNIL, d\u00e9veloppe des outils d\u2019aide \u00e0 la d\u00e9cision bas\u00e9s sur l\u2019intelligence artificielle pour am\u00e9liorer les diagnostics et r\u00e9duire la prescription excessive d\u2019antibiotiques. Ses travaux, men\u00e9s entre le CHUV, l\u2019EPFL et des partenaires internationaux, incluent un dispositif [&hellip;]<\/p>\n","protected":false},"author":1002618,"featured_media":0,"comment_status":"closed","ping_status":"closed","sticky":false,"template":"","format":"standard","meta":{"_seopress_robots_primary_cat":"","_seopress_titles_title":"","_seopress_titles_desc":"","_seopress_robots_index":"","footnotes":""},"categories":[24],"tags":[],"class_list":{"0":"post-2888","1":"post","2":"type-post","3":"status-publish","4":"format-standard","6":"category-actualites"},"_links":{"self":[{"href":"https:\/\/wp.unil.ch\/iaunil\/wp-json\/wp\/v2\/posts\/2888","targetHints":{"allow":["GET"]}}],"collection":[{"href":"https:\/\/wp.unil.ch\/iaunil\/wp-json\/wp\/v2\/posts"}],"about":[{"href":"https:\/\/wp.unil.ch\/iaunil\/wp-json\/wp\/v2\/types\/post"}],"author":[{"embeddable":true,"href":"https:\/\/wp.unil.ch\/iaunil\/wp-json\/wp\/v2\/users\/1002618"}],"replies":[{"embeddable":true,"href":"https:\/\/wp.unil.ch\/iaunil\/wp-json\/wp\/v2\/comments?post=2888"}],"version-history":[{"count":3,"href":"https:\/\/wp.unil.ch\/iaunil\/wp-json\/wp\/v2\/posts\/2888\/revisions"}],"predecessor-version":[{"id":2914,"href":"https:\/\/wp.unil.ch\/iaunil\/wp-json\/wp\/v2\/posts\/2888\/revisions\/2914"}],"wp:attachment":[{"href":"https:\/\/wp.unil.ch\/iaunil\/wp-json\/wp\/v2\/media?parent=2888"}],"wp:term":[{"taxonomy":"category","embeddable":true,"href":"https:\/\/wp.unil.ch\/iaunil\/wp-json\/wp\/v2\/categories?post=2888"},{"taxonomy":"post_tag","embeddable":true,"href":"https:\/\/wp.unil.ch\/iaunil\/wp-json\/wp\/v2\/tags?post=2888"}],"curies":[{"name":"wp","href":"https:\/\/api.w.org\/{rel}","templated":true}]}}