{"id":9514,"date":"2026-08-20T09:22:52","date_gmt":"2026-08-20T07:22:52","guid":{"rendered":"https:\/\/wp.unil.ch\/hecoutreach\/?p=9514"},"modified":"2026-08-20T10:51:40","modified_gmt":"2026-08-20T08:51:40","slug":"serie-humanitaire-lintegration-professionnelle-des-personnes-refugiees","status":"publish","type":"post","link":"https:\/\/wp.unil.ch\/hecoutreach\/fr\/serie-humanitaire-lintegration-professionnelle-des-personnes-refugiees\/","title":{"rendered":"S\u00e9rie humanitaire : l\u2019int\u00e9gration professionnelle des personnes r\u00e9fugi\u00e9es"},"content":{"rendered":"\n<h2 class=\"wp-block-heading\"><strong>Research That Acts \u2013 De la recherche \u00e0 l\u2019impact humanitaire<\/strong><\/h2>\n\n\n\n<p class=\"wp-block-paragraph\"><strong>Dans les crises humanitaires, la recherche ne se contente pas d\u2019observer et d\u2019analyser : elle agit.<\/strong><\/p>\n\n\n\n<p class=\"wp-block-paragraph\"><em>Bienvenue dans cette nouvelle s\u00e9rie de podcasts en quatre \u00e9pisodes, qui explore la mani\u00e8re dont les chercheuses et chercheurs de HEC Lausanne mobilisent leur expertise pour r\u00e9pondre \u00e0 certains des enjeux humanitaires les plus importants de notre \u00e9poque. En \u00e9troite collaboration avec des partenaires de terrain, ils d\u00e9veloppent des outils et des solutions concr\u00e8tes pour favoriser l&rsquo;insertion professionnelle des personnes r\u00e9fugi\u00e9es, am\u00e9liorer les r\u00e9ponses d\u2019urgence, renforcer la logistique humanitaire et \u00e9clairer la prise de d\u00e9cision en situation de crise. Research That Acts met en lumi\u00e8re une recherche engag\u00e9e, qui transforme les connaissances scientifiques en actions concr\u00e8tes et contribue \u00e0 am\u00e9liorer la vie des personnes touch\u00e9es par les crises.<\/em><\/p>\n\n\n\n<h2 class=\"wp-block-heading\"><strong>\u00c9pisode 1 : Qu\u2019est-ce qui aide les personnes r\u00e9fugi\u00e9es \u00e0 trouver un emploi et \u00e0 construire leur avenir dans un nouveau pays ?<\/strong><\/h2>\n\n\n\n<p class=\"wp-block-paragraph\">Alors que l\u2019Europe fait face \u00e0 des niveaux de d\u00e9placement de population sans pr\u00e9c\u00e9dent, les gouvernements, les employeurs et les communaut\u00e9s cherchent des solutions efficaces pour favoriser une int\u00e9gration durable.<\/p>\n\n\n\n<p class=\"wp-block-paragraph\">En Suisse, o\u00f9 l\u2019acc\u00e8s \u00e0 l\u2019emploi peut \u00eatre influenc\u00e9 par la langue, les qualifications, les d\u00e9marches administratives ou encore la situation g\u00e9ographique, le d\u00e9fi est particuli\u00e8rement complexe. Pourtant, la recherche montre que certaines approches sont nettement plus efficaces que d\u2019autres.<\/p>\n\n\n\n<p class=\"wp-block-paragraph\">Alors, qu\u2019est-ce qui fonctionne r\u00e9ellement ?<\/p>\n\n\n\n<p class=\"wp-block-paragraph\">Dans ce premier \u00e9pisode de <strong>Research That Acts<\/strong>, retrouvez <strong>Mirjam Baechli, chercheuse senior, et Rafael Lalive, professeur \u00e0 HEC Lausanne (UNIL)<\/strong>, pour d\u00e9couvrir comment la recherche contribue \u00e0 repenser l&rsquo;insertion professionnelle des personnes r\u00e9fugi\u00e9es et \u00e0 d\u00e9velopper de nouvelles approches pour leur permettre de reconstruire leur vie.<\/p>\n\n\n\n<p class=\"wp-block-paragraph\">(Episode en anglais)<\/p>\n\n\n\n<figure class=\"wp-block-embed is-type-rich is-provider-spotify wp-block-embed-spotify wp-embed-aspect-21-9 wp-has-aspect-ratio\"><div class=\"wp-block-embed__wrapper\">\n<iframe title=\"Spotify Embed: What helps refugees find work and build a future in a new country?\" style=\"border-radius: 12px\" width=\"100%\" height=\"152\" frameborder=\"0\" allowfullscreen allow=\"autoplay; clipboard-write; encrypted-media; fullscreen; picture-in-picture\" loading=\"lazy\" src=\"https:\/\/open.spotify.com\/embed\/episode\/3PbY4sucBFqVOyaCFME3H8?si=3mUQdwCqRm-_gHxH4AaLoA&amp;utm_source=oembed\"><\/iframe>\n<\/div><\/figure>\n","protected":false},"excerpt":{"rendered":"<p>Research That Acts \u2013 De la recherche \u00e0 l\u2019impact humanitaire Dans les crises humanitaires, la recherche ne se contente pas d\u2019observer et d\u2019analyser : elle agit. Bienvenue dans&hellip;<\/p>\n","protected":false},"author":1001984,"featured_media":9519,"comment_status":"closed","ping_status":"closed","sticky":false,"template":"","format":"standard","meta":{"_seopress_titles_title":"","_seopress_titles_desc":"","_seopress_robots_index":"","_seopress_robots_follow":"","_seopress_robots_imageindex":"","_seopress_robots_snippet":"","_seopress_robots_primary_cat":"","_seopress_robots_breadcrumbs":"","_seopress_robots_freeze_modified_date":"","_seopress_robots_custom_modified_date":"","_seopress_robots_canonical":"","_seopress_social_fb_title":"","_seopress_social_fb_desc":"","_seopress_social_fb_img":"","_seopress_social_fb_img_attachment_id":0,"_seopress_social_fb_img_width":0,"_seopress_social_fb_img_height":0,"_seopress_social_twitter_title":"","_seopress_social_twitter_desc":"","_seopress_social_twitter_img":"","_seopress_social_twitter_img_attachment_id":0,"_seopress_social_twitter_img_width":0,"_seopress_social_twitter_img_height":0,"_seopress_redirections_value":"","_seopress_redirections_enabled":"","_seopress_redirections_enabled_regex":"","_seopress_redirections_logged_status":"","_seopress_redirections_param":"","_seopress_redirections_type":0,"_seopress_analysis_target_kw":"","_seopress_news_disabled":"","_seopress_video_disabled":"","_seopress_video":[],"_seopress_pro_schemas_manual":[],"_seopress_pro_rich_snippets_disable_all":"","_seopress_pro_rich_snippets_disable":[],"_seopress_pro_schemas":[],"footnotes":""},"categories":[],"tags":[],"class_list":["post-9514","post","type-post","status-publish","format-standard","has-post-thumbnail"],"_links":{"self":[{"href":"https:\/\/wp.unil.ch\/hecoutreach\/fr\/wp-json\/wp\/v2\/posts\/9514","targetHints":{"allow":["GET"]}}],"collection":[{"href":"https:\/\/wp.unil.ch\/hecoutreach\/fr\/wp-json\/wp\/v2\/posts"}],"about":[{"href":"https:\/\/wp.unil.ch\/hecoutreach\/fr\/wp-json\/wp\/v2\/types\/post"}],"author":[{"embeddable":true,"href":"https:\/\/wp.unil.ch\/hecoutreach\/fr\/wp-json\/wp\/v2\/users\/1001984"}],"replies":[{"embeddable":true,"href":"https:\/\/wp.unil.ch\/hecoutreach\/fr\/wp-json\/wp\/v2\/comments?post=9514"}],"version-history":[{"count":4,"href":"https:\/\/wp.unil.ch\/hecoutreach\/fr\/wp-json\/wp\/v2\/posts\/9514\/revisions"}],"predecessor-version":[{"id":9530,"href":"https:\/\/wp.unil.ch\/hecoutreach\/fr\/wp-json\/wp\/v2\/posts\/9514\/revisions\/9530"}],"wp:featuredmedia":[{"embeddable":true,"href":"https:\/\/wp.unil.ch\/hecoutreach\/fr\/wp-json\/wp\/v2\/media\/9519"}],"wp:attachment":[{"href":"https:\/\/wp.unil.ch\/hecoutreach\/fr\/wp-json\/wp\/v2\/media?parent=9514"}],"wp:term":[{"taxonomy":"category","embeddable":true,"href":"https:\/\/wp.unil.ch\/hecoutreach\/fr\/wp-json\/wp\/v2\/categories?post=9514"},{"taxonomy":"post_tag","embeddable":true,"href":"https:\/\/wp.unil.ch\/hecoutreach\/fr\/wp-json\/wp\/v2\/tags?post=9514"}],"curies":[{"name":"wp","href":"https:\/\/api.w.org\/{rel}","templated":true}]}}