{"id":3292,"date":"2024-12-02T14:48:22","date_gmt":"2024-12-02T13:48:22","guid":{"rendered":"https:\/\/wp.unil.ch\/grebd\/?p=3292"},"modified":"2024-12-02T14:48:23","modified_gmt":"2024-12-02T13:48:23","slug":"appel-a-contribution-a-la-table-de-la-bande-dessinee-recits-graphiques-des-cultures-alimentaires-dhier-et-daujourdhui","status":"publish","type":"post","link":"https:\/\/wp.unil.ch\/grebd\/2024\/12\/appel-a-contribution-a-la-table-de-la-bande-dessinee-recits-graphiques-des-cultures-alimentaires-dhier-et-daujourdhui\/","title":{"rendered":"Appel \u00e0 contribution : \u00ab\u00a0\u00c0 la table de la bande dessin\u00e9e, R\u00e9cits graphiques des cultures alimentaires d\u2019hier et d\u2019aujourd\u2019hui\u00a0\u00bb"},"content":{"rendered":"\n<div class=\"wp-block-columns is-layout-flex wp-container-core-columns-is-layout-9d6595d7 wp-block-columns-is-layout-flex\">\n<div class=\"wp-block-column is-layout-flow wp-block-column-is-layout-flow\">\n<p><strong>Un colloque gourmand !<\/strong><\/p>\n\n\n\n<p>Nous partageons ici un appel \u00e0 contribution pour le <strong>15<sup>e<\/sup> Colloque de l\u2019Institut Europ\u00e9en d\u2019Histoire et des Cultures de l\u2019Alimentation<\/strong>, qui aura lieu du 3 au 5 d\u00e9cembre 2025, \u00e0 Tours. <\/p>\n\n\n\n<p>Le colloque \u00ab\u00a0<strong>\u00c0 la table de la bande dessin\u00e9e, R\u00e9cits graphiques des cultures alimentaires d\u2019hier et d\u2019aujourd\u2019hui<\/strong>\u00ab\u00a0, se veut \u00eatre l\u2019occasion d\u2019\u00e9changes entre ces deux champs d\u2019\u00e9tudes, toutes disciplines confondues, que constituent les <em>food studies <\/em>et les <em>comics studies<\/em>. <\/p>\n\n\n\n<p>Ce colloque se veut \u00eatre une invitation \u00e0 mieux appr\u00e9cier l\u2019importance et les conditions de mobilisation du 9<sub><sup>e<\/sup> <\/sub>art dans les travaux consacr\u00e9s aux <em>food studies <\/em>mais aussi \u00e0 confronter les travaux que les <em>comics studies <\/em>consacrent \u00e0 ces th\u00e8mes aux interrogations et pr\u00e9occupations propres aux recherches sur les cultures alimentaires. Poursuivant la tradition de large ouverture disciplinaire et d\u2019int\u00e9r\u00eat pour l\u2019ensemble des aires culturelles et p\u00e9riodes historiques que porte l\u2019IEHCA les communications pourront porter sur des terrains et des approches les plus divers que peuvent susciter les grands axes de r\u00e9flexions suivants. La notion de \u00ab bande dessin\u00e9e \u00bb sera par ailleurs envisag\u00e9e dans son acception la plus large de mode d\u2019expression s\u00e9quentiel, que l\u2019on peut faire remonter \u00e0 certaines productions de l\u2019art pari\u00e9tal et \u00e0 de multiples exemples des antiquit\u00e9s \u00e9gyptiennes et grecques, \u00e0 certaines traditions de l\u2019estampe avant que ne s\u2019affirme, \u00e0 partir du XIXe si\u00e8cle, un champ de productions visuelles \u00e0 part enti\u00e8re.<\/p>\n\n\n\n<p>Vous trouverez <a href=\"https:\/\/villa-rabelais.fr\/sites\/default\/files\/fichiers\/appel_a_communications.docx\">ici<\/a> la suite l&rsquo;appel complet ainsi que les conditions de participation. <\/p>\n<\/div>\n<\/div>\n\n\n\n<p><\/p>\n\n\n\n<p><\/p>\n","protected":false},"excerpt":{"rendered":"<p>Un colloque gourmand ! Nous partageons ici un appel \u00e0 contribution pour le 15e Colloque de l\u2019Institut Europ\u00e9en d\u2019Histoire et des Cultures de l\u2019Alimentation, qui aura lieu du 3 au 5 d\u00e9cembre 2025, \u00e0 Tours. Le colloque \u00ab\u00a0\u00c0 la table<\/p>\n","protected":false},"author":1002275,"featured_media":0,"comment_status":"closed","ping_status":"closed","sticky":false,"template":"","format":"standard","meta":{"_seopress_robots_primary_cat":"","_seopress_titles_title":"","_seopress_titles_desc":"","_seopress_robots_index":"","ngg_post_thumbnail":0,"footnotes":""},"categories":[1],"tags":[],"class_list":{"0":"post-3292","1":"post","2":"type-post","3":"status-publish","4":"format-standard","6":"category-actualites"},"_links":{"self":[{"href":"https:\/\/wp.unil.ch\/grebd\/wp-json\/wp\/v2\/posts\/3292","targetHints":{"allow":["GET"]}}],"collection":[{"href":"https:\/\/wp.unil.ch\/grebd\/wp-json\/wp\/v2\/posts"}],"about":[{"href":"https:\/\/wp.unil.ch\/grebd\/wp-json\/wp\/v2\/types\/post"}],"author":[{"embeddable":true,"href":"https:\/\/wp.unil.ch\/grebd\/wp-json\/wp\/v2\/users\/1002275"}],"replies":[{"embeddable":true,"href":"https:\/\/wp.unil.ch\/grebd\/wp-json\/wp\/v2\/comments?post=3292"}],"version-history":[{"count":5,"href":"https:\/\/wp.unil.ch\/grebd\/wp-json\/wp\/v2\/posts\/3292\/revisions"}],"predecessor-version":[{"id":3300,"href":"https:\/\/wp.unil.ch\/grebd\/wp-json\/wp\/v2\/posts\/3292\/revisions\/3300"}],"wp:attachment":[{"href":"https:\/\/wp.unil.ch\/grebd\/wp-json\/wp\/v2\/media?parent=3292"}],"wp:term":[{"taxonomy":"category","embeddable":true,"href":"https:\/\/wp.unil.ch\/grebd\/wp-json\/wp\/v2\/categories?post=3292"},{"taxonomy":"post_tag","embeddable":true,"href":"https:\/\/wp.unil.ch\/grebd\/wp-json\/wp\/v2\/tags?post=3292"}],"curies":[{"name":"wp","href":"https:\/\/api.w.org\/{rel}","templated":true}]}}