{"id":3271,"date":"2024-10-10T11:27:06","date_gmt":"2024-10-10T09:27:06","guid":{"rendered":"https:\/\/wp.unil.ch\/grebd\/?p=3271"},"modified":"2024-10-10T11:27:07","modified_gmt":"2024-10-10T09:27:07","slug":"ecotopiales-atelier-de-creation-sur-les-imaginaires-ecologiques-dans-les-arts-graphiques-et-la-bande-dessinee","status":"publish","type":"post","link":"https:\/\/wp.unil.ch\/grebd\/2024\/10\/ecotopiales-atelier-de-creation-sur-les-imaginaires-ecologiques-dans-les-arts-graphiques-et-la-bande-dessinee\/","title":{"rendered":"\u00c9cotopiales : Atelier de cr\u00e9ation sur les imaginaires \u00e9cologiques dans les arts graphiques et la bande dessin\u00e9e"},"content":{"rendered":"\n<div class=\"wp-block-columns is-layout-flex wp-container-core-columns-is-layout-9d6595d7 wp-block-columns-is-layout-flex\">\n<div class=\"wp-block-column is-layout-flow wp-block-column-is-layout-flow\">\n<p><strong>Dessine-moi le futur climatique&nbsp;!<\/strong><\/p>\n\n\n\n<p>Dans le cadre du nouveau festival <a href=\"https:\/\/www.ecotopiales.ch\/\"><em>\u00c9cotopiales<\/em><\/a> de Lausanne, le P\u00f4le mus\u00e9al Plateforme 10, le festival BDFIL et l\u2019Universit\u00e9 de Lausanne organisent un atelier de cr\u00e9ation qui explore les relations entre le 9<sup>\u00e8me<\/sup> art et la question \u00e9cologique&nbsp;!<\/p>\n\n\n\n<p>Au programme&nbsp;: une <strong>Masterclass passionnante<\/strong> donn\u00e9e par Dre St\u00e9phanie Cadoret, un <strong>duel graphique \u00e9pique<\/strong> entre les artistes MarieMo et Tom Tirabosco, une <strong>fresque collective <\/strong>pour petits et grands\u2026 et une <strong>table ronde exceptionnelle<\/strong> intitul\u00e9e&nbsp;:&nbsp; <em>La crise en cases&nbsp;: peut-on rire de l\u2019\u00e9cologie en bande dessin\u00e9e&nbsp;<\/em>, mod\u00e9r\u00e9e par Gaspard Turin (UNIL).<\/p>\n\n\n\n<p>\u00c9v\u00e9nement <strong>gratuit<\/strong> et tout public, le 2 novembre 2024, \u00e0 partir de 13h30.<\/p>\n\n\n\n<p><a href=\"https:\/\/wp.unil.ch\/ecotopiales\/bande-dessinee\/\">Plus d\u2019informations et inscriptions<\/a><\/p>\n<\/div>\n\n\n\n<div class=\"wp-block-column is-layout-flow wp-block-column-is-layout-flow\">\n<figure class=\"wp-block-gallery has-nested-images columns-default is-cropped wp-block-gallery-1 is-layout-flex wp-block-gallery-is-layout-flex\">\n<figure class=\"wp-block-image size-large\"><img alt=\"\" loading=\"lazy\" decoding=\"async\" width=\"722\" height=\"1024\" data-id=\"3276\" src=\"https:\/\/wp.unil.ch\/grebd\/files\/2024\/10\/Programme-Ecotopiales-v3_02-1-722x1024.png\" alt=\"\" class=\"wp-image-3276\" srcset=\"https:\/\/wp.unil.ch\/grebd\/files\/2024\/10\/Programme-Ecotopiales-v3_02-1-722x1024.png 722w, https:\/\/wp.unil.ch\/grebd\/files\/2024\/10\/Programme-Ecotopiales-v3_02-1-212x300.png 212w, https:\/\/wp.unil.ch\/grebd\/files\/2024\/10\/Programme-Ecotopiales-v3_02-1-768x1089.png 768w, https:\/\/wp.unil.ch\/grebd\/files\/2024\/10\/Programme-Ecotopiales-v3_02-1.png 846w\" sizes=\"auto, (max-width: 722px) 100vw, 722px\" \/><\/figure>\n<\/figure>\n<\/div>\n<\/div>\n","protected":false},"excerpt":{"rendered":"<p>Dessine-moi le futur climatique&nbsp;! Dans le cadre du nouveau festival \u00c9cotopiales de Lausanne, le P\u00f4le mus\u00e9al Plateforme 10, le festival BDFIL et l\u2019Universit\u00e9 de Lausanne organisent un atelier de cr\u00e9ation qui explore les relations entre le 9\u00e8me art et la<\/p>\n","protected":false},"author":1002275,"featured_media":0,"comment_status":"closed","ping_status":"closed","sticky":false,"template":"","format":"standard","meta":{"_seopress_robots_primary_cat":"","_seopress_titles_title":"","_seopress_titles_desc":"","_seopress_robots_index":"","ngg_post_thumbnail":0,"footnotes":""},"categories":[1],"tags":[28,13,25,27],"class_list":{"0":"post-3271","1":"post","2":"type-post","3":"status-publish","4":"format-standard","6":"category-actualites","7":"tag-atelier","8":"tag-bande-dessinee","9":"tag-bdfil","10":"tag-ecotopiales-2"},"_links":{"self":[{"href":"https:\/\/wp.unil.ch\/grebd\/wp-json\/wp\/v2\/posts\/3271","targetHints":{"allow":["GET"]}}],"collection":[{"href":"https:\/\/wp.unil.ch\/grebd\/wp-json\/wp\/v2\/posts"}],"about":[{"href":"https:\/\/wp.unil.ch\/grebd\/wp-json\/wp\/v2\/types\/post"}],"author":[{"embeddable":true,"href":"https:\/\/wp.unil.ch\/grebd\/wp-json\/wp\/v2\/users\/1002275"}],"replies":[{"embeddable":true,"href":"https:\/\/wp.unil.ch\/grebd\/wp-json\/wp\/v2\/comments?post=3271"}],"version-history":[{"count":1,"href":"https:\/\/wp.unil.ch\/grebd\/wp-json\/wp\/v2\/posts\/3271\/revisions"}],"predecessor-version":[{"id":3277,"href":"https:\/\/wp.unil.ch\/grebd\/wp-json\/wp\/v2\/posts\/3271\/revisions\/3277"}],"wp:attachment":[{"href":"https:\/\/wp.unil.ch\/grebd\/wp-json\/wp\/v2\/media?parent=3271"}],"wp:term":[{"taxonomy":"category","embeddable":true,"href":"https:\/\/wp.unil.ch\/grebd\/wp-json\/wp\/v2\/categories?post=3271"},{"taxonomy":"post_tag","embeddable":true,"href":"https:\/\/wp.unil.ch\/grebd\/wp-json\/wp\/v2\/tags?post=3271"}],"curies":[{"name":"wp","href":"https:\/\/api.w.org\/{rel}","templated":true}]}}