{"id":1482,"date":"2017-03-27T15:39:19","date_gmt":"2017-03-27T13:39:19","guid":{"rendered":"http:\/\/wp.unil.ch\/grebd\/?p=1482"},"modified":"2021-04-21T15:16:54","modified_gmt":"2021-04-21T13:16:54","slug":"exposition-imaginaires-du-futur-20-03-2017-03-04-2017","status":"publish","type":"post","link":"https:\/\/wp.unil.ch\/grebd\/2017\/03\/exposition-imaginaires-du-futur-20-03-2017-03-04-2017\/","title":{"rendered":"Exposition: Imaginaires du futur | 20.03.2017-03.04.2017"},"content":{"rendered":"<p><img alt=\"\" loading=\"lazy\" decoding=\"async\" class=\"size-medium wp-image-1491 alignleft\" src=\"https:\/\/wp.unil.ch\/grebd\/files\/2017\/03\/Expo-Blancherie-GYB3-300x178.jpg\" alt=\"\" height=\"178\" width=\"300\" srcset=\"https:\/\/wp.unil.ch\/grebd\/files\/2017\/03\/Expo-Blancherie-GYB3-300x178.jpg 300w, https:\/\/wp.unil.ch\/grebd\/files\/2017\/03\/Expo-Blancherie-GYB3-768x455.jpg 768w, https:\/\/wp.unil.ch\/grebd\/files\/2017\/03\/Expo-Blancherie-GYB3-1024x607.jpg 1024w, https:\/\/wp.unil.ch\/grebd\/files\/2017\/03\/Expo-Blancherie-GYB3-500x296.jpg 500w, https:\/\/wp.unil.ch\/grebd\/files\/2017\/03\/Expo-Blancherie-GYB3.jpg 1200w\" sizes=\"auto, (max-width: 300px) 100vw, 300px\" \/>L&rsquo;exposition \u00ab\u00a0Imaginaires du futur\u00a0\u00bb, pr\u00e9sent\u00e9e \u00e0 l&rsquo;espace de la Blancherie du Gymnase de la Broye, a \u00e9t\u00e9 r\u00e9alis\u00e9e par des \u00e9tudiants en Master de l&rsquo;UNIL, qui ont \u00e9labor\u00e9 des panneaux dans lesquels ils proposent une r\u00e9flexion sur le genre de la bande dessin\u00e9e de science-fiction et illustrent leur propos par un choix d&rsquo;images issues notamment des fonds documentaires de la Maison d&rsquo;Ailleurs \u00e0 Yverdon.<\/p>\n<div class=\"column\">\n<p>L\u2019acce?s au Gymnase intercantonal de la Broye est aise? en transports publics ou a? pied depuis la gare. Le parking sur place est possible le dimanche<\/p>\n<p>Entre?e libre<\/p>\n<p><a href=\"https:\/\/wp.unil.ch\/grebd\/files\/2017\/03\/CP-Alain-Boillat.pdf\">Informations pratiques<br \/>\n<\/a><\/p>\n<\/div>\n","protected":false},"excerpt":{"rendered":"<p>L&rsquo;exposition \u00ab\u00a0Imaginaires du futur\u00a0\u00bb, pr\u00e9sent\u00e9e \u00e0 l&rsquo;espace de la Blancherie du Gymnase de la Broye, a \u00e9t\u00e9 r\u00e9alis\u00e9e par des \u00e9tudiants en Master de l&rsquo;UNIL, qui ont \u00e9labor\u00e9 des panneaux dans lesquels ils proposent une r\u00e9flexion sur le genre de<\/p>\n","protected":false},"author":1001512,"featured_media":0,"comment_status":"closed","ping_status":"closed","sticky":false,"template":"","format":"standard","meta":{"_seopress_robots_primary_cat":"","_seopress_titles_title":"","_seopress_titles_desc":"","_seopress_robots_index":"","ngg_post_thumbnail":0,"footnotes":""},"categories":[1,10],"tags":[],"class_list":{"0":"post-1482","1":"post","2":"type-post","3":"status-publish","4":"format-standard","6":"category-actualites","7":"category-expositions"},"_links":{"self":[{"href":"https:\/\/wp.unil.ch\/grebd\/wp-json\/wp\/v2\/posts\/1482","targetHints":{"allow":["GET"]}}],"collection":[{"href":"https:\/\/wp.unil.ch\/grebd\/wp-json\/wp\/v2\/posts"}],"about":[{"href":"https:\/\/wp.unil.ch\/grebd\/wp-json\/wp\/v2\/types\/post"}],"author":[{"embeddable":true,"href":"https:\/\/wp.unil.ch\/grebd\/wp-json\/wp\/v2\/users\/1001512"}],"replies":[{"embeddable":true,"href":"https:\/\/wp.unil.ch\/grebd\/wp-json\/wp\/v2\/comments?post=1482"}],"version-history":[{"count":0,"href":"https:\/\/wp.unil.ch\/grebd\/wp-json\/wp\/v2\/posts\/1482\/revisions"}],"wp:attachment":[{"href":"https:\/\/wp.unil.ch\/grebd\/wp-json\/wp\/v2\/media?parent=1482"}],"wp:term":[{"taxonomy":"category","embeddable":true,"href":"https:\/\/wp.unil.ch\/grebd\/wp-json\/wp\/v2\/categories?post=1482"},{"taxonomy":"post_tag","embeddable":true,"href":"https:\/\/wp.unil.ch\/grebd\/wp-json\/wp\/v2\/tags?post=1482"}],"curies":[{"name":"wp","href":"https:\/\/api.w.org\/{rel}","templated":true}]}}