{"id":1453,"date":"2017-04-02T13:47:57","date_gmt":"2017-04-02T11:47:57","guid":{"rendered":"http:\/\/wp.unil.ch\/grebd\/?p=1453"},"modified":"2021-04-21T15:16:44","modified_gmt":"2021-04-21T13:16:44","slug":"colloque-les-avatars-du-chapitre-en-bd-11-12-05-2017","status":"publish","type":"post","link":"https:\/\/wp.unil.ch\/grebd\/2017\/04\/colloque-les-avatars-du-chapitre-en-bd-11-12-05-2017\/","title":{"rendered":"Colloque: Les avatars du chapitre en BD | 11-12.05.2017"},"content":{"rendered":"<p><a href=\"https:\/\/wp.unil.ch\/grebd\/files\/2017\/02\/flyer-A5-oblong-web.pdf\"><img alt=\"\" loading=\"lazy\" decoding=\"async\" class=\"size-medium wp-image-1457 alignleft\" src=\"https:\/\/wp.unil.ch\/grebd\/files\/2017\/02\/Plaquette_Avatar_BD-300x211.jpg\" alt=\"\" width=\"300\" height=\"211\"><\/a>T\u00f6pffer, en cr\u00e9ant la \u00ab&nbsp;litt\u00e9rature en estampe&nbsp;\u00bb, opposait son invention \u00e0 la \u00ab&nbsp;litt\u00e9rature en chapitres&nbsp;\u00bb. Ainsi, l\u2019unit\u00e9 chapitrale semble \u00e0 premi\u00e8re vue \u00e9trang\u00e8re \u00e0 la segmentation du r\u00e9cit graphique, qui se d\u00e9cline en cases, bandes, planches, albums, etc. Cette segmentation suppl\u00e9mentaire et facultative s\u2019est manifest\u00e9e assez tardivement, vers la fin des ann\u00e9es 1970, en lien avec le mod\u00e8le litt\u00e9raire. Cela pose de nombreuses questions&nbsp;: le chapitre en BD a-t-il des caract\u00e9ristiques formelles et fonctionnelles qui lui sont propres&nbsp;? un chapitre peut-il se confondre avec un strip, une planche ou un album&nbsp;? comment l\u2019\u00e9pisode d\u2019un feuilleton devient-il le chapitre d\u2019un roman graphique&nbsp;? les traditions am\u00e9ricaine et franco-belge ont-elle fait un usage semblable du chapitrage&nbsp;? Ce colloque tentera de r\u00e9pondre \u00e0 toutes ces questions, rarement pos\u00e9es, en prenant en consid\u00e9ration les sp\u00e9cificit\u00e9s s\u00e9miotiques, culturelles et historiques du m\u00e9dia.<\/p>\n<p>Ce colloque r\u00e9unira Thierry Groensteen, Beno\u00eet Peeters, Jan Baetens, Jacques D\u00fcrrenmatt, Philippe Marion, Benjamim Picado, C\u00f4me Martin, Fran\u00e7oise Revaz, Alain Boillat, Alain Corbellari, Rapha\u00ebl Baroni et Ana\u00efs Goudmand<\/p>\n<p><a href=\"https:\/\/wp.unil.ch\/grebd\/files\/2017\/02\/flyer-A5-oblong-web.pdf\">T\u00e9l\u00e9charger le programme<\/a><\/p>\n<p>L\u2019acc\u00e8s aux conf\u00e9rences est libre et sans inscription pr\u00e9alable.<\/p>\n<p>Contact&nbsp;: raphael.baroni@unil.ch<\/p>\n<p>&nbsp;<\/p>\n","protected":false},"excerpt":{"rendered":"<p>T\u00f6pffer, en cr\u00e9ant la \u00ab&nbsp;litt\u00e9rature en estampe&nbsp;\u00bb, opposait son invention \u00e0 la \u00ab&nbsp;litt\u00e9rature en chapitres&nbsp;\u00bb. Ainsi, l\u2019unit\u00e9 chapitrale semble \u00e0 premi\u00e8re vue \u00e9trang\u00e8re \u00e0 la segmentation du r\u00e9cit graphique, qui se d\u00e9cline en cases, bandes, planches, albums, etc. Cette segmentation<\/p>\n","protected":false},"author":1001512,"featured_media":0,"comment_status":"closed","ping_status":"closed","sticky":false,"template":"","format":"standard","meta":{"_seopress_robots_primary_cat":"","_seopress_titles_title":"","_seopress_titles_desc":"","_seopress_robots_index":"","ngg_post_thumbnail":0,"footnotes":""},"categories":[1,4],"tags":[],"class_list":{"0":"post-1453","1":"post","2":"type-post","3":"status-publish","4":"format-standard","6":"category-actualites","7":"category-colloques"},"_links":{"self":[{"href":"https:\/\/wp.unil.ch\/grebd\/wp-json\/wp\/v2\/posts\/1453","targetHints":{"allow":["GET"]}}],"collection":[{"href":"https:\/\/wp.unil.ch\/grebd\/wp-json\/wp\/v2\/posts"}],"about":[{"href":"https:\/\/wp.unil.ch\/grebd\/wp-json\/wp\/v2\/types\/post"}],"author":[{"embeddable":true,"href":"https:\/\/wp.unil.ch\/grebd\/wp-json\/wp\/v2\/users\/1001512"}],"replies":[{"embeddable":true,"href":"https:\/\/wp.unil.ch\/grebd\/wp-json\/wp\/v2\/comments?post=1453"}],"version-history":[{"count":0,"href":"https:\/\/wp.unil.ch\/grebd\/wp-json\/wp\/v2\/posts\/1453\/revisions"}],"wp:attachment":[{"href":"https:\/\/wp.unil.ch\/grebd\/wp-json\/wp\/v2\/media?parent=1453"}],"wp:term":[{"taxonomy":"category","embeddable":true,"href":"https:\/\/wp.unil.ch\/grebd\/wp-json\/wp\/v2\/categories?post=1453"},{"taxonomy":"post_tag","embeddable":true,"href":"https:\/\/wp.unil.ch\/grebd\/wp-json\/wp\/v2\/tags?post=1453"}],"curies":[{"name":"wp","href":"https:\/\/api.w.org\/{rel}","templated":true}]}}