{"id":1338,"date":"2015-05-10T22:17:42","date_gmt":"2015-05-10T20:17:42","guid":{"rendered":"http:\/\/wp.unil.ch\/grebd\/?p=1338"},"modified":"2021-04-21T15:18:28","modified_gmt":"2021-04-21T13:18:28","slug":"le-mysteres-de-lunil-conference-de-benoit-peeters-31-05-15-13h","status":"publish","type":"post","link":"https:\/\/wp.unil.ch\/grebd\/2015\/05\/le-mysteres-de-lunil-conference-de-benoit-peeters-31-05-15-13h\/","title":{"rendered":"Le Myst\u00e8res de l&rsquo;UNIL: Conf\u00e9rence de Beno\u00eet Peeters | 31.05.15 &#8211; 13h"},"content":{"rendered":"<p style=\"text-align: justify\">\u00c0 l&rsquo;occasion des <strong><a href=\"https:\/\/wp.unil.ch\/mysteres\/mysteres-2015\/\" target=\"_blank\" rel=\"noopener\">Myst\u00e8res de l&rsquo;UNIL<\/a>, <\/strong>le sc\u00e9nariste et th\u00e9oricien de la bande dessin\u00e9e <strong>Beno\u00eet Peeters<\/strong> viendra proposer une conf\u00e9rence assortie d&rsquo;une intervention du Prof. Alain Boillat, le <strong>dimanche 31 mai \u00e0 13h.<\/strong><\/p>\n<p style=\"text-align: justify\">On ne manquera pas, par ailleurs, de mentionner la communication de l&rsquo;illustrateur <strong>John Howe<\/strong>, le m\u00eame jour \u00e0 <strong>11h<\/strong>, qui, bien que n&rsquo;entretenant pas de liens \u00e9vidents avec le m\u00e9dia BD, aura tout de m\u00eame particip\u00e9 \u00e0 l&rsquo;\u00e9laboration de l&rsquo;esth\u00e9tique <em>fantasy <\/em>dont bien des auteurs d&rsquo;hier et d&rsquo;aujourd&rsquo;hui se r\u00e9clament.<\/p>\n<table style=\"border-color: #ffffff\" border=\"0\" cellspacing=\"0\" cellpadding=\"0\">\n<tbody>\n<tr>\n<td style=\"border-color: #ffffff\"><a href=\"https:\/\/wp.unil.ch\/grebd\/files\/2015\/05\/Flyer_A5_Conferences_Mysteres_V3.jpg\"><img loading=\"lazy\" decoding=\"async\" class=\"aligncenter size-medium wp-image-1339\" src=\"https:\/\/wp.unil.ch\/grebd\/files\/2015\/05\/Flyer_A5_Conferences_Mysteres_V3-212x300.jpg\" alt=\"Flyer_A5_Conferences_Mysteres_V3\" width=\"212\" height=\"300\" srcset=\"https:\/\/wp.unil.ch\/grebd\/files\/2015\/05\/Flyer_A5_Conferences_Mysteres_V3-212x300.jpg 212w, https:\/\/wp.unil.ch\/grebd\/files\/2015\/05\/Flyer_A5_Conferences_Mysteres_V3.jpg 564w\" sizes=\"auto, (max-width: 212px) 100vw, 212px\" \/><\/a><\/td>\n<td style=\"border-color: #ffffff\"><a href=\"https:\/\/wp.unil.ch\/grebd\/files\/2015\/05\/Flyer_A5_Conferences_Mysteres_V4.jpg\"><img loading=\"lazy\" decoding=\"async\" class=\"aligncenter size-medium wp-image-1340\" src=\"https:\/\/wp.unil.ch\/grebd\/files\/2015\/05\/Flyer_A5_Conferences_Mysteres_V4-212x300.jpg\" alt=\"Flyer_A5_Conferences_Mysteres_V4\" width=\"212\" height=\"300\" srcset=\"https:\/\/wp.unil.ch\/grebd\/files\/2015\/05\/Flyer_A5_Conferences_Mysteres_V4-212x300.jpg 212w, https:\/\/wp.unil.ch\/grebd\/files\/2015\/05\/Flyer_A5_Conferences_Mysteres_V4.jpg 564w\" sizes=\"auto, (max-width: 212px) 100vw, 212px\" \/><\/a><\/td>\n<\/tr>\n<\/tbody>\n<\/table>\n<p>&nbsp;<\/p>\n<p style=\"text-align: justify\">\n<p style=\"text-align: justify\">\n","protected":false},"excerpt":{"rendered":"<p>\u00c0 l&rsquo;occasion des Myst\u00e8res de l&rsquo;UNIL, le sc\u00e9nariste et th\u00e9oricien de la bande dessin\u00e9e Beno\u00eet Peeters viendra proposer une conf\u00e9rence assortie d&rsquo;une intervention du Prof. Alain Boillat, le dimanche 31 mai \u00e0 13h. On ne manquera pas, par ailleurs, de<\/p>\n","protected":false},"author":1480,"featured_media":0,"comment_status":"closed","ping_status":"closed","sticky":false,"template":"","format":"standard","meta":{"_seopress_robots_primary_cat":"","_seopress_titles_title":"","_seopress_titles_desc":"","_seopress_robots_index":"","ngg_post_thumbnail":0,"footnotes":""},"categories":[1,8],"tags":[],"class_list":{"0":"post-1338","1":"post","2":"type-post","3":"status-publish","4":"format-standard","6":"category-actualites","7":"category-conferences"},"_links":{"self":[{"href":"https:\/\/wp.unil.ch\/grebd\/wp-json\/wp\/v2\/posts\/1338","targetHints":{"allow":["GET"]}}],"collection":[{"href":"https:\/\/wp.unil.ch\/grebd\/wp-json\/wp\/v2\/posts"}],"about":[{"href":"https:\/\/wp.unil.ch\/grebd\/wp-json\/wp\/v2\/types\/post"}],"author":[{"embeddable":true,"href":"https:\/\/wp.unil.ch\/grebd\/wp-json\/wp\/v2\/users\/1480"}],"replies":[{"embeddable":true,"href":"https:\/\/wp.unil.ch\/grebd\/wp-json\/wp\/v2\/comments?post=1338"}],"version-history":[{"count":0,"href":"https:\/\/wp.unil.ch\/grebd\/wp-json\/wp\/v2\/posts\/1338\/revisions"}],"wp:attachment":[{"href":"https:\/\/wp.unil.ch\/grebd\/wp-json\/wp\/v2\/media?parent=1338"}],"wp:term":[{"taxonomy":"category","embeddable":true,"href":"https:\/\/wp.unil.ch\/grebd\/wp-json\/wp\/v2\/categories?post=1338"},{"taxonomy":"post_tag","embeddable":true,"href":"https:\/\/wp.unil.ch\/grebd\/wp-json\/wp\/v2\/tags?post=1338"}],"curies":[{"name":"wp","href":"https:\/\/api.w.org\/{rel}","templated":true}]}}