{"id":550,"date":"2025-05-09T11:10:27","date_gmt":"2025-05-09T09:10:27","guid":{"rendered":"https:\/\/wp.unil.ch\/govai\/repenser-le-controle-algorithmique-suppositions-partagees-controverses-idees-erronees\/"},"modified":"2025-05-09T11:10:28","modified_gmt":"2025-05-09T09:10:28","slug":"repenser-le-controle-algorithmique-suppositions-partagees-controverses-idees-erronees","status":"publish","type":"post","link":"https:\/\/wp.unil.ch\/govai\/fr\/repenser-le-controle-algorithmique-suppositions-partagees-controverses-idees-erronees\/","title":{"rendered":"Repenser le contr\u00f4le algorithmique : Suppositions partag\u00e9es, controverses, id\u00e9es erron\u00e9es"},"content":{"rendered":"\n<p>Le professeur Tobias Mettler pr\u00e9sentera le papier <strong><em>Re-thinking Algorithmic Control: Common Assumptions, Controversies, Misconceptions<\/em><\/strong> lors de la <em> 11th International Conference on eDemocracy &amp; eGovernment, <\/em>\u00e0 Berne cet \u00e9t\u00e9. L&rsquo;article traite du concept de <em>contr\u00f4le algorithmique<\/em> et appelle \u00e0 une conceptualisation plus large qui reconnaisse la diversit\u00e9 des objectifs et des dynamiques dans diff\u00e9rents contextes. Pour plus de d\u00e9tails, veuillez consulter <a href=\"https:\/\/serval.unil.ch\/fr\/notice\/serval:BIB_C442C687AFFA\">ici<\/a>.<\/p>\n\n<p><\/p>\n","protected":false},"excerpt":{"rendered":"<p>Le professeur Tobias Mettler pr\u00e9sentera le papier Re-thinking Algorithmic Control: Common Assumptions, Controversies, Misconceptions lors de la 11th International Conference on eDemocracy &amp; eGovernment, \u00e0 Berne cet \u00e9t\u00e9. L&rsquo;article traite &hellip; <\/p>\n","protected":false},"author":1002690,"featured_media":0,"comment_status":"closed","ping_status":"closed","sticky":false,"template":"","format":"standard","meta":{"_seopress_robots_primary_cat":"","_seopress_titles_title":"","_seopress_titles_desc":"","_seopress_robots_index":"","footnotes":""},"categories":[16],"tags":[],"class_list":{"0":"post-550","1":"post","2":"type-post","3":"status-publish","4":"format-standard","6":"category-news-fr"},"_links":{"self":[{"href":"https:\/\/wp.unil.ch\/govai\/fr\/wp-json\/wp\/v2\/posts\/550","targetHints":{"allow":["GET"]}}],"collection":[{"href":"https:\/\/wp.unil.ch\/govai\/fr\/wp-json\/wp\/v2\/posts"}],"about":[{"href":"https:\/\/wp.unil.ch\/govai\/fr\/wp-json\/wp\/v2\/types\/post"}],"author":[{"embeddable":true,"href":"https:\/\/wp.unil.ch\/govai\/fr\/wp-json\/wp\/v2\/users\/1002690"}],"replies":[{"embeddable":true,"href":"https:\/\/wp.unil.ch\/govai\/fr\/wp-json\/wp\/v2\/comments?post=550"}],"version-history":[{"count":1,"href":"https:\/\/wp.unil.ch\/govai\/fr\/wp-json\/wp\/v2\/posts\/550\/revisions"}],"predecessor-version":[{"id":551,"href":"https:\/\/wp.unil.ch\/govai\/fr\/wp-json\/wp\/v2\/posts\/550\/revisions\/551"}],"wp:attachment":[{"href":"https:\/\/wp.unil.ch\/govai\/fr\/wp-json\/wp\/v2\/media?parent=550"}],"wp:term":[{"taxonomy":"category","embeddable":true,"href":"https:\/\/wp.unil.ch\/govai\/fr\/wp-json\/wp\/v2\/categories?post=550"},{"taxonomy":"post_tag","embeddable":true,"href":"https:\/\/wp.unil.ch\/govai\/fr\/wp-json\/wp\/v2\/tags?post=550"}],"curies":[{"name":"wp","href":"https:\/\/api.w.org\/{rel}","templated":true}]}}