{"id":8706,"date":"2022-10-03T11:15:00","date_gmt":"2022-10-03T09:15:00","guid":{"rendered":"https:\/\/wp.unil.ch\/geoblog\/?p=8706"},"modified":"2023-05-24T09:46:17","modified_gmt":"2023-05-24T07:46:17","slug":"climat-12-000-ans-dhistoire-decryptee-pour-se-projeter-dans-lavenir","status":"publish","type":"post","link":"https:\/\/wp.unil.ch\/geoblog\/2022\/10\/climat-12-000-ans-dhistoire-decryptee-pour-se-projeter-dans-lavenir\/","title":{"rendered":"Climat\u00a0: 12&rsquo;000 ans d\u2019histoire d\u00e9crypt\u00e9e pour se projeter dans l\u2019avenir"},"content":{"rendered":"<figure class=\"wp-block-post-featured-image\"><img loading=\"lazy\" decoding=\"async\" width=\"1197\" height=\"785\" src=\"https:\/\/wp.unil.ch\/geoblog\/files\/2022\/10\/greenland-iceberg.jpg\" class=\"attachment-post-thumbnail size-post-thumbnail wp-post-image\" alt=\"\" style=\"object-fit:cover;\" srcset=\"https:\/\/wp.unil.ch\/geoblog\/files\/2022\/10\/greenland-iceberg.jpg 1197w, https:\/\/wp.unil.ch\/geoblog\/files\/2022\/10\/greenland-iceberg-300x197.jpg 300w, https:\/\/wp.unil.ch\/geoblog\/files\/2022\/10\/greenland-iceberg-1024x672.jpg 1024w, https:\/\/wp.unil.ch\/geoblog\/files\/2022\/10\/greenland-iceberg-768x504.jpg 768w\" sizes=\"auto, (max-width: 1197px) 100vw, 1197px\" \/><\/figure>\n\n\n<div class=\"wp-block-group has-background is-layout-flow wp-block-group-is-layout-flow\" style=\"background-color:#f2f2f2\">\n<p><strong>En collaboration avec une \u00e9quipe internationale, un chercheur de l\u2019Institut des sciences de la Terre montre \u00e0 quel point l&rsquo;\u00e9volution des temp\u00e9ratures a \u00e9t\u00e9 complexe au cours des derniers mill\u00e9naires.<\/strong><\/p>\n<\/div>\n\n\n\n<figure class=\"wp-block-image alignleft size-full is-resized is-style-rounded\"><a href=\"https:\/\/wp.unil.ch\/geoblog\/files\/2021\/11\/jaccard.jpg\"><img alt=\"\" loading=\"lazy\" decoding=\"async\" src=\"https:\/\/wp.unil.ch\/geoblog\/files\/2021\/11\/jaccard.jpg\" alt=\"\" class=\"wp-image-7247\" width=\"250\" height=\"250\" srcset=\"https:\/\/wp.unil.ch\/geoblog\/files\/2021\/11\/jaccard.jpg 567w, https:\/\/wp.unil.ch\/geoblog\/files\/2021\/11\/jaccard-300x300.jpg 300w, https:\/\/wp.unil.ch\/geoblog\/files\/2021\/11\/jaccard-150x150.jpg 150w\" sizes=\"auto, (max-width: 250px) 100vw, 250px\" \/><\/a><figcaption class=\"wp-element-caption\">Samuel Jaccard, Institut des sciences de la Terre<\/figcaption><\/figure>\n\n\n\n<p>Pour pr\u00e9dire l&rsquo;avenir, nous nous appuyons sur des mod\u00e8les climatiques. Mais r\u00e9duire l\u2019incertitude de ces mod\u00e8les est d\u00e9licat. Pour cela, nous avons besoin de donn\u00e9es fiables sur de longues p\u00e9riodes. C\u2019est pourquoi la connaissance de l&rsquo;histoire climatique de la Terre depuis un lointain pass\u00e9 est inestimable&nbsp;: elle aide \u00e0 nous projeter dans l\u2019avenir. Or les changements de temp\u00e9rature moyenne \u00e0 la surface de la Terre ces 12&rsquo;000 derni\u00e8res ann\u00e9es (pendant l&rsquo;\u00e9poque interglaciaire actuelle, l&rsquo;Holoc\u00e8ne) sont sujets \u00e0 d\u00e9bats. D\u2019un c\u00f4t\u00e9, les simulations des mod\u00e8les climatiques sugg\u00e8rent un r\u00e9chauffement continu depuis le d\u00e9but de l&rsquo;Holoc\u00e8ne. De l\u2019autre, les reconstructions les plus document\u00e9es sugg\u00e8rent que la temp\u00e9rature moyenne mondiale \u00e9tait maximum il y a environ 6000 ans, puis que la Terre s\u2019est refroidie jusqu&rsquo;au d\u00e9but de la crise climatique actuelle (\u00e0 la r\u00e9volution industrielle). Ce d\u00e9calage majeur entre les mod\u00e8les et les observations climatiques pass\u00e9es est appel\u00e9 \u00ab&nbsp;l\u2019\u00e9nigme de la temp\u00e9rature de l&rsquo;Holoc\u00e8ne&nbsp;\u00bb.<\/p>\n\n\n\n<p>Dans cette nouvelle \u00e9tude, les scientifiques ont utilis\u00e9 la plus grande base de donn\u00e9es disponible de reconstructions de temp\u00e9ratures pass\u00e9es, remontant \u00e0 12&rsquo;000 ans. L\u2019\u00e9quipe a examin\u00e9 en particulier la r\u00e9partition g\u00e9ographique des changements de temp\u00e9rature. Contrairement \u00e0 ce que l&rsquo;on pensait, il n&rsquo;y a pas eu de p\u00e9riode chaude synchronis\u00e9e et mondiale pendant l&rsquo;Holoc\u00e8ne. Au contraire, les temp\u00e9ratures les plus chaudes sont observ\u00e9es \u00e0 des moments diff\u00e9rents selon les r\u00e9gions du monde. Elles varient \u00e9galement entre l&rsquo;oc\u00e9an et le continent.&nbsp;<\/p>\n\n\n\n<p>Selon l&rsquo;auteur principal, Olivier Cartapanis, \u00ab&nbsp;les r\u00e9sultats remettent en question le paradigme d&rsquo;un maximum thermique survenu au m\u00eame moment dans le monde entier durant l\u2019Holoc\u00e8ne&nbsp;\u00bb. Alors que la temp\u00e9rature la plus chaude a \u00e9t\u00e9 atteinte entre 4000 et 8000 ans en Europe occidentale et en Am\u00e9rique du Nord, la temp\u00e9rature de surface de l\u2019oc\u00e9an se refroidit depuis environ 10&rsquo;000 ans aux latitudes moyennes et reste stable sous les tropiques&#8230; Le moment o\u00f9 la temp\u00e9rature maximale est atteinte varie donc dans l\u2019espace. Ces r\u00e9sultats sugg\u00e8rent que l\u2019ensoleillement aux hautes latitudes et l&rsquo;\u00e9tendue des glaces ont jou\u00e9 un r\u00f4le majeur dans les changements climatiques tout au long de l&rsquo;Holoc\u00e8ne.&nbsp;&nbsp;Cela remet aussi en question la pertinence de la comparaison entre la reconstruction des moyennes mondiales et les simulations de mod\u00e8les, au c\u0153ur de l&rsquo;\u00e9nigme de l&rsquo;Holoc\u00e8ne.<\/p>\n\n\n\n<p>Pour <a href=\"https:\/\/www.unil.ch\/unisciences\/samueljaccard\">Samuel Jaccard<\/a>, professeur \u00e0 l\u2019Institut des sciences de la Terre, ces r\u00e9sultats mettent en lumi\u00e8re \u00ab&nbsp;une variabilit\u00e9 climatique plus nuanc\u00e9e avec de fortes disparit\u00e9s r\u00e9gionales au cours du temps.&nbsp;\u00bb Il estime que \u00ab&nbsp;la prise en consid\u00e9ration de ces sp\u00e9cificit\u00e9s r\u00e9gionales devrait \u00eatre une priorit\u00e9 pour le d\u00e9veloppement des mod\u00e8les climatiques, afin de guider au mieux les mesures \u00e0 prendre au plus vite, afin d\u2019att\u00e9nuer les cons\u00e9quences du changement climatique&nbsp;\u00bb.<\/p>\n\n\n\n<p>Ces nouveaux \u00e9l\u00e9ments fixent donc un objectif clair aux mod\u00e8les climatiques. Leur capacit\u00e9 \u00e0 prendre en compte les variations climatiques dans l&rsquo;espace et dans le temps augmentera la fiabilit\u00e9 des projections sur les changements climatiques futurs.<\/p>\n\n\n\n<h4 class=\"wp-block-heading\">R\u00e9f\u00e9rence bibliographique<\/h4>\n\n\n\n<ul class=\"wp-block-list\"><li>Cartapanis O., Jonkers L., Moffa-Sanchez P., Jaccard S. L., De Vernal A.&nbsp;Complex spatio-temporal structure of the Holocene Thermal Maximum. <strong>Nature Communications.<\/strong><br><a href=\"https:\/\/doi.org\/10.1038\/s41467-022-33362-1\">doi.org\/10.1038\/s41467-022-33362-1<\/a><\/li><\/ul>\n","protected":false},"excerpt":{"rendered":"<p>En collaboration avec une \u00e9quipe internationale, un chercheur de l\u2019Institut des sciences de la Terre montre \u00e0 quel point l&rsquo;\u00e9volution des temp\u00e9ratures a \u00e9t\u00e9 complexe au cours des derniers mill\u00e9naires. Pour pr\u00e9dire l&rsquo;avenir, nous nous appuyons sur des mod\u00e8les climatiques. Mais r\u00e9duire l\u2019incertitude de ces mod\u00e8les est d\u00e9licat. Pour cela, nous avons besoin de donn\u00e9es [&hellip;]<\/p>\n","protected":false},"author":1001921,"featured_media":8711,"comment_status":"open","ping_status":"closed","sticky":false,"template":"","format":"standard","meta":{"_seopress_robots_primary_cat":"","_seopress_titles_title":"","_seopress_titles_desc":"","_seopress_robots_index":"","footnotes":"","_links_to":"","_links_to_target":""},"categories":[67088,66905],"tags":[67058],"class_list":{"0":"post-8706","1":"post","2":"type-post","3":"status-publish","4":"format-standard","5":"has-post-thumbnail","7":"category-parutions","8":"category-recherche-en-action","9":"tag-samuel-jaccard"},"_links":{"self":[{"href":"https:\/\/wp.unil.ch\/geoblog\/wp-json\/wp\/v2\/posts\/8706","targetHints":{"allow":["GET"]}}],"collection":[{"href":"https:\/\/wp.unil.ch\/geoblog\/wp-json\/wp\/v2\/posts"}],"about":[{"href":"https:\/\/wp.unil.ch\/geoblog\/wp-json\/wp\/v2\/types\/post"}],"author":[{"embeddable":true,"href":"https:\/\/wp.unil.ch\/geoblog\/wp-json\/wp\/v2\/users\/1001921"}],"replies":[{"embeddable":true,"href":"https:\/\/wp.unil.ch\/geoblog\/wp-json\/wp\/v2\/comments?post=8706"}],"version-history":[{"count":0,"href":"https:\/\/wp.unil.ch\/geoblog\/wp-json\/wp\/v2\/posts\/8706\/revisions"}],"wp:featuredmedia":[{"embeddable":true,"href":"https:\/\/wp.unil.ch\/geoblog\/wp-json\/wp\/v2\/media\/8711"}],"wp:attachment":[{"href":"https:\/\/wp.unil.ch\/geoblog\/wp-json\/wp\/v2\/media?parent=8706"}],"wp:term":[{"taxonomy":"category","embeddable":true,"href":"https:\/\/wp.unil.ch\/geoblog\/wp-json\/wp\/v2\/categories?post=8706"},{"taxonomy":"post_tag","embeddable":true,"href":"https:\/\/wp.unil.ch\/geoblog\/wp-json\/wp\/v2\/tags?post=8706"}],"curies":[{"name":"wp","href":"https:\/\/api.w.org\/{rel}","templated":true}]}}