{"id":8659,"date":"2022-09-26T13:55:12","date_gmt":"2022-09-26T11:55:12","guid":{"rendered":"https:\/\/wp.unil.ch\/geoblog\/?p=8659"},"modified":"2024-07-01T10:42:25","modified_gmt":"2024-07-01T08:42:25","slug":"lagriculture-urbaine-comme-activisme-session-2022","status":"publish","type":"post","link":"https:\/\/wp.unil.ch\/geoblog\/2022\/09\/lagriculture-urbaine-comme-activisme-session-2022\/","title":{"rendered":"L&rsquo;agriculture urbaine comme activisme, session 2022"},"content":{"rendered":"\n<div class=\"wp-block-buttons is-content-justification-right is-layout-flex wp-container-core-buttons-is-layout-e351d09b wp-block-buttons-is-layout-flex\" style=\"margin-top:0;margin-bottom:0\">\n<div class=\"wp-block-button is-style-outline is-style-outline--1\"><a class=\"wp-block-button__link has-white-color has-accent-3-background-color has-text-color has-background has-link-color has-border-color has-accent-1-border-color has-medium-font-size has-text-align-right has-custom-font-size wp-element-button\" href=\"https:\/\/wp.unil.ch\/geoblog\/category\/travaux-detudiants\/\" style=\"border-width:1px;border-radius:40px;padding-top:var(--wp--preset--spacing--20);padding-right:var(--wp--preset--spacing--30);padding-bottom:var(--wp--preset--spacing--20);padding-left:var(--wp--preset--spacing--30)\"><strong>Travaux d&rsquo;\u00e9tudiant\u00b7es<\/strong><\/a><\/div>\n<\/div>\n\n\n<figure class=\"wp-block-post-featured-image\"><img loading=\"lazy\" decoding=\"async\" width=\"1920\" height=\"1051\" src=\"https:\/\/wp.unil.ch\/geoblog\/files\/2022\/09\/22-agri-urbaine.jpg\" class=\"attachment-post-thumbnail size-post-thumbnail wp-post-image\" alt=\"\" style=\"object-fit:cover;\" srcset=\"https:\/\/wp.unil.ch\/geoblog\/files\/2022\/09\/22-agri-urbaine.jpg 1920w, https:\/\/wp.unil.ch\/geoblog\/files\/2022\/09\/22-agri-urbaine-300x164.jpg 300w, https:\/\/wp.unil.ch\/geoblog\/files\/2022\/09\/22-agri-urbaine-1024x561.jpg 1024w, https:\/\/wp.unil.ch\/geoblog\/files\/2022\/09\/22-agri-urbaine-768x420.jpg 768w, https:\/\/wp.unil.ch\/geoblog\/files\/2022\/09\/22-agri-urbaine-1536x841.jpg 1536w, https:\/\/wp.unil.ch\/geoblog\/files\/2022\/09\/22-agri-urbaine-1320x723.jpg 1320w\" sizes=\"auto, (max-width: 1920px) 100vw, 1920px\" \/><\/figure>\n\n\n<p class=\"has-background\" style=\"background-color:#f2f2f2\"><strong>D\u00e9couvrez l\u2019engagement des Lausannois\u00b7es dans l\u2019agriculture urbaine&nbsp;! Des \u00e9tudiant\u00b7e\u00b7s de Master ont r\u00e9alis\u00e9 ces portraits film\u00e9s dans le cadre du s\u00e9minaire d\u2019agriculture urbaine en 2022. Toutes les vid\u00e9os sont disponibles en pied de cet article.<\/strong><\/p>\n\n\n\n<p>Sous la direction de&nbsp;<a rel=\"noreferrer noopener\" href=\"https:\/\/applicationspub.unil.ch\/interpub\/noauth\/php\/Un\/UnPers.php?PerNum=28291&amp;LanCode=37\" target=\"_blank\">Jo\u00eblle Salomon Cavin<\/a>, Ma\u00eetre d\u2019enseignement et de recherche \u00e0 l\u2019Institut de g\u00e9ographie et durabilit\u00e9 (IGD) et de&nbsp;Gustavo Nagib, post-doctorant boursier de la&nbsp;Conf\u00e9d\u00e9ration (2021-2022). Ces vid\u00e9os ont \u00e9t\u00e9 rendues possibles gr\u00e2ce au soutien du&nbsp;<a href=\"https:\/\/www.unil.ch\/cse\/fr\/home\/menuinst\/nos-prestations\/produire-vos-supports-multimedias.html\">Centre de soutien \u00e0 l\u2019enseignement<\/a> de l&rsquo;UNIL.<\/p>\n\n\n\n<h4 class=\"wp-block-heading\"><strong><strong>L\u2019activisme dans toutes ses dimensions<\/strong><\/strong><\/h4>\n\n\n\n<p>En quoi jardiner\/cultiver la ville peut-il \u00eatre consid\u00e9r\u00e9 comme un acte de r\u00e9sistance ou de contestation ou comme un acte militant&nbsp;? Telle \u00e9tait la question propos\u00e9e cette ann\u00e9e aux \u00e9tudiant\u00b7e\u00b7s du s\u00e9minaire d\u2019agriculture urbaine. L\u2019id\u00e9e de travailler sur cette question en 2022 est notamment inspir\u00e9e par les travaux de Gustavo Nagib. Postdoctorant \u00e0 l\u2019IGD, ce chercheur br\u00e9silien a men\u00e9 sa recherche doctorale sur la place de l\u2019activisme dans les jardins partag\u00e9s de Sao Paolo et de Paris.&nbsp;<\/p>\n\n\n\n<p>Loin d\u2019une d\u00e9finition arr\u00eat\u00e9e du militantisme et de l\u2019activisme en agriculture urbaine, le s\u00e9minaire a vis\u00e9 au contraire \u00e0 en interroger ses multiples contours. Il s\u2019attache notamment \u00e0 une analyse concr\u00e8te des modes d\u2019engagements, de r\u00e9sistance et de militantismes d\u2019acteurs et d\u2019actrices de l\u2019agriculture urbaine lausannoise.&nbsp;<\/p>\n\n\n\n<p>Au total, huit portraits film\u00e9s ont \u00e9t\u00e9 r\u00e9alis\u00e9s. A partir d\u2019une liste propos\u00e9e par Gustavo Nagib sur la base de ses propres enqu\u00eates, les \u00e9tudiant\u00b7e\u00b7s ont choisi les personnalit\u00e9s dont ils souhaitaient r\u00e9aliser le portrait. Au final, ces travaux offrent un panel tr\u00e8s large de postures engag\u00e9es, des plus radicales aux plus ordinaires, de la zone \u00e0 d\u00e9fendre aux petits gestes militants du quotidien, tout en faisant d\u00e9couvrir les personnalit\u00e9s de celles et ceux qui s\u2019engagent.&nbsp;<\/p>\n\n\n\n<p>Au travers de leurs t\u00e9moignages, on apprend quels sont les profils et les parcours des militant\u00b7es de l\u2019agriculture urbaine \u00e0 Lausanne, quelles sont leurs motivations et parfois les luttes, projets politiques ou utopiques qui s\u2019y rattachent.&nbsp;<\/p>\n\n\n\n<div class=\"wp-block-columns is-layout-flex wp-container-core-columns-is-layout-28f84493 wp-block-columns-is-layout-flex\">\n<div class=\"wp-block-column is-layout-flow wp-block-column-is-layout-flow\">\n<figure class=\"wp-block-embed is-type-video is-provider-youtube wp-block-embed-youtube wp-embed-aspect-16-9 wp-has-aspect-ratio\"><div class=\"wp-block-embed__wrapper\">\n<iframe loading=\"lazy\" title=\"R\u00e9v\u00e9ler les turpitudes du capitalisme par l&#039;agriculture urbaine\" width=\"500\" height=\"281\" src=\"https:\/\/www.youtube.com\/embed\/8-S64U-cwQ0?feature=oembed\" frameborder=\"0\" allow=\"accelerometer; autoplay; clipboard-write; encrypted-media; gyroscope; picture-in-picture; web-share\" referrerpolicy=\"strict-origin-when-cross-origin\" allowfullscreen><\/iframe>\n<\/div><figcaption class=\"wp-element-caption\">R\u00e9v\u00e9ler les turpitudes du capitalisme par l&rsquo;agriculture urbaine &#8211; Entretien avec les militant\u00b7e\u00b7x\u00b7s du Quartier libre de Cland\u00e9<\/figcaption><\/figure>\n<\/div>\n\n\n\n<div class=\"wp-block-column is-layout-flow wp-block-column-is-layout-flow\">\n<figure class=\"wp-block-embed is-type-video is-provider-youtube wp-block-embed-youtube wp-embed-aspect-16-9 wp-has-aspect-ratio\"><div class=\"wp-block-embed__wrapper\">\n<iframe loading=\"lazy\" title=\"Graines de r\u00e9bellion\" width=\"500\" height=\"281\" src=\"https:\/\/www.youtube.com\/embed\/RNgE9Fzyc4k?feature=oembed\" frameborder=\"0\" allow=\"accelerometer; autoplay; clipboard-write; encrypted-media; gyroscope; picture-in-picture; web-share\" referrerpolicy=\"strict-origin-when-cross-origin\" allowfullscreen><\/iframe>\n<\/div><figcaption class=\"wp-element-caption\">Graines de r\u00e9bellion &#8211; Entretien avec Isabelle Veillon de l\u2019association Chailly 2030<\/figcaption><\/figure>\n<\/div>\n\n\n\n<div class=\"wp-block-column is-layout-flow wp-block-column-is-layout-flow\">\n<figure class=\"wp-block-embed is-type-video is-provider-youtube wp-block-embed-youtube wp-embed-aspect-16-9 wp-has-aspect-ratio\"><div class=\"wp-block-embed__wrapper\">\n<iframe loading=\"lazy\" title=\"Les paniers de la Mule : une agriculture urbaine engag\u00e9e ?\" width=\"500\" height=\"281\" src=\"https:\/\/www.youtube.com\/embed\/NTCUkyg5dAw?feature=oembed\" frameborder=\"0\" allow=\"accelerometer; autoplay; clipboard-write; encrypted-media; gyroscope; picture-in-picture; web-share\" referrerpolicy=\"strict-origin-when-cross-origin\" allowfullscreen><\/iframe>\n<\/div><figcaption class=\"wp-element-caption\">Les paniers de la Mule : une agriculture urbaine engag\u00e9e ? &#8211; Entretien avec Alexis Dubout des Paniers de la Mule<\/figcaption><\/figure>\n<\/div>\n<\/div>\n\n\n\n<div class=\"wp-block-columns is-layout-flex wp-container-core-columns-is-layout-28f84493 wp-block-columns-is-layout-flex\">\n<div class=\"wp-block-column is-layout-flow wp-block-column-is-layout-flow\">\n<figure class=\"wp-block-embed is-type-video is-provider-youtube wp-block-embed-youtube wp-embed-aspect-16-9 wp-has-aspect-ratio\"><div class=\"wp-block-embed__wrapper\">\n<iframe loading=\"lazy\" title=\"Redonner le pouvoir d&#039;agir par l&#039;agriculture urbaine\" width=\"500\" height=\"281\" src=\"https:\/\/www.youtube.com\/embed\/R94tg-Y3Z5A?feature=oembed\" frameborder=\"0\" allow=\"accelerometer; autoplay; clipboard-write; encrypted-media; gyroscope; picture-in-picture; web-share\" referrerpolicy=\"strict-origin-when-cross-origin\" allowfullscreen><\/iframe>\n<\/div><figcaption class=\"wp-element-caption\">Redonner le pouvoir d&rsquo;agir par l&rsquo;agriculture urbaine &#8211; Entretien avec Elise Magnenat du Jardin aux 1000 mains<\/figcaption><\/figure>\n<\/div>\n\n\n\n<div class=\"wp-block-column is-layout-flow wp-block-column-is-layout-flow\">\n<figure class=\"wp-block-embed is-type-video is-provider-youtube wp-block-embed-youtube wp-embed-aspect-16-9 wp-has-aspect-ratio\"><div class=\"wp-block-embed__wrapper\">\n<iframe loading=\"lazy\" title=\"Quiconque jardine est un militant\" width=\"500\" height=\"281\" src=\"https:\/\/www.youtube.com\/embed\/W_1NnkvYVRE?feature=oembed\" frameborder=\"0\" allow=\"accelerometer; autoplay; clipboard-write; encrypted-media; gyroscope; picture-in-picture; web-share\" referrerpolicy=\"strict-origin-when-cross-origin\" allowfullscreen><\/iframe>\n<\/div><figcaption class=\"wp-element-caption\">Quiconque jardine est un militant &#8211; Entretien avec Sonia Vieira de Graines de Villes<\/figcaption><\/figure>\n<\/div>\n<\/div>\n\n\n\n<div class=\"wp-block-columns is-layout-flex wp-container-core-columns-is-layout-28f84493 wp-block-columns-is-layout-flex\">\n<div class=\"wp-block-column is-layout-flow wp-block-column-is-layout-flow\">\n<figure class=\"wp-block-embed is-type-video is-provider-youtube wp-block-embed-youtube wp-embed-aspect-16-9 wp-has-aspect-ratio\"><div class=\"wp-block-embed__wrapper\">\n<iframe loading=\"lazy\" title=\"Cultiver l&#039;esprit critique\" width=\"500\" height=\"281\" src=\"https:\/\/www.youtube.com\/embed\/F3SQ_LRwoMU?feature=oembed\" frameborder=\"0\" allow=\"accelerometer; autoplay; clipboard-write; encrypted-media; gyroscope; picture-in-picture; web-share\" referrerpolicy=\"strict-origin-when-cross-origin\" allowfullscreen><\/iframe>\n<\/div><figcaption class=\"wp-element-caption\">Cultiver l&rsquo;esprit critique &#8211; Entretien avec Baptiste de la Ferme de Bassenges<\/figcaption><\/figure>\n<\/div>\n\n\n\n<div class=\"wp-block-column is-layout-flow wp-block-column-is-layout-flow\">\n<figure class=\"wp-block-embed is-type-video is-provider-youtube wp-block-embed-youtube wp-embed-aspect-16-9 wp-has-aspect-ratio\"><div class=\"wp-block-embed__wrapper\">\n<iframe loading=\"lazy\" title=\"Trois militantes de l\u2019association d\u2019\u00e9tudiant-e-s la PEL\" width=\"500\" height=\"281\" src=\"https:\/\/www.youtube.com\/embed\/8iadOybAJIo?feature=oembed\" frameborder=\"0\" allow=\"accelerometer; autoplay; clipboard-write; encrypted-media; gyroscope; picture-in-picture; web-share\" referrerpolicy=\"strict-origin-when-cross-origin\" allowfullscreen><\/iframe>\n<\/div><figcaption class=\"wp-element-caption\">Trois militantes de l\u2019association d\u2019\u00e9tudiant-e-s la PEL<\/figcaption><\/figure>\n<\/div>\n\n\n\n<div class=\"wp-block-column is-layout-flow wp-block-column-is-layout-flow\">\n<figure class=\"wp-block-embed is-type-video is-provider-youtube wp-block-embed-youtube wp-embed-aspect-16-9 wp-has-aspect-ratio\"><div class=\"wp-block-embed__wrapper\">\n<iframe loading=\"lazy\" title=\"Association EnVie Montchoisi : Les petits gestes militants du quotidien\" width=\"500\" height=\"281\" src=\"https:\/\/www.youtube.com\/embed\/f_2TtUHO3mo?feature=oembed\" frameborder=\"0\" allow=\"accelerometer; autoplay; clipboard-write; encrypted-media; gyroscope; picture-in-picture; web-share\" referrerpolicy=\"strict-origin-when-cross-origin\" allowfullscreen><\/iframe>\n<\/div><figcaption class=\"wp-element-caption\">Association EnVie Montchoisi : Les petits gestes militants du quotidien<\/figcaption><\/figure>\n<\/div>\n<\/div>\n\n\n\n<div class=\"wp-block-group alignfull pas-marge-bas has-background is-layout-flow wp-block-group-is-layout-flow\" style=\"background-color:#f2f2f2;padding-top:var(--wp--preset--spacing--30);padding-bottom:var(--wp--preset--spacing--30)\">\n<div class=\"wp-block-group has-global-padding is-layout-constrained wp-block-group-is-layout-constrained\">\n<h4 class=\"wp-block-heading has-text-align-center\">S\u00e9minaire de Master<\/h4>\n\n\n\n<p class=\"has-text-align-center\">Depuis 2020, des \u00e9tudiant\u00b7es de Master interviewent des agriculteur\u00b7rices et de jardinier\u00b7\u00e8res sur leurs rapports \u00e0 la nature, dans le cadre d&rsquo;un s\u00e9minaire en agriculture urbaine.<\/p>\n\n\n\n<p class=\"has-text-align-center\">Le projet continue : retrouvez les entretiens de toutes les sessions, ainsi que les r\u00e9flexions surgissant autour de ces belles rencontres entre humains et non-humains.<\/p>\n<\/div>\n\n\n\n<div style=\"height:11px\" aria-hidden=\"true\" class=\"wp-block-spacer\"><\/div>\n\n\n\n<div class=\"wp-block-group is-content-justification-center is-nowrap is-layout-flex wp-container-core-group-is-layout-23441af8 wp-block-group-is-layout-flex\">\n<div class=\"wp-block-buttons is-horizontal is-content-justification-left is-layout-flex wp-container-core-buttons-is-layout-dab07b9e wp-block-buttons-is-layout-flex\">\n<div class=\"wp-block-button\"><a class=\"wp-block-button__link has-white-color has-text-color has-background wp-element-button\" href=\"https:\/\/wp.unil.ch\/geoblog\/2020\/10\/la-biodiversite-vue-par-9-jardinieres-et-1-jardinier-session-2020\/\" style=\"border-radius:5px;background-color:#00a35a\">2020<\/a><\/div>\n<\/div>\n\n\n\n<div class=\"wp-block-buttons is-horizontal is-content-justification-left is-layout-flex wp-container-core-buttons-is-layout-dab07b9e wp-block-buttons-is-layout-flex\">\n<div class=\"wp-block-button\"><a class=\"wp-block-button__link has-white-color has-text-color has-background wp-element-button\" href=\"https:\/\/wp.unil.ch\/geoblog\/2021\/10\/la-biodiversite-vue-par-les-jardinier\u00b7ere\u00b7s-session-2021\/\" style=\"border-radius:5px;background-color:#00a35a\">2021<\/a><\/div>\n<\/div>\n\n\n\n<div class=\"wp-block-buttons is-horizontal is-content-justification-space-between is-layout-flex wp-container-core-buttons-is-layout-fa30ff44 wp-block-buttons-is-layout-flex\">\n<div class=\"wp-block-button\"><a class=\"wp-block-button__link has-white-color has-text-color has-background wp-element-button\" href=\"https:\/\/wp.unil.ch\/geoblog\/2022\/09\/lagriculture-urbaine-comme-activisme-session-2022\/\" style=\"border-radius:5px;background-color:#00a35a\">2022<\/a><\/div>\n<\/div>\n\n\n\n<div class=\"wp-block-buttons is-horizontal is-content-justification-space-between is-layout-flex wp-container-core-buttons-is-layout-fa30ff44 wp-block-buttons-is-layout-flex\">\n<div class=\"wp-block-button\"><a class=\"wp-block-button__link has-white-color has-text-color has-background wp-element-button\" href=\"https:\/\/wp.unil.ch\/geoblog\/2023\/07\/lagriculture-urbaine-et-les-animaux-du-jardin-session-2023\/\" style=\"border-radius:5px;background-color:#00a35a\">2023<\/a><\/div>\n<\/div>\n\n\n\n<div class=\"wp-block-buttons is-horizontal is-content-justification-center is-layout-flex wp-container-core-buttons-is-layout-03627597 wp-block-buttons-is-layout-flex\">\n<div class=\"wp-block-button\"><a class=\"wp-block-button__link has-white-color has-text-color has-background wp-element-button\" href=\"https:\/\/wp.unil.ch\/geoblog\/2024\/09\/les-interactions-multi-especes-et-lagriculture-urbaine-session-2024\/\" style=\"border-radius:5px;background-color:#00a35a\">2024<\/a><\/div>\n<\/div>\n\n\n\n<div class=\"wp-block-buttons is-horizontal is-content-justification-center is-layout-flex wp-container-core-buttons-is-layout-03627597 wp-block-buttons-is-layout-flex\">\n<div class=\"wp-block-button\"><a class=\"wp-block-button__link has-white-color has-text-color has-background wp-element-button\" href=\"https:\/\/wp.unil.ch\/geoblog\/2025\/10\/la-coexistence-avec-les-oiseaux-session-2025\/\" style=\"border-radius:5px;background-color:#00a35a\">2025<\/a><\/div>\n<\/div>\n<\/div>\n\n\n\n<div style=\"height:10px\" aria-hidden=\"true\" class=\"wp-block-spacer\"><\/div>\n<\/div>\n","protected":false},"excerpt":{"rendered":"<p>D\u00e9couvrez l\u2019engagement des Lausannois\u00b7es dans l\u2019agriculture urbaine&nbsp;! Des \u00e9tudiant\u00b7e\u00b7s de Master ont r\u00e9alis\u00e9 ces portraits film\u00e9s dans le cadre du s\u00e9minaire d\u2019agriculture urbaine en 2022. Toutes les vid\u00e9os sont disponibles en pied de cet article. Sous la direction de&nbsp;Jo\u00eblle Salomon Cavin, Ma\u00eetre d\u2019enseignement et de recherche \u00e0 l\u2019Institut de g\u00e9ographie et durabilit\u00e9 (IGD) et de&nbsp;Gustavo [&hellip;]<\/p>\n","protected":false},"author":1001921,"featured_media":8686,"comment_status":"open","ping_status":"closed","sticky":false,"template":"","format":"standard","meta":{"_seopress_robots_primary_cat":"","_seopress_titles_title":"","_seopress_titles_desc":"","_seopress_robots_index":"","footnotes":"","_links_to":"","_links_to_target":""},"categories":[67039,67189],"tags":[66997],"class_list":{"0":"post-8659","1":"post","2":"type-post","3":"status-publish","4":"format-standard","5":"has-post-thumbnail","7":"category-agriculture-urbaine","8":"category-travaux-detudiants","9":"tag-joelle-salomon-cavin"},"_links":{"self":[{"href":"https:\/\/wp.unil.ch\/geoblog\/wp-json\/wp\/v2\/posts\/8659","targetHints":{"allow":["GET"]}}],"collection":[{"href":"https:\/\/wp.unil.ch\/geoblog\/wp-json\/wp\/v2\/posts"}],"about":[{"href":"https:\/\/wp.unil.ch\/geoblog\/wp-json\/wp\/v2\/types\/post"}],"author":[{"embeddable":true,"href":"https:\/\/wp.unil.ch\/geoblog\/wp-json\/wp\/v2\/users\/1001921"}],"replies":[{"embeddable":true,"href":"https:\/\/wp.unil.ch\/geoblog\/wp-json\/wp\/v2\/comments?post=8659"}],"version-history":[{"count":2,"href":"https:\/\/wp.unil.ch\/geoblog\/wp-json\/wp\/v2\/posts\/8659\/revisions"}],"predecessor-version":[{"id":11896,"href":"https:\/\/wp.unil.ch\/geoblog\/wp-json\/wp\/v2\/posts\/8659\/revisions\/11896"}],"wp:featuredmedia":[{"embeddable":true,"href":"https:\/\/wp.unil.ch\/geoblog\/wp-json\/wp\/v2\/media\/8686"}],"wp:attachment":[{"href":"https:\/\/wp.unil.ch\/geoblog\/wp-json\/wp\/v2\/media?parent=8659"}],"wp:term":[{"taxonomy":"category","embeddable":true,"href":"https:\/\/wp.unil.ch\/geoblog\/wp-json\/wp\/v2\/categories?post=8659"},{"taxonomy":"post_tag","embeddable":true,"href":"https:\/\/wp.unil.ch\/geoblog\/wp-json\/wp\/v2\/tags?post=8659"}],"curies":[{"name":"wp","href":"https:\/\/api.w.org\/{rel}","templated":true}]}}