{"id":7781,"date":"2022-02-10T14:01:27","date_gmt":"2022-02-10T13:01:27","guid":{"rendered":"https:\/\/wp.unil.ch\/geoblog\/?p=7781"},"modified":"2022-04-12T10:51:39","modified_gmt":"2022-04-12T08:51:39","slug":"lorigine-de-lor-ce-precieux-metal-dispose-desormais-de-son-passeport-geoforensique","status":"publish","type":"post","link":"https:\/\/wp.unil.ch\/geoblog\/2022\/02\/lorigine-de-lor-ce-precieux-metal-dispose-desormais-de-son-passeport-geoforensique\/","title":{"rendered":"L&rsquo;origine de l&rsquo;or: ce pr\u00e9cieux m\u00e9tal dispose d\u00e9sormais de son passeport g\u00e9oforensique"},"content":{"rendered":"\n<div class=\"wp-block-group has-background is-layout-flow wp-block-group-is-layout-flow\" style=\"background-color:#f2f2f2\">\n<div class=\"wp-block-image is-style-rounded\"><figure class=\"alignleft size-large is-resized\"><a href=\"https:\/\/wp.unil.ch\/geoblog\/files\/2022\/02\/beck.jpg\"><img alt=\"\" loading=\"lazy\" decoding=\"async\" src=\"https:\/\/wp.unil.ch\/geoblog\/files\/2022\/02\/beck-1024x1024.jpg\" alt=\"\" class=\"wp-image-7787\" width=\"220\" height=\"220\" srcset=\"https:\/\/wp.unil.ch\/geoblog\/files\/2022\/02\/beck-1024x1024.jpg 1024w, https:\/\/wp.unil.ch\/geoblog\/files\/2022\/02\/beck-300x300.jpg 300w, https:\/\/wp.unil.ch\/geoblog\/files\/2022\/02\/beck-150x150.jpg 150w, https:\/\/wp.unil.ch\/geoblog\/files\/2022\/02\/beck-768x768.jpg 768w, https:\/\/wp.unil.ch\/geoblog\/files\/2022\/02\/beck.jpg 1200w\" sizes=\"auto, (max-width: 220px) 100vw, 220px\" \/><\/a><figcaption>Barbara Beck, Institut des sciences de la Terre<\/figcaption><\/figure><\/div>\n\n\n\n<p><strong>Dans le cadre d\u2019un projet <a href=\"#innosuisse\">Innosuisse<\/a>, la&nbsp;<\/strong><a href=\"https:\/\/applicationspub.unil.ch\/interpub\/noauth\/php\/Un\/UnPers.php?PerNum=890342&amp;LanCode=37\"><strong>Dr Barbara Beck,<\/strong><\/a><strong>&nbsp;chercheuse \u00e0 l\u2019Institut des sciences de la Terre et sp\u00e9cialiste en arch\u00e9om\u00e9trie, a mis au point une m\u00e9thode innovante, rapide et peu on\u00e9reuse permettant de valider l\u2019origine des \u00e9chantillons d\u2019or trait\u00e9s par les affineurs en Suisse (projet men\u00e9 en collaboration avec l\u2019entreprise Metalor).<\/strong><\/p>\n\n\n\n<div style=\"height:1px\" aria-hidden=\"true\" class=\"wp-block-spacer\"><\/div>\n<\/div>\n\n\n\n<h4 class=\"wp-block-heading\" id=\"du-commerce-de-l-argent-valaisan-a-l-affinage-de-l-or\">Du commerce de l\u2019argent valaisan \u00e0 l\u2019affinage de l\u2019or<\/h4>\n\n\n\n<p>Sp\u00e9cialiste en arch\u00e9om\u00e9trie, B. Beck avait&nbsp;d\u00e9velopp\u00e9&nbsp;durant sa th\u00e8se&nbsp;une m\u00e9thode permettant de d\u00e9terminer la signature chimique de minerais de plomb et d\u2019argent issus des mines valaisannes. Gr\u00e2ce \u00e0 cette signature, elle a pu retracer les circuits commerciaux \u00e9tablis dans cette r\u00e9gion de l\u2019\u00c2ge du Fer jusqu\u2019au Moyen \u00c2ge.<\/p>\n\n\n\n<p>Apr\u00e8s avoir adapt\u00e9 sa m\u00e9thode \u00e0 d\u2019autres m\u00e9taux comme le cuivre, B. Beck s\u2019est int\u00e9ress\u00e9e au cas de l\u2019or, la rapprochant ainsi d\u2019enjeux plus actuels. En effet entre 50 et 60% de la production mondiale d\u2019or est affin\u00e9e en Suisse. Les diverses parties prenantes (Etat, affineurs, organes de contr\u00f4les) se pr\u00e9occupent de pouvoir valider son origine, afin de pouvoir garantir qu\u2019il provient d\u2019une production \u00e9thique et contr\u00f4l\u00e9e du point de vue environnemental (voir liens en fin d\u2019article).<\/p>\n\n\n\n<h4 class=\"wp-block-heading\" id=\"une-collaboration-entre-recherche-scientifique-et-entreprise-privee\">Une collaboration entre recherche scientifique et entreprise priv\u00e9e<\/h4>\n\n\n\n<p>Initi\u00e9 en 2016, puis concr\u00e9tis\u00e9 en 2019,&nbsp;un projet Innosuisse a \u00e9t\u00e9 men\u00e9 conjointement par Dr. Barbara Beck et l\u2019entreprise Metalor (l\u2019un des plus importants affineurs d\u2019or mondial). L\u2019objectif \u00e9tait de d\u00e9velopper une m\u00e9thode rapide et fiable permettant de confirmer l\u2019origine de l\u2019or trait\u00e9 dans les cha\u00eenes d\u2019affinage. B. Beck a pu acc\u00e9der \u00e0 des \u00e9chantillons d\u2019or de diverses provenances ainsi qu\u2019\u00e0 une base de donn\u00e9es d\u2019analyses chimiques de dor\u00e9s (lingots d\u2019or non affin\u00e9s) de l\u2019entreprise. De son c\u00f4t\u00e9, Metalor a b\u00e9n\u00e9fici\u00e9 de la mise au point de la m\u00e9thode de confirmation de l\u2019origine de ses dor\u00e9s.<\/p>\n\n\n\n<h4 class=\"wp-block-heading\" id=\"une-methode-rapide-et-peu-couteuse\">Une m\u00e9thode rapide et peu co\u00fbteuse<\/h4>\n\n\n\n<div class=\"wp-block-columns is-layout-flex wp-container-core-columns-is-layout-28f84493 wp-block-columns-is-layout-flex\">\n<div class=\"wp-block-column is-layout-flow wp-block-column-is-layout-flow\" style=\"flex-basis:66.66%\">\n<p>La m\u00e9thode utilis\u00e9e se devait d\u2019\u00eatre rapide et peu co\u00fbteuse (=int\u00e9gr\u00e9e dans le processus d\u2019affinage). Les dor\u00e9s sont analys\u00e9s par fluoresence rayons X (ED-XRF), ce qui permet de mesurer la proportion d\u2019une vingtaine d\u2019\u00e9l\u00e9ments composant l\u2019\u00e9chantillon. En comparant cette \u201csignature\u201c chimique avec celles des \u00e9chantillons enregistr\u00e9s dans la base de donn\u00e9es, l\u2019origine du dor\u00e9 peut \u00eatre confirm\u00e9e et son&nbsp;<em>passeport g\u00e9oforensique&nbsp;<\/em>est \u00e9tabli.<\/p>\n\n\n\n<p>Dans environ 10% des cas un doute subsiste quant \u00e0 l\u2019origine de l\u2019\u00e9chantillon. Il peut en effet y avoir des variations de composition de minerais d\u2019or de m\u00eame origine, selon les filons exploit\u00e9s ou le traitement des \u00e9chantillons au sortir de la mine. Dans ces cas-l\u00e0, une analyse isotopique est r\u00e9alis\u00e9e pour une \u00e9valuation plus pr\u00e9cise.<\/p>\n\n\n\n<figure class=\"wp-block-image size-full\"><a href=\"https:\/\/wp.unil.ch\/geoblog\/files\/2022\/02\/analyse-isotopique.jpg\"><img alt=\"\" loading=\"lazy\" decoding=\"async\" width=\"175\" height=\"173\" src=\"https:\/\/wp.unil.ch\/geoblog\/files\/2022\/02\/analyse-isotopique.jpg\" alt=\"\" class=\"wp-image-7793\" \/><\/a><figcaption>Passeport g\u00e9oforensique d\u2019un fournisseur&nbsp;: projection tridimensionnelle d\u2019une analyse en composante principale (ACP) des \u00e9chantillons analys\u00e9s. L\u2019analyse statistique totale comprend une quinzaine d\u2019axes. Chaque point correspond \u00e0 un dor\u00e9 de ce fournisseur. Les diff\u00e9rentes couleurs renvoient \u00e0 des dor\u00e9s issus de diff\u00e9rents filons.&nbsp;<\/figcaption><\/figure>\n<\/div>\n\n\n\n<div class=\"wp-block-column is-layout-flow wp-block-column-is-layout-flow\" style=\"flex-basis:33.33%\">\n<p class=\"has-background\" style=\"background-color:#e5e0e6\">La m\u00e9thode repose sur des analyses statistiques complexes prenant en compte la vingtaine de facteurs d\u00e9crivant la composition chimique des \u00e9chantillons. B. Beck a con\u00e7u le mod\u00e8le statistique et d\u00e9velopp\u00e9 un programme informatique permettant l\u2019interpr\u00e9tation quasi instantan\u00e9e de la composition chimique des dor\u00e9s qui confirme &#8211; ou non &#8211; l\u2019origine de l\u2019\u00e9chantillon.<\/p>\n<\/div>\n<\/div>\n\n\n\n<h4 class=\"wp-block-heading\" id=\"un-interet-multiple-et-international\">Un int\u00e9r\u00eat multiple et international<\/h4>\n\n\n\n<p>Les r\u00e9sultats obtenus confirment que cette m\u00e9thode est efficace pour d\u00e9terminer l\u2019origine de l\u2019or provenant de mines industrielles. Elle est rapide et peu co\u00fbteuse et permet aux affineurs d\u2019avoir un certain contr\u00f4le sur leurs fournisseurs.&nbsp;Ces r\u00e9sultats ont fait l\u2019objet de plusieurs publications dans des revues internationales. Plusieurs entreprises d\u2019affinage, joailliers et autorit\u00e9s commerciales ont montr\u00e9 de l\u2019int\u00e9r\u00eat pour cette m\u00e9thode, dont la London Bullion Market Association (LBMA &#8211; association commerciale qui g\u00e8re les r\u00e8gles du march\u00e9 mondial de l&rsquo;or) qui salue&nbsp;<em>sa contribution \u00e0 la confiance et la transparence du commerce des m\u00e9taux pr\u00e9cieux.<\/em><\/p>\n\n\n\n<div class=\"wp-block-image\"><figure class=\"alignright size-large is-resized\"><a href=\"https:\/\/wp.unil.ch\/geoblog\/files\/2022\/02\/deblais-mine.jpg\"><img alt=\"\" decoding=\"async\" src=\"https:\/\/wp.unil.ch\/geoblog\/files\/2022\/02\/deblais-mine-1024x683.jpg\" alt=\"\" class=\"wp-image-7797\" width=\"350\" srcset=\"https:\/\/wp.unil.ch\/geoblog\/files\/2022\/02\/deblais-mine-1024x683.jpg 1024w, https:\/\/wp.unil.ch\/geoblog\/files\/2022\/02\/deblais-mine-300x200.jpg 300w, https:\/\/wp.unil.ch\/geoblog\/files\/2022\/02\/deblais-mine-768x512.jpg 768w, https:\/\/wp.unil.ch\/geoblog\/files\/2022\/02\/deblais-mine-1536x1024.jpg 1536w, https:\/\/wp.unil.ch\/geoblog\/files\/2022\/02\/deblais-mine-1320x880.jpg 1320w, https:\/\/wp.unil.ch\/geoblog\/files\/2022\/02\/deblais-mine.jpg 1800w\" sizes=\"(max-width: 1024px) 100vw, 1024px\" \/><\/a><figcaption>Deux femmes sur des d\u00e9blais de mine \u00e0 La Rinconada au P\u00e9rou (photo B. Beck)<\/figcaption><\/figure><\/div>\n\n\n\n<p>Au-del\u00e0 de la science et de la m\u00e9thodologie cette exp\u00e9rience rel\u00e8ve des enjeux sociologiques et \u00e9thiques li\u00e9s \u00e0 l\u2019exploitation de ressources de valeur telles que l\u2019or dans des r\u00e9gions souvent tr\u00e8s pauvres : dans quelle mesure la population locale profite-t-elle de l\u2019exploitation mini\u00e8re industrielle,&nbsp;souvent aux mains d\u2019entreprises \u00e9trang\u00e8res ? Quel est le bilan entre l\u2019apport de revenus indispensables des mines artisanales et le bilan \u00e9cologique&nbsp;de ces exploitations ?&nbsp;&nbsp;<\/p>\n\n\n\n<h4 class=\"wp-block-heading\" id=\"l-experience-de-terrain-une-ruee-vers-l-or-moderne\">L\u2019exp\u00e9rience de terrain \u2013 une \u00ab\u00a0ru\u00e9e vers l\u2019or\u00a0\u00bb moderne<\/h4>\n\n\n\n<p>B. Beck s\u2019est rendue au P\u00e9rou pour r\u00e9colter des \u00e9chantillons. Elle a \u00e9t\u00e9 soutenue par la Swiss Better Gold Association et l\u2019ambassade de Suisse qui ont facilit\u00e9 le contact avec les mineurs artisanaux, souvent tr\u00e8s m\u00e9fiants envers les journalistes et chercheurs \u00e9trangers. Et pour cause, des conditions de vie parfois extr\u00eamement difficiles (altitude \u00e9lev\u00e9e, pas d\u2019eau courante, habitations de t\u00f4le), des structures \u00e9tatiques al\u00e9atoires, une criminalit\u00e9 florissante, les rendant cible facile \u00e0 toutes critiques ext\u00e9rieures. Pourtant, ces petites mines&nbsp;apportent un revenu modeste mais important \u00e0 l\u2019\u00e9conomie locale, qui \u00e9volue en contraste total avec les soci\u00e9t\u00e9s tr\u00e8s peu d\u00e9velopp\u00e9es des vall\u00e9es proches. Malgr\u00e9 la r\u00e9putation parfois tr\u00e8s mauvaise de ces mines, elles apportent des perspectives aussi bien financi\u00e8res \u00e0 une population souvent oubli\u00e9e par l\u2019Etat. Cette situation devient un r\u00e9el casse-t\u00eate&nbsp;:&nbsp;une soci\u00e9t\u00e9 grandissante mais d\u00e9laiss\u00e9e, se d\u00e9brouillant plus ou moins dans une cha\u00eene d\u2019approvisionnement ill\u00e9gale, ignorante parfois des d\u00e9fis environnementaux et sociaux.<\/p>\n\n\n\n<figure class=\"wp-block-gallery has-nested-images columns-2 is-cropped wp-block-gallery-1 is-layout-flex wp-block-gallery-is-layout-flex\">\n<figure class=\"wp-block-image size-large\"><a href=\"https:\/\/wp.unil.ch\/geoblog\/files\/2022\/02\/boulette-or.jpg\"><img alt=\"\" loading=\"lazy\" decoding=\"async\" width=\"1024\" height=\"1002\" data-id=\"7801\" src=\"https:\/\/wp.unil.ch\/geoblog\/files\/2022\/02\/boulette-or-1024x1002.jpg\" alt=\"\" class=\"wp-image-7801\" srcset=\"https:\/\/wp.unil.ch\/geoblog\/files\/2022\/02\/boulette-or-1024x1002.jpg 1024w, https:\/\/wp.unil.ch\/geoblog\/files\/2022\/02\/boulette-or-300x294.jpg 300w, https:\/\/wp.unil.ch\/geoblog\/files\/2022\/02\/boulette-or-768x752.jpg 768w, https:\/\/wp.unil.ch\/geoblog\/files\/2022\/02\/boulette-or.jpg 1226w\" sizes=\"auto, (max-width: 1024px) 100vw, 1024px\" \/><\/a><figcaption>Boulette d\u2019or apr\u00e8s amalgamation<\/figcaption><\/figure>\n\n\n\n<figure class=\"wp-block-image size-large\"><a href=\"https:\/\/wp.unil.ch\/geoblog\/files\/2022\/02\/autel.jpg\"><img alt=\"\" loading=\"lazy\" decoding=\"async\" width=\"724\" height=\"1024\" data-id=\"7799\" src=\"https:\/\/wp.unil.ch\/geoblog\/files\/2022\/02\/autel-724x1024.jpg\" alt=\"\" class=\"wp-image-7799\" srcset=\"https:\/\/wp.unil.ch\/geoblog\/files\/2022\/02\/autel-724x1024.jpg 724w, https:\/\/wp.unil.ch\/geoblog\/files\/2022\/02\/autel-212x300.jpg 212w, https:\/\/wp.unil.ch\/geoblog\/files\/2022\/02\/autel-768x1087.jpg 768w, https:\/\/wp.unil.ch\/geoblog\/files\/2022\/02\/autel.jpg 848w\" sizes=\"auto, (max-width: 724px) 100vw, 724px\" \/><\/a><figcaption>\u00a0<br>Autel \u00e0 l\u2019entr\u00e9e d\u2019une exploitation artisanale d\u2019or sur\u00a0l\u2019Altiplano p\u00e9ruvien<\/figcaption><\/figure>\n\n\n\n<figure class=\"wp-block-image size-large\"><a href=\"https:\/\/wp.unil.ch\/geoblog\/files\/2022\/02\/rue.jpg\"><img alt=\"\" loading=\"lazy\" decoding=\"async\" width=\"1024\" height=\"683\" data-id=\"7803\" src=\"https:\/\/wp.unil.ch\/geoblog\/files\/2022\/02\/rue-1024x683.jpg\" alt=\"\" class=\"wp-image-7803\" srcset=\"https:\/\/wp.unil.ch\/geoblog\/files\/2022\/02\/rue-1024x683.jpg 1024w, https:\/\/wp.unil.ch\/geoblog\/files\/2022\/02\/rue-300x200.jpg 300w, https:\/\/wp.unil.ch\/geoblog\/files\/2022\/02\/rue-768x512.jpg 768w, https:\/\/wp.unil.ch\/geoblog\/files\/2022\/02\/rue-1536x1024.jpg 1536w, https:\/\/wp.unil.ch\/geoblog\/files\/2022\/02\/rue-1320x880.jpg 1320w, https:\/\/wp.unil.ch\/geoblog\/files\/2022\/02\/rue.jpg 1800w\" sizes=\"auto, (max-width: 1024px) 100vw, 1024px\" \/><\/a><figcaption>Rue d\u2019un quartier de La Rinconada, une cit\u00e9 mini\u00e8re cr\u00e9\u00e9e autour de mines artisanales (photos S. Ansermet)<\/figcaption><\/figure>\n<\/figure>\n\n\n\n<p>Pour la suite, B. Beck aimerait davantage travailler sur l\u2019or provenant de mines artisanales, et suivre l\u2019\u00e9volution de sa composition chimique sur les diff\u00e9rentes \u00e9tapes depuis l\u2019extraction jusqu\u2019\u00e0 l\u2019affinage.&nbsp;&nbsp;Ceci permettrait d\u2019int\u00e9grer les fili\u00e8res artisanales dans une cha\u00eene d\u2019approvisionnement l\u00e9gal, et donner ainsi les bases pour des exploitations respectueuses de l\u2019environnement et des standards sociaux.&nbsp;Elle souhaiterait \u00e9galement d\u00e9velopper sa m\u00e9thode sur d\u2019autres ressources \u201ccritiques\u201c comme les terres rares.<\/p>\n\n\n\n<h4 class=\"wp-block-heading\" id=\"pour-mieux-connaitre-barbara-beck-et-ses-projets-de-recherches\">Pour mieux conna\u00eetre Barbara Beck et ses projets de recherches<\/h4>\n\n\n\n<ul class=\"wp-block-list\"><li><a href=\"https:\/\/www.unil.ch\/unisciences\/barbarabeck\">Page Uniscience de Barbara Beck<\/a><\/li><li><a href=\"https:\/\/gold-dna.ch\/projects\/\">Towards transparency in the supply of mined gold \u2013 an approach based on scientific analyses<\/a><\/li><\/ul>\n\n\n\n<div id=\"innosuisse\" class=\"wp-block-group has-background is-layout-flow wp-block-group-is-layout-flow\" style=\"background-color:#f2f2f2\">\n<p><a href=\"https:\/\/www.innosuisse.ch\/inno\/fr\/home.html\"><strong>Innosuisse<\/strong><\/a>&nbsp;est&nbsp;<em>l\u2019Agence suisse pour l\u2019encouragement de l&rsquo;innovation<\/em>. Ses objectifs strat\u00e9giques sont d\u00e9finis par le Conseil f\u00e9d\u00e9ral et visent notamment \u00e0 acc\u00e9l\u00e9rer le transfert des connaissances de la recherche vers l\u2019\u00e9conomie.&nbsp;Divers fonds d\u2019encouragement sont propos\u00e9s, afin de favoriser la mise en relation entre les entreprises et la recherche scientifique, ainsi que la mise en application de r\u00e9sultats de recherche. Ils sont pr\u00e9sent\u00e9s sur le site&nbsp;<a href=\"https:\/\/wp.unil.ch\/georeka\/innossuisse\/\">Georeka.<\/a><\/p>\n\n\n\n<p>Depuis 2021 Innosuisse et le FNS coop\u00e8rent \u00e9troitement en termes d\u2019instruments d\u2019encouragement.<\/p>\n<\/div>\n","protected":false},"excerpt":{"rendered":"<p>Dans le cadre d\u2019un projet Innosuisse, la&nbsp;Dr Barbara Beck,&nbsp;chercheuse \u00e0 l\u2019Institut des sciences de la Terre et sp\u00e9cialiste en arch\u00e9om\u00e9trie, a mis au point une m\u00e9thode innovante, rapide et peu on\u00e9reuse permettant de valider l\u2019origine des \u00e9chantillons d\u2019or trait\u00e9s par les affineurs en Suisse (projet men\u00e9 en collaboration avec l\u2019entreprise Metalor). Du commerce de l\u2019argent [&hellip;]<\/p>\n","protected":false},"author":1002284,"featured_media":7803,"comment_status":"open","ping_status":"closed","sticky":false,"template":"","format":"standard","meta":{"_seopress_robots_primary_cat":"","_seopress_titles_title":"","_seopress_titles_desc":"","_seopress_robots_index":"","footnotes":"","_links_to":"","_links_to_target":""},"categories":[67089,66905],"tags":[67102],"class_list":{"0":"post-7781","1":"post","2":"type-post","3":"status-publish","4":"format-standard","5":"has-post-thumbnail","7":"category-portraits-de-projets","8":"category-recherche-en-action","9":"tag-barbara-beck"},"_links":{"self":[{"href":"https:\/\/wp.unil.ch\/geoblog\/wp-json\/wp\/v2\/posts\/7781","targetHints":{"allow":["GET"]}}],"collection":[{"href":"https:\/\/wp.unil.ch\/geoblog\/wp-json\/wp\/v2\/posts"}],"about":[{"href":"https:\/\/wp.unil.ch\/geoblog\/wp-json\/wp\/v2\/types\/post"}],"author":[{"embeddable":true,"href":"https:\/\/wp.unil.ch\/geoblog\/wp-json\/wp\/v2\/users\/1002284"}],"replies":[{"embeddable":true,"href":"https:\/\/wp.unil.ch\/geoblog\/wp-json\/wp\/v2\/comments?post=7781"}],"version-history":[{"count":0,"href":"https:\/\/wp.unil.ch\/geoblog\/wp-json\/wp\/v2\/posts\/7781\/revisions"}],"wp:featuredmedia":[{"embeddable":true,"href":"https:\/\/wp.unil.ch\/geoblog\/wp-json\/wp\/v2\/media\/7803"}],"wp:attachment":[{"href":"https:\/\/wp.unil.ch\/geoblog\/wp-json\/wp\/v2\/media?parent=7781"}],"wp:term":[{"taxonomy":"category","embeddable":true,"href":"https:\/\/wp.unil.ch\/geoblog\/wp-json\/wp\/v2\/categories?post=7781"},{"taxonomy":"post_tag","embeddable":true,"href":"https:\/\/wp.unil.ch\/geoblog\/wp-json\/wp\/v2\/tags?post=7781"}],"curies":[{"name":"wp","href":"https:\/\/api.w.org\/{rel}","templated":true}]}}