{"id":4703,"date":"2019-10-07T14:24:41","date_gmt":"2019-10-07T12:24:41","guid":{"rendered":"http:\/\/wp.unil.ch\/geoblog\/?p=4703"},"modified":"2025-08-19T08:15:36","modified_gmt":"2025-08-19T06:15:36","slug":"la-conservation-dune-savane-tropicale-en-afrique-centrale-de-lhistoire-et-la-culture-a-la-politique","status":"publish","type":"post","link":"https:\/\/wp.unil.ch\/geoblog\/2019\/10\/la-conservation-dune-savane-tropicale-en-afrique-centrale-de-lhistoire-et-la-culture-a-la-politique\/","title":{"rendered":"La conservation d&rsquo;une savane tropicale en Afrique centrale : de l&rsquo;histoire et la culture \u00e0 la politique"},"content":{"rendered":"\n<p>Conf\u00e9rence de la prof. Gretchen WALTERS, Institut de g\u00e9ographie et durabilit\u00e9, dans le cadre de la C\u00e9r\u00e9monie d&rsquo;ouverture des cours pour l&rsquo;ann\u00e9e acad\u00e9mique 2018-2019.<\/p>\n\n\n\n<div class=\"wp-block-columns is-layout-flex wp-container-core-columns-is-layout-28f84493 wp-block-columns-is-layout-flex\">\n<div class=\"wp-block-column is-layout-flow wp-block-column-is-layout-flow\" style=\"flex-basis:100%\">\n<figure class=\"wp-block-video\"><video controls poster=\"https:\/\/av.unil.ch\/hva\/3559\/19-fgse-ouverture_hd.png\" preload=\"true\" src=\"https:\/\/av.unil.ch\/hva\/3559\/19-fgse-ouverture_hd.mp4\"><\/video><\/figure>\n<\/div>\n<\/div>\n","protected":false},"excerpt":{"rendered":"<p>Conf\u00e9rence de la prof. Gretchen WALTERS, Institut de g\u00e9ographie et durabilit\u00e9, dans le cadre de la C\u00e9r\u00e9monie d&rsquo;ouverture des cours pour l&rsquo;ann\u00e9e acad\u00e9mique 2018-2019.<\/p>\n","protected":false},"author":47,"featured_media":4705,"comment_status":"open","ping_status":"closed","sticky":false,"template":"","format":"video","meta":{"_seopress_robots_primary_cat":"","_seopress_titles_title":"","_seopress_titles_desc":"","_seopress_robots_index":"","footnotes":"","_links_to":"","_links_to_target":""},"categories":[5798],"tags":[67023],"class_list":{"0":"post-4703","1":"post","2":"type-post","3":"status-publish","4":"format-video","5":"has-post-thumbnail","7":"category-evenements","8":"tag-gretchen-walters","9":"post_format-post-format-video"},"_links":{"self":[{"href":"https:\/\/wp.unil.ch\/geoblog\/wp-json\/wp\/v2\/posts\/4703","targetHints":{"allow":["GET"]}}],"collection":[{"href":"https:\/\/wp.unil.ch\/geoblog\/wp-json\/wp\/v2\/posts"}],"about":[{"href":"https:\/\/wp.unil.ch\/geoblog\/wp-json\/wp\/v2\/types\/post"}],"author":[{"embeddable":true,"href":"https:\/\/wp.unil.ch\/geoblog\/wp-json\/wp\/v2\/users\/47"}],"replies":[{"embeddable":true,"href":"https:\/\/wp.unil.ch\/geoblog\/wp-json\/wp\/v2\/comments?post=4703"}],"version-history":[{"count":1,"href":"https:\/\/wp.unil.ch\/geoblog\/wp-json\/wp\/v2\/posts\/4703\/revisions"}],"predecessor-version":[{"id":12977,"href":"https:\/\/wp.unil.ch\/geoblog\/wp-json\/wp\/v2\/posts\/4703\/revisions\/12977"}],"wp:featuredmedia":[{"embeddable":true,"href":"https:\/\/wp.unil.ch\/geoblog\/wp-json\/wp\/v2\/media\/4705"}],"wp:attachment":[{"href":"https:\/\/wp.unil.ch\/geoblog\/wp-json\/wp\/v2\/media?parent=4703"}],"wp:term":[{"taxonomy":"category","embeddable":true,"href":"https:\/\/wp.unil.ch\/geoblog\/wp-json\/wp\/v2\/categories?post=4703"},{"taxonomy":"post_tag","embeddable":true,"href":"https:\/\/wp.unil.ch\/geoblog\/wp-json\/wp\/v2\/tags?post=4703"}],"curies":[{"name":"wp","href":"https:\/\/api.w.org\/{rel}","templated":true}]}}