{"id":2300,"date":"2016-09-18T20:03:47","date_gmt":"2016-09-18T18:03:47","guid":{"rendered":"http:\/\/wp.unil.ch\/geoblog\/?p=2300"},"modified":"2024-06-07T15:07:41","modified_gmt":"2024-06-07T13:07:41","slug":"peninsule-du-yamal-le-pergelisol-comme-agent-invisible-du-rapport-au-sol","status":"publish","type":"post","link":"https:\/\/wp.unil.ch\/geoblog\/2016\/09\/peninsule-du-yamal-le-pergelisol-comme-agent-invisible-du-rapport-au-sol\/","title":{"rendered":"P\u00e9ninsule du Yamal\u00a0: le perg\u00e9lisol comme agent \u00ab\u00a0invisible\u00a0\u00bb du rapport au sol"},"content":{"rendered":"\n<div class=\"wp-block-buttons is-content-justification-right is-layout-flex wp-container-core-buttons-is-layout-e351d09b wp-block-buttons-is-layout-flex\" style=\"margin-top:0;margin-bottom:0\">\n<div class=\"wp-block-button is-style-outline is-style-outline--1\"><a class=\"wp-block-button__link has-white-color has-accent-3-background-color has-text-color has-background has-link-color has-border-color has-accent-1-border-color has-medium-font-size has-text-align-right has-custom-font-size wp-element-button\" href=\"https:\/\/wp.unil.ch\/geoblog\/category\/travaux-detudiants\/\" style=\"border-width:1px;border-radius:40px;padding-top:var(--wp--preset--spacing--20);padding-right:var(--wp--preset--spacing--30);padding-bottom:var(--wp--preset--spacing--20);padding-left:var(--wp--preset--spacing--30)\"><strong>Travaux d&rsquo;\u00e9tudiant\u00b7es<\/strong><\/a><\/div>\n<\/div>\n\n\n\n<p>La p\u00e9ninsule du Yamal correspond \u00e0 une vaste plaine c\u00f4ti\u00e8re d\u00e9limit\u00e9e par l\u2019estuaire de l\u2019Ob au Sud et par la mer de Kara au Nord. Il est constitu\u00e9 de zones mar\u00e9cageuses de faibles altitudes correspondant \u00e0 la couche sup\u00e9rieure du perg\u00e9lisol.<\/p>\n\n\n\n<p>Ce qui frappe lors de notre survol de la zone en h\u00e9licopt\u00e8re, c\u2019est tout simplement l\u2019omnipr\u00e9sence des diff\u00e9rentes \u00e9tendues d\u2019eau&nbsp;: fleuves, m\u00e9andres et mares de thermokarst (ndlr&nbsp;: d\u00e9pressions emplies d\u2019eau et form\u00e9es par la fonte de la couche sup\u00e9rieure du perg\u00e9lisol).<\/p>\n\n\n\n<p>Les variations dans l\u2019\u00e9paississement de cette couche sup\u00e9rieure ou \u00ab&nbsp;active&nbsp;\u00bb du perg\u00e9lisol repr\u00e9sentent l\u2019indicateur par excellence du changement climatique ainsi que du rapport au sol des habitants de Sib\u00e9rie. Sujette directe aux fluctuations de temp\u00e9ratures, cette couche haute fond sur ses premiers m\u00e8tres durant la p\u00e9riode estivale en raison de l\u2019augmentation des temp\u00e9ratures et du rayonnement solaire.<\/p>\n\n\n\n<figure class=\"wp-block-image aligncenter\"><a href=\"https:\/\/wp.unil.ch\/geoblog\/files\/2016\/09\/yamal-2.jpg\"><img alt=\"\" loading=\"lazy\" decoding=\"async\" width=\"1000\" height=\"667\" src=\"https:\/\/wp.unil.ch\/geoblog\/files\/2016\/09\/yamal-2.jpg\" alt=\"\" class=\"wp-image-3724\" srcset=\"https:\/\/wp.unil.ch\/geoblog\/files\/2016\/09\/yamal-2.jpg 1000w, https:\/\/wp.unil.ch\/geoblog\/files\/2016\/09\/yamal-2-300x200.jpg 300w, https:\/\/wp.unil.ch\/geoblog\/files\/2016\/09\/yamal-2-768x512.jpg 768w\" sizes=\"auto, (max-width: 1000px) 100vw, 1000px\" \/><\/a><figcaption class=\"wp-element-caption\">Un thermokarst dans la p\u00e9ninsule du Yamal (\u00a9 photo Florian Cella\/24heures)<\/figcaption><\/figure>\n\n\n\n<p>Cela repr\u00e9sente une situation tr\u00e8s pr\u00e9occupante du fait que, selon un rapport du Programme des Nations Unies pour l\u2019Environnement (PNUE), le perg\u00e9lisol renfermerait plus du double de la concentration actuelle de gaz \u00e0 effet de serre pr\u00e9sents actuellement dans l\u2019atmosph\u00e8re. Il pourrait donc s\u2019av\u00e9rer \u00eatre l\u2019un des principaux facteurs du r\u00e9chauffement climatique.<\/p>\n\n\n\n<p>Outre ses effets indirects sur le climat, le perg\u00e9lisol suscite de nombreuses difficult\u00e9s en mati\u00e8re de constructions, que ce soit en termes d\u2019habitat, d\u2019infrastructures routi\u00e8res, p\u00e9troli\u00e8res ou gazi\u00e8res.<\/p>\n\n\n\n<p>La fonte du perg\u00e9lisol induit une d\u00e9stabilisation des sols dans lesquels il est install\u00e9. Pour les r\u00e9sidents des r\u00e9gions concern\u00e9es, cela les am\u00e8ne \u00e0 reconcevoir l\u2019habitat ainsi que leur rapport g\u00e9n\u00e9ral au sol. Les b\u00e2timents sont donc construits sur pilotis afin d\u2019\u00e9viter que les chauffages int\u00e9rieurs ne fassent fondre le perg\u00e9lisol et que ces derniers ne viennent \u00e0 basculer ou \u00e0 se disloquer. Les r\u00e9seaux \u00e9lectriques, d\u2019eau et de t\u00e9l\u00e9communication sont a\u00e9riens.<\/p>\n\n\n\n<figure class=\"wp-block-gallery has-nested-images columns-2 is-cropped wp-block-gallery-2 is-layout-flex wp-block-gallery-is-layout-flex\">\n<figure class=\"wp-block-image size-large\"><a href=\"https:\/\/wp.unil.ch\/geoblog\/files\/2016\/09\/yamal-3.jpg\"><img alt=\"\" loading=\"lazy\" decoding=\"async\" width=\"1024\" height=\"683\" data-id=\"3720\" src=\"https:\/\/wp.unil.ch\/geoblog\/files\/2016\/09\/yamal-3-1024x683.jpg\" alt=\"\" class=\"wp-image-3720\" srcset=\"https:\/\/wp.unil.ch\/geoblog\/files\/2016\/09\/yamal-3-1024x683.jpg 1024w, https:\/\/wp.unil.ch\/geoblog\/files\/2016\/09\/yamal-3-300x200.jpg 300w, https:\/\/wp.unil.ch\/geoblog\/files\/2016\/09\/yamal-3-768x512.jpg 768w, https:\/\/wp.unil.ch\/geoblog\/files\/2016\/09\/yamal-3.jpg 1200w\" sizes=\"auto, (max-width: 1024px) 100vw, 1024px\" \/><\/a><\/figure>\n\n\n\n<figure class=\"wp-block-image size-large\"><a href=\"https:\/\/wp.unil.ch\/geoblog\/files\/2016\/09\/yamal-4.jpg\"><img alt=\"\" loading=\"lazy\" decoding=\"async\" width=\"1000\" height=\"668\" data-id=\"3725\" src=\"https:\/\/wp.unil.ch\/geoblog\/files\/2016\/09\/yamal-4.jpg\" alt=\"\" class=\"wp-image-3725\" srcset=\"https:\/\/wp.unil.ch\/geoblog\/files\/2016\/09\/yamal-4.jpg 1000w, https:\/\/wp.unil.ch\/geoblog\/files\/2016\/09\/yamal-4-300x200.jpg 300w, https:\/\/wp.unil.ch\/geoblog\/files\/2016\/09\/yamal-4-768x513.jpg 768w\" sizes=\"auto, (max-width: 1000px) 100vw, 1000px\" \/><\/a><\/figure>\n<\/figure>\n\n\n\n<p>Cela ne permet cependant que de diminuer mais en aucun cas d\u2019enrayer les probl\u00e8mes li\u00e9s \u00e0 la fonte du perg\u00e9lisol et affectant les constructions. Pour anecdote, en 1994, la rupture d\u2019un ol\u00e9oduc du champ p\u00e9trolier de Vozei pr\u00e8s de la ville d\u2019Oussinsk avait entra\u00een\u00e9 un d\u00e9versement de 160.000 tonnes de p\u00e9trole dans la nature, soit la plus grande mar\u00e9e noire terrestre jamais observ\u00e9e.<\/p>\n\n\n\n<p>Les enjeux environnementaux sont donc tr\u00e8s significatifs et, pour la plupart, in\u00e9dits.<\/p>\n","protected":false},"excerpt":{"rendered":"<p>La p\u00e9ninsule du Yamal correspond \u00e0 une vaste plaine c\u00f4ti\u00e8re d\u00e9limit\u00e9e par l\u2019estuaire de l\u2019Ob au Sud et par la mer de Kara au Nord. Il est constitu\u00e9 de zones mar\u00e9cageuses de faibles altitudes correspondant \u00e0 la couche sup\u00e9rieure du perg\u00e9lisol. Ce qui frappe lors de notre survol de la zone en h\u00e9licopt\u00e8re, c\u2019est tout [&hellip;]<\/p>\n","protected":false},"author":1001384,"featured_media":3722,"comment_status":"open","ping_status":"closed","sticky":false,"template":"","format":"standard","meta":{"_seopress_robots_primary_cat":"","_seopress_titles_title":"","_seopress_titles_desc":"","_seopress_robots_index":"","footnotes":"","_links_to":"","_links_to_target":""},"categories":[66915,67081,66905,67189],"tags":[],"class_list":{"0":"post-2300","1":"post","2":"type-post","3":"status-publish","4":"format-standard","5":"has-post-thumbnail","7":"category-grand-nord","8":"category-journee-dun-e-chercheur-e","9":"category-recherche-en-action","10":"category-travaux-detudiants"},"_links":{"self":[{"href":"https:\/\/wp.unil.ch\/geoblog\/wp-json\/wp\/v2\/posts\/2300","targetHints":{"allow":["GET"]}}],"collection":[{"href":"https:\/\/wp.unil.ch\/geoblog\/wp-json\/wp\/v2\/posts"}],"about":[{"href":"https:\/\/wp.unil.ch\/geoblog\/wp-json\/wp\/v2\/types\/post"}],"author":[{"embeddable":true,"href":"https:\/\/wp.unil.ch\/geoblog\/wp-json\/wp\/v2\/users\/1001384"}],"replies":[{"embeddable":true,"href":"https:\/\/wp.unil.ch\/geoblog\/wp-json\/wp\/v2\/comments?post=2300"}],"version-history":[{"count":2,"href":"https:\/\/wp.unil.ch\/geoblog\/wp-json\/wp\/v2\/posts\/2300\/revisions"}],"predecessor-version":[{"id":11919,"href":"https:\/\/wp.unil.ch\/geoblog\/wp-json\/wp\/v2\/posts\/2300\/revisions\/11919"}],"wp:featuredmedia":[{"embeddable":true,"href":"https:\/\/wp.unil.ch\/geoblog\/wp-json\/wp\/v2\/media\/3722"}],"wp:attachment":[{"href":"https:\/\/wp.unil.ch\/geoblog\/wp-json\/wp\/v2\/media?parent=2300"}],"wp:term":[{"taxonomy":"category","embeddable":true,"href":"https:\/\/wp.unil.ch\/geoblog\/wp-json\/wp\/v2\/categories?post=2300"},{"taxonomy":"post_tag","embeddable":true,"href":"https:\/\/wp.unil.ch\/geoblog\/wp-json\/wp\/v2\/tags?post=2300"}],"curies":[{"name":"wp","href":"https:\/\/api.w.org\/{rel}","templated":true}]}}